{"id":631,"date":"2014-08-11T15:02:39","date_gmt":"2014-08-11T13:02:39","guid":{"rendered":"http:\/\/www.altercampagne.net\/?p=631"},"modified":"2019-09-16T10:56:46","modified_gmt":"2019-09-16T08:56:46","slug":"laltertour-cest-genial","status":"publish","type":"post","link":"https:\/\/www.altercampagne.net\/?p=631","title":{"rendered":"L&rsquo;AlterTour, c&rsquo;est g\u00e9nial !"},"content":{"rendered":"<p class=\"Style271 Style138 Style152\" align=\"justify\">Je suis all\u00e9 \u00e0 l&rsquo;AlterTour avec ma tata au mois d&rsquo;a\u00f4ut. J&rsquo;ai bien aim\u00e9 le v\u00e9lo et faire des pauses. Je voudrais vous raconter le jour o\u00f9 j&rsquo;ai fait 70km.<\/p>\n<p class=\"Style271 Style138 Style152\" align=\"justify\">C&rsquo;\u00e9tait le 11 ao\u00fbt 2014. On \u00e9tait aux <a href=\"http:\/\/lejardindeverrines.ning.com\/\"><strong>Jardins de Verrines<\/strong><\/a> \u00e0 Valses (79), l\u00e0 o\u00f9 il y avait eu un concert le soir.<\/p>\n<p class=\"Style271 Style138 Style152\" align=\"justify\">A 6h30 du matin, nous nous sommes r\u00e9veill\u00e9s avec des gens qui chantaient autour des tentes. J&rsquo;aimais bien \u00e7\u00e0.<\/p>\n<p class=\"Style271 Style138 Style152\" align=\"justify\">J&rsquo;ai pris ma douche froide vite-fait et je suis all\u00e9 prendre le petit d\u00e9jeuner. Apr\u00e8s, je me suis pr\u00e9par\u00e9 et on est partis devant avec Eliot et les guides, F\u00e9f\u00e9 et Philippe \u00e0 8h30.<\/p>\n<p class=\"Style271 Style138 Style152\" align=\"justify\">Le parcours \u00e9tait en 4 tron\u00e7ons. Au d\u00e9but je me sentais tr\u00e8s tr\u00e8s bien sur mon v\u00e9lo. Ensuite il y a eu 2 pauses, o\u00f9 on a mang\u00e9 des fruits secs. Je suis all\u00e9 dans le minibus car j&rsquo;\u00e9tais fatigu\u00e9.<\/p>\n<p class=\"Style271 Style138 Style152\" align=\"justify\">A Parthenay on a klaxonn\u00e9 pour faire la v\u00e9lorution. On a mang\u00e9 tard au ch\u00e2teau de Bressuire.<\/p>\n<p class=\"Style271 Style138 Style152\" align=\"justify\">Puis on est repartis sur les v\u00e9los jusqu&rsquo;\u00e0 <strong><a href=\"http:\/\/lacolporteuse.net\/\" target=\"_blank\" rel=\"noopener noreferrer\">La Colporteuse<\/a><\/strong>, \u00e0 Argenton-Les-Vall\u00e9es. On a bu un bon verre de jus de pomme \u00e0 l&rsquo;arriv\u00e9e.<\/p>\n<p class=\"Style271 Style138 Style152\" align=\"justify\">Le lendemain, heureusement, c&rsquo;\u00e9tait une journ\u00e9e de repos o\u00f9 nous avons fait pleins d&rsquo;activit\u00e9s : aller observer les animaux des douves et faire la cuisine le soir.<\/p>\n<p class=\"Style271 Style138 Style152\" align=\"justify\">L&rsquo;AlterTour, c&rsquo;est g\u00e9nial !!!<\/p>\n<p class=\"Style271 Style138 Style152\" style=\"text-align: right;\" align=\"justify\"><strong>Hassane, 8 ans<\/strong><\/p>\n<p class=\"Style271 Style138 Style152\" style=\"text-align: center;\" align=\"justify\"><a href=\"http:\/\/www.altercampagne.net\/wp-content\/uploads\/2015\/02\/AT2014-Hassane-et-Eliot.jpg\"><img loading=\"lazy\" decoding=\"async\" class=\"alignnone size-full wp-image-632\" src=\"http:\/\/www.altercampagne.net\/wp-content\/uploads\/2015\/02\/AT2014-Hassane-et-Eliot.jpg\" alt=\"AT2014-Hassane-et-Eliot\" width=\"400\" height=\"600\" srcset=\"https:\/\/www.altercampagne.net\/wp-content\/uploads\/2015\/02\/AT2014-Hassane-et-Eliot.jpg 400w, https:\/\/www.altercampagne.net\/wp-content\/uploads\/2015\/02\/AT2014-Hassane-et-Eliot-200x300.jpg 200w\" sizes=\"auto, (max-width: 400px) 100vw, 400px\" \/><\/a><\/p>\n","protected":false},"excerpt":{"rendered":"<p>Je suis all\u00e9 \u00e0 l&rsquo;AlterTour avec ma tata au mois d&rsquo;a\u00f4ut. J&rsquo;ai bien aim\u00e9 le v\u00e9lo et faire des pauses. Je voudrais vous raconter le jour o\u00f9 j&rsquo;ai fait 70km. C&rsquo;\u00e9tait le 11 ao\u00fbt 2014. On \u00e9tait aux Jardins de Verrines \u00e0 Valses (79), l\u00e0 o\u00f9 il y avait eu &#8230; <\/p>\n<div><a href=\"https:\/\/www.altercampagne.net\/?p=631\" class=\"more-link\">Read More<\/a><\/div>\n","protected":false},"author":214,"featured_media":15658,"comment_status":"closed","ping_status":"closed","sticky":false,"template":"","format":"standard","meta":{"footnotes":""},"categories":[3486,3479,3461],"tags":[98,99,100,101,102,103,104,105,106,319],"class_list":["post-631","post","type-post","status-publish","format-standard","has-post-thumbnail","hentry","category-environnement","category-nouvelle-aquitaine","category-edition-2014","tag-genial","tag-jardin-de-verrines","tag-concert","tag-parthenay","tag-velorution","tag-chateau-de-bressuire","tag-la-colporteuse","tag-argenton-les-vallees","tag-hassane","tag-altertour-2014"],"yoast_head":"<!-- This site is optimized with the Yoast SEO plugin v27.3 - https:\/\/yoast.com\/product\/yoast-seo-wordpress\/ -->\n<title>L&#039;AlterTour, c&#039;est g\u00e9nial ! - AlterTour<\/title>\n<meta name=\"robots\" content=\"index, follow, max-snippet:-1, max-image-preview:large, max-video-preview:-1\" \/>\n<link rel=\"canonical\" href=\"https:\/\/www.altercampagne.net\/?p=631\" \/>\n<meta property=\"og:locale\" content=\"fr_FR\" \/>\n<meta property=\"og:type\" content=\"article\" \/>\n<meta property=\"og:title\" content=\"L&#039;AlterTour, c&#039;est g\u00e9nial ! - AlterTour\" \/>\n<meta property=\"og:description\" content=\"Je suis all\u00e9 \u00e0 l&rsquo;AlterTour avec ma tata au mois d&rsquo;a\u00f4ut. J&rsquo;ai bien aim\u00e9 le v\u00e9lo et faire des pauses. Je voudrais vous raconter le jour o\u00f9 j&rsquo;ai fait 70km. C&rsquo;\u00e9tait le 11 ao\u00fbt 2014. On \u00e9tait aux Jardins de Verrines \u00e0 Valses (79), l\u00e0 o\u00f9 il y avait eu ... Read More\" \/>\n<meta property=\"og:url\" content=\"https:\/\/www.altercampagne.net\/?p=631\" \/>\n<meta property=\"og:site_name\" content=\"AlterTour\" \/>\n<meta property=\"article:published_time\" content=\"2014-08-11T13:02:39+00:00\" \/>\n<meta property=\"article:modified_time\" content=\"2019-09-16T08:56:46+00:00\" \/>\n<meta property=\"og:image\" content=\"https:\/\/www.altercampagne.net\/wp-content\/uploads\/2014\/08\/2014-08-11_19.19.jpg\" \/>\n\t<meta property=\"og:image:width\" content=\"907\" \/>\n\t<meta property=\"og:image:height\" content=\"474\" \/>\n\t<meta property=\"og:image:type\" content=\"image\/jpeg\" \/>\n<meta name=\"author\" content=\"Mathieu\" \/>\n<meta name=\"twitter:card\" content=\"summary_large_image\" \/>\n<meta name=\"twitter:label1\" content=\"\u00c9crit par\" \/>\n\t<meta name=\"twitter:data1\" content=\"Mathieu\" \/>\n\t<meta name=\"twitter:label2\" content=\"Dur\u00e9e de lecture estim\u00e9e\" \/>\n\t<meta name=\"twitter:data2\" content=\"1 minute\" \/>\n<script type=\"application\/ld+json\" class=\"yoast-schema-graph\">{\"@context\":\"https:\\\/\\\/schema.org\",\"@graph\":[{\"@type\":\"Article\",\"@id\":\"https:\\\/\\\/www.altercampagne.net\\\/?p=631#article\",\"isPartOf\":{\"@id\":\"https:\\\/\\\/www.altercampagne.net\\\/?p=631\"},\"author\":{\"name\":\"Mathieu\",\"@id\":\"https:\\\/\\\/www.altercampagne.net\\\/#\\\/schema\\\/person\\\/0f261460c09e430caa0f9bcffa319109\"},\"headline\":\"L&rsquo;AlterTour, c&rsquo;est g\u00e9nial !\",\"datePublished\":\"2014-08-11T13:02:39+00:00\",\"dateModified\":\"2019-09-16T08:56:46+00:00\",\"mainEntityOfPage\":{\"@id\":\"https:\\\/\\\/www.altercampagne.net\\\/?p=631\"},\"wordCount\":249,\"image\":{\"@id\":\"https:\\\/\\\/www.altercampagne.net\\\/?p=631#primaryimage\"},\"thumbnailUrl\":\"https:\\\/\\\/www.altercampagne.net\\\/wp-content\\\/uploads\\\/2014\\\/08\\\/2014-08-11_19.19.jpg\",\"keywords\":[\"g\u00e9nial\",\"jardin de verrines\",\"concert\",\"parthenay\",\"v\u00e9lorution\",\"ch\u00e2teau de Bressuire\",\"la Colporteuse\",\"Argenton-Les-Vall\u00e9es\",\"Hassane\",\"altertour 2014\"],\"articleSection\":[\"Environnement\",\"Nouvelle-Aquitaine\",\"\u00c9dition 2014\"],\"inLanguage\":\"fr-FR\"},{\"@type\":\"WebPage\",\"@id\":\"https:\\\/\\\/www.altercampagne.net\\\/?p=631\",\"url\":\"https:\\\/\\\/www.altercampagne.net\\\/?p=631\",\"name\":\"L'AlterTour, c'est g\u00e9nial ! - AlterTour\",\"isPartOf\":{\"@id\":\"https:\\\/\\\/www.altercampagne.net\\\/#website\"},\"primaryImageOfPage\":{\"@id\":\"https:\\\/\\\/www.altercampagne.net\\\/?p=631#primaryimage\"},\"image\":{\"@id\":\"https:\\\/\\\/www.altercampagne.net\\\/?p=631#primaryimage\"},\"thumbnailUrl\":\"https:\\\/\\\/www.altercampagne.net\\\/wp-content\\\/uploads\\\/2014\\\/08\\\/2014-08-11_19.19.jpg\",\"datePublished\":\"2014-08-11T13:02:39+00:00\",\"dateModified\":\"2019-09-16T08:56:46+00:00\",\"author\":{\"@id\":\"https:\\\/\\\/www.altercampagne.net\\\/#\\\/schema\\\/person\\\/0f261460c09e430caa0f9bcffa319109\"},\"breadcrumb\":{\"@id\":\"https:\\\/\\\/www.altercampagne.net\\\/?p=631#breadcrumb\"},\"inLanguage\":\"fr-FR\",\"potentialAction\":[{\"@type\":\"ReadAction\",\"target\":[\"https:\\\/\\\/www.altercampagne.net\\\/?p=631\"]}]},{\"@type\":\"ImageObject\",\"inLanguage\":\"fr-FR\",\"@id\":\"https:\\\/\\\/www.altercampagne.net\\\/?p=631#primaryimage\",\"url\":\"https:\\\/\\\/www.altercampagne.net\\\/wp-content\\\/uploads\\\/2014\\\/08\\\/2014-08-11_19.19.jpg\",\"contentUrl\":\"https:\\\/\\\/www.altercampagne.net\\\/wp-content\\\/uploads\\\/2014\\\/08\\\/2014-08-11_19.19.jpg\",\"width\":907,\"height\":474},{\"@type\":\"BreadcrumbList\",\"@id\":\"https:\\\/\\\/www.altercampagne.net\\\/?p=631#breadcrumb\",\"itemListElement\":[{\"@type\":\"ListItem\",\"position\":1,\"name\":\"Accueil\",\"item\":\"https:\\\/\\\/www.altercampagne.net\\\/\"},{\"@type\":\"ListItem\",\"position\":2,\"name\":\"L&rsquo;AlterTour, c&rsquo;est g\u00e9nial !\"}]},{\"@type\":\"WebSite\",\"@id\":\"https:\\\/\\\/www.altercampagne.net\\\/#website\",\"url\":\"https:\\\/\\\/www.altercampagne.net\\\/\",\"name\":\"AlterTour\",\"description\":\"Reliez les Alternatives \u00e0 v\u00e9lo\",\"potentialAction\":[{\"@type\":\"SearchAction\",\"target\":{\"@type\":\"EntryPoint\",\"urlTemplate\":\"https:\\\/\\\/www.altercampagne.net\\\/?s={search_term_string}\"},\"query-input\":{\"@type\":\"PropertyValueSpecification\",\"valueRequired\":true,\"valueName\":\"search_term_string\"}}],\"inLanguage\":\"fr-FR\"},{\"@type\":\"Person\",\"@id\":\"https:\\\/\\\/www.altercampagne.net\\\/#\\\/schema\\\/person\\\/0f261460c09e430caa0f9bcffa319109\",\"name\":\"Mathieu\",\"image\":{\"@type\":\"ImageObject\",\"inLanguage\":\"fr-FR\",\"@id\":\"https:\\\/\\\/secure.gravatar.com\\\/avatar\\\/aa9d3d24c83f2141e5e2709d0f63d09a99f6be6bb7a50abc4915838d9f54501a?s=96&d=mm&r=g\",\"url\":\"https:\\\/\\\/secure.gravatar.com\\\/avatar\\\/aa9d3d24c83f2141e5e2709d0f63d09a99f6be6bb7a50abc4915838d9f54501a?s=96&d=mm&r=g\",\"contentUrl\":\"https:\\\/\\\/secure.gravatar.com\\\/avatar\\\/aa9d3d24c83f2141e5e2709d0f63d09a99f6be6bb7a50abc4915838d9f54501a?s=96&d=mm&r=g\",\"caption\":\"Mathieu\"},\"url\":\"https:\\\/\\\/www.altercampagne.net\\\/?author=214\"}]}<\/script>\n<!-- \/ Yoast SEO plugin. -->","yoast_head_json":{"title":"L'AlterTour, c'est g\u00e9nial ! - AlterTour","robots":{"index":"index","follow":"follow","max-snippet":"max-snippet:-1","max-image-preview":"max-image-preview:large","max-video-preview":"max-video-preview:-1"},"canonical":"https:\/\/www.altercampagne.net\/?p=631","og_locale":"fr_FR","og_type":"article","og_title":"L'AlterTour, c'est g\u00e9nial ! - AlterTour","og_description":"Je suis all\u00e9 \u00e0 l&rsquo;AlterTour avec ma tata au mois d&rsquo;a\u00f4ut. J&rsquo;ai bien aim\u00e9 le v\u00e9lo et faire des pauses. Je voudrais vous raconter le jour o\u00f9 j&rsquo;ai fait 70km. C&rsquo;\u00e9tait le 11 ao\u00fbt 2014. On \u00e9tait aux Jardins de Verrines \u00e0 Valses (79), l\u00e0 o\u00f9 il y avait eu ... Read More","og_url":"https:\/\/www.altercampagne.net\/?p=631","og_site_name":"AlterTour","article_published_time":"2014-08-11T13:02:39+00:00","article_modified_time":"2019-09-16T08:56:46+00:00","og_image":[{"width":907,"height":474,"url":"https:\/\/www.altercampagne.net\/wp-content\/uploads\/2014\/08\/2014-08-11_19.19.jpg","type":"image\/jpeg"}],"author":"Mathieu","twitter_card":"summary_large_image","twitter_misc":{"\u00c9crit par":"Mathieu","Dur\u00e9e de lecture estim\u00e9e":"1 minute"},"schema":{"@context":"https:\/\/schema.org","@graph":[{"@type":"Article","@id":"https:\/\/www.altercampagne.net\/?p=631#article","isPartOf":{"@id":"https:\/\/www.altercampagne.net\/?p=631"},"author":{"name":"Mathieu","@id":"https:\/\/www.altercampagne.net\/#\/schema\/person\/0f261460c09e430caa0f9bcffa319109"},"headline":"L&rsquo;AlterTour, c&rsquo;est g\u00e9nial !","datePublished":"2014-08-11T13:02:39+00:00","dateModified":"2019-09-16T08:56:46+00:00","mainEntityOfPage":{"@id":"https:\/\/www.altercampagne.net\/?p=631"},"wordCount":249,"image":{"@id":"https:\/\/www.altercampagne.net\/?p=631#primaryimage"},"thumbnailUrl":"https:\/\/www.altercampagne.net\/wp-content\/uploads\/2014\/08\/2014-08-11_19.19.jpg","keywords":["g\u00e9nial","jardin de verrines","concert","parthenay","v\u00e9lorution","ch\u00e2teau de Bressuire","la Colporteuse","Argenton-Les-Vall\u00e9es","Hassane","altertour 2014"],"articleSection":["Environnement","Nouvelle-Aquitaine","\u00c9dition 2014"],"inLanguage":"fr-FR"},{"@type":"WebPage","@id":"https:\/\/www.altercampagne.net\/?p=631","url":"https:\/\/www.altercampagne.net\/?p=631","name":"L'AlterTour, c'est g\u00e9nial ! - AlterTour","isPartOf":{"@id":"https:\/\/www.altercampagne.net\/#website"},"primaryImageOfPage":{"@id":"https:\/\/www.altercampagne.net\/?p=631#primaryimage"},"image":{"@id":"https:\/\/www.altercampagne.net\/?p=631#primaryimage"},"thumbnailUrl":"https:\/\/www.altercampagne.net\/wp-content\/uploads\/2014\/08\/2014-08-11_19.19.jpg","datePublished":"2014-08-11T13:02:39+00:00","dateModified":"2019-09-16T08:56:46+00:00","author":{"@id":"https:\/\/www.altercampagne.net\/#\/schema\/person\/0f261460c09e430caa0f9bcffa319109"},"breadcrumb":{"@id":"https:\/\/www.altercampagne.net\/?p=631#breadcrumb"},"inLanguage":"fr-FR","potentialAction":[{"@type":"ReadAction","target":["https:\/\/www.altercampagne.net\/?p=631"]}]},{"@type":"ImageObject","inLanguage":"fr-FR","@id":"https:\/\/www.altercampagne.net\/?p=631#primaryimage","url":"https:\/\/www.altercampagne.net\/wp-content\/uploads\/2014\/08\/2014-08-11_19.19.jpg","contentUrl":"https:\/\/www.altercampagne.net\/wp-content\/uploads\/2014\/08\/2014-08-11_19.19.jpg","width":907,"height":474},{"@type":"BreadcrumbList","@id":"https:\/\/www.altercampagne.net\/?p=631#breadcrumb","itemListElement":[{"@type":"ListItem","position":1,"name":"Accueil","item":"https:\/\/www.altercampagne.net\/"},{"@type":"ListItem","position":2,"name":"L&rsquo;AlterTour, c&rsquo;est g\u00e9nial !"}]},{"@type":"WebSite","@id":"https:\/\/www.altercampagne.net\/#website","url":"https:\/\/www.altercampagne.net\/","name":"AlterTour","description":"Reliez les Alternatives \u00e0 v\u00e9lo","potentialAction":[{"@type":"SearchAction","target":{"@type":"EntryPoint","urlTemplate":"https:\/\/www.altercampagne.net\/?s={search_term_string}"},"query-input":{"@type":"PropertyValueSpecification","valueRequired":true,"valueName":"search_term_string"}}],"inLanguage":"fr-FR"},{"@type":"Person","@id":"https:\/\/www.altercampagne.net\/#\/schema\/person\/0f261460c09e430caa0f9bcffa319109","name":"Mathieu","image":{"@type":"ImageObject","inLanguage":"fr-FR","@id":"https:\/\/secure.gravatar.com\/avatar\/aa9d3d24c83f2141e5e2709d0f63d09a99f6be6bb7a50abc4915838d9f54501a?s=96&d=mm&r=g","url":"https:\/\/secure.gravatar.com\/avatar\/aa9d3d24c83f2141e5e2709d0f63d09a99f6be6bb7a50abc4915838d9f54501a?s=96&d=mm&r=g","contentUrl":"https:\/\/secure.gravatar.com\/avatar\/aa9d3d24c83f2141e5e2709d0f63d09a99f6be6bb7a50abc4915838d9f54501a?s=96&d=mm&r=g","caption":"Mathieu"},"url":"https:\/\/www.altercampagne.net\/?author=214"}]}},"_links":{"self":[{"href":"https:\/\/www.altercampagne.net\/index.php?rest_route=\/wp\/v2\/posts\/631","targetHints":{"allow":["GET"]}}],"collection":[{"href":"https:\/\/www.altercampagne.net\/index.php?rest_route=\/wp\/v2\/posts"}],"about":[{"href":"https:\/\/www.altercampagne.net\/index.php?rest_route=\/wp\/v2\/types\/post"}],"author":[{"embeddable":true,"href":"https:\/\/www.altercampagne.net\/index.php?rest_route=\/wp\/v2\/users\/214"}],"replies":[{"embeddable":true,"href":"https:\/\/www.altercampagne.net\/index.php?rest_route=%2Fwp%2Fv2%2Fcomments&post=631"}],"version-history":[{"count":0,"href":"https:\/\/www.altercampagne.net\/index.php?rest_route=\/wp\/v2\/posts\/631\/revisions"}],"wp:featuredmedia":[{"embeddable":true,"href":"https:\/\/www.altercampagne.net\/index.php?rest_route=\/wp\/v2\/media\/15658"}],"wp:attachment":[{"href":"https:\/\/www.altercampagne.net\/index.php?rest_route=%2Fwp%2Fv2%2Fmedia&parent=631"}],"wp:term":[{"taxonomy":"category","embeddable":true,"href":"https:\/\/www.altercampagne.net\/index.php?rest_route=%2Fwp%2Fv2%2Fcategories&post=631"},{"taxonomy":"post_tag","embeddable":true,"href":"https:\/\/www.altercampagne.net\/index.php?rest_route=%2Fwp%2Fv2%2Ftags&post=631"}],"curies":[{"name":"wp","href":"https:\/\/api.w.org\/{rel}","templated":true}]}}