{"id":6340,"date":"2014-08-10T21:48:11","date_gmt":"2014-08-10T19:48:11","guid":{"rendered":"http:\/\/www.altercampagne.net\/?p=6340"},"modified":"2020-02-24T18:00:14","modified_gmt":"2020-02-24T17:00:14","slug":"le-jardin-de-verrines-et-la-ferme-de-lortie-a-vasles-dans-les-deux-sevres","status":"publish","type":"post","link":"https:\/\/www.altercampagne.net\/?p=6340","title":{"rendered":"Le Jardin de Verrines et la Ferme de l&rsquo;Ortie \u00e0 Vasles dans les Deux-S\u00e8vres"},"content":{"rendered":"<p>Le Jardin de Verrines est une association de citoyens plein d&rsquo;\u00e9nergie motiv\u00e9s par le changement par l&rsquo;action. Elle est anim\u00e9e par G\u00e9rard, un grand bricoleur, ex-ouvrier de chez Dassault dans la fabrication de prototype d\u2019avions. Apr\u00e8s un cheminement il en vient \u00e0 tout partager. Il fabrique des lampes qui devraient durer une centaine d\u2019ann\u00e9e, des \u00e9oliennes, des ruches Warr\u00e9. Ce qu\u2019il veut, c\u2019est essaimer !! Un monsieur plein de vie !<\/p>\n<p>L&rsquo;association d\u00e9veloppe une multitude d&rsquo;activit\u00e9s sur le site dont un jardin partag\u00e9, un jardin des enfants, un atelier de fabrication de yourtes, un atelier de fabrication d&rsquo;\u00e9oliennes, un four \u00e0 pain, un Fablab&#8230;<\/p>\n<p>L\u2019association du Jardin de Verrines a pour \u00e9thique : le respect de la Terre, de la vie dans son ensemble.<br \/>\nLe Jardin de Verrines se donne comme but de d\u00e9velopper des rencontres et des partages gratuits et\/ou solidaires avec les techniques de la permaculture, de l&rsquo;agro-\u00e9cologie et de la transmission de savoirs.<br \/>\nL\u2019association a \u00e9galement pour objet de cr\u00e9er des liens et de relier les divers acteurs locaux ayant le m\u00eame esprit, la m\u00eame \u00e9thique que le Jardin de Verrines.<\/p>\n<p>Plus d&rsquo;info sur : http:\/\/lejardindeverrines.ning.com\/<\/p>\n<p>Avec l&rsquo;aide de Terre de Liens, le Jardin de Verrines met 6 hectares \u00e0 la Ferme de l&rsquo;Ortie pour sa production de fruits, de l\u00e9gumes, de miel et d\u2019\u0153ufs.<\/p>\n<p>S\u00e9bastien, Malou et Flore vivent au c\u0153ur de la ferme dans leur Yourte.<\/p>\n<p>Cette exploitation familiale ne demande pas l&rsquo;aide destin\u00e9 aux jeunes agriculteurs. Ils n&rsquo;ont pas pass\u00e9 de dipl\u00f4mes agricole mais disposent d&rsquo;une solide exp\u00e9rience en agro\u00e9cologie, permaculture, agriculture naturelle et biodynamie. Leur action est guid\u00e9e par l&rsquo;observation et l&rsquo;exp\u00e9rimentation.<\/p>\n<p>Leur philosophie gagne \u00e0 \u00eatre partag\u00e9e : prendre soin de la terre, des hommes et de partager les surplus.<\/p>\n<p>Plus d&rsquo;infos sur : http:\/\/lafermedelortie.blogspot.fr\/<\/p>\n","protected":false},"excerpt":{"rendered":"<p>Le Jardin de Verrines est une association de citoyens plein d&rsquo;\u00e9nergie motiv\u00e9s par le changement par l&rsquo;action. Elle est anim\u00e9e par G\u00e9rard, un grand bricoleur, ex-ouvrier de chez Dassault dans la fabrication de prototype d\u2019avions. Apr\u00e8s un cheminement il en vient \u00e0 tout partager. Il fabrique des lampes qui devraient &#8230; <\/p>\n<div><a href=\"https:\/\/www.altercampagne.net\/?p=6340\" class=\"more-link\">Read More<\/a><\/div>\n","protected":false},"author":214,"featured_media":0,"comment_status":"closed","ping_status":"closed","sticky":false,"template":"","format":"standard","meta":{"footnotes":""},"categories":[3483,3479,3461],"tags":[1720,2771,2770,2769,2768,2767,2766,2765,2764,50,1642,1452,429,405,319,294,270,99],"class_list":["post-6340","post","type-post","status-publish","format-standard","hentry","category-agriculture","category-nouvelle-aquitaine","category-edition-2014","tag-yourte","tag-sebastien-baudry","tag-gerard-deremetz","tag-fablab","tag-nouvelle-aquitaine","tag-ruches-warre","tag-agriculture-naturelle","tag-vasles","tag-ferme-de-lortie","tag-50","tag-deux-sevres","tag-biodynamie","tag-terre-de-liens","tag-agroecologie","tag-altertour-2014","tag-permaculture","tag-eolienne","tag-jardin-de-verrines","no-post-thumbnail"],"yoast_head":"<!-- This site is optimized with the Yoast SEO plugin v27.3 - https:\/\/yoast.com\/product\/yoast-seo-wordpress\/ -->\n<title>Le Jardin de Verrines et la Ferme de l&#039;Ortie \u00e0 Vasles dans les Deux-S\u00e8vres - AlterTour<\/title>\n<meta name=\"robots\" content=\"index, follow, max-snippet:-1, max-image-preview:large, max-video-preview:-1\" \/>\n<link rel=\"canonical\" href=\"https:\/\/www.altercampagne.net\/?p=6340\" \/>\n<meta property=\"og:locale\" content=\"fr_FR\" \/>\n<meta property=\"og:type\" content=\"article\" \/>\n<meta property=\"og:title\" content=\"Le Jardin de Verrines et la Ferme de l&#039;Ortie \u00e0 Vasles dans les Deux-S\u00e8vres - AlterTour\" \/>\n<meta property=\"og:description\" content=\"Le Jardin de Verrines est une association de citoyens plein d&rsquo;\u00e9nergie motiv\u00e9s par le changement par l&rsquo;action. Elle est anim\u00e9e par G\u00e9rard, un grand bricoleur, ex-ouvrier de chez Dassault dans la fabrication de prototype d\u2019avions. Apr\u00e8s un cheminement il en vient \u00e0 tout partager. Il fabrique des lampes qui devraient ... Read More\" \/>\n<meta property=\"og:url\" content=\"https:\/\/www.altercampagne.net\/?p=6340\" \/>\n<meta property=\"og:site_name\" content=\"AlterTour\" \/>\n<meta property=\"article:published_time\" content=\"2014-08-10T19:48:11+00:00\" \/>\n<meta property=\"article:modified_time\" content=\"2020-02-24T17:00:14+00:00\" \/>\n<meta name=\"author\" content=\"Mathieu\" \/>\n<meta name=\"twitter:card\" content=\"summary_large_image\" \/>\n<meta name=\"twitter:label1\" content=\"\u00c9crit par\" \/>\n\t<meta name=\"twitter:data1\" content=\"Mathieu\" \/>\n\t<meta name=\"twitter:label2\" content=\"Dur\u00e9e de lecture estim\u00e9e\" \/>\n\t<meta name=\"twitter:data2\" content=\"2 minutes\" \/>\n<script type=\"application\/ld+json\" class=\"yoast-schema-graph\">{\"@context\":\"https:\\\/\\\/schema.org\",\"@graph\":[{\"@type\":\"Article\",\"@id\":\"https:\\\/\\\/www.altercampagne.net\\\/?p=6340#article\",\"isPartOf\":{\"@id\":\"https:\\\/\\\/www.altercampagne.net\\\/?p=6340\"},\"author\":{\"name\":\"Mathieu\",\"@id\":\"https:\\\/\\\/www.altercampagne.net\\\/#\\\/schema\\\/person\\\/0f261460c09e430caa0f9bcffa319109\"},\"headline\":\"Le Jardin de Verrines et la Ferme de l&rsquo;Ortie \u00e0 Vasles dans les Deux-S\u00e8vres\",\"datePublished\":\"2014-08-10T19:48:11+00:00\",\"dateModified\":\"2020-02-24T17:00:14+00:00\",\"mainEntityOfPage\":{\"@id\":\"https:\\\/\\\/www.altercampagne.net\\\/?p=6340\"},\"wordCount\":347,\"keywords\":[\"yourte\",\"S\u00e9bastien Baudry\",\"G\u00e9rard DEREMETZ\",\"Fablab\",\"Nouvelle-Aquitaine\",\"ruches Warr\u00e9\",\"agriculture naturelle\",\"Vasles\",\"Ferme de l'Ortie\",\"2014\",\"Deux-S\u00e8vres\",\"biodynamie\",\"terre de liens\",\"agro\u00e9cologie\",\"altertour 2014\",\"permaculture\",\"\u00e9olienne\",\"jardin de verrines\"],\"articleSection\":[\"Agriculture\",\"Nouvelle-Aquitaine\",\"\u00c9dition 2014\"],\"inLanguage\":\"fr-FR\"},{\"@type\":\"WebPage\",\"@id\":\"https:\\\/\\\/www.altercampagne.net\\\/?p=6340\",\"url\":\"https:\\\/\\\/www.altercampagne.net\\\/?p=6340\",\"name\":\"Le Jardin de Verrines et la Ferme de l'Ortie \u00e0 Vasles dans les Deux-S\u00e8vres - AlterTour\",\"isPartOf\":{\"@id\":\"https:\\\/\\\/www.altercampagne.net\\\/#website\"},\"datePublished\":\"2014-08-10T19:48:11+00:00\",\"dateModified\":\"2020-02-24T17:00:14+00:00\",\"author\":{\"@id\":\"https:\\\/\\\/www.altercampagne.net\\\/#\\\/schema\\\/person\\\/0f261460c09e430caa0f9bcffa319109\"},\"breadcrumb\":{\"@id\":\"https:\\\/\\\/www.altercampagne.net\\\/?p=6340#breadcrumb\"},\"inLanguage\":\"fr-FR\",\"potentialAction\":[{\"@type\":\"ReadAction\",\"target\":[\"https:\\\/\\\/www.altercampagne.net\\\/?p=6340\"]}]},{\"@type\":\"BreadcrumbList\",\"@id\":\"https:\\\/\\\/www.altercampagne.net\\\/?p=6340#breadcrumb\",\"itemListElement\":[{\"@type\":\"ListItem\",\"position\":1,\"name\":\"Accueil\",\"item\":\"https:\\\/\\\/www.altercampagne.net\\\/\"},{\"@type\":\"ListItem\",\"position\":2,\"name\":\"Le Jardin de Verrines et la Ferme de l&rsquo;Ortie \u00e0 Vasles dans les Deux-S\u00e8vres\"}]},{\"@type\":\"WebSite\",\"@id\":\"https:\\\/\\\/www.altercampagne.net\\\/#website\",\"url\":\"https:\\\/\\\/www.altercampagne.net\\\/\",\"name\":\"AlterTour\",\"description\":\"Reliez les Alternatives \u00e0 v\u00e9lo\",\"potentialAction\":[{\"@type\":\"SearchAction\",\"target\":{\"@type\":\"EntryPoint\",\"urlTemplate\":\"https:\\\/\\\/www.altercampagne.net\\\/?s={search_term_string}\"},\"query-input\":{\"@type\":\"PropertyValueSpecification\",\"valueRequired\":true,\"valueName\":\"search_term_string\"}}],\"inLanguage\":\"fr-FR\"},{\"@type\":\"Person\",\"@id\":\"https:\\\/\\\/www.altercampagne.net\\\/#\\\/schema\\\/person\\\/0f261460c09e430caa0f9bcffa319109\",\"name\":\"Mathieu\",\"image\":{\"@type\":\"ImageObject\",\"inLanguage\":\"fr-FR\",\"@id\":\"https:\\\/\\\/secure.gravatar.com\\\/avatar\\\/aa9d3d24c83f2141e5e2709d0f63d09a99f6be6bb7a50abc4915838d9f54501a?s=96&d=mm&r=g\",\"url\":\"https:\\\/\\\/secure.gravatar.com\\\/avatar\\\/aa9d3d24c83f2141e5e2709d0f63d09a99f6be6bb7a50abc4915838d9f54501a?s=96&d=mm&r=g\",\"contentUrl\":\"https:\\\/\\\/secure.gravatar.com\\\/avatar\\\/aa9d3d24c83f2141e5e2709d0f63d09a99f6be6bb7a50abc4915838d9f54501a?s=96&d=mm&r=g\",\"caption\":\"Mathieu\"},\"url\":\"https:\\\/\\\/www.altercampagne.net\\\/?author=214\"}]}<\/script>\n<!-- \/ Yoast SEO plugin. -->","yoast_head_json":{"title":"Le Jardin de Verrines et la Ferme de l'Ortie \u00e0 Vasles dans les Deux-S\u00e8vres - AlterTour","robots":{"index":"index","follow":"follow","max-snippet":"max-snippet:-1","max-image-preview":"max-image-preview:large","max-video-preview":"max-video-preview:-1"},"canonical":"https:\/\/www.altercampagne.net\/?p=6340","og_locale":"fr_FR","og_type":"article","og_title":"Le Jardin de Verrines et la Ferme de l'Ortie \u00e0 Vasles dans les Deux-S\u00e8vres - AlterTour","og_description":"Le Jardin de Verrines est une association de citoyens plein d&rsquo;\u00e9nergie motiv\u00e9s par le changement par l&rsquo;action. Elle est anim\u00e9e par G\u00e9rard, un grand bricoleur, ex-ouvrier de chez Dassault dans la fabrication de prototype d\u2019avions. Apr\u00e8s un cheminement il en vient \u00e0 tout partager. Il fabrique des lampes qui devraient ... Read More","og_url":"https:\/\/www.altercampagne.net\/?p=6340","og_site_name":"AlterTour","article_published_time":"2014-08-10T19:48:11+00:00","article_modified_time":"2020-02-24T17:00:14+00:00","author":"Mathieu","twitter_card":"summary_large_image","twitter_misc":{"\u00c9crit par":"Mathieu","Dur\u00e9e de lecture estim\u00e9e":"2 minutes"},"schema":{"@context":"https:\/\/schema.org","@graph":[{"@type":"Article","@id":"https:\/\/www.altercampagne.net\/?p=6340#article","isPartOf":{"@id":"https:\/\/www.altercampagne.net\/?p=6340"},"author":{"name":"Mathieu","@id":"https:\/\/www.altercampagne.net\/#\/schema\/person\/0f261460c09e430caa0f9bcffa319109"},"headline":"Le Jardin de Verrines et la Ferme de l&rsquo;Ortie \u00e0 Vasles dans les Deux-S\u00e8vres","datePublished":"2014-08-10T19:48:11+00:00","dateModified":"2020-02-24T17:00:14+00:00","mainEntityOfPage":{"@id":"https:\/\/www.altercampagne.net\/?p=6340"},"wordCount":347,"keywords":["yourte","S\u00e9bastien Baudry","G\u00e9rard DEREMETZ","Fablab","Nouvelle-Aquitaine","ruches Warr\u00e9","agriculture naturelle","Vasles","Ferme de l'Ortie","2014","Deux-S\u00e8vres","biodynamie","terre de liens","agro\u00e9cologie","altertour 2014","permaculture","\u00e9olienne","jardin de verrines"],"articleSection":["Agriculture","Nouvelle-Aquitaine","\u00c9dition 2014"],"inLanguage":"fr-FR"},{"@type":"WebPage","@id":"https:\/\/www.altercampagne.net\/?p=6340","url":"https:\/\/www.altercampagne.net\/?p=6340","name":"Le Jardin de Verrines et la Ferme de l'Ortie \u00e0 Vasles dans les Deux-S\u00e8vres - AlterTour","isPartOf":{"@id":"https:\/\/www.altercampagne.net\/#website"},"datePublished":"2014-08-10T19:48:11+00:00","dateModified":"2020-02-24T17:00:14+00:00","author":{"@id":"https:\/\/www.altercampagne.net\/#\/schema\/person\/0f261460c09e430caa0f9bcffa319109"},"breadcrumb":{"@id":"https:\/\/www.altercampagne.net\/?p=6340#breadcrumb"},"inLanguage":"fr-FR","potentialAction":[{"@type":"ReadAction","target":["https:\/\/www.altercampagne.net\/?p=6340"]}]},{"@type":"BreadcrumbList","@id":"https:\/\/www.altercampagne.net\/?p=6340#breadcrumb","itemListElement":[{"@type":"ListItem","position":1,"name":"Accueil","item":"https:\/\/www.altercampagne.net\/"},{"@type":"ListItem","position":2,"name":"Le Jardin de Verrines et la Ferme de l&rsquo;Ortie \u00e0 Vasles dans les Deux-S\u00e8vres"}]},{"@type":"WebSite","@id":"https:\/\/www.altercampagne.net\/#website","url":"https:\/\/www.altercampagne.net\/","name":"AlterTour","description":"Reliez les Alternatives \u00e0 v\u00e9lo","potentialAction":[{"@type":"SearchAction","target":{"@type":"EntryPoint","urlTemplate":"https:\/\/www.altercampagne.net\/?s={search_term_string}"},"query-input":{"@type":"PropertyValueSpecification","valueRequired":true,"valueName":"search_term_string"}}],"inLanguage":"fr-FR"},{"@type":"Person","@id":"https:\/\/www.altercampagne.net\/#\/schema\/person\/0f261460c09e430caa0f9bcffa319109","name":"Mathieu","image":{"@type":"ImageObject","inLanguage":"fr-FR","@id":"https:\/\/secure.gravatar.com\/avatar\/aa9d3d24c83f2141e5e2709d0f63d09a99f6be6bb7a50abc4915838d9f54501a?s=96&d=mm&r=g","url":"https:\/\/secure.gravatar.com\/avatar\/aa9d3d24c83f2141e5e2709d0f63d09a99f6be6bb7a50abc4915838d9f54501a?s=96&d=mm&r=g","contentUrl":"https:\/\/secure.gravatar.com\/avatar\/aa9d3d24c83f2141e5e2709d0f63d09a99f6be6bb7a50abc4915838d9f54501a?s=96&d=mm&r=g","caption":"Mathieu"},"url":"https:\/\/www.altercampagne.net\/?author=214"}]}},"_links":{"self":[{"href":"https:\/\/www.altercampagne.net\/index.php?rest_route=\/wp\/v2\/posts\/6340","targetHints":{"allow":["GET"]}}],"collection":[{"href":"https:\/\/www.altercampagne.net\/index.php?rest_route=\/wp\/v2\/posts"}],"about":[{"href":"https:\/\/www.altercampagne.net\/index.php?rest_route=\/wp\/v2\/types\/post"}],"author":[{"embeddable":true,"href":"https:\/\/www.altercampagne.net\/index.php?rest_route=\/wp\/v2\/users\/214"}],"replies":[{"embeddable":true,"href":"https:\/\/www.altercampagne.net\/index.php?rest_route=%2Fwp%2Fv2%2Fcomments&post=6340"}],"version-history":[{"count":1,"href":"https:\/\/www.altercampagne.net\/index.php?rest_route=\/wp\/v2\/posts\/6340\/revisions"}],"predecessor-version":[{"id":17505,"href":"https:\/\/www.altercampagne.net\/index.php?rest_route=\/wp\/v2\/posts\/6340\/revisions\/17505"}],"wp:attachment":[{"href":"https:\/\/www.altercampagne.net\/index.php?rest_route=%2Fwp%2Fv2%2Fmedia&parent=6340"}],"wp:term":[{"taxonomy":"category","embeddable":true,"href":"https:\/\/www.altercampagne.net\/index.php?rest_route=%2Fwp%2Fv2%2Fcategories&post=6340"},{"taxonomy":"post_tag","embeddable":true,"href":"https:\/\/www.altercampagne.net\/index.php?rest_route=%2Fwp%2Fv2%2Ftags&post=6340"}],"curies":[{"name":"wp","href":"https:\/\/api.w.org\/{rel}","templated":true}]}}