{"id":6342,"date":"2016-12-19T18:01:52","date_gmt":"2016-12-19T17:01:52","guid":{"rendered":"http:\/\/www.altercampagne.net\/?p=6342"},"modified":"2020-02-24T14:59:21","modified_gmt":"2020-02-24T13:59:21","slug":"numero-de-silence-de-janvier-alternatives-en-champagne-ardenne","status":"publish","type":"post","link":"https:\/\/www.altercampagne.net\/?p=6342","title":{"rendered":"Num\u00e9ro de Silence de janvier : Alternatives en Champagne-Ardenne"},"content":{"rendered":"<p><strong><a href=\"http:\/\/www.altercampagne.net\/wp-content\/uploads\/2016\/12\/452bd.jpg\"><img loading=\"lazy\" decoding=\"async\" class=\" size-full wp-image-6344 alignright\" src=\"http:\/\/www.altercampagne.net\/wp-content\/uploads\/2016\/12\/452bd.jpg\" alt=\"452bd\" width=\"595\" height=\"842\" srcset=\"https:\/\/www.altercampagne.net\/wp-content\/uploads\/2016\/12\/452bd.jpg 595w, https:\/\/www.altercampagne.net\/wp-content\/uploads\/2016\/12\/452bd-212x300.jpg 212w\" sizes=\"auto, (max-width: 595px) 100vw, 595px\" \/><\/a>Un dossier : Alternatives en Champagne-Ardenne<\/strong><\/p>\n<p><span style=\"text-decoration: underline;\">Les oiseaux de passage<\/span><br \/>\nR\u00e9unir les activit\u00e9s d&rsquo;un restaurant et d&rsquo;un centre culturel, le premier finan\u00e7ant le second, c&rsquo;est le pari r\u00e9ussi de Fanny et Jill \u00e0 Troyes.<\/p>\n<p><span style=\"text-decoration: underline;\">Enercoop au sein d&rsquo;un territoire en transition<\/span><br \/>\nDans les Ardennes, les collectivit\u00e9s ont engag\u00e9 une r\u00e9flexion sur la gestion des \u00e9nergies renouvelables, les \u00e9conomies d&rsquo;\u00e9nergie et l&rsquo;apr\u00e8s-p\u00e9trole. Des d\u00e9marches engag\u00e9es avec Enercoop, distributeur d&rsquo;\u00e9lectricit\u00e9 et promoteur des \u00e9conomies d&rsquo;\u00e9nergie.<\/p>\n<p><span style=\"text-decoration: underline;\">Vivre sur une petite surface avec une herberie<\/span><br \/>\nVivre de mani\u00e8re simple, en coh\u00e9rence avec ses id\u00e9es : Sophie Creton et Xavier Decloux ont d\u00e9velopp\u00e9 chacun leur activit\u00e9. Sophie Creton exerce ses talents sur l&rsquo;\u00e9mail. Sur seulement un hectare, Xavier Decloux produit et cueille des plantes aromatiques qu&rsquo;il vend ensuite directement chez lui et sur les march\u00e9s locaux.<\/p>\n<p><span style=\"text-decoration: underline;\">La Hulotte, un lien entre les enfants et la nature<\/span><br \/>\nPierre D\u00e9om anime depuis 1972 la revue La Hulotte, dont chaque num\u00e9ro est consacr\u00e9 \u00e0 un animal ou une plante sauvage. Une r\u00e9ussite qui perdure depuis maintenant 45 ans.<\/p>\n<p><span style=\"text-decoration: underline;\">Quand m\u00e9decins et malades chantent ensemble<\/span><br \/>\nApr\u00e8s dix ans d&rsquo;interventions, la compagnie Solentiname vient de d\u00e9cider d&rsquo;arr\u00eater ses activit\u00e9s, cons\u00e9quence de la baisse des aides publiques. Va-t-on abandonner ce travail remarquable ?<\/p>\n<p><span style=\"text-decoration: underline;\">L&rsquo;homme qui plantait des arbres<\/span><br \/>\nXavier Deleau pourrait \u00eatre seulement mara\u00eecher bio. Trop simple ! Il est aussi un militant actif dans de nombreux domaines.<\/p>\n<p><span style=\"text-decoration: underline;\">L&rsquo;\u00c9cole des jardiniers<\/span><br \/>\nN\u00e9e au sein d&rsquo;une AMAP de Reims, l&rsquo;\u00c9cole des jardiniers a pour but de permettre \u00e0 chacun-e d&rsquo;apprendre \u00e0 faire son jardin\u2026 Outre des stages de formation, sa principale activit\u00e9 consiste \u00e0 produire des l\u00e9gumes dans un cadre social.<\/p>\n<p><strong>Des articles<\/strong><\/p>\n<p>R\u00e9sistances cr\u00e9atives face \u00e0 la violence en Turquie, Iran et Syrie<br \/>\nLe capitalisme rattraperait-il aussi les r\u00e9seaux d&rsquo;approvisionnements alimentaires ?<br \/>\nCachez ces thyro\u00efdes que je ne saurais voir !<br \/>\n\u00ab\u00a0Accueillir des r\u00e9fugi\u00e9-es renforce notre soci\u00e9t\u00e9\u00a0\u00bb<br \/>\nUberisation : la fin du salariat ?<br \/>\nDessins-t\u00e9moins d&rsquo;une journaliste kurde emprisonn\u00e9e<\/p>\n<p><strong>Des chroniques et des br\u00e8ves<\/strong><br \/>\nBonnes nouvelles de la Terre : La ferme o\u00f9 les handicap\u00e9s mentaux se font paysans<br \/>\nCatastrophe de Fukushima : Fa\u00e7ons de parler<br \/>\nL&rsquo;\u00e9cologie, c&rsquo;est la sant\u00e9 : Perturbateurs endocriniens : la Commission Europ\u00e9enne soutient les industriels<br \/>\n100 dates f\u00e9ministes pour aujourd&rsquo;hui : Chiffons rouges<br \/>\nEn direct de nos colonies : Encore un sommet Afrique France !<br \/>\nNucl\u00e9aire \u00e7a boum ! : Un Trait\u00e9 d&rsquo;interdiction des armes nucl\u00e9aires en 2017<\/p>\n<p>Belle journ\u00e9e et bonne lecture !<\/p>\n<p>Retrouvez la Revue Silence en Biocoop et\/ou abonnez-vous directement sur leur site : <a href=\"http:\/\/www.revuesilence.net\/\" target=\"_blank\" rel=\"noopener noreferrer\">http:\/\/www.revuesilence.net\/<\/a><\/p>\n","protected":false},"excerpt":{"rendered":"<p>Un dossier : Alternatives en Champagne-Ardenne Les oiseaux de passage R\u00e9unir les activit\u00e9s d&rsquo;un restaurant et d&rsquo;un centre culturel, le premier finan\u00e7ant le second, c&rsquo;est le pari r\u00e9ussi de Fanny et Jill \u00e0 Troyes. Enercoop au sein d&rsquo;un territoire en transition Dans les Ardennes, les collectivit\u00e9s ont engag\u00e9 une r\u00e9flexion &#8230; <\/p>\n<div><a href=\"https:\/\/www.altercampagne.net\/?p=6342\" class=\"more-link\">Read More<\/a><\/div>\n","protected":false},"author":214,"featured_media":0,"comment_status":"closed","ping_status":"closed","sticky":false,"template":"","format":"standard","meta":{"footnotes":""},"categories":[3248],"tags":[73,254,872,2724,2772,2773,2774,2775,2776,2777,2778,2779],"class_list":["post-6342","post","type-post","status-publish","format-standard","hentry","category-silence","tag-transition","tag-amap","tag-enercoop","tag-silence","tag-reuve-silence","tag-janvier-2017","tag-champagne-ardenne","tag-les-oiseaux-de-passage","tag-la-hulotte","tag-xavier-deleau","tag-lecole-des-jardiniers","tag-uberisation","no-post-thumbnail"],"yoast_head":"<!-- This site is optimized with the Yoast SEO plugin v27.3 - https:\/\/yoast.com\/product\/yoast-seo-wordpress\/ -->\n<title>Num\u00e9ro de Silence de janvier : Alternatives en Champagne-Ardenne - AlterTour<\/title>\n<meta name=\"robots\" content=\"index, follow, max-snippet:-1, max-image-preview:large, max-video-preview:-1\" \/>\n<link rel=\"canonical\" href=\"https:\/\/www.altercampagne.net\/?p=6342\" \/>\n<meta property=\"og:locale\" content=\"fr_FR\" \/>\n<meta property=\"og:type\" content=\"article\" \/>\n<meta property=\"og:title\" content=\"Num\u00e9ro de Silence de janvier : Alternatives en Champagne-Ardenne - AlterTour\" \/>\n<meta property=\"og:description\" content=\"Un dossier : Alternatives en Champagne-Ardenne Les oiseaux de passage R\u00e9unir les activit\u00e9s d&rsquo;un restaurant et d&rsquo;un centre culturel, le premier finan\u00e7ant le second, c&rsquo;est le pari r\u00e9ussi de Fanny et Jill \u00e0 Troyes. Enercoop au sein d&rsquo;un territoire en transition Dans les Ardennes, les collectivit\u00e9s ont engag\u00e9 une r\u00e9flexion ... Read More\" \/>\n<meta property=\"og:url\" content=\"https:\/\/www.altercampagne.net\/?p=6342\" \/>\n<meta property=\"og:site_name\" content=\"AlterTour\" \/>\n<meta property=\"article:published_time\" content=\"2016-12-19T17:01:52+00:00\" \/>\n<meta property=\"article:modified_time\" content=\"2020-02-24T13:59:21+00:00\" \/>\n<meta property=\"og:image\" content=\"http:\/\/www.altercampagne.net\/wp-content\/uploads\/2016\/12\/452bd.jpg\" \/>\n<meta name=\"author\" content=\"Mathieu\" \/>\n<meta name=\"twitter:card\" content=\"summary_large_image\" \/>\n<meta name=\"twitter:label1\" content=\"\u00c9crit par\" \/>\n\t<meta name=\"twitter:data1\" content=\"Mathieu\" \/>\n\t<meta name=\"twitter:label2\" content=\"Dur\u00e9e de lecture estim\u00e9e\" \/>\n\t<meta name=\"twitter:data2\" content=\"2 minutes\" \/>\n<script type=\"application\/ld+json\" class=\"yoast-schema-graph\">{\"@context\":\"https:\\\/\\\/schema.org\",\"@graph\":[{\"@type\":\"Article\",\"@id\":\"https:\\\/\\\/www.altercampagne.net\\\/?p=6342#article\",\"isPartOf\":{\"@id\":\"https:\\\/\\\/www.altercampagne.net\\\/?p=6342\"},\"author\":{\"name\":\"Mathieu\",\"@id\":\"https:\\\/\\\/www.altercampagne.net\\\/#\\\/schema\\\/person\\\/0f261460c09e430caa0f9bcffa319109\"},\"headline\":\"Num\u00e9ro de Silence de janvier : Alternatives en Champagne-Ardenne\",\"datePublished\":\"2016-12-19T17:01:52+00:00\",\"dateModified\":\"2020-02-24T13:59:21+00:00\",\"mainEntityOfPage\":{\"@id\":\"https:\\\/\\\/www.altercampagne.net\\\/?p=6342\"},\"wordCount\":463,\"image\":{\"@id\":\"https:\\\/\\\/www.altercampagne.net\\\/?p=6342#primaryimage\"},\"thumbnailUrl\":\"http:\\\/\\\/www.altercampagne.net\\\/wp-content\\\/uploads\\\/2016\\\/12\\\/452bd.jpg\",\"keywords\":[\"Transition\",\"AMAP\",\"Enercoop\",\"silence\",\"Reuve silence\",\"janvier 2017\",\"champagne-Ardenne\",\"les oiseaux de passage\",\"La Hulotte\",\"Xavier Deleau\",\"L'\u00c9cole des jardiniers\",\"Uberisation\"],\"articleSection\":[\"Silence\"],\"inLanguage\":\"fr-FR\"},{\"@type\":\"WebPage\",\"@id\":\"https:\\\/\\\/www.altercampagne.net\\\/?p=6342\",\"url\":\"https:\\\/\\\/www.altercampagne.net\\\/?p=6342\",\"name\":\"Num\u00e9ro de Silence de janvier : Alternatives en Champagne-Ardenne - AlterTour\",\"isPartOf\":{\"@id\":\"https:\\\/\\\/www.altercampagne.net\\\/#website\"},\"primaryImageOfPage\":{\"@id\":\"https:\\\/\\\/www.altercampagne.net\\\/?p=6342#primaryimage\"},\"image\":{\"@id\":\"https:\\\/\\\/www.altercampagne.net\\\/?p=6342#primaryimage\"},\"thumbnailUrl\":\"http:\\\/\\\/www.altercampagne.net\\\/wp-content\\\/uploads\\\/2016\\\/12\\\/452bd.jpg\",\"datePublished\":\"2016-12-19T17:01:52+00:00\",\"dateModified\":\"2020-02-24T13:59:21+00:00\",\"author\":{\"@id\":\"https:\\\/\\\/www.altercampagne.net\\\/#\\\/schema\\\/person\\\/0f261460c09e430caa0f9bcffa319109\"},\"breadcrumb\":{\"@id\":\"https:\\\/\\\/www.altercampagne.net\\\/?p=6342#breadcrumb\"},\"inLanguage\":\"fr-FR\",\"potentialAction\":[{\"@type\":\"ReadAction\",\"target\":[\"https:\\\/\\\/www.altercampagne.net\\\/?p=6342\"]}]},{\"@type\":\"ImageObject\",\"inLanguage\":\"fr-FR\",\"@id\":\"https:\\\/\\\/www.altercampagne.net\\\/?p=6342#primaryimage\",\"url\":\"http:\\\/\\\/www.altercampagne.net\\\/wp-content\\\/uploads\\\/2016\\\/12\\\/452bd.jpg\",\"contentUrl\":\"http:\\\/\\\/www.altercampagne.net\\\/wp-content\\\/uploads\\\/2016\\\/12\\\/452bd.jpg\"},{\"@type\":\"BreadcrumbList\",\"@id\":\"https:\\\/\\\/www.altercampagne.net\\\/?p=6342#breadcrumb\",\"itemListElement\":[{\"@type\":\"ListItem\",\"position\":1,\"name\":\"Accueil\",\"item\":\"https:\\\/\\\/www.altercampagne.net\\\/\"},{\"@type\":\"ListItem\",\"position\":2,\"name\":\"Num\u00e9ro de Silence de janvier : Alternatives en Champagne-Ardenne\"}]},{\"@type\":\"WebSite\",\"@id\":\"https:\\\/\\\/www.altercampagne.net\\\/#website\",\"url\":\"https:\\\/\\\/www.altercampagne.net\\\/\",\"name\":\"AlterTour\",\"description\":\"Reliez les Alternatives \u00e0 v\u00e9lo\",\"potentialAction\":[{\"@type\":\"SearchAction\",\"target\":{\"@type\":\"EntryPoint\",\"urlTemplate\":\"https:\\\/\\\/www.altercampagne.net\\\/?s={search_term_string}\"},\"query-input\":{\"@type\":\"PropertyValueSpecification\",\"valueRequired\":true,\"valueName\":\"search_term_string\"}}],\"inLanguage\":\"fr-FR\"},{\"@type\":\"Person\",\"@id\":\"https:\\\/\\\/www.altercampagne.net\\\/#\\\/schema\\\/person\\\/0f261460c09e430caa0f9bcffa319109\",\"name\":\"Mathieu\",\"image\":{\"@type\":\"ImageObject\",\"inLanguage\":\"fr-FR\",\"@id\":\"https:\\\/\\\/secure.gravatar.com\\\/avatar\\\/aa9d3d24c83f2141e5e2709d0f63d09a99f6be6bb7a50abc4915838d9f54501a?s=96&d=mm&r=g\",\"url\":\"https:\\\/\\\/secure.gravatar.com\\\/avatar\\\/aa9d3d24c83f2141e5e2709d0f63d09a99f6be6bb7a50abc4915838d9f54501a?s=96&d=mm&r=g\",\"contentUrl\":\"https:\\\/\\\/secure.gravatar.com\\\/avatar\\\/aa9d3d24c83f2141e5e2709d0f63d09a99f6be6bb7a50abc4915838d9f54501a?s=96&d=mm&r=g\",\"caption\":\"Mathieu\"},\"url\":\"https:\\\/\\\/www.altercampagne.net\\\/?author=214\"}]}<\/script>\n<!-- \/ Yoast SEO plugin. -->","yoast_head_json":{"title":"Num\u00e9ro de Silence de janvier : Alternatives en Champagne-Ardenne - AlterTour","robots":{"index":"index","follow":"follow","max-snippet":"max-snippet:-1","max-image-preview":"max-image-preview:large","max-video-preview":"max-video-preview:-1"},"canonical":"https:\/\/www.altercampagne.net\/?p=6342","og_locale":"fr_FR","og_type":"article","og_title":"Num\u00e9ro de Silence de janvier : Alternatives en Champagne-Ardenne - AlterTour","og_description":"Un dossier : Alternatives en Champagne-Ardenne Les oiseaux de passage R\u00e9unir les activit\u00e9s d&rsquo;un restaurant et d&rsquo;un centre culturel, le premier finan\u00e7ant le second, c&rsquo;est le pari r\u00e9ussi de Fanny et Jill \u00e0 Troyes. Enercoop au sein d&rsquo;un territoire en transition Dans les Ardennes, les collectivit\u00e9s ont engag\u00e9 une r\u00e9flexion ... Read More","og_url":"https:\/\/www.altercampagne.net\/?p=6342","og_site_name":"AlterTour","article_published_time":"2016-12-19T17:01:52+00:00","article_modified_time":"2020-02-24T13:59:21+00:00","og_image":[{"url":"http:\/\/www.altercampagne.net\/wp-content\/uploads\/2016\/12\/452bd.jpg","type":"","width":"","height":""}],"author":"Mathieu","twitter_card":"summary_large_image","twitter_misc":{"\u00c9crit par":"Mathieu","Dur\u00e9e de lecture estim\u00e9e":"2 minutes"},"schema":{"@context":"https:\/\/schema.org","@graph":[{"@type":"Article","@id":"https:\/\/www.altercampagne.net\/?p=6342#article","isPartOf":{"@id":"https:\/\/www.altercampagne.net\/?p=6342"},"author":{"name":"Mathieu","@id":"https:\/\/www.altercampagne.net\/#\/schema\/person\/0f261460c09e430caa0f9bcffa319109"},"headline":"Num\u00e9ro de Silence de janvier : Alternatives en Champagne-Ardenne","datePublished":"2016-12-19T17:01:52+00:00","dateModified":"2020-02-24T13:59:21+00:00","mainEntityOfPage":{"@id":"https:\/\/www.altercampagne.net\/?p=6342"},"wordCount":463,"image":{"@id":"https:\/\/www.altercampagne.net\/?p=6342#primaryimage"},"thumbnailUrl":"http:\/\/www.altercampagne.net\/wp-content\/uploads\/2016\/12\/452bd.jpg","keywords":["Transition","AMAP","Enercoop","silence","Reuve silence","janvier 2017","champagne-Ardenne","les oiseaux de passage","La Hulotte","Xavier Deleau","L'\u00c9cole des jardiniers","Uberisation"],"articleSection":["Silence"],"inLanguage":"fr-FR"},{"@type":"WebPage","@id":"https:\/\/www.altercampagne.net\/?p=6342","url":"https:\/\/www.altercampagne.net\/?p=6342","name":"Num\u00e9ro de Silence de janvier : Alternatives en Champagne-Ardenne - AlterTour","isPartOf":{"@id":"https:\/\/www.altercampagne.net\/#website"},"primaryImageOfPage":{"@id":"https:\/\/www.altercampagne.net\/?p=6342#primaryimage"},"image":{"@id":"https:\/\/www.altercampagne.net\/?p=6342#primaryimage"},"thumbnailUrl":"http:\/\/www.altercampagne.net\/wp-content\/uploads\/2016\/12\/452bd.jpg","datePublished":"2016-12-19T17:01:52+00:00","dateModified":"2020-02-24T13:59:21+00:00","author":{"@id":"https:\/\/www.altercampagne.net\/#\/schema\/person\/0f261460c09e430caa0f9bcffa319109"},"breadcrumb":{"@id":"https:\/\/www.altercampagne.net\/?p=6342#breadcrumb"},"inLanguage":"fr-FR","potentialAction":[{"@type":"ReadAction","target":["https:\/\/www.altercampagne.net\/?p=6342"]}]},{"@type":"ImageObject","inLanguage":"fr-FR","@id":"https:\/\/www.altercampagne.net\/?p=6342#primaryimage","url":"http:\/\/www.altercampagne.net\/wp-content\/uploads\/2016\/12\/452bd.jpg","contentUrl":"http:\/\/www.altercampagne.net\/wp-content\/uploads\/2016\/12\/452bd.jpg"},{"@type":"BreadcrumbList","@id":"https:\/\/www.altercampagne.net\/?p=6342#breadcrumb","itemListElement":[{"@type":"ListItem","position":1,"name":"Accueil","item":"https:\/\/www.altercampagne.net\/"},{"@type":"ListItem","position":2,"name":"Num\u00e9ro de Silence de janvier : Alternatives en Champagne-Ardenne"}]},{"@type":"WebSite","@id":"https:\/\/www.altercampagne.net\/#website","url":"https:\/\/www.altercampagne.net\/","name":"AlterTour","description":"Reliez les Alternatives \u00e0 v\u00e9lo","potentialAction":[{"@type":"SearchAction","target":{"@type":"EntryPoint","urlTemplate":"https:\/\/www.altercampagne.net\/?s={search_term_string}"},"query-input":{"@type":"PropertyValueSpecification","valueRequired":true,"valueName":"search_term_string"}}],"inLanguage":"fr-FR"},{"@type":"Person","@id":"https:\/\/www.altercampagne.net\/#\/schema\/person\/0f261460c09e430caa0f9bcffa319109","name":"Mathieu","image":{"@type":"ImageObject","inLanguage":"fr-FR","@id":"https:\/\/secure.gravatar.com\/avatar\/aa9d3d24c83f2141e5e2709d0f63d09a99f6be6bb7a50abc4915838d9f54501a?s=96&d=mm&r=g","url":"https:\/\/secure.gravatar.com\/avatar\/aa9d3d24c83f2141e5e2709d0f63d09a99f6be6bb7a50abc4915838d9f54501a?s=96&d=mm&r=g","contentUrl":"https:\/\/secure.gravatar.com\/avatar\/aa9d3d24c83f2141e5e2709d0f63d09a99f6be6bb7a50abc4915838d9f54501a?s=96&d=mm&r=g","caption":"Mathieu"},"url":"https:\/\/www.altercampagne.net\/?author=214"}]}},"_links":{"self":[{"href":"https:\/\/www.altercampagne.net\/index.php?rest_route=\/wp\/v2\/posts\/6342","targetHints":{"allow":["GET"]}}],"collection":[{"href":"https:\/\/www.altercampagne.net\/index.php?rest_route=\/wp\/v2\/posts"}],"about":[{"href":"https:\/\/www.altercampagne.net\/index.php?rest_route=\/wp\/v2\/types\/post"}],"author":[{"embeddable":true,"href":"https:\/\/www.altercampagne.net\/index.php?rest_route=\/wp\/v2\/users\/214"}],"replies":[{"embeddable":true,"href":"https:\/\/www.altercampagne.net\/index.php?rest_route=%2Fwp%2Fv2%2Fcomments&post=6342"}],"version-history":[{"count":1,"href":"https:\/\/www.altercampagne.net\/index.php?rest_route=\/wp\/v2\/posts\/6342\/revisions"}],"predecessor-version":[{"id":17319,"href":"https:\/\/www.altercampagne.net\/index.php?rest_route=\/wp\/v2\/posts\/6342\/revisions\/17319"}],"wp:attachment":[{"href":"https:\/\/www.altercampagne.net\/index.php?rest_route=%2Fwp%2Fv2%2Fmedia&parent=6342"}],"wp:term":[{"taxonomy":"category","embeddable":true,"href":"https:\/\/www.altercampagne.net\/index.php?rest_route=%2Fwp%2Fv2%2Fcategories&post=6342"},{"taxonomy":"post_tag","embeddable":true,"href":"https:\/\/www.altercampagne.net\/index.php?rest_route=%2Fwp%2Fv2%2Ftags&post=6342"}],"curies":[{"name":"wp","href":"https:\/\/api.w.org\/{rel}","templated":true}]}}