{"id":6347,"date":"2016-12-19T18:53:27","date_gmt":"2016-12-19T17:53:27","guid":{"rendered":"http:\/\/www.altercampagne.net\/?p=6347"},"modified":"2019-09-13T19:20:53","modified_gmt":"2019-09-13T17:20:53","slug":"nous-recherchons-des-organisatricesteurs-pour-les-etapes-haute-garonne-ariege-aude-pyrenees-orientales-herault-gard-ardeche-et-drome","status":"publish","type":"post","link":"https:\/\/www.altercampagne.net\/?p=6347","title":{"rendered":"Nous recherchons des organisatrices\/teurs pour les \u00e9tapes dans la Haute-Garonne, l&rsquo;Ari\u00e8ge, l&rsquo;Aude, les Pyr\u00e9n\u00e9es Orientales, l&rsquo;H\u00e9rault, le Gard, l&rsquo;Ard\u00e8che et la Dr\u00f4me"},"content":{"rendered":"<p>Le p\u00e9rim\u00e8tre de l&rsquo;AlterTour 2017 s&rsquo;est resserr\u00e9 le week-end des 10 et 11 d\u00e9cembre dernier. Le choix n&rsquo;a pas \u00e9t\u00e9 facile mais nous nous sommes mis d&rsquo;accord sur : la Haute-Garonne, l&rsquo;Ari\u00e8ge, l&rsquo;Aude, les Pyr\u00e9n\u00e9es Orientale s, l&rsquo;H\u00e9rault, le Gard, l&rsquo;Ard\u00e8che et la Dr\u00f4me.<\/p>\n<p>Nous devons constituer une \u00e9quipe de 11 bin\u00f4mes pour l&rsquo;AlterTour et 4 bin\u00f4mes pour les \u00c9chapp\u00e9es Belles de l&rsquo;AlterTour, soit une trentaine de personnes.<\/p>\n<p>Que vous habitiez dans les d\u00e9partements retenus ou non, vous pouvez devenir organisatrice\/teur d&rsquo;\u00e9tape. Il suffit de vous signaler en nous envoyant un mail : <a href=\"mailto:altertour@gmail.com\">altertour(at)gmail.com<\/a>.<\/p>\n<p>Les prochaines r\u00e9unions d&rsquo;organisation auront lieu :<br \/>\n&#8211; le 20 d\u00e9cembre \u00e0 18h sur skype<br \/>\n&#8211; le 12 janvier \u00e0 20h sur skype<br \/>\n&#8211; les 4 et 5 f\u00e9vrier 2017 \u00e0 Paris<\/p>\n","protected":false},"excerpt":{"rendered":"<p>Le p\u00e9rim\u00e8tre de l&rsquo;AlterTour 2017 s&rsquo;est resserr\u00e9 le week-end des 10 et 11 d\u00e9cembre dernier. Le choix n&rsquo;a pas \u00e9t\u00e9 facile mais nous nous sommes mis d&rsquo;accord sur : la Haute-Garonne, l&rsquo;Ari\u00e8ge, l&rsquo;Aude, les Pyr\u00e9n\u00e9es Orientale s, l&rsquo;H\u00e9rault, le Gard, l&rsquo;Ard\u00e8che et la Dr\u00f4me. Nous devons constituer une \u00e9quipe de &#8230; <\/p>\n<div><a href=\"https:\/\/www.altercampagne.net\/?p=6347\" class=\"more-link\">Read More<\/a><\/div>\n","protected":false},"author":214,"featured_media":6348,"comment_status":"closed","ping_status":"closed","sticky":false,"template":"","format":"standard","meta":{"footnotes":""},"categories":[3471,3457,3480],"tags":[85,523,524,1075,1091,1945,1972,2738,2780,2781,2782],"class_list":["post-6347","post","type-post","status-publish","format-standard","has-post-thumbnail","hentry","category-auvergne-rhone-alpes","category-edition-2017","category-occitanie","tag-haute-garonne","tag-aude","tag-pyrenees-orientales","tag-gard","tag-drome","tag-ariege","tag-herault","tag-ardeche","tag-altertour2017","tag-echappees-belles-de-laltertour","tag-echappees-belles"],"yoast_head":"<!-- This site is optimized with the Yoast SEO plugin v27.3 - https:\/\/yoast.com\/product\/yoast-seo-wordpress\/ -->\n<title>Nous recherchons des organisatrices\/teurs pour les \u00e9tapes dans la Haute-Garonne, l&#039;Ari\u00e8ge, l&#039;Aude, les Pyr\u00e9n\u00e9es Orientales, l&#039;H\u00e9rault, le Gard, l&#039;Ard\u00e8che et la Dr\u00f4me - AlterTour<\/title>\n<meta name=\"robots\" content=\"index, follow, max-snippet:-1, max-image-preview:large, max-video-preview:-1\" \/>\n<link rel=\"canonical\" href=\"https:\/\/www.altercampagne.net\/?p=6347\" \/>\n<meta property=\"og:locale\" content=\"fr_FR\" \/>\n<meta property=\"og:type\" content=\"article\" \/>\n<meta property=\"og:title\" content=\"Nous recherchons des organisatrices\/teurs pour les \u00e9tapes dans la Haute-Garonne, l&#039;Ari\u00e8ge, l&#039;Aude, les Pyr\u00e9n\u00e9es Orientales, l&#039;H\u00e9rault, le Gard, l&#039;Ard\u00e8che et la Dr\u00f4me - AlterTour\" \/>\n<meta property=\"og:description\" content=\"Le p\u00e9rim\u00e8tre de l&rsquo;AlterTour 2017 s&rsquo;est resserr\u00e9 le week-end des 10 et 11 d\u00e9cembre dernier. Le choix n&rsquo;a pas \u00e9t\u00e9 facile mais nous nous sommes mis d&rsquo;accord sur : la Haute-Garonne, l&rsquo;Ari\u00e8ge, l&rsquo;Aude, les Pyr\u00e9n\u00e9es Orientale s, l&rsquo;H\u00e9rault, le Gard, l&rsquo;Ard\u00e8che et la Dr\u00f4me. Nous devons constituer une \u00e9quipe de ... Read More\" \/>\n<meta property=\"og:url\" content=\"https:\/\/www.altercampagne.net\/?p=6347\" \/>\n<meta property=\"og:site_name\" content=\"AlterTour\" \/>\n<meta property=\"article:published_time\" content=\"2016-12-19T17:53:27+00:00\" \/>\n<meta property=\"article:modified_time\" content=\"2019-09-13T17:20:53+00:00\" \/>\n<meta property=\"og:image\" content=\"https:\/\/www.altercampagne.net\/wp-content\/uploads\/2016\/12\/recherche-organisateurs-etape.jpg\" \/>\n\t<meta property=\"og:image:width\" content=\"658\" \/>\n\t<meta property=\"og:image:height\" content=\"348\" \/>\n\t<meta property=\"og:image:type\" content=\"image\/jpeg\" \/>\n<meta name=\"author\" content=\"Mathieu\" \/>\n<meta name=\"twitter:card\" content=\"summary_large_image\" \/>\n<meta name=\"twitter:label1\" content=\"\u00c9crit par\" \/>\n\t<meta name=\"twitter:data1\" content=\"Mathieu\" \/>\n\t<meta name=\"twitter:label2\" content=\"Dur\u00e9e de lecture estim\u00e9e\" \/>\n\t<meta name=\"twitter:data2\" content=\"1 minute\" \/>\n<script type=\"application\/ld+json\" class=\"yoast-schema-graph\">{\"@context\":\"https:\\\/\\\/schema.org\",\"@graph\":[{\"@type\":\"Article\",\"@id\":\"https:\\\/\\\/www.altercampagne.net\\\/?p=6347#article\",\"isPartOf\":{\"@id\":\"https:\\\/\\\/www.altercampagne.net\\\/?p=6347\"},\"author\":{\"name\":\"Mathieu\",\"@id\":\"https:\\\/\\\/www.altercampagne.net\\\/#\\\/schema\\\/person\\\/0f261460c09e430caa0f9bcffa319109\"},\"headline\":\"Nous recherchons des organisatrices\\\/teurs pour les \u00e9tapes dans la Haute-Garonne, l&rsquo;Ari\u00e8ge, l&rsquo;Aude, les Pyr\u00e9n\u00e9es Orientales, l&rsquo;H\u00e9rault, le Gard, l&rsquo;Ard\u00e8che et la Dr\u00f4me\",\"datePublished\":\"2016-12-19T17:53:27+00:00\",\"dateModified\":\"2019-09-13T17:20:53+00:00\",\"mainEntityOfPage\":{\"@id\":\"https:\\\/\\\/www.altercampagne.net\\\/?p=6347\"},\"wordCount\":175,\"image\":{\"@id\":\"https:\\\/\\\/www.altercampagne.net\\\/?p=6347#primaryimage\"},\"thumbnailUrl\":\"https:\\\/\\\/www.altercampagne.net\\\/wp-content\\\/uploads\\\/2016\\\/12\\\/recherche-organisateurs-etape.jpg\",\"keywords\":[\"Haute-Garonne\",\"Aude\",\"Pyr\u00e9n\u00e9es-Orientales\",\"Gard\",\"Dr\u00f4me\",\"Ari\u00e8ge\",\"h\u00e9rault\",\"Ard\u00e8che\",\"AlterTour2017\",\"\u00c9chapp\u00e9es Belles de l'AlterTour\",\"\u00c9chapp\u00e9es Belles\"],\"articleSection\":[\"Auvergne-Rh\u00f4ne-Alpes\",\"\u00c9dition 2017\",\"Occitanie\"],\"inLanguage\":\"fr-FR\"},{\"@type\":\"WebPage\",\"@id\":\"https:\\\/\\\/www.altercampagne.net\\\/?p=6347\",\"url\":\"https:\\\/\\\/www.altercampagne.net\\\/?p=6347\",\"name\":\"Nous recherchons des organisatrices\\\/teurs pour les \u00e9tapes dans la Haute-Garonne, l'Ari\u00e8ge, l'Aude, les Pyr\u00e9n\u00e9es Orientales, l'H\u00e9rault, le Gard, l'Ard\u00e8che et la Dr\u00f4me - AlterTour\",\"isPartOf\":{\"@id\":\"https:\\\/\\\/www.altercampagne.net\\\/#website\"},\"primaryImageOfPage\":{\"@id\":\"https:\\\/\\\/www.altercampagne.net\\\/?p=6347#primaryimage\"},\"image\":{\"@id\":\"https:\\\/\\\/www.altercampagne.net\\\/?p=6347#primaryimage\"},\"thumbnailUrl\":\"https:\\\/\\\/www.altercampagne.net\\\/wp-content\\\/uploads\\\/2016\\\/12\\\/recherche-organisateurs-etape.jpg\",\"datePublished\":\"2016-12-19T17:53:27+00:00\",\"dateModified\":\"2019-09-13T17:20:53+00:00\",\"author\":{\"@id\":\"https:\\\/\\\/www.altercampagne.net\\\/#\\\/schema\\\/person\\\/0f261460c09e430caa0f9bcffa319109\"},\"breadcrumb\":{\"@id\":\"https:\\\/\\\/www.altercampagne.net\\\/?p=6347#breadcrumb\"},\"inLanguage\":\"fr-FR\",\"potentialAction\":[{\"@type\":\"ReadAction\",\"target\":[\"https:\\\/\\\/www.altercampagne.net\\\/?p=6347\"]}]},{\"@type\":\"ImageObject\",\"inLanguage\":\"fr-FR\",\"@id\":\"https:\\\/\\\/www.altercampagne.net\\\/?p=6347#primaryimage\",\"url\":\"https:\\\/\\\/www.altercampagne.net\\\/wp-content\\\/uploads\\\/2016\\\/12\\\/recherche-organisateurs-etape.jpg\",\"contentUrl\":\"https:\\\/\\\/www.altercampagne.net\\\/wp-content\\\/uploads\\\/2016\\\/12\\\/recherche-organisateurs-etape.jpg\",\"width\":658,\"height\":348},{\"@type\":\"BreadcrumbList\",\"@id\":\"https:\\\/\\\/www.altercampagne.net\\\/?p=6347#breadcrumb\",\"itemListElement\":[{\"@type\":\"ListItem\",\"position\":1,\"name\":\"Accueil\",\"item\":\"https:\\\/\\\/www.altercampagne.net\\\/\"},{\"@type\":\"ListItem\",\"position\":2,\"name\":\"Nous recherchons des organisatrices\\\/teurs pour les \u00e9tapes dans la Haute-Garonne, l&rsquo;Ari\u00e8ge, l&rsquo;Aude, les Pyr\u00e9n\u00e9es Orientales, l&rsquo;H\u00e9rault, le Gard, l&rsquo;Ard\u00e8che et la Dr\u00f4me\"}]},{\"@type\":\"WebSite\",\"@id\":\"https:\\\/\\\/www.altercampagne.net\\\/#website\",\"url\":\"https:\\\/\\\/www.altercampagne.net\\\/\",\"name\":\"AlterTour\",\"description\":\"Reliez les Alternatives \u00e0 v\u00e9lo\",\"potentialAction\":[{\"@type\":\"SearchAction\",\"target\":{\"@type\":\"EntryPoint\",\"urlTemplate\":\"https:\\\/\\\/www.altercampagne.net\\\/?s={search_term_string}\"},\"query-input\":{\"@type\":\"PropertyValueSpecification\",\"valueRequired\":true,\"valueName\":\"search_term_string\"}}],\"inLanguage\":\"fr-FR\"},{\"@type\":\"Person\",\"@id\":\"https:\\\/\\\/www.altercampagne.net\\\/#\\\/schema\\\/person\\\/0f261460c09e430caa0f9bcffa319109\",\"name\":\"Mathieu\",\"image\":{\"@type\":\"ImageObject\",\"inLanguage\":\"fr-FR\",\"@id\":\"https:\\\/\\\/secure.gravatar.com\\\/avatar\\\/aa9d3d24c83f2141e5e2709d0f63d09a99f6be6bb7a50abc4915838d9f54501a?s=96&d=mm&r=g\",\"url\":\"https:\\\/\\\/secure.gravatar.com\\\/avatar\\\/aa9d3d24c83f2141e5e2709d0f63d09a99f6be6bb7a50abc4915838d9f54501a?s=96&d=mm&r=g\",\"contentUrl\":\"https:\\\/\\\/secure.gravatar.com\\\/avatar\\\/aa9d3d24c83f2141e5e2709d0f63d09a99f6be6bb7a50abc4915838d9f54501a?s=96&d=mm&r=g\",\"caption\":\"Mathieu\"},\"url\":\"https:\\\/\\\/www.altercampagne.net\\\/?author=214\"}]}<\/script>\n<!-- \/ Yoast SEO plugin. -->","yoast_head_json":{"title":"Nous recherchons des organisatrices\/teurs pour les \u00e9tapes dans la Haute-Garonne, l'Ari\u00e8ge, l'Aude, les Pyr\u00e9n\u00e9es Orientales, l'H\u00e9rault, le Gard, l'Ard\u00e8che et la Dr\u00f4me - AlterTour","robots":{"index":"index","follow":"follow","max-snippet":"max-snippet:-1","max-image-preview":"max-image-preview:large","max-video-preview":"max-video-preview:-1"},"canonical":"https:\/\/www.altercampagne.net\/?p=6347","og_locale":"fr_FR","og_type":"article","og_title":"Nous recherchons des organisatrices\/teurs pour les \u00e9tapes dans la Haute-Garonne, l'Ari\u00e8ge, l'Aude, les Pyr\u00e9n\u00e9es Orientales, l'H\u00e9rault, le Gard, l'Ard\u00e8che et la Dr\u00f4me - AlterTour","og_description":"Le p\u00e9rim\u00e8tre de l&rsquo;AlterTour 2017 s&rsquo;est resserr\u00e9 le week-end des 10 et 11 d\u00e9cembre dernier. Le choix n&rsquo;a pas \u00e9t\u00e9 facile mais nous nous sommes mis d&rsquo;accord sur : la Haute-Garonne, l&rsquo;Ari\u00e8ge, l&rsquo;Aude, les Pyr\u00e9n\u00e9es Orientale s, l&rsquo;H\u00e9rault, le Gard, l&rsquo;Ard\u00e8che et la Dr\u00f4me. Nous devons constituer une \u00e9quipe de ... Read More","og_url":"https:\/\/www.altercampagne.net\/?p=6347","og_site_name":"AlterTour","article_published_time":"2016-12-19T17:53:27+00:00","article_modified_time":"2019-09-13T17:20:53+00:00","og_image":[{"width":658,"height":348,"url":"https:\/\/www.altercampagne.net\/wp-content\/uploads\/2016\/12\/recherche-organisateurs-etape.jpg","type":"image\/jpeg"}],"author":"Mathieu","twitter_card":"summary_large_image","twitter_misc":{"\u00c9crit par":"Mathieu","Dur\u00e9e de lecture estim\u00e9e":"1 minute"},"schema":{"@context":"https:\/\/schema.org","@graph":[{"@type":"Article","@id":"https:\/\/www.altercampagne.net\/?p=6347#article","isPartOf":{"@id":"https:\/\/www.altercampagne.net\/?p=6347"},"author":{"name":"Mathieu","@id":"https:\/\/www.altercampagne.net\/#\/schema\/person\/0f261460c09e430caa0f9bcffa319109"},"headline":"Nous recherchons des organisatrices\/teurs pour les \u00e9tapes dans la Haute-Garonne, l&rsquo;Ari\u00e8ge, l&rsquo;Aude, les Pyr\u00e9n\u00e9es Orientales, l&rsquo;H\u00e9rault, le Gard, l&rsquo;Ard\u00e8che et la Dr\u00f4me","datePublished":"2016-12-19T17:53:27+00:00","dateModified":"2019-09-13T17:20:53+00:00","mainEntityOfPage":{"@id":"https:\/\/www.altercampagne.net\/?p=6347"},"wordCount":175,"image":{"@id":"https:\/\/www.altercampagne.net\/?p=6347#primaryimage"},"thumbnailUrl":"https:\/\/www.altercampagne.net\/wp-content\/uploads\/2016\/12\/recherche-organisateurs-etape.jpg","keywords":["Haute-Garonne","Aude","Pyr\u00e9n\u00e9es-Orientales","Gard","Dr\u00f4me","Ari\u00e8ge","h\u00e9rault","Ard\u00e8che","AlterTour2017","\u00c9chapp\u00e9es Belles de l'AlterTour","\u00c9chapp\u00e9es Belles"],"articleSection":["Auvergne-Rh\u00f4ne-Alpes","\u00c9dition 2017","Occitanie"],"inLanguage":"fr-FR"},{"@type":"WebPage","@id":"https:\/\/www.altercampagne.net\/?p=6347","url":"https:\/\/www.altercampagne.net\/?p=6347","name":"Nous recherchons des organisatrices\/teurs pour les \u00e9tapes dans la Haute-Garonne, l'Ari\u00e8ge, l'Aude, les Pyr\u00e9n\u00e9es Orientales, l'H\u00e9rault, le Gard, l'Ard\u00e8che et la Dr\u00f4me - AlterTour","isPartOf":{"@id":"https:\/\/www.altercampagne.net\/#website"},"primaryImageOfPage":{"@id":"https:\/\/www.altercampagne.net\/?p=6347#primaryimage"},"image":{"@id":"https:\/\/www.altercampagne.net\/?p=6347#primaryimage"},"thumbnailUrl":"https:\/\/www.altercampagne.net\/wp-content\/uploads\/2016\/12\/recherche-organisateurs-etape.jpg","datePublished":"2016-12-19T17:53:27+00:00","dateModified":"2019-09-13T17:20:53+00:00","author":{"@id":"https:\/\/www.altercampagne.net\/#\/schema\/person\/0f261460c09e430caa0f9bcffa319109"},"breadcrumb":{"@id":"https:\/\/www.altercampagne.net\/?p=6347#breadcrumb"},"inLanguage":"fr-FR","potentialAction":[{"@type":"ReadAction","target":["https:\/\/www.altercampagne.net\/?p=6347"]}]},{"@type":"ImageObject","inLanguage":"fr-FR","@id":"https:\/\/www.altercampagne.net\/?p=6347#primaryimage","url":"https:\/\/www.altercampagne.net\/wp-content\/uploads\/2016\/12\/recherche-organisateurs-etape.jpg","contentUrl":"https:\/\/www.altercampagne.net\/wp-content\/uploads\/2016\/12\/recherche-organisateurs-etape.jpg","width":658,"height":348},{"@type":"BreadcrumbList","@id":"https:\/\/www.altercampagne.net\/?p=6347#breadcrumb","itemListElement":[{"@type":"ListItem","position":1,"name":"Accueil","item":"https:\/\/www.altercampagne.net\/"},{"@type":"ListItem","position":2,"name":"Nous recherchons des organisatrices\/teurs pour les \u00e9tapes dans la Haute-Garonne, l&rsquo;Ari\u00e8ge, l&rsquo;Aude, les Pyr\u00e9n\u00e9es Orientales, l&rsquo;H\u00e9rault, le Gard, l&rsquo;Ard\u00e8che et la Dr\u00f4me"}]},{"@type":"WebSite","@id":"https:\/\/www.altercampagne.net\/#website","url":"https:\/\/www.altercampagne.net\/","name":"AlterTour","description":"Reliez les Alternatives \u00e0 v\u00e9lo","potentialAction":[{"@type":"SearchAction","target":{"@type":"EntryPoint","urlTemplate":"https:\/\/www.altercampagne.net\/?s={search_term_string}"},"query-input":{"@type":"PropertyValueSpecification","valueRequired":true,"valueName":"search_term_string"}}],"inLanguage":"fr-FR"},{"@type":"Person","@id":"https:\/\/www.altercampagne.net\/#\/schema\/person\/0f261460c09e430caa0f9bcffa319109","name":"Mathieu","image":{"@type":"ImageObject","inLanguage":"fr-FR","@id":"https:\/\/secure.gravatar.com\/avatar\/aa9d3d24c83f2141e5e2709d0f63d09a99f6be6bb7a50abc4915838d9f54501a?s=96&d=mm&r=g","url":"https:\/\/secure.gravatar.com\/avatar\/aa9d3d24c83f2141e5e2709d0f63d09a99f6be6bb7a50abc4915838d9f54501a?s=96&d=mm&r=g","contentUrl":"https:\/\/secure.gravatar.com\/avatar\/aa9d3d24c83f2141e5e2709d0f63d09a99f6be6bb7a50abc4915838d9f54501a?s=96&d=mm&r=g","caption":"Mathieu"},"url":"https:\/\/www.altercampagne.net\/?author=214"}]}},"_links":{"self":[{"href":"https:\/\/www.altercampagne.net\/index.php?rest_route=\/wp\/v2\/posts\/6347","targetHints":{"allow":["GET"]}}],"collection":[{"href":"https:\/\/www.altercampagne.net\/index.php?rest_route=\/wp\/v2\/posts"}],"about":[{"href":"https:\/\/www.altercampagne.net\/index.php?rest_route=\/wp\/v2\/types\/post"}],"author":[{"embeddable":true,"href":"https:\/\/www.altercampagne.net\/index.php?rest_route=\/wp\/v2\/users\/214"}],"replies":[{"embeddable":true,"href":"https:\/\/www.altercampagne.net\/index.php?rest_route=%2Fwp%2Fv2%2Fcomments&post=6347"}],"version-history":[{"count":0,"href":"https:\/\/www.altercampagne.net\/index.php?rest_route=\/wp\/v2\/posts\/6347\/revisions"}],"wp:featuredmedia":[{"embeddable":true,"href":"https:\/\/www.altercampagne.net\/index.php?rest_route=\/wp\/v2\/media\/6348"}],"wp:attachment":[{"href":"https:\/\/www.altercampagne.net\/index.php?rest_route=%2Fwp%2Fv2%2Fmedia&parent=6347"}],"wp:term":[{"taxonomy":"category","embeddable":true,"href":"https:\/\/www.altercampagne.net\/index.php?rest_route=%2Fwp%2Fv2%2Fcategories&post=6347"},{"taxonomy":"post_tag","embeddable":true,"href":"https:\/\/www.altercampagne.net\/index.php?rest_route=%2Fwp%2Fv2%2Ftags&post=6347"}],"curies":[{"name":"wp","href":"https:\/\/api.w.org\/{rel}","templated":true}]}}