{"id":6373,"date":"2017-05-05T09:01:13","date_gmt":"2017-05-05T07:01:13","guid":{"rendered":"http:\/\/www.altercampagne.net\/?p=6373"},"modified":"2018-01-17T09:50:44","modified_gmt":"2018-01-17T08:50:44","slug":"parcours-previsionnel-de-laltertour-2017","status":"publish","type":"post","link":"https:\/\/www.altercampagne.net\/?p=6373","title":{"rendered":"Mise \u00e0 jour du programme de l&rsquo;AlterTour 2017"},"content":{"rendered":"<p>L&rsquo;AlterTour 2017 partira de Toulouse le 8 juillet et se terminera \u00e0 Valence le 20 ao\u00fbt. Les Altercyclistes iront \u00e0 la rencontre des Alternatives en Occitanie Catalogne et Rh\u00f4ne-Alpes.<\/p>\n<p>En plus, deux parcours parall\u00e8le et sans v\u00e9hicules \u00e0 moteur : les \u00c9chapp\u00e9es Belles* de l&rsquo;AlterTour sont programm\u00e9es :<br \/>\n&#8211; L\u2019\u00c9chapp\u00e9e Belle Espagnole : de G\u00e9rone, le 13 juillet (en Espagne) \u00e0 Armissan, le 22 juillet (vers Narbonne)<br \/>\n&#8211; L\u2019\u00c9chapp\u00e9e Belle musicale : de Thoiras, le 1er ao\u00fbt (dans le Gard) \u00e0 Eurre, le 10 ao\u00fbt (dans la Dr\u00f4me)<\/p>\n<p><strong>Programme :<\/strong><\/p>\n<p><a href=\"http:\/\/www.altercampagne.net\/?page_id=172\"><img loading=\"lazy\" decoding=\"async\" class=\"alignright wp-image-6632 size-large\" src=\"http:\/\/www.altercampagne.net\/wp-content\/uploads\/2017\/02\/2017-02-20-parcours-france2-890x1024.jpg\" alt=\"\" width=\"640\" height=\"736\" srcset=\"https:\/\/www.altercampagne.net\/wp-content\/uploads\/2017\/02\/2017-02-20-parcours-france2-890x1024.jpg 890w, https:\/\/www.altercampagne.net\/wp-content\/uploads\/2017\/02\/2017-02-20-parcours-france2-261x300.jpg 261w\" sizes=\"auto, (max-width: 640px) 100vw, 640px\" \/><\/a>Samedi 8 juillet : Accueil des Altercyclistes \u00e0 la Maison de l\u2019\u00c9conomie Solidaire de Ramonville (31) <a href=\"http:\/\/www.altercampagne.net\/?page_id=172&amp;route=111\">: Collectif la Maison, Maison de l&rsquo;Economie Sociale et Solidaire, Roule Ma Frite, Scopie, V\u00e9lorution Toulouse, L&rsquo;atelier id\u00e9al<\/a><br \/>\nDimanche 9 juillet : <a href=\"http:\/\/www.altercampagne.net\/?page_id=172&amp;route=113\">Alter-Alleycat \u00e0 Toulouse avec Via Brachy et V\u00e9lorution Toulouse<\/a><br \/>\nLundi 10 juillet : <a href=\"http:\/\/www.altercampagne.net\/?page_id=172&amp;route=114\">Ramonville &#8211; Montaigut sur Save &#8211; 36 km &#8211; Ferme \u00e9co-citoyenne de la Bouzigue et la Caravanne Amoureuse<\/a><br \/>\nMardi 11 juillet : <a href=\"http:\/\/www.altercampagne.net\/?page_id=172&amp;route=115\">Montaigut sur save &#8211; Plaisance du Touch &#8211; Beaumont-Sur-L\u00e8ze &#8211; 42 km &#8211; Collectif NON \u00e0 Val Tolosa, Mas Coop<\/a><br \/>\nMercredi 12 juillet : <a href=\"http:\/\/www.altercampagne.net\/?page_id=172&amp;route=116\">Beaumont-Sur-L\u00e8ze &#8211; Caz\u00e8res &#8211; 33 km &#8211; Coop\u00e9rative d&rsquo;habitant l&rsquo;an 01 et Stop mine Salau<\/a><br \/>\nJeudi 13 juillet : <a href=\"http:\/\/www.altercampagne.net\/?page_id=172&amp;route=117\">Caz\u00e8res &#8211; 0 km &#8211; Coop\u00e9rative d&rsquo;habitant l&rsquo;an 01 et Ressourcerie Recobrada<\/a><br \/>\nVendredi 14 juillet : <a href=\"http:\/\/www.altercampagne.net\/?page_id=172&amp;route=118\">Caz\u00e8res &#8211; Montbrun Bocage &#8211; 29 km &#8211; Nomade&rsquo;s land<\/a><br \/>\nSamedi 15 juillet : <a href=\"http:\/\/www.altercampagne.net\/?page_id=172&amp;route=119\">Montbrun Bocage &#8211; Saint-Victor-Rouzaud &#8211; 55 km &#8211; Prommata et Eco-village Sainte Camelle<\/a><br \/>\nDimanche 16 juillet : <a href=\"http:\/\/www.altercampagne.net\/?page_id=172&amp;route=120\">Saint-Victor-Rouzaud &#8211; Soula (Caybarat) &#8211; 33 km &#8211; collectif Chiapas Ari\u00e8ge et la Monnaie locale Pyr\u00e8ne<\/a><br \/>\nLundi 17 juillet : <a href=\"http:\/\/www.altercampagne.net\/?page_id=172&amp;route=121\">Soula (Caybarat) &#8211; Puivert &#8211; 26 km &#8211; La maison non marchande de Puivert<\/a><br \/>\nMardi 18 juillet : <a href=\"http:\/\/www.altercampagne.net\/?page_id=172&amp;route=122\">Puivert &#8211; Rennes le Chateau &#8211; 30 km &#8211; Ecovillage T\u00e8rra De Lutz et Terre m\u00e8re<\/a><br \/>\nMercredi 19 juillet : <a href=\"http:\/\/www.altercampagne.net\/?page_id=172&amp;route=123\">Rennes le Chateau &#8211; 0 km &#8211; Ecovillage T\u00e8rra De Lutz, Via Brachy, LA R\u00e9partie<\/a><br \/>\nJeudi 20 juillet : <a href=\"http:\/\/www.altercampagne.net\/?page_id=172&amp;route=124\">Rennes le Chateau &#8211; Limoux &#8211; 25 km &#8211; Tiers-lieu de Limoux et les Vergers du chalet<\/a><br \/>\nVendredi 21 juillet : <a href=\"http:\/\/www.altercampagne.net\/?page_id=172&amp;route=125\">Limoux &#8211; Capendu &#8211; 49 km &#8211; ap\u00e9ro avec les villageois et cercle de parole<\/a><br \/>\nSamedi 22 juillet : <a href=\"http:\/\/www.altercampagne.net\/?page_id=172&amp;route=126\">Capendu &#8211; Armissan &#8211; 58 km &#8211; Covidem, l&rsquo;assoc&rsquo;\u00e9pic\u00e9e, V\u00e9locit\u00e9 Narbonne, l&rsquo;Olivette et jardin de Langel<\/a><br \/>\nDimanche 23 juillet : <a href=\"http:\/\/www.altercampagne.net\/?page_id=172&amp;route=127\">Armissan &#8211; B\u00e9ziers &#8211; 29 km &#8211; L&rsquo;Hort del Gal, la Cosmoplith\u00e8que, Attac B\u00e9ziers, la Cimade<\/a><br \/>\nLundi 24 juillet : <span style=\"color: #ff6600;\"><a style=\"color: #ff6600;\" href=\"http:\/\/www.altercampagne.net\/?page_id=172&amp;route=128\">B\u00e9ziers &#8211; Villeveyrac &#8211; 45 km &#8211; La Ferme des Saveurs, la LPO et le Collectif Non \u00e0 Hinterland &#8211; Il reste 8 places<\/a><\/span><br \/>\nMardi 25 juillet : <span style=\"color: #ff6600;\"><a style=\"color: #ff6600;\" href=\"http:\/\/www.altercampagne.net\/?page_id=172&amp;route=129\">Villeveyrac &#8211; Montpellier &#8211; 42 km : Ferme Urbaine Collective de la Condamine &#8211; Il reste 5 places<\/a><\/span><br \/>\nMercredi 26 juillet : <span style=\"color: #ff6600;\"><a style=\"color: #ff6600;\" href=\"http:\/\/www.altercampagne.net\/?page_id=172&amp;route=130\">Montpellier &#8211; 0 km : Ferme Urbaine Collective de la Condamine &#8211; Il reste 2 places<\/a><\/span><br \/>\nJeudi 27 juillet : <span style=\"color: #ff6600;\"><a style=\"color: #ff6600;\" href=\"http:\/\/www.altercampagne.net\/?page_id=172&amp;route=131\">Montpellier &#8211; Vauvert &#8211; 56 km &#8211; Alternatiba Montpellier, Luttopia 003 et AlterEco 30 &#8211; Il reste 2 places<\/a><\/span><br \/>\nVendredi 28 juillet : <span style=\"color: #ff6600;\"><a style=\"color: #ff6600;\" href=\"http:\/\/www.altercampagne.net\/?page_id=172&amp;route=132\">Vauvert &#8211; 0 km &#8211; Alter&rsquo;Eco 30 &#8211; Il reste quelques places<\/a><\/span><br \/>\nSamedi 29 juillet : <span style=\"color: #ff6600;\"><a style=\"color: #ff6600;\" href=\"http:\/\/www.altercampagne.net\/?page_id=172&amp;route=133\">Vauvert &#8211; Aujargues &#8211; 22 km &#8211; Le Kayou d&rsquo;Aujargues &#8211; Il reste 4 places<\/a><\/span><br \/>\nDimanche 30 juillet : <span style=\"color: #ff6600;\"><a style=\"color: #ff6600;\" href=\"http:\/\/www.altercampagne.net\/?page_id=172&amp;route=134\">Aujargues &#8211; Thoiras &#8211; 45 km &#8211; Association la Mine &#8211; Il reste 4 places<\/a><\/span><br \/>\nLundi 31 juillet : <span style=\"color: #ff6600;\"><a style=\"color: #ff6600;\" href=\"http:\/\/www.altercampagne.net\/?page_id=172&amp;route=135\">Thoiras &#8211; 0 km &#8211; Le Collectif SOS for\u00eat du Sud &#8211; Il reste 4 places<\/a><\/span><br \/>\nMardi 1er ao\u00fbt : <span style=\"color: #ff6600;\"><a style=\"color: #ff6600;\" href=\"http:\/\/www.altercampagne.net\/?page_id=172&amp;route=136\">Thoiras &#8211; Saint Jean du Gard &#8211; 36 km &#8211; Association La Mine &#8211; Il reste 3 places<\/a><\/span><br \/>\nMercredi 2 ao\u00fbt : <span style=\"color: #ff6600;\"><a style=\"color: #ff6600;\" href=\"http:\/\/www.altercampagne.net\/?page_id=172&amp;route=137\">Saint Jean du Gard &#8211; Ribaute les Tavernes &#8211; 31 km &#8211; AGIR (association gardoise pour les int\u00e9r\u00eats de la ruralit\u00e9) &#8211; Il reste 10 places &#8211; Il reste 9 places<\/a><\/span><br \/>\nJeudi 3 ao\u00fbt : <a href=\"http:\/\/www.altercampagne.net\/?page_id=172&amp;route=138\">Ribaute les Tavernes &#8211; Bess\u00e8ges &#8211; 49 km &#8211; Collectif Cr\u00e9atif du Castellas<\/a><br \/>\nVendredi 4 ao\u00fbt : <a href=\"http:\/\/www.altercampagne.net\/?page_id=172&amp;route=139\">Bess\u00e8ges &#8211; 0 km &#8211; Collectif Cr\u00e9atif du Castellas<\/a><br \/>\nSamedi 5 ao\u00fbt : <a href=\"http:\/\/www.altercampagne.net\/?page_id=172&amp;route=140\">Bess\u00e8ges &#8211; Rosi\u00e8res &#8211; 44 km &#8211; Changement de Cap<\/a><br \/>\nDimanche 6 ao\u00fbt : <span style=\"color: #ff6600;\"><a style=\"color: #ff6600;\" href=\"http:\/\/www.altercampagne.net\/?page_id=172&amp;route=141\">Rosi\u00e8res &#8211; Saint-Julien Du Serre &#8211; 22 km &#8211; Ecosite Mas des Foug\u00e8res et l&rsquo;Agence Chapa &#8211; Il reste 8 places<\/a><\/span><br \/>\nLundi 7 ao\u00fbt : <span style=\"color: #ff0000;\"> <a style=\"color: #ff0000;\" href=\"http:\/\/www.altercampagne.net\/?page_id=172&amp;route=142\">Saint-julien du Serre &#8211; Saint Pierreville &#8211; 40 km &#8211; Ardelaine &#8211; Bloqu\u00e9 pour le soir. Possibilit\u00e9 de repartir ce jour.<\/a><\/span><br \/>\nMardi 8 ao\u00fbt :<span style=\"color: #ff0000;\"> <a style=\"color: #ff0000;\" href=\"http:\/\/www.altercampagne.net\/?page_id=172&amp;route=143\">Saint Pierreville &#8211; 0 km &#8211; Ardelaine et la Conserverie le B\u00e2teleur &#8211; Journ\u00e9ee bloqu\u00e9e aux inscriptions : liste d&rsquo;attente mis en place<\/a><\/span><br \/>\nMercredi 9 ao\u00fbt :<span style=\"color: #ff0000;\"> <a style=\"color: #ff0000;\" href=\"http:\/\/www.altercampagne.net\/?page_id=172&amp;route=144\">Saint Pierreville &#8211; Croux &#8211; 27 km &#8211; La Biquette de la Jaubernie<\/a><a style=\"color: #ff0000;\" href=\"http:\/\/www.altercampagne.net\/?page_id=172&amp;route=143\"> &#8211; Journ\u00e9ee bloqu\u00e9e aux inscriptions : liste d&rsquo;attente mis en place<\/a> <\/span><br \/>\nJeudi 10 ao\u00fbt : <span style=\"color: #ff0000;\"><a style=\"color: #ff0000;\" href=\"http:\/\/www.altercampagne.net\/?page_id=172&amp;route=145\">Croux &#8211; Eurre &#8211; 36 km &#8211; Oasis de Serendip, Biovall\u00e9e et Ecotopia Biketour &#8211; <\/a><a style=\"color: #ff0000;\" href=\"http:\/\/www.altercampagne.net\/?page_id=172&amp;route=143\">Journ\u00e9e bloqu\u00e9e aux inscriptions : liste d&rsquo;attente mis en place<\/a> <\/span><br \/>\nVendredi 11 ao\u00fbt :<a style=\"color: #ff0000;\" href=\"http:\/\/www.altercampagne.net\/?page_id=172&amp;route=146\">Eurre &#8211; Crest &#8211; Saillans &#8211; 26 km : Au Tour du Cycle, l\u2019Usine Vivante, et la Commune de Saillans<\/a><br \/>\nSamedi 12 ao\u00fbt : <a style=\"color: #ff6600;\" href=\"http:\/\/www.altercampagne.net\/?page_id=172&amp;route=147\">Saillans &#8211; 0 km &#8211; La Commune de Saillans &#8211; Il reste 6 places<\/a><br \/>\nDimanche 13 ao\u00fbt : <span style=\"color: #ff6600;\"><a style=\"color: #ff6600;\" href=\"http:\/\/www.altercampagne.net\/?page_id=172&amp;route=148\">Saillans &#8211; Chamaloc &#8211; Vassieux-en-Vercors &#8211; 58 km &#8211; Base Nature Vercors &#8211; Il reste 10 places<\/a><\/span><br \/>\nLundi 14 ao\u00fbt : <span style=\"color: #ff6600;\"><a style=\"color: #ff6600;\" href=\"http:\/\/www.altercampagne.net\/?page_id=172&amp;route=149\">Vassieux-en-Vercors &#8211; Saint Jean en Royans &#8211; 29 km &#8211; La Ferme des Roussets et Batotopie &#8211; Il reste 7 places<\/a><\/span><br \/>\nMardi 15 ao\u00fbt : <a href=\"http:\/\/www.altercampagne.net\/?page_id=172&amp;route=150\">Saint Jean en Royans &#8211; 0 km &#8211; La Ferme des Roussets et Batotopie<\/a><br \/>\nMercredi 16 ao\u00fbt : <a href=\"http:\/\/www.altercampagne.net\/?page_id=172&amp;route=151\">Saint Jean en Royans &#8211; Saint-Antoine-l&rsquo;Abbaye &#8211; 25 km &#8211; La Communaut\u00e9 de l&rsquo;Arche<\/a><br \/>\njeudi 17 ao\u00fbt : <a href=\"http:\/\/www.altercampagne.net\/?page_id=172&amp;route=152\">Saint- Antoine-l&rsquo;Abbaye &#8211; Roybon &#8211; Saint-Antoine-l&rsquo;Abbaye &#8211; 24 km &#8211; La Zad de Roybon et la Communaut\u00e9 de l&rsquo;Arche<\/a><br \/>\nVendredi 18 ao\u00fbt : <a href=\"http:\/\/www.altercampagne.net\/?page_id=172&amp;route=153\">Saint-Antoine-l&rsquo;Abbaye &#8211; Valence &#8211; 66 km &#8211; Graine de Cocagne Valence<\/a><br \/>\nSamedi 19 ao\u00fbt : <a href=\"http:\/\/www.altercampagne.net\/?page_id=172&amp;route=154\">Valence &#8211; 0km &#8211; La Criirad, la Ferme des graines de cocagne, ASTI Dr\u00f4me-Ard\u00e8che, le Jardin&rsquo;en Vie, Association Le Mat, Compost et Territoire, Roulons en Ville \u00e0 V\u00e9lo<\/a><br \/>\nDimanche 20 ao\u00fbt : <a href=\"http:\/\/www.altercampagne.net\/?page_id=172&amp;route=155\">Valence &#8211; 0km &#8211; <\/a><a href=\"http:\/\/www.altercampagne.net\/?page_id=172&amp;route=153\">Graine de Cocagne Valence<\/a><\/p>\n<p><strong>Sur l\u2019\u00c9chapp\u00e9e Belle G\u00e9rone &#8211; Armissan (vers Narbonne) :<\/strong><\/p>\n<p>Jeudi 13 juillet : <a href=\"http:\/\/www.altercampagne.net\/?page_id=4917&amp;route=156\">Accueil des participant-e-s \u00e0 G\u00e9rone,<\/a> (=&gt;<a href=\"http:\/\/www.altercampagne.net\/?p=7621\">AlterArticle<\/a>)<br \/>\nVendredi 14 juillet : <a href=\"http:\/\/www.altercampagne.net\/?page_id=4917&amp;route=157\">Journ\u00e9e \u00e0 G\u00e9rone, rencontre avec Plataforma de Afectados por la Hipoteca Giron\u00e8s, Plataforma Resposta al MidcAT et Massa critica Girona<\/a><br \/>\nSamedi 15 juillet : <a href=\"http:\/\/www.altercampagne.net\/?page_id=4917&amp;route=158\">G\u00e9rone &#8211; Pujarnol &#8211; 30 km &#8211; Som Comunitat<\/a><br \/>\nDimanche 16 juillet : <a href=\"http:\/\/www.altercampagne.net\/?page_id=4917&amp;route=159\">Pujarnol &#8211; Argelaguer &#8211; 26 km &#8211; Argelaguer en Trancisio<\/a><br \/>\nLundi 17 juillet : <a href=\"http:\/\/www.altercampagne.net\/?page_id=4917&amp;route=160\">Argelaguer &#8211; Capmany &#8211; 54 km &#8211; El Bosquet<\/a><br \/>\nMardi 18 juillet : <a href=\"http:\/\/www.altercampagne.net\/?page_id=4917&amp;route=161\">Capmany &#8211; Cerb\u00e8re &#8211; 42 km &#8211; Can Decreix<\/a><br \/>\nMercredi 19 juillet : <a href=\"http:\/\/www.altercampagne.net\/?page_id=4917&amp;route=162\">Cerb\u00e8re &#8211; Thuir &#8211; 59 km &#8211; Jardin de LombriPaT<\/a><br \/>\nJeudi 20 juillet : <a href=\"http:\/\/www.altercampagne.net\/?page_id=4917&amp;route=163\">Thuir &#8211; Opoul Perillos &#8211; 41 km &#8211; La Belle Auriole<\/a><br \/>\nVendredi 21 juillet : <a href=\"http:\/\/www.altercampagne.net\/?page_id=4917&amp;route=164\">Opoul Perillos &#8211; Fontjoucouse &#8211; 45 km &#8211; La Cabane du Berger<\/a><br \/>\nSamedi 22 juillet : <a href=\"http:\/\/www.altercampagne.net\/?page_id=4917&amp;route=175\">Fontjoucouse &#8211; Armissan &#8211; 39 km : L&rsquo;Olivette et le Jardin de Langel et convergence avec l&rsquo;AlterTour<\/a><\/p>\n<p><strong>Sur l\u2019\u00c9chapp\u00e9e Belle Thoiras &#8211; Eurre :<\/strong><\/p>\n<p>Mardi 1er ao\u00fbt : <a href=\"http:\/\/www.altercampagne.net\/?page_id=4917&amp;route=165\">Thoiras &#8211; Salindres &#8211; 42 km : Centre socio-culturel de Salindres et Association C.H.E.V.A.L<\/a><br \/>\nMercredi 2 ao\u00fbt : <a href=\"http:\/\/www.altercampagne.net\/?page_id=4917&amp;route=166\">Journ\u00e9e de repos \u00e0 Salindres &#8211; 0 km &#8211; Association C.H.E.V.A.L<\/a><br \/>\nJeudi 3 ao\u00fbt : <a href=\"http:\/\/www.altercampagne.net\/?page_id=4917&amp;route=167\">Salindres &#8211; Pont-Saint-Esprit &#8211; 59 km &#8211; Bivouac Sauvage<\/a><br \/>\nVendredi 4 ao\u00fbt : <a href=\"http:\/\/www.altercampagne.net\/?page_id=4917&amp;route=168\">Pont-St-Esprit &#8211; Nyons &#8211; 53 km &#8211; Gite la Cigale et Terre d&rsquo;Autrefois<\/a><br \/>\nSamedi 5 ao\u00fbt : <a href=\"http:\/\/www.altercampagne.net\/?page_id=4917&amp;route=169\">Nyons &#8211; Dieulefit &#8211; 29 km &#8211; Ecoravie et Mine d&rsquo;art<\/a><br \/>\nDimanche 6 ao\u00fbt : <a href=\"http:\/\/www.altercampagne.net\/?page_id=4917&amp;route=170\">Journ\u00e9e de repos \u00e0 Dieulefit &#8211; 0 km &#8211; Ecoravie, Mine d&rsquo;art et Brasserie vielle Mule<\/a><br \/>\nLundi 7 ao\u00fbt : <a href=\"http:\/\/www.altercampagne.net\/?page_id=4917&amp;route=171\">Dieulefit &#8211; Francillon-sur-Roubillon &#8211; 31 km &#8211; Le Panicault &#8211; Ferme de Lagier<\/a><br \/>\nMardi 8 ao\u00fbt : <a href=\"http:\/\/www.altercampagne.net\/?page_id=4917&amp;route=172\">Francillon-sur-Roubillon &#8211; <span class=\"\">P<\/span><span class=\"author-a-vz73z6akqmfz89z9z76zz69zx9z65zj\">radelle<\/span> &#8211; 42 km &#8211; La Berg\u00e8re d&rsquo;Alpagas<\/a><br \/>\nMercredi 9 ao\u00fbt : <a href=\"http:\/\/www.altercampagne.net\/?page_id=4917&amp;route=173\"><span class=\"\">P<\/span><span class=\"author-a-vz73z6akqmfz89z9z76zz69zx9z65zj\">radelle<\/span> &#8211; Eurre &#8211; 54 km &#8211; L&rsquo;Oasis de Serendip<\/a><br \/>\nJeudi 10 ao\u00fbt : <a href=\"http:\/\/www.altercampagne.net\/?page_id=4917&amp;route=174\">Journ\u00e9e de repos \u00e0 Eurre &#8211; 0 km &#8211; L&rsquo;Oasis de Serendip et convergence avec l&rsquo;AlterTour<\/a><\/p>\n<p>N&rsquo;h\u00e9sitez pas \u00e0 diffuser l&rsquo;info !<\/p>\n<p>* \u00c9chapp\u00e9e Belle : Une \u00c9chapp\u00e9e Belle de l&rsquo;AlterTour est un parcours parall\u00e8le en petit groupe (maximum 25 personnes) sans v\u00e9hicule. Elles peuvent \u00eatre divergentes ou convergentes sur le parcours de l&rsquo;AlterTour. Quand elles sont convergentes, un temps est pr\u00e9vu pour que les deux groupes (AlterTour + \u00c9chapp\u00e9e Belle de l&rsquo;AlterTour) \u00e9changent sur les Alternatives rencontr\u00e9es.<\/p>\n","protected":false},"excerpt":{"rendered":"<p>L&rsquo;AlterTour 2017 partira de Toulouse le 8 juillet et se terminera \u00e0 Valence le 20 ao\u00fbt. Les Altercyclistes iront \u00e0 la rencontre des Alternatives en Occitanie Catalogne et Rh\u00f4ne-Alpes. En plus, deux parcours parall\u00e8le et sans v\u00e9hicules \u00e0 moteur : les \u00c9chapp\u00e9es Belles* de l&rsquo;AlterTour sont programm\u00e9es : &#8211; L\u2019\u00c9chapp\u00e9e &#8230; <\/p>\n<div><a href=\"https:\/\/www.altercampagne.net\/?p=6373\" class=\"more-link\">Read More<\/a><\/div>\n","protected":false},"author":214,"featured_media":0,"comment_status":"closed","ping_status":"closed","sticky":false,"template":"","format":"standard","meta":{"footnotes":""},"categories":[1],"tags":[85,252,253,520,523,524,547,549,659,660,1075,1091,1092,1668,1812,1851,1972,1982,1991,2053,2460,2658,2738,2783,2784,2785,2786,2787,2788,2789,2790,2791,2792,2793,2794,2795,2796,2797,2798,2799,2800,2802,2803,2805,2806,2807,2808,2809,2810,2811,2813,2814,2815,2816,2817,2855,2856,2857,2858,2859,2860,2861,2863,2864,2865,2866,2867,2869,2870,2925,2926,2927,2928,2929,2930,2931,2932,2933,2934,2935,2936,2937,2942,2969,2970,2971,2972,2973,2974,2975,2976,2977,2978,2979,2980,2981,2982,2983,2984,2985,2986,2987,2988,2989,2991,2992,2993,2994,2995,2996,2997,2998,2999,3000,3001,3030,3038,3074,3094,3095,3096,3097,3098,3099,3100,3101,3140,3181,3182,3213,3298,3299,3300],"class_list":["post-6373","post","type-post","status-publish","format-standard","hentry","category-non-classe","tag-haute-garonne","tag-reliez-les-alternatives-a-velo","tag-autre-tour-de-france","tag-parcours","tag-aude","tag-pyrenees-orientales","tag-tour-cyclo-militant","tag-ecotopia-biketour","tag-anti-tour-de-france","tag-tour-de-france","tag-gard","tag-drome","tag-biovallee","tag-cyclo-militant","tag-tour-de-france-des-alternatives","tag-maison-de-leconomie-solidaire","tag-herault","tag-isere","tag-bouches-du-rhone","tag-roulons-en-ville-a-velo","tag-echappee-belle","tag-lpo","tag-ardeche","tag-altertour-2017","tag-2784","tag-occitanie","tag-catalogne","tag-velorution-toulouse","tag-latelier-ideal","tag-ferme-eco-citoyenne-de-la-bouzigue","tag-mas-coop","tag-cooperative-dhabitant-lan-01","tag-ressourcerie-recobrada","tag-nomades-land","tag-maison-non-marchande-de-puivert","tag-terra-de-lutz","tag-terre-mere","tag-nature-progres-aude","tag-assocepicee","tag-velocite-narbonne","tag-lolivette-et-jardin-de-langel","tag-eco-culture-horizon","tag-altereco-30","tag-hameau-des-buis","tag-ferme-des-enfants","tag-ardelaine","tag-au-tour-du-cycle","tag-usine-vivante","tag-commune-de-saillans","tag-saillans","tag-base-nature-vercors","tag-arche","tag-valence-atelier-libre","tag-can-decreix","tag-a-belle-auriole","tag-collectif-non-a-val-tolosa","tag-eco-village-sainte-camelle","tag-collectif-creatif-du-castellas","tag-brasserie-des-garrigues","tag-le-kayou-daujargues","tag-oasis-de-serendip","tag-zad-de-roybon","tag-parcours-2017","tag-tour-velo-ecolo","tag-tour-velo-ecologique","tag-tour-cyclomilitant","tag-cyclomilitant","tag-tour-a-velo-ecolo","tag-tour-a-velo-ecologique","tag-tour-de-france-ecolo","tag-tour-de-france-ecologique","tag-tour-de-france-agroecologie","tag-tour-de-france-transition","tag-tour-de-france-ecolieux","tag-tour-de-france-permaculture","tag-tour-de-france-ecologie","tag-tour-de-france-climat","tag-tour-de-france-bio","tag-tour-de-france-alternatives","tag-relier-les-alternatives-a-velo","tag-relions-les-alternatives-a-velo","tag-tour-de-france-micro-brasserie","tag-rezo-ecolo-libertaire","tag-lhort-del-gal","tag-limmeuble-associatif","tag-la-cimade","tag-tiers-lieu-de-limoux","tag-les-vergers-du-chalet","tag-monnaie-locale-pyrene","tag-prommata","tag-stop-mine-salau","tag-via-brachy","tag-alternatiba-toulouse","tag-scopie","tag-ferme-des-saveurs","tag-collectif-non-a-hinterland","tag-luttopia-003","tag-association-la-mine","tag-agir-association-gardoise-pour-les-interets-de-la-ruralite","tag-changement-de-cap","tag-ferme-de-la-jaubernie","tag-ferme-des-roussets","tag-batotopie","tag-communaute-de-larche","tag-som-comunitat","tag-argelaguer-en-trancisio","tag-patrice-borgogno","tag-belle-auriole","tag-association-c-h-e-v-a-l","tag-gite-la-cigale","tag-ecoravie","tag-mine-dart","tag-brasserie-vielle-mule","tag-ferme-du-panicault","tag-bergere-des-alpagas","tag-ferme-urbaine-collective-de-la-condamine","tag-alternatiba-montpellier","tag-arche-de-saint-antoine","tag-cabane-du-berger","tag-criirad","tag-ferme-des-graines-de-cocagne","tag-asti-drome-ardeche","tag-jardinen-vie","tag-association-le-mat","tag-compost-et-territoire","tag-graine-de-cocagne-valence","tag-la-mine","tag-association-le-bateleur","tag-le-bateleur","tag-agence-chapa","tag-olivette-et-jardin-de-langel","tag-non-a-hinterland","tag-ecosite-mas-des-fougeres","no-post-thumbnail"],"yoast_head":"<!-- This site is optimized with the Yoast SEO plugin v27.3 - https:\/\/yoast.com\/product\/yoast-seo-wordpress\/ -->\n<title>Mise \u00e0 jour du programme de l&#039;AlterTour 2017 - AlterTour<\/title>\n<meta name=\"robots\" content=\"index, follow, max-snippet:-1, max-image-preview:large, max-video-preview:-1\" \/>\n<link rel=\"canonical\" href=\"https:\/\/www.altercampagne.net\/?p=6373\" \/>\n<meta property=\"og:locale\" content=\"fr_FR\" \/>\n<meta property=\"og:type\" content=\"article\" \/>\n<meta property=\"og:title\" content=\"Mise \u00e0 jour du programme de l&#039;AlterTour 2017 - AlterTour\" \/>\n<meta property=\"og:description\" content=\"L&rsquo;AlterTour 2017 partira de Toulouse le 8 juillet et se terminera \u00e0 Valence le 20 ao\u00fbt. Les Altercyclistes iront \u00e0 la rencontre des Alternatives en Occitanie Catalogne et Rh\u00f4ne-Alpes. En plus, deux parcours parall\u00e8le et sans v\u00e9hicules \u00e0 moteur : les \u00c9chapp\u00e9es Belles* de l&rsquo;AlterTour sont programm\u00e9es : &#8211; L\u2019\u00c9chapp\u00e9e ... Read More\" \/>\n<meta property=\"og:url\" content=\"https:\/\/www.altercampagne.net\/?p=6373\" \/>\n<meta property=\"og:site_name\" content=\"AlterTour\" \/>\n<meta property=\"article:published_time\" content=\"2017-05-05T07:01:13+00:00\" \/>\n<meta property=\"article:modified_time\" content=\"2018-01-17T08:50:44+00:00\" \/>\n<meta property=\"og:image\" content=\"http:\/\/www.altercampagne.net\/wp-content\/uploads\/2017\/02\/2017-02-20-parcours-france2-890x1024.jpg\" \/>\n<meta name=\"author\" content=\"Mathieu\" \/>\n<meta name=\"twitter:card\" content=\"summary_large_image\" \/>\n<meta name=\"twitter:label1\" content=\"\u00c9crit par\" \/>\n\t<meta name=\"twitter:data1\" content=\"Mathieu\" \/>\n\t<meta name=\"twitter:label2\" content=\"Dur\u00e9e de lecture estim\u00e9e\" \/>\n\t<meta name=\"twitter:data2\" content=\"6 minutes\" \/>\n<script type=\"application\/ld+json\" class=\"yoast-schema-graph\">{\"@context\":\"https:\\\/\\\/schema.org\",\"@graph\":[{\"@type\":\"Article\",\"@id\":\"https:\\\/\\\/www.altercampagne.net\\\/?p=6373#article\",\"isPartOf\":{\"@id\":\"https:\\\/\\\/www.altercampagne.net\\\/?p=6373\"},\"author\":{\"name\":\"Mathieu\",\"@id\":\"https:\\\/\\\/www.altercampagne.net\\\/#\\\/schema\\\/person\\\/0f261460c09e430caa0f9bcffa319109\"},\"headline\":\"Mise \u00e0 jour du programme de l&rsquo;AlterTour 2017\",\"datePublished\":\"2017-05-05T07:01:13+00:00\",\"dateModified\":\"2018-01-17T08:50:44+00:00\",\"mainEntityOfPage\":{\"@id\":\"https:\\\/\\\/www.altercampagne.net\\\/?p=6373\"},\"wordCount\":1336,\"image\":{\"@id\":\"https:\\\/\\\/www.altercampagne.net\\\/?p=6373#primaryimage\"},\"thumbnailUrl\":\"http:\\\/\\\/www.altercampagne.net\\\/wp-content\\\/uploads\\\/2017\\\/02\\\/2017-02-20-parcours-france2-890x1024.jpg\",\"keywords\":[\"Haute-Garonne\",\"reliez les alternatives \u00e0 v\u00e9lo\",\"autre tour de France\",\"parcours\",\"Aude\",\"Pyr\u00e9n\u00e9es-Orientales\",\"tour cyclo-militant\",\"ecotopia biketour\",\"anti-Tour de France\",\"Tour de France\",\"Gard\",\"Dr\u00f4me\",\"Biovall\u00e9e\",\"cyclo-militant\",\"tour de France des Alternatives\",\"Maison de l\u2019Economie Solidaire\",\"h\u00e9rault\",\"Is\u00e8re\",\"bouches-du-rh\u00f4ne\",\"Roulons en Ville \u00e0 V\u00e9lo\",\"Echapp\u00e9e Belle\",\"LPO\",\"Ard\u00e8che\",\"AlterTour 2017\",\"2017\",\"Occitanie\",\"Catalogne\",\"V\u00e9lorution Toulouse\",\"L'atelier id\u00e9al\",\"Ferme \u00e9co-citoyenne de la Bouzigue\",\"Mas Coop\",\"Coop\u00e9rative d'habitant l'an 01\",\"Ressourcerie Recobrada\",\"Nomade's land\",\"maison non marchande de Puivert\",\"T\u00e8rra De Lutz\",\"Terre m\u00e8re\",\"Nature &amp; Progr\u00e8s Aude\",\"assoc'\u00e9pic\u00e9e\",\"V\u00e9locit\u00e9 Narbonne\",\"l'Olivette et jardin de Langel\",\"Eco Culture &amp; Horizon\",\"Alter'Eco 30\",\"hameau des buis\",\"ferme des enfants\",\"Ardelaine\",\"Au Tour du Cycle\",\"Usine Vivante\",\"Commune de Saillans\",\"Saillans\",\"Base Nature Vercors\",\"Arche\",\"Valence Atelier Libre\",\"Can Decreix\",\"a Belle Auriole\",\"Collectif NON \u00e0 Val Tolosa\",\"Eco-village Sainte Camelle\",\"Collectif Cr\u00e9atif du Castellas\",\"Brasserie des Garrigues\",\"Le Kayou d'Aujargues\",\"Oasis de Serendip\",\"zad de roybon\",\"parcours 2017\",\"tour v\u00e9lo \u00e9colo\",\"tour v\u00e9lo \u00e9cologique\",\"tour cyclomilitant\",\"cyclomilitant\",\"tour \u00e0 v\u00e9lo \u00e9colo\",\"tour \u00e0 v\u00e9lo \u00e9cologique\",\"tour de france \u00e9colo\",\"tour de france \u00e9cologique\",\"tour de france agro\u00e9cologie\",\"tour de france transition\",\"tour de france \u00e9colieux\",\"tour de france permaculture\",\"tour de france \u00e9cologie\",\"tour de france climat\",\"tour de France bio\",\"tour de France alternatives\",\"relier les alternatives \u00e0 v\u00e9lo\",\"relions les alternatives \u00e0 v\u00e9lo\",\"tour de France micro-brasserie\",\"R\u00e9zo Ecolo Libertaire\",\"L'Hort del Gal\",\"l'immeuble associatif\",\"la Cimade\",\"Tiers-lieu de Limoux\",\"les Vergers du chalet\",\"Monnaie locale Pyr\u00e8ne\",\"prommata\",\"Stop mine Salau\",\"Via Brachy\",\"Alternatiba Toulouse\",\"Scopie\",\"Ferme des Saveurs\",\"Collectif Non \u00e0 Hinterland\",\"luttopia 003\",\"Association La Mine\",\"AGIR (association gardoise pour les int\u00e9r\u00eats de la ruralit\u00e9)\",\"Changement de Cap\",\"Ferme de la Jaubernie\",\"Ferme des Roussets\",\"Batotopie\",\"Communaut\u00e9 de l'Arche\",\"Som Comunitat\",\"Argelaguer en trancisio\",\"Patrice Borgogno\",\"Belle Auriole\",\"Association C.H.E.V.A.L\",\"Gite la Cigale\",\"Ecoravie\",\"Mine d'art\",\"Brasserie vielle Mule\",\"Ferme du Panicault\",\"Berg\u00e8re des Alpagas\",\"Ferme Urbaine Collective de la Condamine\",\"Alternatiba Montpellier\",\"Arche de Saint-Antoine\",\"cabane du berger\",\"Criirad\",\"Ferme des graines de cocagne\",\"ASTI Dr\u00f4me-Ard\u00e8che\",\"Jardin'en Vie\",\"Association Le Mat\",\"Compost et Territoire\",\"Graine de Cocagne Valence\",\"La mine\",\"Association le Bateleur\",\"le Bateleur\",\"Agence Chapa\",\"Olivette et jardin de Langel\",\"Non \u00e0 Hinterland\",\"Ecosite mas des foug\u00e8res\"],\"inLanguage\":\"fr-FR\"},{\"@type\":\"WebPage\",\"@id\":\"https:\\\/\\\/www.altercampagne.net\\\/?p=6373\",\"url\":\"https:\\\/\\\/www.altercampagne.net\\\/?p=6373\",\"name\":\"Mise \u00e0 jour du programme de l'AlterTour 2017 - AlterTour\",\"isPartOf\":{\"@id\":\"https:\\\/\\\/www.altercampagne.net\\\/#website\"},\"primaryImageOfPage\":{\"@id\":\"https:\\\/\\\/www.altercampagne.net\\\/?p=6373#primaryimage\"},\"image\":{\"@id\":\"https:\\\/\\\/www.altercampagne.net\\\/?p=6373#primaryimage\"},\"thumbnailUrl\":\"http:\\\/\\\/www.altercampagne.net\\\/wp-content\\\/uploads\\\/2017\\\/02\\\/2017-02-20-parcours-france2-890x1024.jpg\",\"datePublished\":\"2017-05-05T07:01:13+00:00\",\"dateModified\":\"2018-01-17T08:50:44+00:00\",\"author\":{\"@id\":\"https:\\\/\\\/www.altercampagne.net\\\/#\\\/schema\\\/person\\\/0f261460c09e430caa0f9bcffa319109\"},\"breadcrumb\":{\"@id\":\"https:\\\/\\\/www.altercampagne.net\\\/?p=6373#breadcrumb\"},\"inLanguage\":\"fr-FR\",\"potentialAction\":[{\"@type\":\"ReadAction\",\"target\":[\"https:\\\/\\\/www.altercampagne.net\\\/?p=6373\"]}]},{\"@type\":\"ImageObject\",\"inLanguage\":\"fr-FR\",\"@id\":\"https:\\\/\\\/www.altercampagne.net\\\/?p=6373#primaryimage\",\"url\":\"https:\\\/\\\/www.altercampagne.net\\\/wp-content\\\/uploads\\\/2017\\\/02\\\/2017-02-20-parcours-france2.jpg\",\"contentUrl\":\"https:\\\/\\\/www.altercampagne.net\\\/wp-content\\\/uploads\\\/2017\\\/02\\\/2017-02-20-parcours-france2.jpg\",\"width\":2500,\"height\":2875},{\"@type\":\"BreadcrumbList\",\"@id\":\"https:\\\/\\\/www.altercampagne.net\\\/?p=6373#breadcrumb\",\"itemListElement\":[{\"@type\":\"ListItem\",\"position\":1,\"name\":\"Accueil\",\"item\":\"https:\\\/\\\/www.altercampagne.net\\\/\"},{\"@type\":\"ListItem\",\"position\":2,\"name\":\"Mise \u00e0 jour du programme de l&rsquo;AlterTour 2017\"}]},{\"@type\":\"WebSite\",\"@id\":\"https:\\\/\\\/www.altercampagne.net\\\/#website\",\"url\":\"https:\\\/\\\/www.altercampagne.net\\\/\",\"name\":\"AlterTour\",\"description\":\"Reliez les Alternatives \u00e0 v\u00e9lo\",\"potentialAction\":[{\"@type\":\"SearchAction\",\"target\":{\"@type\":\"EntryPoint\",\"urlTemplate\":\"https:\\\/\\\/www.altercampagne.net\\\/?s={search_term_string}\"},\"query-input\":{\"@type\":\"PropertyValueSpecification\",\"valueRequired\":true,\"valueName\":\"search_term_string\"}}],\"inLanguage\":\"fr-FR\"},{\"@type\":\"Person\",\"@id\":\"https:\\\/\\\/www.altercampagne.net\\\/#\\\/schema\\\/person\\\/0f261460c09e430caa0f9bcffa319109\",\"name\":\"Mathieu\",\"image\":{\"@type\":\"ImageObject\",\"inLanguage\":\"fr-FR\",\"@id\":\"https:\\\/\\\/secure.gravatar.com\\\/avatar\\\/aa9d3d24c83f2141e5e2709d0f63d09a99f6be6bb7a50abc4915838d9f54501a?s=96&d=mm&r=g\",\"url\":\"https:\\\/\\\/secure.gravatar.com\\\/avatar\\\/aa9d3d24c83f2141e5e2709d0f63d09a99f6be6bb7a50abc4915838d9f54501a?s=96&d=mm&r=g\",\"contentUrl\":\"https:\\\/\\\/secure.gravatar.com\\\/avatar\\\/aa9d3d24c83f2141e5e2709d0f63d09a99f6be6bb7a50abc4915838d9f54501a?s=96&d=mm&r=g\",\"caption\":\"Mathieu\"},\"url\":\"https:\\\/\\\/www.altercampagne.net\\\/?author=214\"}]}<\/script>\n<!-- \/ Yoast SEO plugin. -->","yoast_head_json":{"title":"Mise \u00e0 jour du programme de l'AlterTour 2017 - AlterTour","robots":{"index":"index","follow":"follow","max-snippet":"max-snippet:-1","max-image-preview":"max-image-preview:large","max-video-preview":"max-video-preview:-1"},"canonical":"https:\/\/www.altercampagne.net\/?p=6373","og_locale":"fr_FR","og_type":"article","og_title":"Mise \u00e0 jour du programme de l'AlterTour 2017 - AlterTour","og_description":"L&rsquo;AlterTour 2017 partira de Toulouse le 8 juillet et se terminera \u00e0 Valence le 20 ao\u00fbt. Les Altercyclistes iront \u00e0 la rencontre des Alternatives en Occitanie Catalogne et Rh\u00f4ne-Alpes. En plus, deux parcours parall\u00e8le et sans v\u00e9hicules \u00e0 moteur : les \u00c9chapp\u00e9es Belles* de l&rsquo;AlterTour sont programm\u00e9es : &#8211; L\u2019\u00c9chapp\u00e9e ... Read More","og_url":"https:\/\/www.altercampagne.net\/?p=6373","og_site_name":"AlterTour","article_published_time":"2017-05-05T07:01:13+00:00","article_modified_time":"2018-01-17T08:50:44+00:00","og_image":[{"url":"http:\/\/www.altercampagne.net\/wp-content\/uploads\/2017\/02\/2017-02-20-parcours-france2-890x1024.jpg","type":"","width":"","height":""}],"author":"Mathieu","twitter_card":"summary_large_image","twitter_misc":{"\u00c9crit par":"Mathieu","Dur\u00e9e de lecture estim\u00e9e":"6 minutes"},"schema":{"@context":"https:\/\/schema.org","@graph":[{"@type":"Article","@id":"https:\/\/www.altercampagne.net\/?p=6373#article","isPartOf":{"@id":"https:\/\/www.altercampagne.net\/?p=6373"},"author":{"name":"Mathieu","@id":"https:\/\/www.altercampagne.net\/#\/schema\/person\/0f261460c09e430caa0f9bcffa319109"},"headline":"Mise \u00e0 jour du programme de l&rsquo;AlterTour 2017","datePublished":"2017-05-05T07:01:13+00:00","dateModified":"2018-01-17T08:50:44+00:00","mainEntityOfPage":{"@id":"https:\/\/www.altercampagne.net\/?p=6373"},"wordCount":1336,"image":{"@id":"https:\/\/www.altercampagne.net\/?p=6373#primaryimage"},"thumbnailUrl":"http:\/\/www.altercampagne.net\/wp-content\/uploads\/2017\/02\/2017-02-20-parcours-france2-890x1024.jpg","keywords":["Haute-Garonne","reliez les alternatives \u00e0 v\u00e9lo","autre tour de France","parcours","Aude","Pyr\u00e9n\u00e9es-Orientales","tour cyclo-militant","ecotopia biketour","anti-Tour de France","Tour de France","Gard","Dr\u00f4me","Biovall\u00e9e","cyclo-militant","tour de France des Alternatives","Maison de l\u2019Economie Solidaire","h\u00e9rault","Is\u00e8re","bouches-du-rh\u00f4ne","Roulons en Ville \u00e0 V\u00e9lo","Echapp\u00e9e Belle","LPO","Ard\u00e8che","AlterTour 2017","2017","Occitanie","Catalogne","V\u00e9lorution Toulouse","L'atelier id\u00e9al","Ferme \u00e9co-citoyenne de la Bouzigue","Mas Coop","Coop\u00e9rative d'habitant l'an 01","Ressourcerie Recobrada","Nomade's land","maison non marchande de Puivert","T\u00e8rra De Lutz","Terre m\u00e8re","Nature &amp; Progr\u00e8s Aude","assoc'\u00e9pic\u00e9e","V\u00e9locit\u00e9 Narbonne","l'Olivette et jardin de Langel","Eco Culture &amp; Horizon","Alter'Eco 30","hameau des buis","ferme des enfants","Ardelaine","Au Tour du Cycle","Usine Vivante","Commune de Saillans","Saillans","Base Nature Vercors","Arche","Valence Atelier Libre","Can Decreix","a Belle Auriole","Collectif NON \u00e0 Val Tolosa","Eco-village Sainte Camelle","Collectif Cr\u00e9atif du Castellas","Brasserie des Garrigues","Le Kayou d'Aujargues","Oasis de Serendip","zad de roybon","parcours 2017","tour v\u00e9lo \u00e9colo","tour v\u00e9lo \u00e9cologique","tour cyclomilitant","cyclomilitant","tour \u00e0 v\u00e9lo \u00e9colo","tour \u00e0 v\u00e9lo \u00e9cologique","tour de france \u00e9colo","tour de france \u00e9cologique","tour de france agro\u00e9cologie","tour de france transition","tour de france \u00e9colieux","tour de france permaculture","tour de france \u00e9cologie","tour de france climat","tour de France bio","tour de France alternatives","relier les alternatives \u00e0 v\u00e9lo","relions les alternatives \u00e0 v\u00e9lo","tour de France micro-brasserie","R\u00e9zo Ecolo Libertaire","L'Hort del Gal","l'immeuble associatif","la Cimade","Tiers-lieu de Limoux","les Vergers du chalet","Monnaie locale Pyr\u00e8ne","prommata","Stop mine Salau","Via Brachy","Alternatiba Toulouse","Scopie","Ferme des Saveurs","Collectif Non \u00e0 Hinterland","luttopia 003","Association La Mine","AGIR (association gardoise pour les int\u00e9r\u00eats de la ruralit\u00e9)","Changement de Cap","Ferme de la Jaubernie","Ferme des Roussets","Batotopie","Communaut\u00e9 de l'Arche","Som Comunitat","Argelaguer en trancisio","Patrice Borgogno","Belle Auriole","Association C.H.E.V.A.L","Gite la Cigale","Ecoravie","Mine d'art","Brasserie vielle Mule","Ferme du Panicault","Berg\u00e8re des Alpagas","Ferme Urbaine Collective de la Condamine","Alternatiba Montpellier","Arche de Saint-Antoine","cabane du berger","Criirad","Ferme des graines de cocagne","ASTI Dr\u00f4me-Ard\u00e8che","Jardin'en Vie","Association Le Mat","Compost et Territoire","Graine de Cocagne Valence","La mine","Association le Bateleur","le Bateleur","Agence Chapa","Olivette et jardin de Langel","Non \u00e0 Hinterland","Ecosite mas des foug\u00e8res"],"inLanguage":"fr-FR"},{"@type":"WebPage","@id":"https:\/\/www.altercampagne.net\/?p=6373","url":"https:\/\/www.altercampagne.net\/?p=6373","name":"Mise \u00e0 jour du programme de l'AlterTour 2017 - AlterTour","isPartOf":{"@id":"https:\/\/www.altercampagne.net\/#website"},"primaryImageOfPage":{"@id":"https:\/\/www.altercampagne.net\/?p=6373#primaryimage"},"image":{"@id":"https:\/\/www.altercampagne.net\/?p=6373#primaryimage"},"thumbnailUrl":"http:\/\/www.altercampagne.net\/wp-content\/uploads\/2017\/02\/2017-02-20-parcours-france2-890x1024.jpg","datePublished":"2017-05-05T07:01:13+00:00","dateModified":"2018-01-17T08:50:44+00:00","author":{"@id":"https:\/\/www.altercampagne.net\/#\/schema\/person\/0f261460c09e430caa0f9bcffa319109"},"breadcrumb":{"@id":"https:\/\/www.altercampagne.net\/?p=6373#breadcrumb"},"inLanguage":"fr-FR","potentialAction":[{"@type":"ReadAction","target":["https:\/\/www.altercampagne.net\/?p=6373"]}]},{"@type":"ImageObject","inLanguage":"fr-FR","@id":"https:\/\/www.altercampagne.net\/?p=6373#primaryimage","url":"https:\/\/www.altercampagne.net\/wp-content\/uploads\/2017\/02\/2017-02-20-parcours-france2.jpg","contentUrl":"https:\/\/www.altercampagne.net\/wp-content\/uploads\/2017\/02\/2017-02-20-parcours-france2.jpg","width":2500,"height":2875},{"@type":"BreadcrumbList","@id":"https:\/\/www.altercampagne.net\/?p=6373#breadcrumb","itemListElement":[{"@type":"ListItem","position":1,"name":"Accueil","item":"https:\/\/www.altercampagne.net\/"},{"@type":"ListItem","position":2,"name":"Mise \u00e0 jour du programme de l&rsquo;AlterTour 2017"}]},{"@type":"WebSite","@id":"https:\/\/www.altercampagne.net\/#website","url":"https:\/\/www.altercampagne.net\/","name":"AlterTour","description":"Reliez les Alternatives \u00e0 v\u00e9lo","potentialAction":[{"@type":"SearchAction","target":{"@type":"EntryPoint","urlTemplate":"https:\/\/www.altercampagne.net\/?s={search_term_string}"},"query-input":{"@type":"PropertyValueSpecification","valueRequired":true,"valueName":"search_term_string"}}],"inLanguage":"fr-FR"},{"@type":"Person","@id":"https:\/\/www.altercampagne.net\/#\/schema\/person\/0f261460c09e430caa0f9bcffa319109","name":"Mathieu","image":{"@type":"ImageObject","inLanguage":"fr-FR","@id":"https:\/\/secure.gravatar.com\/avatar\/aa9d3d24c83f2141e5e2709d0f63d09a99f6be6bb7a50abc4915838d9f54501a?s=96&d=mm&r=g","url":"https:\/\/secure.gravatar.com\/avatar\/aa9d3d24c83f2141e5e2709d0f63d09a99f6be6bb7a50abc4915838d9f54501a?s=96&d=mm&r=g","contentUrl":"https:\/\/secure.gravatar.com\/avatar\/aa9d3d24c83f2141e5e2709d0f63d09a99f6be6bb7a50abc4915838d9f54501a?s=96&d=mm&r=g","caption":"Mathieu"},"url":"https:\/\/www.altercampagne.net\/?author=214"}]}},"_links":{"self":[{"href":"https:\/\/www.altercampagne.net\/index.php?rest_route=\/wp\/v2\/posts\/6373","targetHints":{"allow":["GET"]}}],"collection":[{"href":"https:\/\/www.altercampagne.net\/index.php?rest_route=\/wp\/v2\/posts"}],"about":[{"href":"https:\/\/www.altercampagne.net\/index.php?rest_route=\/wp\/v2\/types\/post"}],"author":[{"embeddable":true,"href":"https:\/\/www.altercampagne.net\/index.php?rest_route=\/wp\/v2\/users\/214"}],"replies":[{"embeddable":true,"href":"https:\/\/www.altercampagne.net\/index.php?rest_route=%2Fwp%2Fv2%2Fcomments&post=6373"}],"version-history":[{"count":0,"href":"https:\/\/www.altercampagne.net\/index.php?rest_route=\/wp\/v2\/posts\/6373\/revisions"}],"wp:attachment":[{"href":"https:\/\/www.altercampagne.net\/index.php?rest_route=%2Fwp%2Fv2%2Fmedia&parent=6373"}],"wp:term":[{"taxonomy":"category","embeddable":true,"href":"https:\/\/www.altercampagne.net\/index.php?rest_route=%2Fwp%2Fv2%2Fcategories&post=6373"},{"taxonomy":"post_tag","embeddable":true,"href":"https:\/\/www.altercampagne.net\/index.php?rest_route=%2Fwp%2Fv2%2Ftags&post=6373"}],"curies":[{"name":"wp","href":"https:\/\/api.w.org\/{rel}","templated":true}]}}