{"id":639,"date":"2014-08-10T20:15:42","date_gmt":"2014-08-10T18:15:42","guid":{"rendered":"http:\/\/www.altercampagne.net\/?p=639"},"modified":"2019-09-16T11:11:21","modified_gmt":"2019-09-16T09:11:21","slug":"depart-de-poitiers-pour-les-jardins-de-verrines-a-vasles","status":"publish","type":"post","link":"https:\/\/www.altercampagne.net\/?p=639","title":{"rendered":"D\u00e9part de Poitiers pour les Jardins de Verrines \u00e0 Vasles"},"content":{"rendered":"<p class=\"Style271 Style138 Style152\" align=\"justify\">Le r\u00e9veil :<\/p>\n<p class=\"Style271 Style138 Style152\" align=\"justify\">Un r\u00e9veil en chanson avec \u00ab motiv\u00e9s, motiv\u00e9s, vous \u00eates motiv\u00e9s ! \u00bb (chanson peut \u00eatre d\u00e9j\u00e0 sur le site, \u00e7a vaut le coup). Le soleil est l\u00e0 !<\/p>\n<p class=\"Style271 Style138 Style152\" align=\"justify\">Les enfants toujours actifs sont l\u00e0, participatifs. Au d\u00e9montage des douches on les entend dire \u00e0 C\u00e9line : \u00ab on peut t\u2019aider sinon, si on fait rien, on s\u2019ennuie&#8230;\u00bb On les voit en premi\u00e8re place au moment du d\u00e9briefing, au taqu\u00e9 !<\/p>\n<p class=\"Style271 Style138 Style152\" align=\"justify\">Beno\u00eet traduit l\u2019anglais de Romain \u00e0 sa fa\u00e7on. Il nous pr\u00e9sente sa douche avec entonnoir, sa pince \u00e0 cintre et son cubitainer de gros rouge avec un tube de transfusion\u2026 et ses palettes.<\/p>\n<p class=\"Style271 Style138 Style152\" align=\"justify\">C\u2019est le moment de l\u2019alterport : departures et arrivals en pagaille ! Ascenseur \u00e9motionnel !<\/p>\n<p class=\"Style271 Style138 Style152\" align=\"justify\">A v\u00e9lo :<\/p>\n<p class=\"Style271 Style138 Style152\" align=\"justify\">Poitiers c\u2019est pentu et apr\u00e8s c\u2019est ventu ! Qu\u2019est-ce qui est le mieux ?<\/p>\n<p class=\"Style271 Style138 Style152\" align=\"justify\">On croise les cyclistes du dimanche d\u00e9cor\u00e9s par la pub\u2026 Contraste ind\u00e9niable avec nos t-shirt \u00ab Pour une plan\u00e8te non dop\u00e9e \u00bb !<\/p>\n<p class=\"Style271 Style138 Style152\" align=\"justify\">Le midi :<\/p>\n<p class=\"Style271 Style138 Style152\" align=\"justify\">L\u00e9gumes frais ! \u00c7a fait du bien \u2026 Le p\u00e2t\u00e9 maison\u2026 mmm\u2026 La piperade est fort bienvenue.<\/p>\n<p class=\"Style271 Style138 Style152\" align=\"justify\">Les ateliers, la douche et la sieste de l\u2019apr\u00e8s midi :<\/p>\n<p class=\"Style271 Style138 Style152\" align=\"justify\">Merci \u00e0 G\u00e9rard pour sa douche pour 70 personnes dans la cuisine au milieu des haricots verts en train de se faire.<\/p>\n<p class=\"Style271 Style138 Style152\" align=\"justify\">Agenda 21 \u0153uvre dans le village de Vasles en transition. Un projet de lotissement \u00e9cologique, un hypobus (bus de ramassage scolaire), incroyables comestibles, parc enfants avec marre p\u00e9dagogique, machine \u00e0 laver \u00e0 p\u00e9dale, skateparc couvert, mouton village, maison m\u00e9dicale, une \u00e9cole de musique, regroupement d\u2019artisans avec ressourcerie d\u2019outils, les commer\u00e7ants reprennent leur activit\u00e9 ( ouverture d\u2019un bar et d\u2019une boucherie) et tout \u00e7a pour 1700 habitants !<\/p>\n<p class=\"Style271 Style138 Style152\" align=\"justify\">G\u00e9rard nous pr\u00e9sente la construction d\u2019une ruche respectueuse de la vie des abeilles et nous fait faire le tour de la propri\u00e9t\u00e9. Sa devise : don, gratuit\u00e9, solidarit\u00e9, essaimage ! C\u2019est un grand bricoleur, un ex ouvrier de chez Dassault dans la fabrication de prototype d\u2019avions. Apr\u00e8s un cheminement il en vient \u00e0 tout partager. Il fabrique des lampes qui devraient durer une centaine d\u2019ann\u00e9e, des \u00e9oliennes, des ruches Warr\u00e9. Ce qu\u2019il veut, c\u2019est essaimer !! Un monsieur plein de vie ! Il a besoin de renfort, alors, n\u2019h\u00e9sitez pas \u00e0 vous int\u00e9resser aux Jardins de verrines !<\/p>\n<p class=\"Style271 Style138 Style152\" align=\"justify\">Il a aussi le pommier originel qui vient du Kazakhstan \u00ab siversi \u00bb qui va monter \u00e0 40 m\u00e8tres et qui a \u00e9t\u00e9 s\u00e9lectionn\u00e9 par les ours v\u00e9g\u00e9tariens ! voir votre moteur de recherche pr\u00e9f\u00e9r\u00e9 !<\/p>\n<p class=\"Style271 Style138 Style152\" align=\"justify\">On n\u2019a pas tout racont\u00e9 et la journ\u00e9e n\u2019est pas finie !!<\/p>\n<p class=\"Style271 Style138 Style152\" align=\"justify\">Bisous des Havraises de CHOC !<\/p>\n","protected":false},"excerpt":{"rendered":"<p>Le r\u00e9veil : Un r\u00e9veil en chanson avec \u00ab motiv\u00e9s, motiv\u00e9s, vous \u00eates motiv\u00e9s ! \u00bb (chanson peut \u00eatre d\u00e9j\u00e0 sur le site, \u00e7a vaut le coup). Le soleil est l\u00e0 ! Les enfants toujours actifs sont l\u00e0, participatifs. Au d\u00e9montage des douches on les entend dire \u00e0 C\u00e9line : &#8230; <\/p>\n<div><a href=\"https:\/\/www.altercampagne.net\/?p=639\" class=\"more-link\">Read More<\/a><\/div>\n","protected":false},"author":214,"featured_media":15668,"comment_status":"closed","ping_status":"closed","sticky":false,"template":"","format":"standard","meta":{"footnotes":""},"categories":[3479,3461],"tags":[40,73,97,112,113,114,115,319,581,1643],"class_list":["post-639","post","type-post","status-publish","format-standard","has-post-thumbnail","hentry","category-nouvelle-aquitaine","category-edition-2014","tag-gratuite","tag-transition","tag-agenda-21","tag-poitiers","tag-vasles-en-transition","tag-jardins-de-verrines","tag-abeilles","tag-altertour-2014","tag-poitou-charentes","tag-vienne"],"yoast_head":"<!-- This site is optimized with the Yoast SEO plugin v27.3 - https:\/\/yoast.com\/product\/yoast-seo-wordpress\/ -->\n<title>D\u00e9part de Poitiers pour les Jardins de Verrines \u00e0 Vasles - AlterTour<\/title>\n<meta name=\"robots\" content=\"index, follow, max-snippet:-1, max-image-preview:large, max-video-preview:-1\" \/>\n<link rel=\"canonical\" href=\"https:\/\/www.altercampagne.net\/?p=639\" \/>\n<meta property=\"og:locale\" content=\"fr_FR\" \/>\n<meta property=\"og:type\" content=\"article\" \/>\n<meta property=\"og:title\" content=\"D\u00e9part de Poitiers pour les Jardins de Verrines \u00e0 Vasles - AlterTour\" \/>\n<meta property=\"og:description\" content=\"Le r\u00e9veil : Un r\u00e9veil en chanson avec \u00ab motiv\u00e9s, motiv\u00e9s, vous \u00eates motiv\u00e9s ! \u00bb (chanson peut \u00eatre d\u00e9j\u00e0 sur le site, \u00e7a vaut le coup). Le soleil est l\u00e0 ! Les enfants toujours actifs sont l\u00e0, participatifs. Au d\u00e9montage des douches on les entend dire \u00e0 C\u00e9line : ... Read More\" \/>\n<meta property=\"og:url\" content=\"https:\/\/www.altercampagne.net\/?p=639\" \/>\n<meta property=\"og:site_name\" content=\"AlterTour\" \/>\n<meta property=\"article:published_time\" content=\"2014-08-10T18:15:42+00:00\" \/>\n<meta property=\"article:modified_time\" content=\"2019-09-16T09:11:21+00:00\" \/>\n<meta property=\"og:image\" content=\"https:\/\/www.altercampagne.net\/wp-content\/uploads\/2014\/08\/Poitiers1.jpg\" \/>\n\t<meta property=\"og:image:width\" content=\"828\" \/>\n\t<meta property=\"og:image:height\" content=\"435\" \/>\n\t<meta property=\"og:image:type\" content=\"image\/jpeg\" \/>\n<meta name=\"author\" content=\"Mathieu\" \/>\n<meta name=\"twitter:card\" content=\"summary_large_image\" \/>\n<meta name=\"twitter:label1\" content=\"\u00c9crit par\" \/>\n\t<meta name=\"twitter:data1\" content=\"Mathieu\" \/>\n\t<meta name=\"twitter:label2\" content=\"Dur\u00e9e de lecture estim\u00e9e\" \/>\n\t<meta name=\"twitter:data2\" content=\"2 minutes\" \/>\n<script type=\"application\/ld+json\" class=\"yoast-schema-graph\">{\"@context\":\"https:\\\/\\\/schema.org\",\"@graph\":[{\"@type\":\"Article\",\"@id\":\"https:\\\/\\\/www.altercampagne.net\\\/?p=639#article\",\"isPartOf\":{\"@id\":\"https:\\\/\\\/www.altercampagne.net\\\/?p=639\"},\"author\":{\"name\":\"Mathieu\",\"@id\":\"https:\\\/\\\/www.altercampagne.net\\\/#\\\/schema\\\/person\\\/0f261460c09e430caa0f9bcffa319109\"},\"headline\":\"D\u00e9part de Poitiers pour les Jardins de Verrines \u00e0 Vasles\",\"datePublished\":\"2014-08-10T18:15:42+00:00\",\"dateModified\":\"2019-09-16T09:11:21+00:00\",\"mainEntityOfPage\":{\"@id\":\"https:\\\/\\\/www.altercampagne.net\\\/?p=639\"},\"wordCount\":461,\"image\":{\"@id\":\"https:\\\/\\\/www.altercampagne.net\\\/?p=639#primaryimage\"},\"thumbnailUrl\":\"https:\\\/\\\/www.altercampagne.net\\\/wp-content\\\/uploads\\\/2014\\\/08\\\/Poitiers1.jpg\",\"keywords\":[\"gratuit\u00e9\",\"Transition\",\"AGENDA 21\",\"Poitiers\",\"Vasles en transition\",\"Jardins de verrines\",\"abeilles\",\"altertour 2014\",\"Poitou-Charentes\",\"Vienne\"],\"articleSection\":[\"Nouvelle-Aquitaine\",\"\u00c9dition 2014\"],\"inLanguage\":\"fr-FR\"},{\"@type\":\"WebPage\",\"@id\":\"https:\\\/\\\/www.altercampagne.net\\\/?p=639\",\"url\":\"https:\\\/\\\/www.altercampagne.net\\\/?p=639\",\"name\":\"D\u00e9part de Poitiers pour les Jardins de Verrines \u00e0 Vasles - AlterTour\",\"isPartOf\":{\"@id\":\"https:\\\/\\\/www.altercampagne.net\\\/#website\"},\"primaryImageOfPage\":{\"@id\":\"https:\\\/\\\/www.altercampagne.net\\\/?p=639#primaryimage\"},\"image\":{\"@id\":\"https:\\\/\\\/www.altercampagne.net\\\/?p=639#primaryimage\"},\"thumbnailUrl\":\"https:\\\/\\\/www.altercampagne.net\\\/wp-content\\\/uploads\\\/2014\\\/08\\\/Poitiers1.jpg\",\"datePublished\":\"2014-08-10T18:15:42+00:00\",\"dateModified\":\"2019-09-16T09:11:21+00:00\",\"author\":{\"@id\":\"https:\\\/\\\/www.altercampagne.net\\\/#\\\/schema\\\/person\\\/0f261460c09e430caa0f9bcffa319109\"},\"breadcrumb\":{\"@id\":\"https:\\\/\\\/www.altercampagne.net\\\/?p=639#breadcrumb\"},\"inLanguage\":\"fr-FR\",\"potentialAction\":[{\"@type\":\"ReadAction\",\"target\":[\"https:\\\/\\\/www.altercampagne.net\\\/?p=639\"]}]},{\"@type\":\"ImageObject\",\"inLanguage\":\"fr-FR\",\"@id\":\"https:\\\/\\\/www.altercampagne.net\\\/?p=639#primaryimage\",\"url\":\"https:\\\/\\\/www.altercampagne.net\\\/wp-content\\\/uploads\\\/2014\\\/08\\\/Poitiers1.jpg\",\"contentUrl\":\"https:\\\/\\\/www.altercampagne.net\\\/wp-content\\\/uploads\\\/2014\\\/08\\\/Poitiers1.jpg\",\"width\":828,\"height\":435},{\"@type\":\"BreadcrumbList\",\"@id\":\"https:\\\/\\\/www.altercampagne.net\\\/?p=639#breadcrumb\",\"itemListElement\":[{\"@type\":\"ListItem\",\"position\":1,\"name\":\"Accueil\",\"item\":\"https:\\\/\\\/www.altercampagne.net\\\/\"},{\"@type\":\"ListItem\",\"position\":2,\"name\":\"D\u00e9part de Poitiers pour les Jardins de Verrines \u00e0 Vasles\"}]},{\"@type\":\"WebSite\",\"@id\":\"https:\\\/\\\/www.altercampagne.net\\\/#website\",\"url\":\"https:\\\/\\\/www.altercampagne.net\\\/\",\"name\":\"AlterTour\",\"description\":\"Reliez les Alternatives \u00e0 v\u00e9lo\",\"potentialAction\":[{\"@type\":\"SearchAction\",\"target\":{\"@type\":\"EntryPoint\",\"urlTemplate\":\"https:\\\/\\\/www.altercampagne.net\\\/?s={search_term_string}\"},\"query-input\":{\"@type\":\"PropertyValueSpecification\",\"valueRequired\":true,\"valueName\":\"search_term_string\"}}],\"inLanguage\":\"fr-FR\"},{\"@type\":\"Person\",\"@id\":\"https:\\\/\\\/www.altercampagne.net\\\/#\\\/schema\\\/person\\\/0f261460c09e430caa0f9bcffa319109\",\"name\":\"Mathieu\",\"image\":{\"@type\":\"ImageObject\",\"inLanguage\":\"fr-FR\",\"@id\":\"https:\\\/\\\/secure.gravatar.com\\\/avatar\\\/aa9d3d24c83f2141e5e2709d0f63d09a99f6be6bb7a50abc4915838d9f54501a?s=96&d=mm&r=g\",\"url\":\"https:\\\/\\\/secure.gravatar.com\\\/avatar\\\/aa9d3d24c83f2141e5e2709d0f63d09a99f6be6bb7a50abc4915838d9f54501a?s=96&d=mm&r=g\",\"contentUrl\":\"https:\\\/\\\/secure.gravatar.com\\\/avatar\\\/aa9d3d24c83f2141e5e2709d0f63d09a99f6be6bb7a50abc4915838d9f54501a?s=96&d=mm&r=g\",\"caption\":\"Mathieu\"},\"url\":\"https:\\\/\\\/www.altercampagne.net\\\/?author=214\"}]}<\/script>\n<!-- \/ Yoast SEO plugin. -->","yoast_head_json":{"title":"D\u00e9part de Poitiers pour les Jardins de Verrines \u00e0 Vasles - AlterTour","robots":{"index":"index","follow":"follow","max-snippet":"max-snippet:-1","max-image-preview":"max-image-preview:large","max-video-preview":"max-video-preview:-1"},"canonical":"https:\/\/www.altercampagne.net\/?p=639","og_locale":"fr_FR","og_type":"article","og_title":"D\u00e9part de Poitiers pour les Jardins de Verrines \u00e0 Vasles - AlterTour","og_description":"Le r\u00e9veil : Un r\u00e9veil en chanson avec \u00ab motiv\u00e9s, motiv\u00e9s, vous \u00eates motiv\u00e9s ! \u00bb (chanson peut \u00eatre d\u00e9j\u00e0 sur le site, \u00e7a vaut le coup). Le soleil est l\u00e0 ! Les enfants toujours actifs sont l\u00e0, participatifs. Au d\u00e9montage des douches on les entend dire \u00e0 C\u00e9line : ... Read More","og_url":"https:\/\/www.altercampagne.net\/?p=639","og_site_name":"AlterTour","article_published_time":"2014-08-10T18:15:42+00:00","article_modified_time":"2019-09-16T09:11:21+00:00","og_image":[{"width":828,"height":435,"url":"https:\/\/www.altercampagne.net\/wp-content\/uploads\/2014\/08\/Poitiers1.jpg","type":"image\/jpeg"}],"author":"Mathieu","twitter_card":"summary_large_image","twitter_misc":{"\u00c9crit par":"Mathieu","Dur\u00e9e de lecture estim\u00e9e":"2 minutes"},"schema":{"@context":"https:\/\/schema.org","@graph":[{"@type":"Article","@id":"https:\/\/www.altercampagne.net\/?p=639#article","isPartOf":{"@id":"https:\/\/www.altercampagne.net\/?p=639"},"author":{"name":"Mathieu","@id":"https:\/\/www.altercampagne.net\/#\/schema\/person\/0f261460c09e430caa0f9bcffa319109"},"headline":"D\u00e9part de Poitiers pour les Jardins de Verrines \u00e0 Vasles","datePublished":"2014-08-10T18:15:42+00:00","dateModified":"2019-09-16T09:11:21+00:00","mainEntityOfPage":{"@id":"https:\/\/www.altercampagne.net\/?p=639"},"wordCount":461,"image":{"@id":"https:\/\/www.altercampagne.net\/?p=639#primaryimage"},"thumbnailUrl":"https:\/\/www.altercampagne.net\/wp-content\/uploads\/2014\/08\/Poitiers1.jpg","keywords":["gratuit\u00e9","Transition","AGENDA 21","Poitiers","Vasles en transition","Jardins de verrines","abeilles","altertour 2014","Poitou-Charentes","Vienne"],"articleSection":["Nouvelle-Aquitaine","\u00c9dition 2014"],"inLanguage":"fr-FR"},{"@type":"WebPage","@id":"https:\/\/www.altercampagne.net\/?p=639","url":"https:\/\/www.altercampagne.net\/?p=639","name":"D\u00e9part de Poitiers pour les Jardins de Verrines \u00e0 Vasles - AlterTour","isPartOf":{"@id":"https:\/\/www.altercampagne.net\/#website"},"primaryImageOfPage":{"@id":"https:\/\/www.altercampagne.net\/?p=639#primaryimage"},"image":{"@id":"https:\/\/www.altercampagne.net\/?p=639#primaryimage"},"thumbnailUrl":"https:\/\/www.altercampagne.net\/wp-content\/uploads\/2014\/08\/Poitiers1.jpg","datePublished":"2014-08-10T18:15:42+00:00","dateModified":"2019-09-16T09:11:21+00:00","author":{"@id":"https:\/\/www.altercampagne.net\/#\/schema\/person\/0f261460c09e430caa0f9bcffa319109"},"breadcrumb":{"@id":"https:\/\/www.altercampagne.net\/?p=639#breadcrumb"},"inLanguage":"fr-FR","potentialAction":[{"@type":"ReadAction","target":["https:\/\/www.altercampagne.net\/?p=639"]}]},{"@type":"ImageObject","inLanguage":"fr-FR","@id":"https:\/\/www.altercampagne.net\/?p=639#primaryimage","url":"https:\/\/www.altercampagne.net\/wp-content\/uploads\/2014\/08\/Poitiers1.jpg","contentUrl":"https:\/\/www.altercampagne.net\/wp-content\/uploads\/2014\/08\/Poitiers1.jpg","width":828,"height":435},{"@type":"BreadcrumbList","@id":"https:\/\/www.altercampagne.net\/?p=639#breadcrumb","itemListElement":[{"@type":"ListItem","position":1,"name":"Accueil","item":"https:\/\/www.altercampagne.net\/"},{"@type":"ListItem","position":2,"name":"D\u00e9part de Poitiers pour les Jardins de Verrines \u00e0 Vasles"}]},{"@type":"WebSite","@id":"https:\/\/www.altercampagne.net\/#website","url":"https:\/\/www.altercampagne.net\/","name":"AlterTour","description":"Reliez les Alternatives \u00e0 v\u00e9lo","potentialAction":[{"@type":"SearchAction","target":{"@type":"EntryPoint","urlTemplate":"https:\/\/www.altercampagne.net\/?s={search_term_string}"},"query-input":{"@type":"PropertyValueSpecification","valueRequired":true,"valueName":"search_term_string"}}],"inLanguage":"fr-FR"},{"@type":"Person","@id":"https:\/\/www.altercampagne.net\/#\/schema\/person\/0f261460c09e430caa0f9bcffa319109","name":"Mathieu","image":{"@type":"ImageObject","inLanguage":"fr-FR","@id":"https:\/\/secure.gravatar.com\/avatar\/aa9d3d24c83f2141e5e2709d0f63d09a99f6be6bb7a50abc4915838d9f54501a?s=96&d=mm&r=g","url":"https:\/\/secure.gravatar.com\/avatar\/aa9d3d24c83f2141e5e2709d0f63d09a99f6be6bb7a50abc4915838d9f54501a?s=96&d=mm&r=g","contentUrl":"https:\/\/secure.gravatar.com\/avatar\/aa9d3d24c83f2141e5e2709d0f63d09a99f6be6bb7a50abc4915838d9f54501a?s=96&d=mm&r=g","caption":"Mathieu"},"url":"https:\/\/www.altercampagne.net\/?author=214"}]}},"_links":{"self":[{"href":"https:\/\/www.altercampagne.net\/index.php?rest_route=\/wp\/v2\/posts\/639","targetHints":{"allow":["GET"]}}],"collection":[{"href":"https:\/\/www.altercampagne.net\/index.php?rest_route=\/wp\/v2\/posts"}],"about":[{"href":"https:\/\/www.altercampagne.net\/index.php?rest_route=\/wp\/v2\/types\/post"}],"author":[{"embeddable":true,"href":"https:\/\/www.altercampagne.net\/index.php?rest_route=\/wp\/v2\/users\/214"}],"replies":[{"embeddable":true,"href":"https:\/\/www.altercampagne.net\/index.php?rest_route=%2Fwp%2Fv2%2Fcomments&post=639"}],"version-history":[{"count":0,"href":"https:\/\/www.altercampagne.net\/index.php?rest_route=\/wp\/v2\/posts\/639\/revisions"}],"wp:featuredmedia":[{"embeddable":true,"href":"https:\/\/www.altercampagne.net\/index.php?rest_route=\/wp\/v2\/media\/15668"}],"wp:attachment":[{"href":"https:\/\/www.altercampagne.net\/index.php?rest_route=%2Fwp%2Fv2%2Fmedia&parent=639"}],"wp:term":[{"taxonomy":"category","embeddable":true,"href":"https:\/\/www.altercampagne.net\/index.php?rest_route=%2Fwp%2Fv2%2Fcategories&post=639"},{"taxonomy":"post_tag","embeddable":true,"href":"https:\/\/www.altercampagne.net\/index.php?rest_route=%2Fwp%2Fv2%2Ftags&post=639"}],"curies":[{"name":"wp","href":"https:\/\/api.w.org\/{rel}","templated":true}]}}