{"id":6406,"date":"2017-01-14T15:23:36","date_gmt":"2017-01-14T14:23:36","guid":{"rendered":"http:\/\/www.altercampagne.net\/?p=6406"},"modified":"2020-02-24T14:58:41","modified_gmt":"2020-02-24T13:58:41","slug":"numero-de-silence-de-fevrier-travailler-moins-et-si-on-essayait%e2%80%89","status":"publish","type":"post","link":"https:\/\/www.altercampagne.net\/?p=6406","title":{"rendered":"Num\u00e9ro de Silence de f\u00e9vrier : Travailler moins, et si on essayait\u2009?"},"content":{"rendered":"<p><a href=\"http:\/\/www.altercampagne.net\/wp-content\/uploads\/2017\/01\/453BD.jpg\"><img loading=\"lazy\" decoding=\"async\" class=\" size-full wp-image-6407 alignright\" src=\"http:\/\/www.altercampagne.net\/wp-content\/uploads\/2017\/01\/453BD.jpg\" alt=\"453BD\" width=\"595\" height=\"842\" srcset=\"https:\/\/www.altercampagne.net\/wp-content\/uploads\/2017\/01\/453BD.jpg 595w, https:\/\/www.altercampagne.net\/wp-content\/uploads\/2017\/01\/453BD-212x300.jpg 212w\" sizes=\"auto, (max-width: 595px) 100vw, 595px\" \/><\/a><strong>Un dossier :<br \/>\n<\/strong><\/p>\n<p><span style=\"text-decoration: underline;\">Inventerre, une entreprise en b\u00e2timent pas comme les autres<\/span><br \/>\nSitu\u00e9e en Haute-Garonne, cette soci\u00e9t\u00e9 coop\u00e9rative et participative (SCOP) de huit personnes organise le temps de travail en fonction des besoins collectifs de l\u2019activit\u00e9 mais aussi des besoins individuels.<\/p>\n<p><span style=\"text-decoration: underline;\">La r\u00e9duction du temps de travail n\u2019est pas un long fleuve tranquille<\/span><br \/>\nAlors que les gains de productivit\u00e9 et le ch\u00f4mage de masse qu\u2019ils engendrent appellent \u00e0 aller plus loin dans le partage et la r\u00e9duction du temps de travail, le d\u00e9bat sur la question p\u00e2tit des contrev\u00e9rit\u00e9s largement r\u00e9pandues sur les 35 heures.<\/p>\n<p><span style=\"text-decoration: underline;\">Les 32 heures, c\u2019est possible, et \u00e7a se fait m\u00eame d\u00e9j\u00e0<\/span><br \/>\nLes 32 heures, notamment sous la forme d\u2019une semaine de quatre jours, peuvent appara\u00eetre comme une innovation sociale allant plus loin que les 35 heures, pourtant largement remises en question. En r\u00e9alit\u00e9, elles ont d\u00e9j\u00e0 fait l\u2019objet d\u2019une loi par le pass\u00e9, et de grandes entreprises les ont adopt\u00e9es.<\/p>\n<p><span style=\"text-decoration: underline;\">Ailleurs en Europe<\/span><br \/>\nUn petit tour chez nos voisins europ\u00e9ens tord le cou aux id\u00e9es re\u00e7ues et montre que la r\u00e9duction du temps de travail est plus que jamais d\u2019actualit\u00e9.<\/p>\n<p><strong>Des articles<\/strong><\/p>\n<p>L&rsquo;Europe du nord lance des voies cyclables rapides interurbaines<br \/>\nLa construction en terre entrav\u00e9e par les lobbies du ciment<br \/>\nIle d&rsquo;Ol\u00e9ron : Un restaurant z\u00e9ro d\u00e9chet<br \/>\nAdama Traor\u00e9, tu\u00e9 par les gendarmes<br \/>\nLa Calebasse, quels choix technologiques pour rester autonomes ?<br \/>\nSaliou et l&rsquo;Arbre \u00e0 poule<br \/>\nEn Cr\u00eate, antimilitarisme et accueil des r\u00e9fugi\u00e9-es<br \/>\nRevenir sur nos pas,<br \/>\nZone d&rsquo;exclusion de Fukushima<\/p>\n<p><strong>Des chroniques et des br\u00e8ves<\/strong><\/p>\n<p>Bonnes nouvelles de la Terre : L\u2019\u00eele danoise de Sams\u00f8 apprend \u00e0 vivre sans p\u00e9trole<br \/>\nEn direct de nos colonies : Que cache le r\u00e9endettement du Congo-Brazzaville ?<br \/>\nNucl\u00e9aire \u00e7a boum ! La France se d\u00e9m\u00e8ne !<br \/>\nL&rsquo;\u00e9cologie, c&rsquo;est la sant\u00e9 : La chasse au Centre International de Recherche sur le Cancer est ouverte !<br \/>\nCatastrophe de Fukushima : Les voix silencieuses<br \/>\n100 dates f\u00e9ministes pour aujourd&rsquo;hui : 1791 : Tricoteuses r\u00e9volutionnaires<\/p>\n<p>Belle journ\u00e9e et bonne lecture !<\/p>\n<p>Retrouvez la Revue Silence en Biocoop et\/ou abonnez-vous directement sur leur site : <a href=\"http:\/\/www.revuesilence.net\/\" target=\"_blank\" rel=\"noopener noreferrer\">http:\/\/www.revuesilence.net\/<\/a><\/p>\n","protected":false},"excerpt":{"rendered":"<p>Un dossier : Inventerre, une entreprise en b\u00e2timent pas comme les autres Situ\u00e9e en Haute-Garonne, cette soci\u00e9t\u00e9 coop\u00e9rative et participative (SCOP) de huit personnes organise le temps de travail en fonction des besoins collectifs de l\u2019activit\u00e9 mais aussi des besoins individuels. La r\u00e9duction du temps de travail n\u2019est pas un &#8230; <\/p>\n<div><a href=\"https:\/\/www.altercampagne.net\/?p=6406\" class=\"more-link\">Read More<\/a><\/div>\n","protected":false},"author":214,"featured_media":0,"comment_status":"closed","ping_status":"closed","sticky":false,"template":"","format":"standard","meta":{"footnotes":""},"categories":[3248],"tags":[13,126,1727,2724,2818,2819],"class_list":["post-6406","post","type-post","status-publish","format-standard","hentry","category-silence","tag-revue-silence","tag-travail","tag-scop","tag-silence","tag-fevrier-2017","tag-32-heures","no-post-thumbnail"],"yoast_head":"<!-- This site is optimized with the Yoast SEO plugin v27.3 - https:\/\/yoast.com\/product\/yoast-seo-wordpress\/ -->\n<title>Num\u00e9ro de Silence de f\u00e9vrier : Travailler moins, et si on essayait\u2009? - AlterTour<\/title>\n<meta name=\"robots\" content=\"index, follow, max-snippet:-1, max-image-preview:large, max-video-preview:-1\" \/>\n<link rel=\"canonical\" href=\"https:\/\/www.altercampagne.net\/?p=6406\" \/>\n<meta property=\"og:locale\" content=\"fr_FR\" \/>\n<meta property=\"og:type\" content=\"article\" \/>\n<meta property=\"og:title\" content=\"Num\u00e9ro de Silence de f\u00e9vrier : Travailler moins, et si on essayait\u2009? - AlterTour\" \/>\n<meta property=\"og:description\" content=\"Un dossier : Inventerre, une entreprise en b\u00e2timent pas comme les autres Situ\u00e9e en Haute-Garonne, cette soci\u00e9t\u00e9 coop\u00e9rative et participative (SCOP) de huit personnes organise le temps de travail en fonction des besoins collectifs de l\u2019activit\u00e9 mais aussi des besoins individuels. La r\u00e9duction du temps de travail n\u2019est pas un ... Read More\" \/>\n<meta property=\"og:url\" content=\"https:\/\/www.altercampagne.net\/?p=6406\" \/>\n<meta property=\"og:site_name\" content=\"AlterTour\" \/>\n<meta property=\"article:published_time\" content=\"2017-01-14T14:23:36+00:00\" \/>\n<meta property=\"article:modified_time\" content=\"2020-02-24T13:58:41+00:00\" \/>\n<meta property=\"og:image\" content=\"http:\/\/www.altercampagne.net\/wp-content\/uploads\/2017\/01\/453BD.jpg\" \/>\n<meta name=\"author\" content=\"Mathieu\" \/>\n<meta name=\"twitter:card\" content=\"summary_large_image\" \/>\n<meta name=\"twitter:label1\" content=\"\u00c9crit par\" \/>\n\t<meta name=\"twitter:data1\" content=\"Mathieu\" \/>\n\t<meta name=\"twitter:label2\" content=\"Dur\u00e9e de lecture estim\u00e9e\" \/>\n\t<meta name=\"twitter:data2\" content=\"2 minutes\" \/>\n<script type=\"application\/ld+json\" class=\"yoast-schema-graph\">{\"@context\":\"https:\\\/\\\/schema.org\",\"@graph\":[{\"@type\":\"Article\",\"@id\":\"https:\\\/\\\/www.altercampagne.net\\\/?p=6406#article\",\"isPartOf\":{\"@id\":\"https:\\\/\\\/www.altercampagne.net\\\/?p=6406\"},\"author\":{\"name\":\"Mathieu\",\"@id\":\"https:\\\/\\\/www.altercampagne.net\\\/#\\\/schema\\\/person\\\/0f261460c09e430caa0f9bcffa319109\"},\"headline\":\"Num\u00e9ro de Silence de f\u00e9vrier : Travailler moins, et si on essayait\u2009?\",\"datePublished\":\"2017-01-14T14:23:36+00:00\",\"dateModified\":\"2020-02-24T13:58:41+00:00\",\"mainEntityOfPage\":{\"@id\":\"https:\\\/\\\/www.altercampagne.net\\\/?p=6406\"},\"wordCount\":392,\"image\":{\"@id\":\"https:\\\/\\\/www.altercampagne.net\\\/?p=6406#primaryimage\"},\"thumbnailUrl\":\"http:\\\/\\\/www.altercampagne.net\\\/wp-content\\\/uploads\\\/2017\\\/01\\\/453BD.jpg\",\"keywords\":[\"revue Silence\",\"travail\",\"SCOP\",\"silence\",\"f\u00e9vrier 2017\",\"32 heures\"],\"articleSection\":[\"Silence\"],\"inLanguage\":\"fr-FR\"},{\"@type\":\"WebPage\",\"@id\":\"https:\\\/\\\/www.altercampagne.net\\\/?p=6406\",\"url\":\"https:\\\/\\\/www.altercampagne.net\\\/?p=6406\",\"name\":\"Num\u00e9ro de Silence de f\u00e9vrier : Travailler moins, et si on essayait\u2009? - AlterTour\",\"isPartOf\":{\"@id\":\"https:\\\/\\\/www.altercampagne.net\\\/#website\"},\"primaryImageOfPage\":{\"@id\":\"https:\\\/\\\/www.altercampagne.net\\\/?p=6406#primaryimage\"},\"image\":{\"@id\":\"https:\\\/\\\/www.altercampagne.net\\\/?p=6406#primaryimage\"},\"thumbnailUrl\":\"http:\\\/\\\/www.altercampagne.net\\\/wp-content\\\/uploads\\\/2017\\\/01\\\/453BD.jpg\",\"datePublished\":\"2017-01-14T14:23:36+00:00\",\"dateModified\":\"2020-02-24T13:58:41+00:00\",\"author\":{\"@id\":\"https:\\\/\\\/www.altercampagne.net\\\/#\\\/schema\\\/person\\\/0f261460c09e430caa0f9bcffa319109\"},\"breadcrumb\":{\"@id\":\"https:\\\/\\\/www.altercampagne.net\\\/?p=6406#breadcrumb\"},\"inLanguage\":\"fr-FR\",\"potentialAction\":[{\"@type\":\"ReadAction\",\"target\":[\"https:\\\/\\\/www.altercampagne.net\\\/?p=6406\"]}]},{\"@type\":\"ImageObject\",\"inLanguage\":\"fr-FR\",\"@id\":\"https:\\\/\\\/www.altercampagne.net\\\/?p=6406#primaryimage\",\"url\":\"http:\\\/\\\/www.altercampagne.net\\\/wp-content\\\/uploads\\\/2017\\\/01\\\/453BD.jpg\",\"contentUrl\":\"http:\\\/\\\/www.altercampagne.net\\\/wp-content\\\/uploads\\\/2017\\\/01\\\/453BD.jpg\"},{\"@type\":\"BreadcrumbList\",\"@id\":\"https:\\\/\\\/www.altercampagne.net\\\/?p=6406#breadcrumb\",\"itemListElement\":[{\"@type\":\"ListItem\",\"position\":1,\"name\":\"Accueil\",\"item\":\"https:\\\/\\\/www.altercampagne.net\\\/\"},{\"@type\":\"ListItem\",\"position\":2,\"name\":\"Num\u00e9ro de Silence de f\u00e9vrier : Travailler moins, et si on essayait\u2009?\"}]},{\"@type\":\"WebSite\",\"@id\":\"https:\\\/\\\/www.altercampagne.net\\\/#website\",\"url\":\"https:\\\/\\\/www.altercampagne.net\\\/\",\"name\":\"AlterTour\",\"description\":\"Reliez les Alternatives \u00e0 v\u00e9lo\",\"potentialAction\":[{\"@type\":\"SearchAction\",\"target\":{\"@type\":\"EntryPoint\",\"urlTemplate\":\"https:\\\/\\\/www.altercampagne.net\\\/?s={search_term_string}\"},\"query-input\":{\"@type\":\"PropertyValueSpecification\",\"valueRequired\":true,\"valueName\":\"search_term_string\"}}],\"inLanguage\":\"fr-FR\"},{\"@type\":\"Person\",\"@id\":\"https:\\\/\\\/www.altercampagne.net\\\/#\\\/schema\\\/person\\\/0f261460c09e430caa0f9bcffa319109\",\"name\":\"Mathieu\",\"image\":{\"@type\":\"ImageObject\",\"inLanguage\":\"fr-FR\",\"@id\":\"https:\\\/\\\/secure.gravatar.com\\\/avatar\\\/aa9d3d24c83f2141e5e2709d0f63d09a99f6be6bb7a50abc4915838d9f54501a?s=96&d=mm&r=g\",\"url\":\"https:\\\/\\\/secure.gravatar.com\\\/avatar\\\/aa9d3d24c83f2141e5e2709d0f63d09a99f6be6bb7a50abc4915838d9f54501a?s=96&d=mm&r=g\",\"contentUrl\":\"https:\\\/\\\/secure.gravatar.com\\\/avatar\\\/aa9d3d24c83f2141e5e2709d0f63d09a99f6be6bb7a50abc4915838d9f54501a?s=96&d=mm&r=g\",\"caption\":\"Mathieu\"},\"url\":\"https:\\\/\\\/www.altercampagne.net\\\/?author=214\"}]}<\/script>\n<!-- \/ Yoast SEO plugin. -->","yoast_head_json":{"title":"Num\u00e9ro de Silence de f\u00e9vrier : Travailler moins, et si on essayait\u2009? - AlterTour","robots":{"index":"index","follow":"follow","max-snippet":"max-snippet:-1","max-image-preview":"max-image-preview:large","max-video-preview":"max-video-preview:-1"},"canonical":"https:\/\/www.altercampagne.net\/?p=6406","og_locale":"fr_FR","og_type":"article","og_title":"Num\u00e9ro de Silence de f\u00e9vrier : Travailler moins, et si on essayait\u2009? - AlterTour","og_description":"Un dossier : Inventerre, une entreprise en b\u00e2timent pas comme les autres Situ\u00e9e en Haute-Garonne, cette soci\u00e9t\u00e9 coop\u00e9rative et participative (SCOP) de huit personnes organise le temps de travail en fonction des besoins collectifs de l\u2019activit\u00e9 mais aussi des besoins individuels. La r\u00e9duction du temps de travail n\u2019est pas un ... Read More","og_url":"https:\/\/www.altercampagne.net\/?p=6406","og_site_name":"AlterTour","article_published_time":"2017-01-14T14:23:36+00:00","article_modified_time":"2020-02-24T13:58:41+00:00","og_image":[{"url":"http:\/\/www.altercampagne.net\/wp-content\/uploads\/2017\/01\/453BD.jpg","type":"","width":"","height":""}],"author":"Mathieu","twitter_card":"summary_large_image","twitter_misc":{"\u00c9crit par":"Mathieu","Dur\u00e9e de lecture estim\u00e9e":"2 minutes"},"schema":{"@context":"https:\/\/schema.org","@graph":[{"@type":"Article","@id":"https:\/\/www.altercampagne.net\/?p=6406#article","isPartOf":{"@id":"https:\/\/www.altercampagne.net\/?p=6406"},"author":{"name":"Mathieu","@id":"https:\/\/www.altercampagne.net\/#\/schema\/person\/0f261460c09e430caa0f9bcffa319109"},"headline":"Num\u00e9ro de Silence de f\u00e9vrier : Travailler moins, et si on essayait\u2009?","datePublished":"2017-01-14T14:23:36+00:00","dateModified":"2020-02-24T13:58:41+00:00","mainEntityOfPage":{"@id":"https:\/\/www.altercampagne.net\/?p=6406"},"wordCount":392,"image":{"@id":"https:\/\/www.altercampagne.net\/?p=6406#primaryimage"},"thumbnailUrl":"http:\/\/www.altercampagne.net\/wp-content\/uploads\/2017\/01\/453BD.jpg","keywords":["revue Silence","travail","SCOP","silence","f\u00e9vrier 2017","32 heures"],"articleSection":["Silence"],"inLanguage":"fr-FR"},{"@type":"WebPage","@id":"https:\/\/www.altercampagne.net\/?p=6406","url":"https:\/\/www.altercampagne.net\/?p=6406","name":"Num\u00e9ro de Silence de f\u00e9vrier : Travailler moins, et si on essayait\u2009? - AlterTour","isPartOf":{"@id":"https:\/\/www.altercampagne.net\/#website"},"primaryImageOfPage":{"@id":"https:\/\/www.altercampagne.net\/?p=6406#primaryimage"},"image":{"@id":"https:\/\/www.altercampagne.net\/?p=6406#primaryimage"},"thumbnailUrl":"http:\/\/www.altercampagne.net\/wp-content\/uploads\/2017\/01\/453BD.jpg","datePublished":"2017-01-14T14:23:36+00:00","dateModified":"2020-02-24T13:58:41+00:00","author":{"@id":"https:\/\/www.altercampagne.net\/#\/schema\/person\/0f261460c09e430caa0f9bcffa319109"},"breadcrumb":{"@id":"https:\/\/www.altercampagne.net\/?p=6406#breadcrumb"},"inLanguage":"fr-FR","potentialAction":[{"@type":"ReadAction","target":["https:\/\/www.altercampagne.net\/?p=6406"]}]},{"@type":"ImageObject","inLanguage":"fr-FR","@id":"https:\/\/www.altercampagne.net\/?p=6406#primaryimage","url":"http:\/\/www.altercampagne.net\/wp-content\/uploads\/2017\/01\/453BD.jpg","contentUrl":"http:\/\/www.altercampagne.net\/wp-content\/uploads\/2017\/01\/453BD.jpg"},{"@type":"BreadcrumbList","@id":"https:\/\/www.altercampagne.net\/?p=6406#breadcrumb","itemListElement":[{"@type":"ListItem","position":1,"name":"Accueil","item":"https:\/\/www.altercampagne.net\/"},{"@type":"ListItem","position":2,"name":"Num\u00e9ro de Silence de f\u00e9vrier : Travailler moins, et si on essayait\u2009?"}]},{"@type":"WebSite","@id":"https:\/\/www.altercampagne.net\/#website","url":"https:\/\/www.altercampagne.net\/","name":"AlterTour","description":"Reliez les Alternatives \u00e0 v\u00e9lo","potentialAction":[{"@type":"SearchAction","target":{"@type":"EntryPoint","urlTemplate":"https:\/\/www.altercampagne.net\/?s={search_term_string}"},"query-input":{"@type":"PropertyValueSpecification","valueRequired":true,"valueName":"search_term_string"}}],"inLanguage":"fr-FR"},{"@type":"Person","@id":"https:\/\/www.altercampagne.net\/#\/schema\/person\/0f261460c09e430caa0f9bcffa319109","name":"Mathieu","image":{"@type":"ImageObject","inLanguage":"fr-FR","@id":"https:\/\/secure.gravatar.com\/avatar\/aa9d3d24c83f2141e5e2709d0f63d09a99f6be6bb7a50abc4915838d9f54501a?s=96&d=mm&r=g","url":"https:\/\/secure.gravatar.com\/avatar\/aa9d3d24c83f2141e5e2709d0f63d09a99f6be6bb7a50abc4915838d9f54501a?s=96&d=mm&r=g","contentUrl":"https:\/\/secure.gravatar.com\/avatar\/aa9d3d24c83f2141e5e2709d0f63d09a99f6be6bb7a50abc4915838d9f54501a?s=96&d=mm&r=g","caption":"Mathieu"},"url":"https:\/\/www.altercampagne.net\/?author=214"}]}},"_links":{"self":[{"href":"https:\/\/www.altercampagne.net\/index.php?rest_route=\/wp\/v2\/posts\/6406","targetHints":{"allow":["GET"]}}],"collection":[{"href":"https:\/\/www.altercampagne.net\/index.php?rest_route=\/wp\/v2\/posts"}],"about":[{"href":"https:\/\/www.altercampagne.net\/index.php?rest_route=\/wp\/v2\/types\/post"}],"author":[{"embeddable":true,"href":"https:\/\/www.altercampagne.net\/index.php?rest_route=\/wp\/v2\/users\/214"}],"replies":[{"embeddable":true,"href":"https:\/\/www.altercampagne.net\/index.php?rest_route=%2Fwp%2Fv2%2Fcomments&post=6406"}],"version-history":[{"count":1,"href":"https:\/\/www.altercampagne.net\/index.php?rest_route=\/wp\/v2\/posts\/6406\/revisions"}],"predecessor-version":[{"id":17317,"href":"https:\/\/www.altercampagne.net\/index.php?rest_route=\/wp\/v2\/posts\/6406\/revisions\/17317"}],"wp:attachment":[{"href":"https:\/\/www.altercampagne.net\/index.php?rest_route=%2Fwp%2Fv2%2Fmedia&parent=6406"}],"wp:term":[{"taxonomy":"category","embeddable":true,"href":"https:\/\/www.altercampagne.net\/index.php?rest_route=%2Fwp%2Fv2%2Fcategories&post=6406"},{"taxonomy":"post_tag","embeddable":true,"href":"https:\/\/www.altercampagne.net\/index.php?rest_route=%2Fwp%2Fv2%2Ftags&post=6406"}],"curies":[{"name":"wp","href":"https:\/\/api.w.org\/{rel}","templated":true}]}}