{"id":643,"date":"2014-08-06T15:27:37","date_gmt":"2014-08-06T13:27:37","guid":{"rendered":"http:\/\/www.altercampagne.net\/?p=643"},"modified":"2019-09-16T11:17:26","modified_gmt":"2019-09-16T09:17:26","slug":"la-scierie-a-piegut-pluvier","status":"publish","type":"post","link":"https:\/\/www.altercampagne.net\/?p=643","title":{"rendered":"La Scierie \u00e0 Pi\u00e9gut-Pluviers"},"content":{"rendered":"<p class=\"Style271 Style138 Style152\" align=\"justify\">Bonjour chers lecteurs ! Je vais vous raconter une journ\u00e9e avec l\u2019AlterTour,<\/p>\n<p class=\"Style271 Style138 Style152\" align=\"justify\">Nous sommes le 6\/08 et il est aux alentours de 7h. Le campement de l\u2019AlterTour s\u2019\u00e9veille lentement avec un r\u00e9veil original. Le d\u00e9part se fait plus ou moins \u00e0 l\u2019heure et voil\u00e0 les cyclistes parti vers leur avenir !<\/p>\n<p class=\"Style271 Style138 Style152\" align=\"justify\">Une petite pose se fait vers 11h pr\u00e8s d\u2019un \u00e9tang et les cyclistes ont droits \u00e0 des fruits secs. Ils repartent et p\u00e9dalent tellement bien qu\u2019\u00e0 12h nous voil\u00e0 sur les lieux de notre rendez-vous. C\u2019est une ancienne scierie qui se trouve \u00e0 Pi\u00e9gut-Pluvier (24). L\u2019un de nos accueillants, Sylvain, nous fait une rapide visite des lieux et j\u2019apprends que le terrain fait 3 hectares. C\u2019est un endroit au bord d\u2019une route, mais on peut \u00e9galement y \u00eatre au calme si on monte un peu dans la petite for\u00eat.<\/p>\n<p class=\"Style271 Style138 Style152\" align=\"justify\">L\u2019ancienne <strong><a href=\"La%20Scierie, AlterTour 2014, photo de G de Crop\" target=\"_blank\" rel=\"noopener noreferrer\">Scierie<\/a><\/strong> est maintenant devenue un lieu de partage : ils y organisent des chantiers participatifs, des \u00e9v\u00e8nements, des projets culturels, sociaux et \u00e9cologiques, des expositions, des concerts, des ateliers et stages\u2026<\/p>\n<p class=\"Style271 Style138 Style152\" align=\"justify\">Plusieurs chantiers sont organis\u00e9s tout au long de l\u2019ann\u00e9e pour am\u00e9liorer ce lieu : 1 grand en printemps, 1 plus petit en automne et plusieurs autres chantiers.<\/p>\n<p class=\"Style271 Style138 Style152\" align=\"justify\">Malheureusement, le b\u00e2timent n\u2019est pour l\u2019instant pas aux normes ; il faut faire des travaux qui co\u00fbteraient 150 000\u20ac. Il y a donc interdiction de l\u2019utiliser.<\/p>\n<p class=\"Style271 Style138 Style152\" align=\"justify\">Un cercle de parole est organis\u00e9 de 16h45 \u00e0 18h ; puis les Altercyclistes ainsi que les accueillants se rendent dans une petite salle dans le village o\u00f9 la soir\u00e9e se terminera par un repas et des danses traditionnelles o\u00f9 se m\u00ealent la joie et la bonne humeur !<\/p>\n<p class=\"Style271 Style138 Style152\" style=\"text-align: right;\" align=\"justify\"><strong>Maia, 14 ans<\/strong><\/p>\n","protected":false},"excerpt":{"rendered":"<p>Bonjour chers lecteurs ! Je vais vous raconter une journ\u00e9e avec l\u2019AlterTour, Nous sommes le 6\/08 et il est aux alentours de 7h. Le campement de l\u2019AlterTour s\u2019\u00e9veille lentement avec un r\u00e9veil original. Le d\u00e9part se fait plus ou moins \u00e0 l\u2019heure et voil\u00e0 les cyclistes parti vers leur avenir &#8230; <\/p>\n<div><a href=\"https:\/\/www.altercampagne.net\/?p=643\" class=\"more-link\">Read More<\/a><\/div>\n","protected":false},"author":214,"featured_media":15670,"comment_status":"closed","ping_status":"closed","sticky":false,"template":"","format":"standard","meta":{"footnotes":""},"categories":[3490,3479,3461],"tags":[50,100,116,118,119,120,121,319,892,1693,1705,1706],"class_list":["post-643","post","type-post","status-publish","format-standard","has-post-thumbnail","hentry","category-culture","category-nouvelle-aquitaine","category-edition-2014","tag-50","tag-concert","tag-la-scierie","tag-chantiers-participatifs","tag-evenements","tag-projets-culturels","tag-stages","tag-altertour-2014","tag-aquitaine","tag-scierie","tag-piegut-pluviers","tag-dordogne"],"yoast_head":"<!-- This site is optimized with the Yoast SEO plugin v27.3 - https:\/\/yoast.com\/product\/yoast-seo-wordpress\/ -->\n<title>La Scierie \u00e0 Pi\u00e9gut-Pluviers - AlterTour<\/title>\n<meta name=\"robots\" content=\"index, follow, max-snippet:-1, max-image-preview:large, max-video-preview:-1\" \/>\n<link rel=\"canonical\" href=\"https:\/\/www.altercampagne.net\/?p=643\" \/>\n<meta property=\"og:locale\" content=\"fr_FR\" \/>\n<meta property=\"og:type\" content=\"article\" \/>\n<meta property=\"og:title\" content=\"La Scierie \u00e0 Pi\u00e9gut-Pluviers - AlterTour\" \/>\n<meta property=\"og:description\" content=\"Bonjour chers lecteurs ! Je vais vous raconter une journ\u00e9e avec l\u2019AlterTour, Nous sommes le 6\/08 et il est aux alentours de 7h. Le campement de l\u2019AlterTour s\u2019\u00e9veille lentement avec un r\u00e9veil original. Le d\u00e9part se fait plus ou moins \u00e0 l\u2019heure et voil\u00e0 les cyclistes parti vers leur avenir ... Read More\" \/>\n<meta property=\"og:url\" content=\"https:\/\/www.altercampagne.net\/?p=643\" \/>\n<meta property=\"og:site_name\" content=\"AlterTour\" \/>\n<meta property=\"article:published_time\" content=\"2014-08-06T13:27:37+00:00\" \/>\n<meta property=\"article:modified_time\" content=\"2019-09-16T09:17:26+00:00\" \/>\n<meta property=\"og:image\" content=\"https:\/\/www.altercampagne.net\/wp-content\/uploads\/2014\/08\/2014-08-06_12.50.jpg\" \/>\n\t<meta property=\"og:image:width\" content=\"907\" \/>\n\t<meta property=\"og:image:height\" content=\"474\" \/>\n\t<meta property=\"og:image:type\" content=\"image\/jpeg\" \/>\n<meta name=\"author\" content=\"Mathieu\" \/>\n<meta name=\"twitter:card\" content=\"summary_large_image\" \/>\n<meta name=\"twitter:label1\" content=\"\u00c9crit par\" \/>\n\t<meta name=\"twitter:data1\" content=\"Mathieu\" \/>\n\t<meta name=\"twitter:label2\" content=\"Dur\u00e9e de lecture estim\u00e9e\" \/>\n\t<meta name=\"twitter:data2\" content=\"1 minute\" \/>\n<script type=\"application\/ld+json\" class=\"yoast-schema-graph\">{\"@context\":\"https:\\\/\\\/schema.org\",\"@graph\":[{\"@type\":\"Article\",\"@id\":\"https:\\\/\\\/www.altercampagne.net\\\/?p=643#article\",\"isPartOf\":{\"@id\":\"https:\\\/\\\/www.altercampagne.net\\\/?p=643\"},\"author\":{\"name\":\"Mathieu\",\"@id\":\"https:\\\/\\\/www.altercampagne.net\\\/#\\\/schema\\\/person\\\/0f261460c09e430caa0f9bcffa319109\"},\"headline\":\"La Scierie \u00e0 Pi\u00e9gut-Pluviers\",\"datePublished\":\"2014-08-06T13:27:37+00:00\",\"dateModified\":\"2019-09-16T09:17:26+00:00\",\"mainEntityOfPage\":{\"@id\":\"https:\\\/\\\/www.altercampagne.net\\\/?p=643\"},\"wordCount\":292,\"image\":{\"@id\":\"https:\\\/\\\/www.altercampagne.net\\\/?p=643#primaryimage\"},\"thumbnailUrl\":\"https:\\\/\\\/www.altercampagne.net\\\/wp-content\\\/uploads\\\/2014\\\/08\\\/2014-08-06_12.50.jpg\",\"keywords\":[\"2014\",\"concert\",\"la scierie\",\"chantiers participatifs\",\"\u00e9v\u00e8nements\",\"projets culturels\",\"stages\",\"altertour 2014\",\"Aquitaine\",\"scierie\",\"Pi\u00e9gut-Pluviers\",\"Dordogne\"],\"articleSection\":[\"Culture\",\"Nouvelle-Aquitaine\",\"\u00c9dition 2014\"],\"inLanguage\":\"fr-FR\"},{\"@type\":\"WebPage\",\"@id\":\"https:\\\/\\\/www.altercampagne.net\\\/?p=643\",\"url\":\"https:\\\/\\\/www.altercampagne.net\\\/?p=643\",\"name\":\"La Scierie \u00e0 Pi\u00e9gut-Pluviers - AlterTour\",\"isPartOf\":{\"@id\":\"https:\\\/\\\/www.altercampagne.net\\\/#website\"},\"primaryImageOfPage\":{\"@id\":\"https:\\\/\\\/www.altercampagne.net\\\/?p=643#primaryimage\"},\"image\":{\"@id\":\"https:\\\/\\\/www.altercampagne.net\\\/?p=643#primaryimage\"},\"thumbnailUrl\":\"https:\\\/\\\/www.altercampagne.net\\\/wp-content\\\/uploads\\\/2014\\\/08\\\/2014-08-06_12.50.jpg\",\"datePublished\":\"2014-08-06T13:27:37+00:00\",\"dateModified\":\"2019-09-16T09:17:26+00:00\",\"author\":{\"@id\":\"https:\\\/\\\/www.altercampagne.net\\\/#\\\/schema\\\/person\\\/0f261460c09e430caa0f9bcffa319109\"},\"breadcrumb\":{\"@id\":\"https:\\\/\\\/www.altercampagne.net\\\/?p=643#breadcrumb\"},\"inLanguage\":\"fr-FR\",\"potentialAction\":[{\"@type\":\"ReadAction\",\"target\":[\"https:\\\/\\\/www.altercampagne.net\\\/?p=643\"]}]},{\"@type\":\"ImageObject\",\"inLanguage\":\"fr-FR\",\"@id\":\"https:\\\/\\\/www.altercampagne.net\\\/?p=643#primaryimage\",\"url\":\"https:\\\/\\\/www.altercampagne.net\\\/wp-content\\\/uploads\\\/2014\\\/08\\\/2014-08-06_12.50.jpg\",\"contentUrl\":\"https:\\\/\\\/www.altercampagne.net\\\/wp-content\\\/uploads\\\/2014\\\/08\\\/2014-08-06_12.50.jpg\",\"width\":907,\"height\":474},{\"@type\":\"BreadcrumbList\",\"@id\":\"https:\\\/\\\/www.altercampagne.net\\\/?p=643#breadcrumb\",\"itemListElement\":[{\"@type\":\"ListItem\",\"position\":1,\"name\":\"Accueil\",\"item\":\"https:\\\/\\\/www.altercampagne.net\\\/\"},{\"@type\":\"ListItem\",\"position\":2,\"name\":\"La Scierie \u00e0 Pi\u00e9gut-Pluviers\"}]},{\"@type\":\"WebSite\",\"@id\":\"https:\\\/\\\/www.altercampagne.net\\\/#website\",\"url\":\"https:\\\/\\\/www.altercampagne.net\\\/\",\"name\":\"AlterTour\",\"description\":\"Reliez les Alternatives \u00e0 v\u00e9lo\",\"potentialAction\":[{\"@type\":\"SearchAction\",\"target\":{\"@type\":\"EntryPoint\",\"urlTemplate\":\"https:\\\/\\\/www.altercampagne.net\\\/?s={search_term_string}\"},\"query-input\":{\"@type\":\"PropertyValueSpecification\",\"valueRequired\":true,\"valueName\":\"search_term_string\"}}],\"inLanguage\":\"fr-FR\"},{\"@type\":\"Person\",\"@id\":\"https:\\\/\\\/www.altercampagne.net\\\/#\\\/schema\\\/person\\\/0f261460c09e430caa0f9bcffa319109\",\"name\":\"Mathieu\",\"image\":{\"@type\":\"ImageObject\",\"inLanguage\":\"fr-FR\",\"@id\":\"https:\\\/\\\/secure.gravatar.com\\\/avatar\\\/aa9d3d24c83f2141e5e2709d0f63d09a99f6be6bb7a50abc4915838d9f54501a?s=96&d=mm&r=g\",\"url\":\"https:\\\/\\\/secure.gravatar.com\\\/avatar\\\/aa9d3d24c83f2141e5e2709d0f63d09a99f6be6bb7a50abc4915838d9f54501a?s=96&d=mm&r=g\",\"contentUrl\":\"https:\\\/\\\/secure.gravatar.com\\\/avatar\\\/aa9d3d24c83f2141e5e2709d0f63d09a99f6be6bb7a50abc4915838d9f54501a?s=96&d=mm&r=g\",\"caption\":\"Mathieu\"},\"url\":\"https:\\\/\\\/www.altercampagne.net\\\/?author=214\"}]}<\/script>\n<!-- \/ Yoast SEO plugin. -->","yoast_head_json":{"title":"La Scierie \u00e0 Pi\u00e9gut-Pluviers - AlterTour","robots":{"index":"index","follow":"follow","max-snippet":"max-snippet:-1","max-image-preview":"max-image-preview:large","max-video-preview":"max-video-preview:-1"},"canonical":"https:\/\/www.altercampagne.net\/?p=643","og_locale":"fr_FR","og_type":"article","og_title":"La Scierie \u00e0 Pi\u00e9gut-Pluviers - AlterTour","og_description":"Bonjour chers lecteurs ! Je vais vous raconter une journ\u00e9e avec l\u2019AlterTour, Nous sommes le 6\/08 et il est aux alentours de 7h. Le campement de l\u2019AlterTour s\u2019\u00e9veille lentement avec un r\u00e9veil original. Le d\u00e9part se fait plus ou moins \u00e0 l\u2019heure et voil\u00e0 les cyclistes parti vers leur avenir ... Read More","og_url":"https:\/\/www.altercampagne.net\/?p=643","og_site_name":"AlterTour","article_published_time":"2014-08-06T13:27:37+00:00","article_modified_time":"2019-09-16T09:17:26+00:00","og_image":[{"width":907,"height":474,"url":"https:\/\/www.altercampagne.net\/wp-content\/uploads\/2014\/08\/2014-08-06_12.50.jpg","type":"image\/jpeg"}],"author":"Mathieu","twitter_card":"summary_large_image","twitter_misc":{"\u00c9crit par":"Mathieu","Dur\u00e9e de lecture estim\u00e9e":"1 minute"},"schema":{"@context":"https:\/\/schema.org","@graph":[{"@type":"Article","@id":"https:\/\/www.altercampagne.net\/?p=643#article","isPartOf":{"@id":"https:\/\/www.altercampagne.net\/?p=643"},"author":{"name":"Mathieu","@id":"https:\/\/www.altercampagne.net\/#\/schema\/person\/0f261460c09e430caa0f9bcffa319109"},"headline":"La Scierie \u00e0 Pi\u00e9gut-Pluviers","datePublished":"2014-08-06T13:27:37+00:00","dateModified":"2019-09-16T09:17:26+00:00","mainEntityOfPage":{"@id":"https:\/\/www.altercampagne.net\/?p=643"},"wordCount":292,"image":{"@id":"https:\/\/www.altercampagne.net\/?p=643#primaryimage"},"thumbnailUrl":"https:\/\/www.altercampagne.net\/wp-content\/uploads\/2014\/08\/2014-08-06_12.50.jpg","keywords":["2014","concert","la scierie","chantiers participatifs","\u00e9v\u00e8nements","projets culturels","stages","altertour 2014","Aquitaine","scierie","Pi\u00e9gut-Pluviers","Dordogne"],"articleSection":["Culture","Nouvelle-Aquitaine","\u00c9dition 2014"],"inLanguage":"fr-FR"},{"@type":"WebPage","@id":"https:\/\/www.altercampagne.net\/?p=643","url":"https:\/\/www.altercampagne.net\/?p=643","name":"La Scierie \u00e0 Pi\u00e9gut-Pluviers - AlterTour","isPartOf":{"@id":"https:\/\/www.altercampagne.net\/#website"},"primaryImageOfPage":{"@id":"https:\/\/www.altercampagne.net\/?p=643#primaryimage"},"image":{"@id":"https:\/\/www.altercampagne.net\/?p=643#primaryimage"},"thumbnailUrl":"https:\/\/www.altercampagne.net\/wp-content\/uploads\/2014\/08\/2014-08-06_12.50.jpg","datePublished":"2014-08-06T13:27:37+00:00","dateModified":"2019-09-16T09:17:26+00:00","author":{"@id":"https:\/\/www.altercampagne.net\/#\/schema\/person\/0f261460c09e430caa0f9bcffa319109"},"breadcrumb":{"@id":"https:\/\/www.altercampagne.net\/?p=643#breadcrumb"},"inLanguage":"fr-FR","potentialAction":[{"@type":"ReadAction","target":["https:\/\/www.altercampagne.net\/?p=643"]}]},{"@type":"ImageObject","inLanguage":"fr-FR","@id":"https:\/\/www.altercampagne.net\/?p=643#primaryimage","url":"https:\/\/www.altercampagne.net\/wp-content\/uploads\/2014\/08\/2014-08-06_12.50.jpg","contentUrl":"https:\/\/www.altercampagne.net\/wp-content\/uploads\/2014\/08\/2014-08-06_12.50.jpg","width":907,"height":474},{"@type":"BreadcrumbList","@id":"https:\/\/www.altercampagne.net\/?p=643#breadcrumb","itemListElement":[{"@type":"ListItem","position":1,"name":"Accueil","item":"https:\/\/www.altercampagne.net\/"},{"@type":"ListItem","position":2,"name":"La Scierie \u00e0 Pi\u00e9gut-Pluviers"}]},{"@type":"WebSite","@id":"https:\/\/www.altercampagne.net\/#website","url":"https:\/\/www.altercampagne.net\/","name":"AlterTour","description":"Reliez les Alternatives \u00e0 v\u00e9lo","potentialAction":[{"@type":"SearchAction","target":{"@type":"EntryPoint","urlTemplate":"https:\/\/www.altercampagne.net\/?s={search_term_string}"},"query-input":{"@type":"PropertyValueSpecification","valueRequired":true,"valueName":"search_term_string"}}],"inLanguage":"fr-FR"},{"@type":"Person","@id":"https:\/\/www.altercampagne.net\/#\/schema\/person\/0f261460c09e430caa0f9bcffa319109","name":"Mathieu","image":{"@type":"ImageObject","inLanguage":"fr-FR","@id":"https:\/\/secure.gravatar.com\/avatar\/aa9d3d24c83f2141e5e2709d0f63d09a99f6be6bb7a50abc4915838d9f54501a?s=96&d=mm&r=g","url":"https:\/\/secure.gravatar.com\/avatar\/aa9d3d24c83f2141e5e2709d0f63d09a99f6be6bb7a50abc4915838d9f54501a?s=96&d=mm&r=g","contentUrl":"https:\/\/secure.gravatar.com\/avatar\/aa9d3d24c83f2141e5e2709d0f63d09a99f6be6bb7a50abc4915838d9f54501a?s=96&d=mm&r=g","caption":"Mathieu"},"url":"https:\/\/www.altercampagne.net\/?author=214"}]}},"_links":{"self":[{"href":"https:\/\/www.altercampagne.net\/index.php?rest_route=\/wp\/v2\/posts\/643","targetHints":{"allow":["GET"]}}],"collection":[{"href":"https:\/\/www.altercampagne.net\/index.php?rest_route=\/wp\/v2\/posts"}],"about":[{"href":"https:\/\/www.altercampagne.net\/index.php?rest_route=\/wp\/v2\/types\/post"}],"author":[{"embeddable":true,"href":"https:\/\/www.altercampagne.net\/index.php?rest_route=\/wp\/v2\/users\/214"}],"replies":[{"embeddable":true,"href":"https:\/\/www.altercampagne.net\/index.php?rest_route=%2Fwp%2Fv2%2Fcomments&post=643"}],"version-history":[{"count":0,"href":"https:\/\/www.altercampagne.net\/index.php?rest_route=\/wp\/v2\/posts\/643\/revisions"}],"wp:featuredmedia":[{"embeddable":true,"href":"https:\/\/www.altercampagne.net\/index.php?rest_route=\/wp\/v2\/media\/15670"}],"wp:attachment":[{"href":"https:\/\/www.altercampagne.net\/index.php?rest_route=%2Fwp%2Fv2%2Fmedia&parent=643"}],"wp:term":[{"taxonomy":"category","embeddable":true,"href":"https:\/\/www.altercampagne.net\/index.php?rest_route=%2Fwp%2Fv2%2Fcategories&post=643"},{"taxonomy":"post_tag","embeddable":true,"href":"https:\/\/www.altercampagne.net\/index.php?rest_route=%2Fwp%2Fv2%2Ftags&post=643"}],"curies":[{"name":"wp","href":"https:\/\/api.w.org\/{rel}","templated":true}]}}