{"id":6442,"date":"2016-09-15T20:56:35","date_gmt":"2016-09-15T18:56:35","guid":{"rendered":"http:\/\/www.altercampagne.net\/?p=6442"},"modified":"2017-02-09T12:30:08","modified_gmt":"2017-02-09T11:30:08","slug":"transition-citoyenne-lautonomie-est-possible","status":"publish","type":"post","link":"https:\/\/www.altercampagne.net\/?p=6442","title":{"rendered":"Transition citoyenne. L&rsquo;autonomie est possible"},"content":{"rendered":"<p>\u00ab L&rsquo;autonomie \u00e9nerg\u00e9tique, c&rsquo;est possible \u00bb sera le th\u00e8me des 3es Journ\u00e9es de la transition citoyenne, coorganis\u00e9es par E-K\u00ear et Actes Cornouaille. Les associations pont-l&rsquo;abbiste et quimp\u00e9roise veulent donner cette ann\u00e9e une dimension cornouaillaise \u00e0 la manifestation.<\/p>\n<p>Pendant un an, nous avons sensibilis\u00e9 le public avec des ateliers citoyens, des caf\u00e9s, des rencontres, des conf\u00e9rences, nous avons partag\u00e9 des exp\u00e9riences et pratiqu\u00e9 une p\u00e9dagogie de la r\u00e9ciprocit\u00e9. Maintenant, nous voulons faire concr\u00e8tement \u00bb, explique Hugo Loza d&rsquo;E-K\u00ear. L&rsquo;association pont-l&rsquo;abbiste qui compte une centaine d&rsquo;adh\u00e9rents a \u00e9t\u00e9 cr\u00e9\u00e9e en 2014 \u00e0 l&rsquo;occasion des premi\u00e8res Journ\u00e9es de la transition citoyenne.<\/p>\n<p><strong>\u00c9conomie bleue, \u00ab une tr\u00e8s bonne chose pour nous&#8230; \u00bb<\/strong><br \/>\nPour cette troisi\u00e8me manifestation, E-K\u00ear s&rsquo;est associ\u00e9e \u00e0 Actes Cornouaille (Alliance citoyenne pour la transition \u00e9cologique et sociale), qui regroupe une soixantaine d&rsquo;acteurs militant sur le changement climatique. Par le pass\u00e9 d\u00e9j\u00e0, ces deux associations s&rsquo;\u00e9taient retrouv\u00e9es ensemble lors de l&rsquo;Alernatiba \u00e0 Douarnenez et l&rsquo;Altertour l&rsquo;\u00e9t\u00e9 dernier. \u00ab Notre but est de montrer qu&rsquo;un autre avenir est possible, de rendre visible et de faire na\u00eetre des projets \u00e0 l&rsquo;\u00e9chelle familiale ou collective sur le territoire \u00bb, pr\u00e9cise C\u00e9cile Guiochon, pr\u00e9sidente d&rsquo;E-K\u00ear. Elle s&rsquo;est f\u00e9licit\u00e9e de l&rsquo;engagement de la CCI de Quimper dans la d\u00e9marche de l&rsquo;\u00e9conomie bleue avec Gunter Pauli (Le T\u00e9l\u00e9gramme du 8 septembre) : \u00ab C&rsquo;est une tr\u00e8s bonne nouvelle pour nous \u00bb, voyant l\u00e0 une \u00ab convergence \u00bb. Les troisi\u00e8mes journ\u00e9es vont m\u00ealer conf\u00e9rences, d\u00e9bats, ateliers, expositions et stands.<\/p>\n<p>Pratique<br \/>\nVendredi 23 septembre, \u00e0 20 h, salle de Croas Ver \u00e0 Combrit, conf\u00e9rence de Thomas Laporte, ambassadeur n\u00e9gawatt. Samedi 24 septembre, \u00e0 la MPT de Pont-l&rsquo;Abb\u00e9 : de 10 h \u00e0 11 h 30, r\u00e9seau Tamaris et Bretagne \u00e9nergies citoyenne ; de 12 h 30 \u00e0 14 h 30, pique-nique festif ; de 14 h 30 \u00e0 16 h, Aezeo, centre de formation \u00e0 l&rsquo;autonomie \u00e9nerg\u00e9tique et aux \u00e9nergies renouvelables, de 16 h \u00e0 18 h, esprit cabane, ateliers d&rsquo;autoconstruction d&rsquo;un cuiseur solaire ; de 16 h \u00e0 18 h, Bretagne \u00e9nergies citoyennes autour d&rsquo;une maquette de b\u00e2timent autonome en \u00e9nergie. Contact : m\u00e9l. contact@e-ker.org ou t\u00e9l. 07.83.70.99.29.<\/p>\n<p>Source : <a href=\"http:\/\/www.letelegramme.fr\/finistere\/quimper\/transition-citoyenne-l-autonomie-est-possible-15-09-2016-11218109.php\" target=\"_blank\">Le T\u00e9l\u00e9gramme <\/a><\/p>\n","protected":false},"excerpt":{"rendered":"<p>\u00ab L&rsquo;autonomie \u00e9nerg\u00e9tique, c&rsquo;est possible \u00bb sera le th\u00e8me des 3es Journ\u00e9es de la transition citoyenne, coorganis\u00e9es par E-K\u00ear et Actes Cornouaille. Les associations pont-l&rsquo;abbiste et quimp\u00e9roise veulent donner cette ann\u00e9e une dimension cornouaillaise \u00e0 la manifestation. Pendant un an, nous avons sensibilis\u00e9 le public avec des ateliers citoyens, des &#8230; <\/p>\n<div><a href=\"https:\/\/www.altercampagne.net\/?p=6442\" class=\"more-link\">Read More<\/a><\/div>\n","protected":false},"author":214,"featured_media":0,"comment_status":"closed","ping_status":"closed","sticky":false,"template":"","format":"standard","meta":{"footnotes":""},"categories":[239],"tags":[383,1652,2423,2544,2578,2613,2820,2821,2822,2823,2846,2849,2850,2851],"class_list":["post-6442","post","type-post","status-publish","format-standard","hentry","category-revue-de-presse","tag-altertour-2016","tag-1652","tag-douarnenez","tag-e-ker","tag-le-telegramme","tag-actes-cornouaille","tag-transition-citoyenne","tag-hugo-loza-de-ker","tag-alliance-citoyenne-pour-la-transition-ecologique-et-sociale","tag-cecile-guiochon","tag-accueillant","tag-accueillant2016","tag-accueillant-2016","tag-altertour2016","no-post-thumbnail"],"yoast_head":"<!-- This site is optimized with the Yoast SEO plugin v27.3 - https:\/\/yoast.com\/product\/yoast-seo-wordpress\/ -->\n<title>Transition citoyenne. L&#039;autonomie est possible - AlterTour<\/title>\n<meta name=\"robots\" content=\"index, follow, max-snippet:-1, max-image-preview:large, max-video-preview:-1\" \/>\n<link rel=\"canonical\" href=\"https:\/\/www.altercampagne.net\/?p=6442\" \/>\n<meta property=\"og:locale\" content=\"fr_FR\" \/>\n<meta property=\"og:type\" content=\"article\" \/>\n<meta property=\"og:title\" content=\"Transition citoyenne. L&#039;autonomie est possible - AlterTour\" \/>\n<meta property=\"og:description\" content=\"\u00ab L&rsquo;autonomie \u00e9nerg\u00e9tique, c&rsquo;est possible \u00bb sera le th\u00e8me des 3es Journ\u00e9es de la transition citoyenne, coorganis\u00e9es par E-K\u00ear et Actes Cornouaille. Les associations pont-l&rsquo;abbiste et quimp\u00e9roise veulent donner cette ann\u00e9e une dimension cornouaillaise \u00e0 la manifestation. Pendant un an, nous avons sensibilis\u00e9 le public avec des ateliers citoyens, des ... Read More\" \/>\n<meta property=\"og:url\" content=\"https:\/\/www.altercampagne.net\/?p=6442\" \/>\n<meta property=\"og:site_name\" content=\"AlterTour\" \/>\n<meta property=\"article:published_time\" content=\"2016-09-15T18:56:35+00:00\" \/>\n<meta property=\"article:modified_time\" content=\"2017-02-09T11:30:08+00:00\" \/>\n<meta name=\"author\" content=\"Mathieu\" \/>\n<meta name=\"twitter:card\" content=\"summary_large_image\" \/>\n<meta name=\"twitter:label1\" content=\"\u00c9crit par\" \/>\n\t<meta name=\"twitter:data1\" content=\"Mathieu\" \/>\n\t<meta name=\"twitter:label2\" content=\"Dur\u00e9e de lecture estim\u00e9e\" \/>\n\t<meta name=\"twitter:data2\" content=\"2 minutes\" \/>\n<script type=\"application\/ld+json\" class=\"yoast-schema-graph\">{\"@context\":\"https:\\\/\\\/schema.org\",\"@graph\":[{\"@type\":\"Article\",\"@id\":\"https:\\\/\\\/www.altercampagne.net\\\/?p=6442#article\",\"isPartOf\":{\"@id\":\"https:\\\/\\\/www.altercampagne.net\\\/?p=6442\"},\"author\":{\"name\":\"Mathieu\",\"@id\":\"https:\\\/\\\/www.altercampagne.net\\\/#\\\/schema\\\/person\\\/0f261460c09e430caa0f9bcffa319109\"},\"headline\":\"Transition citoyenne. L&rsquo;autonomie est possible\",\"datePublished\":\"2016-09-15T18:56:35+00:00\",\"dateModified\":\"2017-02-09T11:30:08+00:00\",\"mainEntityOfPage\":{\"@id\":\"https:\\\/\\\/www.altercampagne.net\\\/?p=6442\"},\"wordCount\":384,\"keywords\":[\"AlterTour 2016\",\"2016\",\"Douarnenez\",\"E-Ker\",\"Le t\u00e9l\u00e9gramme\",\"ACTES Cornouaille\",\"Transition citoyenne\",\"Hugo Loza d'E-K\u00ear\",\"Alliance citoyenne pour la transition \u00e9cologique et sociale\",\"C\u00e9cile Guiochon\",\"accueillant\",\"accueillant2016\",\"accueillant 2016\",\"AlterTour2016\"],\"articleSection\":[\"Revue de presse\"],\"inLanguage\":\"fr-FR\"},{\"@type\":\"WebPage\",\"@id\":\"https:\\\/\\\/www.altercampagne.net\\\/?p=6442\",\"url\":\"https:\\\/\\\/www.altercampagne.net\\\/?p=6442\",\"name\":\"Transition citoyenne. L'autonomie est possible - AlterTour\",\"isPartOf\":{\"@id\":\"https:\\\/\\\/www.altercampagne.net\\\/#website\"},\"datePublished\":\"2016-09-15T18:56:35+00:00\",\"dateModified\":\"2017-02-09T11:30:08+00:00\",\"author\":{\"@id\":\"https:\\\/\\\/www.altercampagne.net\\\/#\\\/schema\\\/person\\\/0f261460c09e430caa0f9bcffa319109\"},\"breadcrumb\":{\"@id\":\"https:\\\/\\\/www.altercampagne.net\\\/?p=6442#breadcrumb\"},\"inLanguage\":\"fr-FR\",\"potentialAction\":[{\"@type\":\"ReadAction\",\"target\":[\"https:\\\/\\\/www.altercampagne.net\\\/?p=6442\"]}]},{\"@type\":\"BreadcrumbList\",\"@id\":\"https:\\\/\\\/www.altercampagne.net\\\/?p=6442#breadcrumb\",\"itemListElement\":[{\"@type\":\"ListItem\",\"position\":1,\"name\":\"Accueil\",\"item\":\"https:\\\/\\\/www.altercampagne.net\\\/\"},{\"@type\":\"ListItem\",\"position\":2,\"name\":\"Transition citoyenne. L&rsquo;autonomie est possible\"}]},{\"@type\":\"WebSite\",\"@id\":\"https:\\\/\\\/www.altercampagne.net\\\/#website\",\"url\":\"https:\\\/\\\/www.altercampagne.net\\\/\",\"name\":\"AlterTour\",\"description\":\"Reliez les Alternatives \u00e0 v\u00e9lo\",\"potentialAction\":[{\"@type\":\"SearchAction\",\"target\":{\"@type\":\"EntryPoint\",\"urlTemplate\":\"https:\\\/\\\/www.altercampagne.net\\\/?s={search_term_string}\"},\"query-input\":{\"@type\":\"PropertyValueSpecification\",\"valueRequired\":true,\"valueName\":\"search_term_string\"}}],\"inLanguage\":\"fr-FR\"},{\"@type\":\"Person\",\"@id\":\"https:\\\/\\\/www.altercampagne.net\\\/#\\\/schema\\\/person\\\/0f261460c09e430caa0f9bcffa319109\",\"name\":\"Mathieu\",\"image\":{\"@type\":\"ImageObject\",\"inLanguage\":\"fr-FR\",\"@id\":\"https:\\\/\\\/secure.gravatar.com\\\/avatar\\\/aa9d3d24c83f2141e5e2709d0f63d09a99f6be6bb7a50abc4915838d9f54501a?s=96&d=mm&r=g\",\"url\":\"https:\\\/\\\/secure.gravatar.com\\\/avatar\\\/aa9d3d24c83f2141e5e2709d0f63d09a99f6be6bb7a50abc4915838d9f54501a?s=96&d=mm&r=g\",\"contentUrl\":\"https:\\\/\\\/secure.gravatar.com\\\/avatar\\\/aa9d3d24c83f2141e5e2709d0f63d09a99f6be6bb7a50abc4915838d9f54501a?s=96&d=mm&r=g\",\"caption\":\"Mathieu\"},\"url\":\"https:\\\/\\\/www.altercampagne.net\\\/?author=214\"}]}<\/script>\n<!-- \/ Yoast SEO plugin. -->","yoast_head_json":{"title":"Transition citoyenne. L'autonomie est possible - AlterTour","robots":{"index":"index","follow":"follow","max-snippet":"max-snippet:-1","max-image-preview":"max-image-preview:large","max-video-preview":"max-video-preview:-1"},"canonical":"https:\/\/www.altercampagne.net\/?p=6442","og_locale":"fr_FR","og_type":"article","og_title":"Transition citoyenne. L'autonomie est possible - AlterTour","og_description":"\u00ab L&rsquo;autonomie \u00e9nerg\u00e9tique, c&rsquo;est possible \u00bb sera le th\u00e8me des 3es Journ\u00e9es de la transition citoyenne, coorganis\u00e9es par E-K\u00ear et Actes Cornouaille. Les associations pont-l&rsquo;abbiste et quimp\u00e9roise veulent donner cette ann\u00e9e une dimension cornouaillaise \u00e0 la manifestation. Pendant un an, nous avons sensibilis\u00e9 le public avec des ateliers citoyens, des ... Read More","og_url":"https:\/\/www.altercampagne.net\/?p=6442","og_site_name":"AlterTour","article_published_time":"2016-09-15T18:56:35+00:00","article_modified_time":"2017-02-09T11:30:08+00:00","author":"Mathieu","twitter_card":"summary_large_image","twitter_misc":{"\u00c9crit par":"Mathieu","Dur\u00e9e de lecture estim\u00e9e":"2 minutes"},"schema":{"@context":"https:\/\/schema.org","@graph":[{"@type":"Article","@id":"https:\/\/www.altercampagne.net\/?p=6442#article","isPartOf":{"@id":"https:\/\/www.altercampagne.net\/?p=6442"},"author":{"name":"Mathieu","@id":"https:\/\/www.altercampagne.net\/#\/schema\/person\/0f261460c09e430caa0f9bcffa319109"},"headline":"Transition citoyenne. L&rsquo;autonomie est possible","datePublished":"2016-09-15T18:56:35+00:00","dateModified":"2017-02-09T11:30:08+00:00","mainEntityOfPage":{"@id":"https:\/\/www.altercampagne.net\/?p=6442"},"wordCount":384,"keywords":["AlterTour 2016","2016","Douarnenez","E-Ker","Le t\u00e9l\u00e9gramme","ACTES Cornouaille","Transition citoyenne","Hugo Loza d'E-K\u00ear","Alliance citoyenne pour la transition \u00e9cologique et sociale","C\u00e9cile Guiochon","accueillant","accueillant2016","accueillant 2016","AlterTour2016"],"articleSection":["Revue de presse"],"inLanguage":"fr-FR"},{"@type":"WebPage","@id":"https:\/\/www.altercampagne.net\/?p=6442","url":"https:\/\/www.altercampagne.net\/?p=6442","name":"Transition citoyenne. L'autonomie est possible - AlterTour","isPartOf":{"@id":"https:\/\/www.altercampagne.net\/#website"},"datePublished":"2016-09-15T18:56:35+00:00","dateModified":"2017-02-09T11:30:08+00:00","author":{"@id":"https:\/\/www.altercampagne.net\/#\/schema\/person\/0f261460c09e430caa0f9bcffa319109"},"breadcrumb":{"@id":"https:\/\/www.altercampagne.net\/?p=6442#breadcrumb"},"inLanguage":"fr-FR","potentialAction":[{"@type":"ReadAction","target":["https:\/\/www.altercampagne.net\/?p=6442"]}]},{"@type":"BreadcrumbList","@id":"https:\/\/www.altercampagne.net\/?p=6442#breadcrumb","itemListElement":[{"@type":"ListItem","position":1,"name":"Accueil","item":"https:\/\/www.altercampagne.net\/"},{"@type":"ListItem","position":2,"name":"Transition citoyenne. L&rsquo;autonomie est possible"}]},{"@type":"WebSite","@id":"https:\/\/www.altercampagne.net\/#website","url":"https:\/\/www.altercampagne.net\/","name":"AlterTour","description":"Reliez les Alternatives \u00e0 v\u00e9lo","potentialAction":[{"@type":"SearchAction","target":{"@type":"EntryPoint","urlTemplate":"https:\/\/www.altercampagne.net\/?s={search_term_string}"},"query-input":{"@type":"PropertyValueSpecification","valueRequired":true,"valueName":"search_term_string"}}],"inLanguage":"fr-FR"},{"@type":"Person","@id":"https:\/\/www.altercampagne.net\/#\/schema\/person\/0f261460c09e430caa0f9bcffa319109","name":"Mathieu","image":{"@type":"ImageObject","inLanguage":"fr-FR","@id":"https:\/\/secure.gravatar.com\/avatar\/aa9d3d24c83f2141e5e2709d0f63d09a99f6be6bb7a50abc4915838d9f54501a?s=96&d=mm&r=g","url":"https:\/\/secure.gravatar.com\/avatar\/aa9d3d24c83f2141e5e2709d0f63d09a99f6be6bb7a50abc4915838d9f54501a?s=96&d=mm&r=g","contentUrl":"https:\/\/secure.gravatar.com\/avatar\/aa9d3d24c83f2141e5e2709d0f63d09a99f6be6bb7a50abc4915838d9f54501a?s=96&d=mm&r=g","caption":"Mathieu"},"url":"https:\/\/www.altercampagne.net\/?author=214"}]}},"_links":{"self":[{"href":"https:\/\/www.altercampagne.net\/index.php?rest_route=\/wp\/v2\/posts\/6442","targetHints":{"allow":["GET"]}}],"collection":[{"href":"https:\/\/www.altercampagne.net\/index.php?rest_route=\/wp\/v2\/posts"}],"about":[{"href":"https:\/\/www.altercampagne.net\/index.php?rest_route=\/wp\/v2\/types\/post"}],"author":[{"embeddable":true,"href":"https:\/\/www.altercampagne.net\/index.php?rest_route=\/wp\/v2\/users\/214"}],"replies":[{"embeddable":true,"href":"https:\/\/www.altercampagne.net\/index.php?rest_route=%2Fwp%2Fv2%2Fcomments&post=6442"}],"version-history":[{"count":0,"href":"https:\/\/www.altercampagne.net\/index.php?rest_route=\/wp\/v2\/posts\/6442\/revisions"}],"wp:attachment":[{"href":"https:\/\/www.altercampagne.net\/index.php?rest_route=%2Fwp%2Fv2%2Fmedia&parent=6442"}],"wp:term":[{"taxonomy":"category","embeddable":true,"href":"https:\/\/www.altercampagne.net\/index.php?rest_route=%2Fwp%2Fv2%2Fcategories&post=6442"},{"taxonomy":"post_tag","embeddable":true,"href":"https:\/\/www.altercampagne.net\/index.php?rest_route=%2Fwp%2Fv2%2Ftags&post=6442"}],"curies":[{"name":"wp","href":"https:\/\/api.w.org\/{rel}","templated":true}]}}