{"id":6446,"date":"2016-09-03T20:07:09","date_gmt":"2016-09-03T18:07:09","guid":{"rendered":"http:\/\/www.altercampagne.net\/?p=6446"},"modified":"2017-02-09T12:31:07","modified_gmt":"2017-02-09T11:31:07","slug":"ecocentre-la-frequentation-a-triple","status":"publish","type":"post","link":"https:\/\/www.altercampagne.net\/?p=6446","title":{"rendered":"Ecocentre. La fr\u00e9quentation a tripl\u00e9"},"content":{"rendered":"<p>L&rsquo;assembl\u00e9e g\u00e9n\u00e9rale de l&rsquo;association Ecocentre-Spered all a eu lieu le samedi 27 ao\u00fbt, sur le site de l&rsquo;association, en pr\u00e9sence de 26 membres.<\/p>\n<p><strong>Des emplois cr\u00e9\u00e9s<\/strong><\/p>\n<p>Les principaux \u00e9v\u00e9nements de cette saison estivale ont \u00e9t\u00e9 une randonn\u00e9e musicale, le passage d&rsquo;AlterTour, la visite d&rsquo;une chorale qui se d\u00e9place \u00e0 v\u00e9lo et une journ\u00e9e contes. Durant l&rsquo;\u00e9t\u00e9, plus de 20 ateliers ont \u00e9t\u00e9 assur\u00e9s entre le parc et la ferme. La fr\u00e9quentation du parc Ecocentre a tripl\u00e9 cette ann\u00e9e gr\u00e2ce, entre autres, au jardin, au sentier \u00e9nergie, aux jeux appr\u00e9ci\u00e9s des enfants et \u00e0 la restauration bio. Beaucoup d&rsquo;\u00e9coles ont appr\u00e9ci\u00e9 les animations propos\u00e9es au printemps. Autre point positif, l&rsquo;association a cr\u00e9\u00e9 deux emplois et demi et a embauch\u00e9 deux services civiques. Cependant, pour p\u00e9renniser les emplois salari\u00e9s, une progression suppl\u00e9mentaire de la fr\u00e9quentation sera n\u00e9cessaire l&rsquo;ann\u00e9e prochaine. Les bilans moral et financier ont \u00e9t\u00e9 vot\u00e9s \u00e0 l&rsquo;unanimit\u00e9. Le bureau a \u00e9t\u00e9 reconduit et se compose comme suit : pr\u00e9sident, Manu Marquis ; vice-pr\u00e9sident, Jean-Louis Boulard ; secr\u00e9taire, Maryline Bizeul ; adjointe, Karine Devault ; tr\u00e9sori\u00e8re, Soizic Devault ; adjoint, Fr\u00e9d\u00e9ric Meynand.<\/p>\n<p>Source : <a href=\"http:\/\/www.letelegramme.fr\/cotes-darmor\/pleumeur-bodou\/ecocentre-la-frequentation-a-triple-03-09-2016-11202990.php\" target=\"_blank\">Le T\u00e9l\u00e9gramme<\/a><\/p>\n","protected":false},"excerpt":{"rendered":"<p>L&rsquo;assembl\u00e9e g\u00e9n\u00e9rale de l&rsquo;association Ecocentre-Spered all a eu lieu le samedi 27 ao\u00fbt, sur le site de l&rsquo;association, en pr\u00e9sence de 26 membres. Des emplois cr\u00e9\u00e9s Les principaux \u00e9v\u00e9nements de cette saison estivale ont \u00e9t\u00e9 une randonn\u00e9e musicale, le passage d&rsquo;AlterTour, la visite d&rsquo;une chorale qui se d\u00e9place \u00e0 v\u00e9lo &#8230; <\/p>\n<div><a href=\"https:\/\/www.altercampagne.net\/?p=6446\" class=\"more-link\">Read More<\/a><\/div>\n","protected":false},"author":214,"featured_media":0,"comment_status":"closed","ping_status":"closed","sticky":false,"template":"","format":"standard","meta":{"footnotes":""},"categories":[239],"tags":[383,498,499,1652,2578,2846,2849,2850,2851],"class_list":["post-6446","post","type-post","status-publish","format-standard","hentry","category-revue-de-presse","tag-altertour-2016","tag-ecocentre-du-tregor","tag-spered-all","tag-1652","tag-le-telegramme","tag-accueillant","tag-accueillant2016","tag-accueillant-2016","tag-altertour2016","no-post-thumbnail"],"yoast_head":"<!-- This site is optimized with the Yoast SEO plugin v27.3 - https:\/\/yoast.com\/product\/yoast-seo-wordpress\/ -->\n<title>Ecocentre. La fr\u00e9quentation a tripl\u00e9 - AlterTour<\/title>\n<meta name=\"robots\" content=\"index, follow, max-snippet:-1, max-image-preview:large, max-video-preview:-1\" \/>\n<link rel=\"canonical\" href=\"https:\/\/www.altercampagne.net\/?p=6446\" \/>\n<meta property=\"og:locale\" content=\"fr_FR\" \/>\n<meta property=\"og:type\" content=\"article\" \/>\n<meta property=\"og:title\" content=\"Ecocentre. La fr\u00e9quentation a tripl\u00e9 - AlterTour\" \/>\n<meta property=\"og:description\" content=\"L&rsquo;assembl\u00e9e g\u00e9n\u00e9rale de l&rsquo;association Ecocentre-Spered all a eu lieu le samedi 27 ao\u00fbt, sur le site de l&rsquo;association, en pr\u00e9sence de 26 membres. Des emplois cr\u00e9\u00e9s Les principaux \u00e9v\u00e9nements de cette saison estivale ont \u00e9t\u00e9 une randonn\u00e9e musicale, le passage d&rsquo;AlterTour, la visite d&rsquo;une chorale qui se d\u00e9place \u00e0 v\u00e9lo ... Read More\" \/>\n<meta property=\"og:url\" content=\"https:\/\/www.altercampagne.net\/?p=6446\" \/>\n<meta property=\"og:site_name\" content=\"AlterTour\" \/>\n<meta property=\"article:published_time\" content=\"2016-09-03T18:07:09+00:00\" \/>\n<meta property=\"article:modified_time\" content=\"2017-02-09T11:31:07+00:00\" \/>\n<meta name=\"author\" content=\"Mathieu\" \/>\n<meta name=\"twitter:card\" content=\"summary_large_image\" \/>\n<meta name=\"twitter:label1\" content=\"\u00c9crit par\" \/>\n\t<meta name=\"twitter:data1\" content=\"Mathieu\" \/>\n\t<meta name=\"twitter:label2\" content=\"Dur\u00e9e de lecture estim\u00e9e\" \/>\n\t<meta name=\"twitter:data2\" content=\"1 minute\" \/>\n<script type=\"application\/ld+json\" class=\"yoast-schema-graph\">{\"@context\":\"https:\\\/\\\/schema.org\",\"@graph\":[{\"@type\":\"Article\",\"@id\":\"https:\\\/\\\/www.altercampagne.net\\\/?p=6446#article\",\"isPartOf\":{\"@id\":\"https:\\\/\\\/www.altercampagne.net\\\/?p=6446\"},\"author\":{\"name\":\"Mathieu\",\"@id\":\"https:\\\/\\\/www.altercampagne.net\\\/#\\\/schema\\\/person\\\/0f261460c09e430caa0f9bcffa319109\"},\"headline\":\"Ecocentre. La fr\u00e9quentation a tripl\u00e9\",\"datePublished\":\"2016-09-03T18:07:09+00:00\",\"dateModified\":\"2017-02-09T11:31:07+00:00\",\"mainEntityOfPage\":{\"@id\":\"https:\\\/\\\/www.altercampagne.net\\\/?p=6446\"},\"wordCount\":223,\"keywords\":[\"AlterTour 2016\",\"ecocentre du tr\u00e9gor\",\"spered all\",\"2016\",\"Le t\u00e9l\u00e9gramme\",\"accueillant\",\"accueillant2016\",\"accueillant 2016\",\"AlterTour2016\"],\"articleSection\":[\"Revue de presse\"],\"inLanguage\":\"fr-FR\"},{\"@type\":\"WebPage\",\"@id\":\"https:\\\/\\\/www.altercampagne.net\\\/?p=6446\",\"url\":\"https:\\\/\\\/www.altercampagne.net\\\/?p=6446\",\"name\":\"Ecocentre. La fr\u00e9quentation a tripl\u00e9 - AlterTour\",\"isPartOf\":{\"@id\":\"https:\\\/\\\/www.altercampagne.net\\\/#website\"},\"datePublished\":\"2016-09-03T18:07:09+00:00\",\"dateModified\":\"2017-02-09T11:31:07+00:00\",\"author\":{\"@id\":\"https:\\\/\\\/www.altercampagne.net\\\/#\\\/schema\\\/person\\\/0f261460c09e430caa0f9bcffa319109\"},\"breadcrumb\":{\"@id\":\"https:\\\/\\\/www.altercampagne.net\\\/?p=6446#breadcrumb\"},\"inLanguage\":\"fr-FR\",\"potentialAction\":[{\"@type\":\"ReadAction\",\"target\":[\"https:\\\/\\\/www.altercampagne.net\\\/?p=6446\"]}]},{\"@type\":\"BreadcrumbList\",\"@id\":\"https:\\\/\\\/www.altercampagne.net\\\/?p=6446#breadcrumb\",\"itemListElement\":[{\"@type\":\"ListItem\",\"position\":1,\"name\":\"Accueil\",\"item\":\"https:\\\/\\\/www.altercampagne.net\\\/\"},{\"@type\":\"ListItem\",\"position\":2,\"name\":\"Ecocentre. La fr\u00e9quentation a tripl\u00e9\"}]},{\"@type\":\"WebSite\",\"@id\":\"https:\\\/\\\/www.altercampagne.net\\\/#website\",\"url\":\"https:\\\/\\\/www.altercampagne.net\\\/\",\"name\":\"AlterTour\",\"description\":\"Reliez les Alternatives \u00e0 v\u00e9lo\",\"potentialAction\":[{\"@type\":\"SearchAction\",\"target\":{\"@type\":\"EntryPoint\",\"urlTemplate\":\"https:\\\/\\\/www.altercampagne.net\\\/?s={search_term_string}\"},\"query-input\":{\"@type\":\"PropertyValueSpecification\",\"valueRequired\":true,\"valueName\":\"search_term_string\"}}],\"inLanguage\":\"fr-FR\"},{\"@type\":\"Person\",\"@id\":\"https:\\\/\\\/www.altercampagne.net\\\/#\\\/schema\\\/person\\\/0f261460c09e430caa0f9bcffa319109\",\"name\":\"Mathieu\",\"image\":{\"@type\":\"ImageObject\",\"inLanguage\":\"fr-FR\",\"@id\":\"https:\\\/\\\/secure.gravatar.com\\\/avatar\\\/aa9d3d24c83f2141e5e2709d0f63d09a99f6be6bb7a50abc4915838d9f54501a?s=96&d=mm&r=g\",\"url\":\"https:\\\/\\\/secure.gravatar.com\\\/avatar\\\/aa9d3d24c83f2141e5e2709d0f63d09a99f6be6bb7a50abc4915838d9f54501a?s=96&d=mm&r=g\",\"contentUrl\":\"https:\\\/\\\/secure.gravatar.com\\\/avatar\\\/aa9d3d24c83f2141e5e2709d0f63d09a99f6be6bb7a50abc4915838d9f54501a?s=96&d=mm&r=g\",\"caption\":\"Mathieu\"},\"url\":\"https:\\\/\\\/www.altercampagne.net\\\/?author=214\"}]}<\/script>\n<!-- \/ Yoast SEO plugin. -->","yoast_head_json":{"title":"Ecocentre. La fr\u00e9quentation a tripl\u00e9 - AlterTour","robots":{"index":"index","follow":"follow","max-snippet":"max-snippet:-1","max-image-preview":"max-image-preview:large","max-video-preview":"max-video-preview:-1"},"canonical":"https:\/\/www.altercampagne.net\/?p=6446","og_locale":"fr_FR","og_type":"article","og_title":"Ecocentre. La fr\u00e9quentation a tripl\u00e9 - AlterTour","og_description":"L&rsquo;assembl\u00e9e g\u00e9n\u00e9rale de l&rsquo;association Ecocentre-Spered all a eu lieu le samedi 27 ao\u00fbt, sur le site de l&rsquo;association, en pr\u00e9sence de 26 membres. Des emplois cr\u00e9\u00e9s Les principaux \u00e9v\u00e9nements de cette saison estivale ont \u00e9t\u00e9 une randonn\u00e9e musicale, le passage d&rsquo;AlterTour, la visite d&rsquo;une chorale qui se d\u00e9place \u00e0 v\u00e9lo ... Read More","og_url":"https:\/\/www.altercampagne.net\/?p=6446","og_site_name":"AlterTour","article_published_time":"2016-09-03T18:07:09+00:00","article_modified_time":"2017-02-09T11:31:07+00:00","author":"Mathieu","twitter_card":"summary_large_image","twitter_misc":{"\u00c9crit par":"Mathieu","Dur\u00e9e de lecture estim\u00e9e":"1 minute"},"schema":{"@context":"https:\/\/schema.org","@graph":[{"@type":"Article","@id":"https:\/\/www.altercampagne.net\/?p=6446#article","isPartOf":{"@id":"https:\/\/www.altercampagne.net\/?p=6446"},"author":{"name":"Mathieu","@id":"https:\/\/www.altercampagne.net\/#\/schema\/person\/0f261460c09e430caa0f9bcffa319109"},"headline":"Ecocentre. La fr\u00e9quentation a tripl\u00e9","datePublished":"2016-09-03T18:07:09+00:00","dateModified":"2017-02-09T11:31:07+00:00","mainEntityOfPage":{"@id":"https:\/\/www.altercampagne.net\/?p=6446"},"wordCount":223,"keywords":["AlterTour 2016","ecocentre du tr\u00e9gor","spered all","2016","Le t\u00e9l\u00e9gramme","accueillant","accueillant2016","accueillant 2016","AlterTour2016"],"articleSection":["Revue de presse"],"inLanguage":"fr-FR"},{"@type":"WebPage","@id":"https:\/\/www.altercampagne.net\/?p=6446","url":"https:\/\/www.altercampagne.net\/?p=6446","name":"Ecocentre. La fr\u00e9quentation a tripl\u00e9 - AlterTour","isPartOf":{"@id":"https:\/\/www.altercampagne.net\/#website"},"datePublished":"2016-09-03T18:07:09+00:00","dateModified":"2017-02-09T11:31:07+00:00","author":{"@id":"https:\/\/www.altercampagne.net\/#\/schema\/person\/0f261460c09e430caa0f9bcffa319109"},"breadcrumb":{"@id":"https:\/\/www.altercampagne.net\/?p=6446#breadcrumb"},"inLanguage":"fr-FR","potentialAction":[{"@type":"ReadAction","target":["https:\/\/www.altercampagne.net\/?p=6446"]}]},{"@type":"BreadcrumbList","@id":"https:\/\/www.altercampagne.net\/?p=6446#breadcrumb","itemListElement":[{"@type":"ListItem","position":1,"name":"Accueil","item":"https:\/\/www.altercampagne.net\/"},{"@type":"ListItem","position":2,"name":"Ecocentre. La fr\u00e9quentation a tripl\u00e9"}]},{"@type":"WebSite","@id":"https:\/\/www.altercampagne.net\/#website","url":"https:\/\/www.altercampagne.net\/","name":"AlterTour","description":"Reliez les Alternatives \u00e0 v\u00e9lo","potentialAction":[{"@type":"SearchAction","target":{"@type":"EntryPoint","urlTemplate":"https:\/\/www.altercampagne.net\/?s={search_term_string}"},"query-input":{"@type":"PropertyValueSpecification","valueRequired":true,"valueName":"search_term_string"}}],"inLanguage":"fr-FR"},{"@type":"Person","@id":"https:\/\/www.altercampagne.net\/#\/schema\/person\/0f261460c09e430caa0f9bcffa319109","name":"Mathieu","image":{"@type":"ImageObject","inLanguage":"fr-FR","@id":"https:\/\/secure.gravatar.com\/avatar\/aa9d3d24c83f2141e5e2709d0f63d09a99f6be6bb7a50abc4915838d9f54501a?s=96&d=mm&r=g","url":"https:\/\/secure.gravatar.com\/avatar\/aa9d3d24c83f2141e5e2709d0f63d09a99f6be6bb7a50abc4915838d9f54501a?s=96&d=mm&r=g","contentUrl":"https:\/\/secure.gravatar.com\/avatar\/aa9d3d24c83f2141e5e2709d0f63d09a99f6be6bb7a50abc4915838d9f54501a?s=96&d=mm&r=g","caption":"Mathieu"},"url":"https:\/\/www.altercampagne.net\/?author=214"}]}},"_links":{"self":[{"href":"https:\/\/www.altercampagne.net\/index.php?rest_route=\/wp\/v2\/posts\/6446","targetHints":{"allow":["GET"]}}],"collection":[{"href":"https:\/\/www.altercampagne.net\/index.php?rest_route=\/wp\/v2\/posts"}],"about":[{"href":"https:\/\/www.altercampagne.net\/index.php?rest_route=\/wp\/v2\/types\/post"}],"author":[{"embeddable":true,"href":"https:\/\/www.altercampagne.net\/index.php?rest_route=\/wp\/v2\/users\/214"}],"replies":[{"embeddable":true,"href":"https:\/\/www.altercampagne.net\/index.php?rest_route=%2Fwp%2Fv2%2Fcomments&post=6446"}],"version-history":[{"count":0,"href":"https:\/\/www.altercampagne.net\/index.php?rest_route=\/wp\/v2\/posts\/6446\/revisions"}],"wp:attachment":[{"href":"https:\/\/www.altercampagne.net\/index.php?rest_route=%2Fwp%2Fv2%2Fmedia&parent=6446"}],"wp:term":[{"taxonomy":"category","embeddable":true,"href":"https:\/\/www.altercampagne.net\/index.php?rest_route=%2Fwp%2Fv2%2Fcategories&post=6446"},{"taxonomy":"post_tag","embeddable":true,"href":"https:\/\/www.altercampagne.net\/index.php?rest_route=%2Fwp%2Fv2%2Ftags&post=6446"}],"curies":[{"name":"wp","href":"https:\/\/api.w.org\/{rel}","templated":true}]}}