{"id":647,"date":"2014-07-27T15:36:31","date_gmt":"2014-07-27T13:36:31","guid":{"rendered":"http:\/\/www.altercampagne.net\/?p=647"},"modified":"2019-09-16T11:49:15","modified_gmt":"2019-09-16T09:49:15","slug":"motive-ton-voisin-t-auras-fait-un-bout-de-chemin","status":"publish","type":"post","link":"https:\/\/www.altercampagne.net\/?p=647","title":{"rendered":"\u00ab Motive ton voisin, t&rsquo;auras fait un bout de chemin ! \u00bb"},"content":{"rendered":"<p class=\"Style271 Style138 Style152\" align=\"justify\">Ouf ! Nous avons enfin pu s\u00e9cher nos tentes et nos duvets et passer une soir\u00e9e sans orage !<\/p>\n<p class=\"Style271 Style138 Style152\" align=\"justify\">L&rsquo;heure convenable du coucher, apr\u00e8s <strong>un passionnant expos\u00e9 sur les oiseaux forestiers<\/strong> laissait pr\u00e9sager un bon repos.<\/p>\n<p class=\"Style271 Style138 Style152\" align=\"justify\">Mais c\u2019\u00e9tait oublier que les alter-cyclistes aiment les d\u00e9fis : aux premi\u00e8res lueurs du jour, le camion poubelle avertissaient celles et ceux qui avaient le sommeil l\u00e9ger que le vent avait tourn\u00e9. En effet, les premi\u00e8res gouttes de pluie ne tard\u00e8rent pas. C&rsquo;est ainsi qu&rsquo;\u00e0 6 heures, trois matinaux se pr\u00e9cipit\u00e8rent vers les fils \u00e0 linge pour d\u00e9crocher shorts et Tee-shirts encore moites.<\/p>\n<p class=\"Style271 Style138 Style152\" align=\"justify\">Le petit d\u00e9jeuner fut pris \u00e0 l&rsquo;abri sous deux arbres g\u00e9n\u00e9reux et les v\u00e9los en fourch\u00e9s pour partir \u00e0 la d\u00e9couverte d&rsquo;AYEN et ses environs avec nos guides locaux.<\/p>\n<p class=\"Style271 Style138 Style152\" align=\"justify\">A l&rsquo;aide d&rsquo;une lecture de paysage, <strong>Sandra du CAUE<\/strong> (Conseil en Architecture, Urbanisme et Environnement) nous propose des donn\u00e9es<\/p>\n<p class=\"Style271 Style138 Style152\" align=\"justify\">\u2022 g\u00e9ologiques (gr\u00e8s rouge \u00ab\u00a0lie de vin\u00a0\u00bb et buttes calcaires)<\/p>\n<p class=\"Style271 Style138 Style152\" align=\"justify\">\u2022 agricoles (terre de tradition mara\u00eech\u00e8re devenue terre d&rsquo;\u00e9levage et terre fruiti\u00e8re : pommes, noix, ch\u00e2taignes et prunes)<\/p>\n<p class=\"Style271 Style138 Style152\" align=\"justify\">\u2022 historiques : village avec deux niveaux en bas \u00e0 l&rsquo;origine puis village en haut.<\/p>\n<div align=\"center\">\n<table width=\"700\" border=\"1\">\n<tbody>\n<tr>\n<td>\n<p class=\"Style271 Style138 Style152\" align=\"center\"><strong>Prunes de Vars : une ann\u00e9e de r\u00e9colte payait un tracteur,<br \/>\naujourd\u2019hui 50 ann\u00e9es ne paient qu&rsquo;un quart de tracteur.<\/strong><\/td>\n<\/tr>\n<\/tbody>\n<\/table>\n<\/div>\n<p class=\"Style271 Style138 Style152\" align=\"justify\">A la fin du 19 si\u00e8cle, l&rsquo;arriv\u00e9e du train modifiait l&rsquo;\u00e9conomie locale : petite industrie, vannerie ; h\u00e9las 40 ans plus tard, le train ne passe plus \u00e0 Ayen.<\/p>\n<p class=\"Style271 Style138 Style152\" align=\"justify\">Apr\u00e8s une d\u00e9gradation des pratiques agricoles et du b\u00e2ti ancien, un effort est fait au 21\u00b0 si\u00e8cle pour recr\u00e9er des productions locales et r\u00e9habiliter les b\u00e2timents facilitant ainsi l&rsquo;int\u00e9gration de nouveaux habitants (plusieurs n\u00e9erlandais) qui prennent toute leur part \u00e0 la vie locale.<\/p>\n<p class=\"Style271 Style138 Style152\" align=\"justify\">Install\u00e9s sur une butte calcaire t\u00e9moin du pass\u00e9 g\u00e9ologique, nous \u00e9coutons Christophe du <strong>C E N (Conservatoire des Espaces Naturels)<\/strong> exposer les missions de son organisme qui g\u00e8re 130 sites en Limousin. L&rsquo;exemple de la pelouse s\u00e8che sur laquelle nous nous trouvons est embl\u00e9matique. Il s&rsquo;agit de pr\u00e9server l&rsquo;existant avec des esp\u00e8ces (faune et flore) rares et\/ou prot\u00e9g\u00e9es pour garder le milieu ouvert. On y effectue une fauche annuelle tardive. Nos nombreuses interrogations permettent d&rsquo;aborder les questions fonci\u00e8res, financi\u00e8res, politiques et naturalistes.<\/p>\n<p class=\"Style271 Style138 Style152\" align=\"justify\">Apr\u00e8s un succulent repas sur la terrasse de la salle des f\u00eates (pr\u00e9par\u00e9 avec soin par l&rsquo;\u00e9quipe \u00ab cuisine \u00bb), deux groupes ont poursuivi les visites.<\/p>\n<p class=\"Style271 Style138 Style152\" align=\"justify\">Un groupe est all\u00e9 \u00e0 l&rsquo;<strong>Arboretum la Tulli\u00e8re<\/strong> avec Patrick un \u00e9co-artisan qui a fond\u00e9 l&rsquo;entreprise \u00ab\u00a0<strong>a two bois<\/strong>\u00ab\u00a0<strong>.<\/strong> Cet Arboretum de 8 hectares exploit\u00e9 par un couple de n\u00e9erlandais depuis 25 ans recense 1500 arbres et arbustes du monde entier dont une collection de 130 Spir\u00e9es transplant\u00e9e du Pays Bas en 2011 et unique en Europe. Le lieu est ouvert au public et re\u00e7oit beaucoup de groupes dans un but p\u00e9dagogique. Les propri\u00e9taires habitent la maison ancienne en pierre, Patrick leur a construit un pavillon d&rsquo;accueil bioclimatique avec un toit v\u00e9g\u00e9talis\u00e9 ainsi qu&rsquo;un d\u00f4me. L&rsquo;Arboretum, presque tenu comme un parc, comprend un \u00e9tang avec des canards, des oies, des poules. Il inspire le calme et la d\u00e9tente.<\/p>\n<div id=\"attachment_649\" style=\"width: 353px\" class=\"wp-caption aligncenter\"><a href=\"http:\/\/ayen21.over-blog.com\/\" target=\"_blank\" rel=\"noopener noreferrer\"><img loading=\"lazy\" decoding=\"async\" aria-describedby=\"caption-attachment-649\" class=\"wp-image-649 size-full\" src=\"http:\/\/www.altercampagne.net\/wp-content\/uploads\/2015\/02\/AT2014-07-27_19.04.jpg\" alt=\"J\u00e9r\u00f4me Perdrix, AlterTour 2014, cr\u00e9dit photo G de Crop\" width=\"343\" height=\"512\" srcset=\"https:\/\/www.altercampagne.net\/wp-content\/uploads\/2015\/02\/AT2014-07-27_19.04.jpg 343w, https:\/\/www.altercampagne.net\/wp-content\/uploads\/2015\/02\/AT2014-07-27_19.04-200x300.jpg 200w\" sizes=\"auto, (max-width: 343px) 100vw, 343px\" \/><\/a><p id=\"caption-attachment-649\" class=\"wp-caption-text\">J\u00e9r\u00f4me Perdrix, AlterTour 2014, cr\u00e9dit photo G de Crop<\/p><\/div>\n<p class=\"Style271 Style138 Style152\" align=\"justify\">Le deuxi\u00e8me groupe avait rendez-vous avec J\u00e9r\u00f4me adjoint au maire en charge du d\u00e9veloppement durable. <strong><a href=\"http:\/\/ayen21.over-blog.com\/\" target=\"_blank\" rel=\"noopener noreferrer\">AYEN terre d&rsquo;Avenir<\/a> <em>labellis\u00e9 AGENDA 21<\/em><\/strong> en 2005 fait partie des premiers villages en France \u00e0 avoir obtenu cette reconnaissance nationale.<\/p>\n<p class=\"Style271 Style138 Style152\" align=\"justify\">A ce titre, il a b\u00e9n\u00e9fici\u00e9 d&rsquo;une m\u00e9thodologie d&rsquo;accompagnement pour un programme d&rsquo;actions autour de 5 axes :<\/p>\n<p class=\"Style271 Style138 Style152\" align=\"justify\">1) \u00e9conomie ressource du territoire<br \/>\n2) protection bioclimatique (plan climat \u00e9nergie territoire PCET)<br \/>\n3) \u00e9panouissement des \u00eatres humains<br \/>\n4) comment produire et consommer localement<br \/>\n5) le niveau satisfaisant de d\u00e9veloppement<\/p>\n<p class=\"Style271 Style138 Style152\" align=\"justify\">L&rsquo;aventure de l&rsquo;\u00e9quipe A 21 est illustr\u00e9e par une anecdote. Comment \u00e9viter qu&rsquo;un commer\u00e7ant br\u00fble r\u00e9guli\u00e8rement ses emballages. Quelle est la meilleure solution utile pour la commune, pour ses habitant.es et pour la nature ?<\/p>\n<p class=\"Style271 Style138 Style152\" align=\"justify\">Il suffit parfois de savoir observer, d&rsquo;aller \u00e0 la rencontre de la population et de prendre des d\u00e9cisions (politiques).<br \/>\nL&rsquo;exp\u00e9rience d&rsquo;Ayen est partag\u00e9e par un groupe de citoyennes et de citoyens r\u00e9unis r\u00e9guli\u00e8rement dans un collectif associatif. Ils organisent des r\u00e9unions th\u00e9matiques avec la population et cherchent \u00e0 f\u00e9d\u00e9rer les initiatives du territoire (associations, entreprises)<br \/>\nDeux innovations \u00e0 reprendre : plus de d\u00e9mocratie active et plus d&rsquo;indicateurs pour mesurer les 107 actions de l&rsquo;agenda 21.<\/p>\n<p class=\"Style271 Style138 Style152\" align=\"justify\">\u2022 Avant chaque conseil municipal, 5 personnes sont tir\u00e9es au sort. Elles participent aux d\u00e9bats du conseil municipal sans prendre part au vote.<\/p>\n<p class=\"Style271 Style138 Style152\" align=\"justify\">Et que croyez-vous qu&rsquo;il se passe ensuite ? Eh, bien celles et ceux qui sont venues (un peu par obligation) font le d\u00e9placement pour les prochains conseils municipaux !<br \/>\n\u2022 Le collectif a \u00e9galement le souci permanent d&rsquo;\u00e9valuation ; en consultant le site AYEN21, on retrouvera leur travail sur un ensemble d&rsquo;indicateurs : <a href=\"http:\/\/ayen21.over-blog.com\/pages\/Les_indicateurs_devaluation-5955096.html\" target=\"_blank\" rel=\"noopener noreferrer\">http:\/\/ayen21.over-blog.com\/pages\/Les_indicateurs_devaluation-5955096.html <\/a><\/p>\n<p class=\"Style271 Style138 Style152\" align=\"justify\">Pour 2014, un gros projet est \u00e0 l\u2019\u0153uvre avec un panel important de partenaires institutionnels : <strong>la maison des services au public qui prendra la suite du RELAIS DES SERVICES PUBLICS<\/strong>.<br \/>\nIl s&rsquo;agit d&rsquo;un lieu unique tel un guichet unique pour toutes les formalit\u00e9s administratives, les d\u00e9marches en vue d&rsquo;obtenir des aides et des conseils.<br \/>\nQuelques chiffres : 1151 personnes accueillies ce qui \u00e9quivaut \u00e0 77107 de kms \u00e9vit\u00e9s soit 21627 de CO2 non \u00e9mis. Cet espace est anim\u00e9 par une personne en emploi aid\u00e9 qui retrouve un travail (plus facilement) apr\u00e8s cette exp\u00e9rience de mise en r\u00e9seau et de soutien personnalis\u00e9 en fonction des attentes de chacun.<br \/>\nJ\u00e9r\u00f4me \u00e9tant intarissable sur tous ces projets (certains tr\u00e8s innovants tels la monnaie locale en lien au covoiturage), nous vous invitons \u00e0 le contacter via le site de la commune pour approfondir ce qui pourrait \u00eatre transf\u00e9rable chez vous !<\/p>\n<p class=\"Style271 Style138 Style152\" style=\"text-align: right;\" align=\"justify\"><strong>Jo\u00eblle<\/strong><\/p>\n","protected":false},"excerpt":{"rendered":"<p>Ouf ! Nous avons enfin pu s\u00e9cher nos tentes et nos duvets et passer une soir\u00e9e sans orage ! L&rsquo;heure convenable du coucher, apr\u00e8s un passionnant expos\u00e9 sur les oiseaux forestiers laissait pr\u00e9sager un bon repos. Mais c\u2019\u00e9tait oublier que les alter-cyclistes aiment les d\u00e9fis : aux premi\u00e8res lueurs du &#8230; <\/p>\n<div><a href=\"https:\/\/www.altercampagne.net\/?p=647\" class=\"more-link\">Read More<\/a><\/div>\n","protected":false},"author":214,"featured_media":15687,"comment_status":"closed","ping_status":"closed","sticky":false,"template":"","format":"standard","meta":{"footnotes":""},"categories":[3479,3461,3540],"tags":[90,91,92,93,94,95,96,97,319],"class_list":["post-647","post","type-post","status-publish","format-standard","has-post-thumbnail","hentry","category-nouvelle-aquitaine","category-edition-2014","category-transverse","tag-ayen","tag-sandra-du-caue","tag-conservatoire-des-espaces-naturels","tag-arboretum-la-tulliere","tag-a-two-bois","tag-jerome-perdrix","tag-ayen-terre-davenir","tag-agenda-21","tag-altertour-2014"],"yoast_head":"<!-- This site is optimized with the Yoast SEO plugin v27.3 - https:\/\/yoast.com\/product\/yoast-seo-wordpress\/ -->\n<title>\u00ab Motive ton voisin, t&#039;auras fait un bout de chemin ! \u00bb - AlterTour<\/title>\n<meta name=\"robots\" content=\"index, follow, max-snippet:-1, max-image-preview:large, max-video-preview:-1\" \/>\n<link rel=\"canonical\" href=\"https:\/\/www.altercampagne.net\/?p=647\" \/>\n<meta property=\"og:locale\" content=\"fr_FR\" \/>\n<meta property=\"og:type\" content=\"article\" \/>\n<meta property=\"og:title\" content=\"\u00ab Motive ton voisin, t&#039;auras fait un bout de chemin ! \u00bb - AlterTour\" \/>\n<meta property=\"og:description\" content=\"Ouf ! Nous avons enfin pu s\u00e9cher nos tentes et nos duvets et passer une soir\u00e9e sans orage ! L&rsquo;heure convenable du coucher, apr\u00e8s un passionnant expos\u00e9 sur les oiseaux forestiers laissait pr\u00e9sager un bon repos. Mais c\u2019\u00e9tait oublier que les alter-cyclistes aiment les d\u00e9fis : aux premi\u00e8res lueurs du ... Read More\" \/>\n<meta property=\"og:url\" content=\"https:\/\/www.altercampagne.net\/?p=647\" \/>\n<meta property=\"og:site_name\" content=\"AlterTour\" \/>\n<meta property=\"article:published_time\" content=\"2014-07-27T13:36:31+00:00\" \/>\n<meta property=\"article:modified_time\" content=\"2019-09-16T09:49:15+00:00\" \/>\n<meta property=\"og:image\" content=\"https:\/\/www.altercampagne.net\/wp-content\/uploads\/2014\/07\/2014-07-27_19.18.jpg\" \/>\n\t<meta property=\"og:image:width\" content=\"907\" \/>\n\t<meta property=\"og:image:height\" content=\"474\" \/>\n\t<meta property=\"og:image:type\" content=\"image\/jpeg\" \/>\n<meta name=\"author\" content=\"Mathieu\" \/>\n<meta name=\"twitter:card\" content=\"summary_large_image\" \/>\n<meta name=\"twitter:label1\" content=\"\u00c9crit par\" \/>\n\t<meta name=\"twitter:data1\" content=\"Mathieu\" \/>\n\t<meta name=\"twitter:label2\" content=\"Dur\u00e9e de lecture estim\u00e9e\" \/>\n\t<meta name=\"twitter:data2\" content=\"5 minutes\" \/>\n<script type=\"application\/ld+json\" class=\"yoast-schema-graph\">{\"@context\":\"https:\\\/\\\/schema.org\",\"@graph\":[{\"@type\":\"Article\",\"@id\":\"https:\\\/\\\/www.altercampagne.net\\\/?p=647#article\",\"isPartOf\":{\"@id\":\"https:\\\/\\\/www.altercampagne.net\\\/?p=647\"},\"author\":{\"name\":\"Mathieu\",\"@id\":\"https:\\\/\\\/www.altercampagne.net\\\/#\\\/schema\\\/person\\\/0f261460c09e430caa0f9bcffa319109\"},\"headline\":\"\u00ab Motive ton voisin, t&rsquo;auras fait un bout de chemin ! \u00bb\",\"datePublished\":\"2014-07-27T13:36:31+00:00\",\"dateModified\":\"2019-09-16T09:49:15+00:00\",\"mainEntityOfPage\":{\"@id\":\"https:\\\/\\\/www.altercampagne.net\\\/?p=647\"},\"wordCount\":1047,\"image\":{\"@id\":\"https:\\\/\\\/www.altercampagne.net\\\/?p=647#primaryimage\"},\"thumbnailUrl\":\"https:\\\/\\\/www.altercampagne.net\\\/wp-content\\\/uploads\\\/2014\\\/07\\\/2014-07-27_19.18.jpg\",\"keywords\":[\"Ayen\",\"Sandra du CAUE\",\"Conservatoire des Espaces Naturels\",\"Arboretum la Tulli\u00e8re\",\"a two bois\",\"J\u00e9r\u00f4me Perdrix\",\"AYEN terre d'Avenir\",\"AGENDA 21\",\"altertour 2014\"],\"articleSection\":[\"Nouvelle-Aquitaine\",\"\u00c9dition 2014\",\"Transverse\"],\"inLanguage\":\"fr-FR\"},{\"@type\":\"WebPage\",\"@id\":\"https:\\\/\\\/www.altercampagne.net\\\/?p=647\",\"url\":\"https:\\\/\\\/www.altercampagne.net\\\/?p=647\",\"name\":\"\u00ab Motive ton voisin, t'auras fait un bout de chemin ! \u00bb - AlterTour\",\"isPartOf\":{\"@id\":\"https:\\\/\\\/www.altercampagne.net\\\/#website\"},\"primaryImageOfPage\":{\"@id\":\"https:\\\/\\\/www.altercampagne.net\\\/?p=647#primaryimage\"},\"image\":{\"@id\":\"https:\\\/\\\/www.altercampagne.net\\\/?p=647#primaryimage\"},\"thumbnailUrl\":\"https:\\\/\\\/www.altercampagne.net\\\/wp-content\\\/uploads\\\/2014\\\/07\\\/2014-07-27_19.18.jpg\",\"datePublished\":\"2014-07-27T13:36:31+00:00\",\"dateModified\":\"2019-09-16T09:49:15+00:00\",\"author\":{\"@id\":\"https:\\\/\\\/www.altercampagne.net\\\/#\\\/schema\\\/person\\\/0f261460c09e430caa0f9bcffa319109\"},\"breadcrumb\":{\"@id\":\"https:\\\/\\\/www.altercampagne.net\\\/?p=647#breadcrumb\"},\"inLanguage\":\"fr-FR\",\"potentialAction\":[{\"@type\":\"ReadAction\",\"target\":[\"https:\\\/\\\/www.altercampagne.net\\\/?p=647\"]}]},{\"@type\":\"ImageObject\",\"inLanguage\":\"fr-FR\",\"@id\":\"https:\\\/\\\/www.altercampagne.net\\\/?p=647#primaryimage\",\"url\":\"https:\\\/\\\/www.altercampagne.net\\\/wp-content\\\/uploads\\\/2014\\\/07\\\/2014-07-27_19.18.jpg\",\"contentUrl\":\"https:\\\/\\\/www.altercampagne.net\\\/wp-content\\\/uploads\\\/2014\\\/07\\\/2014-07-27_19.18.jpg\",\"width\":907,\"height\":474},{\"@type\":\"BreadcrumbList\",\"@id\":\"https:\\\/\\\/www.altercampagne.net\\\/?p=647#breadcrumb\",\"itemListElement\":[{\"@type\":\"ListItem\",\"position\":1,\"name\":\"Accueil\",\"item\":\"https:\\\/\\\/www.altercampagne.net\\\/\"},{\"@type\":\"ListItem\",\"position\":2,\"name\":\"\u00ab Motive ton voisin, t&rsquo;auras fait un bout de chemin ! \u00bb\"}]},{\"@type\":\"WebSite\",\"@id\":\"https:\\\/\\\/www.altercampagne.net\\\/#website\",\"url\":\"https:\\\/\\\/www.altercampagne.net\\\/\",\"name\":\"AlterTour\",\"description\":\"Reliez les Alternatives \u00e0 v\u00e9lo\",\"potentialAction\":[{\"@type\":\"SearchAction\",\"target\":{\"@type\":\"EntryPoint\",\"urlTemplate\":\"https:\\\/\\\/www.altercampagne.net\\\/?s={search_term_string}\"},\"query-input\":{\"@type\":\"PropertyValueSpecification\",\"valueRequired\":true,\"valueName\":\"search_term_string\"}}],\"inLanguage\":\"fr-FR\"},{\"@type\":\"Person\",\"@id\":\"https:\\\/\\\/www.altercampagne.net\\\/#\\\/schema\\\/person\\\/0f261460c09e430caa0f9bcffa319109\",\"name\":\"Mathieu\",\"image\":{\"@type\":\"ImageObject\",\"inLanguage\":\"fr-FR\",\"@id\":\"https:\\\/\\\/secure.gravatar.com\\\/avatar\\\/aa9d3d24c83f2141e5e2709d0f63d09a99f6be6bb7a50abc4915838d9f54501a?s=96&d=mm&r=g\",\"url\":\"https:\\\/\\\/secure.gravatar.com\\\/avatar\\\/aa9d3d24c83f2141e5e2709d0f63d09a99f6be6bb7a50abc4915838d9f54501a?s=96&d=mm&r=g\",\"contentUrl\":\"https:\\\/\\\/secure.gravatar.com\\\/avatar\\\/aa9d3d24c83f2141e5e2709d0f63d09a99f6be6bb7a50abc4915838d9f54501a?s=96&d=mm&r=g\",\"caption\":\"Mathieu\"},\"url\":\"https:\\\/\\\/www.altercampagne.net\\\/?author=214\"}]}<\/script>\n<!-- \/ Yoast SEO plugin. -->","yoast_head_json":{"title":"\u00ab Motive ton voisin, t'auras fait un bout de chemin ! \u00bb - AlterTour","robots":{"index":"index","follow":"follow","max-snippet":"max-snippet:-1","max-image-preview":"max-image-preview:large","max-video-preview":"max-video-preview:-1"},"canonical":"https:\/\/www.altercampagne.net\/?p=647","og_locale":"fr_FR","og_type":"article","og_title":"\u00ab Motive ton voisin, t'auras fait un bout de chemin ! \u00bb - AlterTour","og_description":"Ouf ! Nous avons enfin pu s\u00e9cher nos tentes et nos duvets et passer une soir\u00e9e sans orage ! L&rsquo;heure convenable du coucher, apr\u00e8s un passionnant expos\u00e9 sur les oiseaux forestiers laissait pr\u00e9sager un bon repos. Mais c\u2019\u00e9tait oublier que les alter-cyclistes aiment les d\u00e9fis : aux premi\u00e8res lueurs du ... Read More","og_url":"https:\/\/www.altercampagne.net\/?p=647","og_site_name":"AlterTour","article_published_time":"2014-07-27T13:36:31+00:00","article_modified_time":"2019-09-16T09:49:15+00:00","og_image":[{"width":907,"height":474,"url":"https:\/\/www.altercampagne.net\/wp-content\/uploads\/2014\/07\/2014-07-27_19.18.jpg","type":"image\/jpeg"}],"author":"Mathieu","twitter_card":"summary_large_image","twitter_misc":{"\u00c9crit par":"Mathieu","Dur\u00e9e de lecture estim\u00e9e":"5 minutes"},"schema":{"@context":"https:\/\/schema.org","@graph":[{"@type":"Article","@id":"https:\/\/www.altercampagne.net\/?p=647#article","isPartOf":{"@id":"https:\/\/www.altercampagne.net\/?p=647"},"author":{"name":"Mathieu","@id":"https:\/\/www.altercampagne.net\/#\/schema\/person\/0f261460c09e430caa0f9bcffa319109"},"headline":"\u00ab Motive ton voisin, t&rsquo;auras fait un bout de chemin ! \u00bb","datePublished":"2014-07-27T13:36:31+00:00","dateModified":"2019-09-16T09:49:15+00:00","mainEntityOfPage":{"@id":"https:\/\/www.altercampagne.net\/?p=647"},"wordCount":1047,"image":{"@id":"https:\/\/www.altercampagne.net\/?p=647#primaryimage"},"thumbnailUrl":"https:\/\/www.altercampagne.net\/wp-content\/uploads\/2014\/07\/2014-07-27_19.18.jpg","keywords":["Ayen","Sandra du CAUE","Conservatoire des Espaces Naturels","Arboretum la Tulli\u00e8re","a two bois","J\u00e9r\u00f4me Perdrix","AYEN terre d'Avenir","AGENDA 21","altertour 2014"],"articleSection":["Nouvelle-Aquitaine","\u00c9dition 2014","Transverse"],"inLanguage":"fr-FR"},{"@type":"WebPage","@id":"https:\/\/www.altercampagne.net\/?p=647","url":"https:\/\/www.altercampagne.net\/?p=647","name":"\u00ab Motive ton voisin, t'auras fait un bout de chemin ! \u00bb - AlterTour","isPartOf":{"@id":"https:\/\/www.altercampagne.net\/#website"},"primaryImageOfPage":{"@id":"https:\/\/www.altercampagne.net\/?p=647#primaryimage"},"image":{"@id":"https:\/\/www.altercampagne.net\/?p=647#primaryimage"},"thumbnailUrl":"https:\/\/www.altercampagne.net\/wp-content\/uploads\/2014\/07\/2014-07-27_19.18.jpg","datePublished":"2014-07-27T13:36:31+00:00","dateModified":"2019-09-16T09:49:15+00:00","author":{"@id":"https:\/\/www.altercampagne.net\/#\/schema\/person\/0f261460c09e430caa0f9bcffa319109"},"breadcrumb":{"@id":"https:\/\/www.altercampagne.net\/?p=647#breadcrumb"},"inLanguage":"fr-FR","potentialAction":[{"@type":"ReadAction","target":["https:\/\/www.altercampagne.net\/?p=647"]}]},{"@type":"ImageObject","inLanguage":"fr-FR","@id":"https:\/\/www.altercampagne.net\/?p=647#primaryimage","url":"https:\/\/www.altercampagne.net\/wp-content\/uploads\/2014\/07\/2014-07-27_19.18.jpg","contentUrl":"https:\/\/www.altercampagne.net\/wp-content\/uploads\/2014\/07\/2014-07-27_19.18.jpg","width":907,"height":474},{"@type":"BreadcrumbList","@id":"https:\/\/www.altercampagne.net\/?p=647#breadcrumb","itemListElement":[{"@type":"ListItem","position":1,"name":"Accueil","item":"https:\/\/www.altercampagne.net\/"},{"@type":"ListItem","position":2,"name":"\u00ab Motive ton voisin, t&rsquo;auras fait un bout de chemin ! \u00bb"}]},{"@type":"WebSite","@id":"https:\/\/www.altercampagne.net\/#website","url":"https:\/\/www.altercampagne.net\/","name":"AlterTour","description":"Reliez les Alternatives \u00e0 v\u00e9lo","potentialAction":[{"@type":"SearchAction","target":{"@type":"EntryPoint","urlTemplate":"https:\/\/www.altercampagne.net\/?s={search_term_string}"},"query-input":{"@type":"PropertyValueSpecification","valueRequired":true,"valueName":"search_term_string"}}],"inLanguage":"fr-FR"},{"@type":"Person","@id":"https:\/\/www.altercampagne.net\/#\/schema\/person\/0f261460c09e430caa0f9bcffa319109","name":"Mathieu","image":{"@type":"ImageObject","inLanguage":"fr-FR","@id":"https:\/\/secure.gravatar.com\/avatar\/aa9d3d24c83f2141e5e2709d0f63d09a99f6be6bb7a50abc4915838d9f54501a?s=96&d=mm&r=g","url":"https:\/\/secure.gravatar.com\/avatar\/aa9d3d24c83f2141e5e2709d0f63d09a99f6be6bb7a50abc4915838d9f54501a?s=96&d=mm&r=g","contentUrl":"https:\/\/secure.gravatar.com\/avatar\/aa9d3d24c83f2141e5e2709d0f63d09a99f6be6bb7a50abc4915838d9f54501a?s=96&d=mm&r=g","caption":"Mathieu"},"url":"https:\/\/www.altercampagne.net\/?author=214"}]}},"_links":{"self":[{"href":"https:\/\/www.altercampagne.net\/index.php?rest_route=\/wp\/v2\/posts\/647","targetHints":{"allow":["GET"]}}],"collection":[{"href":"https:\/\/www.altercampagne.net\/index.php?rest_route=\/wp\/v2\/posts"}],"about":[{"href":"https:\/\/www.altercampagne.net\/index.php?rest_route=\/wp\/v2\/types\/post"}],"author":[{"embeddable":true,"href":"https:\/\/www.altercampagne.net\/index.php?rest_route=\/wp\/v2\/users\/214"}],"replies":[{"embeddable":true,"href":"https:\/\/www.altercampagne.net\/index.php?rest_route=%2Fwp%2Fv2%2Fcomments&post=647"}],"version-history":[{"count":0,"href":"https:\/\/www.altercampagne.net\/index.php?rest_route=\/wp\/v2\/posts\/647\/revisions"}],"wp:featuredmedia":[{"embeddable":true,"href":"https:\/\/www.altercampagne.net\/index.php?rest_route=\/wp\/v2\/media\/15687"}],"wp:attachment":[{"href":"https:\/\/www.altercampagne.net\/index.php?rest_route=%2Fwp%2Fv2%2Fmedia&parent=647"}],"wp:term":[{"taxonomy":"category","embeddable":true,"href":"https:\/\/www.altercampagne.net\/index.php?rest_route=%2Fwp%2Fv2%2Fcategories&post=647"},{"taxonomy":"post_tag","embeddable":true,"href":"https:\/\/www.altercampagne.net\/index.php?rest_route=%2Fwp%2Fv2%2Ftags&post=647"}],"curies":[{"name":"wp","href":"https:\/\/api.w.org\/{rel}","templated":true}]}}