{"id":6479,"date":"2016-11-25T14:49:35","date_gmt":"2016-11-25T13:49:35","guid":{"rendered":"http:\/\/www.altercampagne.net\/?p=6479"},"modified":"2020-02-24T14:59:44","modified_gmt":"2020-02-24T13:59:44","slug":"3eme-reunion-de-preparation-de-laltertour-les-10-et-11-decembre-2016-a-andines","status":"publish","type":"post","link":"https:\/\/www.altercampagne.net\/?p=6479","title":{"rendered":"R\u00e9union de pr\u00e9paration de l&rsquo;AlterTour les 10 et 11 d\u00e9cembre 2016 \u00e0 Andines (Saint-Denis)"},"content":{"rendered":"<p>Rendez-vous \u00e0 Andines : 5 Rue de La Poterie &#8211; 93200 Saint-Denis<br \/>\nM\u00e9tro 13 : \u201cPorte de paris\u201d, puis Tram 8 : \u00ab\u00a0Delaunay Belleville\u00a0\u00bb<br \/>\nou<br \/>\nRER D : gare de Saint Denis puis Tram 8 : \u00ab\u00a0Delaunay\/Belleville\u00a0\u00bb<\/p>\n<p>Samedi matin<br \/>\n09h00 &#8211; 09h30 : Accueil, caf\u00e9, c\u00e2lins-brise-glace<br \/>\n09h30 &#8211; 09h45 : Pr\u00e9sentations, r\u00e9partition des r\u00f4les<br \/>\n09h45 &#8211; 10h00 : CR de la derni\u00e8re r\u00e9union du coll\u00e8ge solidaire<br \/>\n10h00 &#8211; 10h30 : Restitution du GT \u201cconvention de partenariat avec silence\u201d<br \/>\n10h30 &#8211; 10h45: pause<br \/>\n10h45 &#8211; 11h00 : Restitution du GT \u201cframaliste\u201d (cr\u00e9ation d\u2019une liste de diffusion par Mathieu et Yome R\u00e9dacteurs recueil)<br \/>\n11h00 &#8211; 12h00 : Restitution du GT \u201crecueil\u201d<br \/>\n12h00 &#8211; 12h30 : Rythme de l\u2019AT (pour la d\u00e9finition du parcours)<\/p>\n<p>Samedi apr\u00e8s-midi<br \/>\n14h00 &#8211; 14h15 : Accueil, c\u00e2lins-brise-glace<br \/>\n14h15 &#8211; 14h30 : Historique, pr\u00e9sentation, m\u00e9thode<br \/>\n15h30 &#8211; 16h30 : Pr\u00e9sentation de chaque th\u00e8me par les responsables de chaque th\u00e8me\/proposition de 2 slogans par th\u00e8me \/questions<br \/>\n16h30 &#8211; 16h45 : Pause\u2019<br \/>\n16h45 &#8211; 17h30 : Choix du th\u00e8me : d\u00e9bat en p\u00e9dale<br \/>\n17h30 &#8211; 18h15 : Choix du slogan du th\u00e8me: d\u00e9bat mouvant + de tour de non objection<br \/>\n18h15 &#8211; 18h30 : Orga de la pl\u00e9ni\u00e8re de f\u00e9vrier<\/p>\n<p>Dimanche matin<br \/>\n09h00 &#8211; 09h30 : Accueil (Isabelle et Marie), caf\u00e9, c\u00e2lins-brise-glace<br \/>\n09h30 &#8211; 10h15 : Travail en petit groupe :<br \/>\n&#8211; Mixit\u00e9\/accessibilit\u00e9<br \/>\n&#8211; Sp\u00e9cial 10\u00e8me \u00e9dition<br \/>\n&#8211; Relation avec accueillants<br \/>\n&#8211; Militantisme<br \/>\n&#8211; S\u00e9curit\u00e9<br \/>\n&#8211; Repas &#8211; courses &#8211; gaspillage<br \/>\n&#8211; Communication<br \/>\n10h15 &#8211; 11h : Restitution des petits groupe<br \/>\n11h15 &#8211; 11h30 : Pause<br \/>\n11h30 &#8211; 12h30 : D\u00e9finition d\u2019une \u00e9bauche de parcours<br \/>\n&#8211; Point Espagne (Dominique)<br \/>\n&#8211; R\u00e9ponses positives des diff\u00e9rents lieux d&rsquo;accueil<br \/>\n&#8211; Incontournables (lien avec mixit\u00e9?)<br \/>\n&#8211; Point Espagne : \u2018paysage\u2019 des alternatives en Espagne, \u00e9tats de nos forces pour partie espagnole<br \/>\n&#8211; Propositions de parcours<br \/>\n&#8211; Kilom\u00e9trage<br \/>\n&#8211; Points de passage (festivals Emma\u00fcs, Cauberotte\u2026)<\/p>\n<p>Dimanche apr\u00e8s-midi<br \/>\n14h00 &#8211; 14h15 : Accueil, c\u00e2lins-brise-glace<br \/>\n14h15 &#8211; 14h30 : Proposition de Yome parcours avec autres moyens de transports doux ?<br \/>\n14h30 &#8211; 15h00 : Groupes de travail sur le Week-End de R\u00e9paration des V\u00e9los de l&rsquo;AlterTour (WERVA) : date et lieu, lieu des stationnements, date AT MFR, placement du matos, logistique, info Pierrot &#8211; attractivit\u00e9 &#8211; t\u00e2che sur l\u2019IVECO pendant before tour<br \/>\n15h00 &#8211; 15h15 : Restitution<br \/>\n15h15-15h30 : pause<br \/>\n15h30- 16h15: Groupe de travail :<br \/>\n&#8211; AlterTour, avenir proche et lointain<br \/>\n&#8211; Le livre sur l\u2019AT<br \/>\n&#8211; D\u00e9veloppement de l\u2019AT<br \/>\n16h15- 16h45 : Restitution<br \/>\n16h45 &#8211; 17h15 : Rangement\/m\u00e9nage<\/p>\n","protected":false},"excerpt":{"rendered":"<p>Rendez-vous \u00e0 Andines : 5 Rue de La Poterie &#8211; 93200 Saint-Denis M\u00e9tro 13 : \u201cPorte de paris\u201d, puis Tram 8 : \u00ab\u00a0Delaunay Belleville\u00a0\u00bb ou RER D : gare de Saint Denis puis Tram 8 : \u00ab\u00a0Delaunay\/Belleville\u00a0\u00bb Samedi matin 09h00 &#8211; 09h30 : Accueil, caf\u00e9, c\u00e2lins-brise-glace 09h30 &#8211; 09h45 : &#8230; <\/p>\n<div><a href=\"https:\/\/www.altercampagne.net\/?p=6479\" class=\"more-link\">Read More<\/a><\/div>\n","protected":false},"author":214,"featured_media":0,"comment_status":"closed","ping_status":"closed","sticky":false,"template":"","format":"standard","meta":{"footnotes":""},"categories":[3539],"tags":[51,434,476,520,2760,2783,2828,2839],"class_list":["post-6479","post","type-post","status-publish","format-standard","hentry","category-we-de-preparation","tag-andines","tag-pleniere","tag-reunion","tag-parcours","tag-decembre-2016","tag-altertour-2017","tag-theme","tag-ordre-du-jour","no-post-thumbnail"],"yoast_head":"<!-- This site is optimized with the Yoast SEO plugin v27.3 - https:\/\/yoast.com\/product\/yoast-seo-wordpress\/ -->\n<title>R\u00e9union de pr\u00e9paration de l&#039;AlterTour les 10 et 11 d\u00e9cembre 2016 \u00e0 Andines (Saint-Denis) - AlterTour<\/title>\n<meta name=\"robots\" content=\"index, follow, max-snippet:-1, max-image-preview:large, max-video-preview:-1\" \/>\n<link rel=\"canonical\" href=\"https:\/\/www.altercampagne.net\/?p=6479\" \/>\n<meta property=\"og:locale\" content=\"fr_FR\" \/>\n<meta property=\"og:type\" content=\"article\" \/>\n<meta property=\"og:title\" content=\"R\u00e9union de pr\u00e9paration de l&#039;AlterTour les 10 et 11 d\u00e9cembre 2016 \u00e0 Andines (Saint-Denis) - AlterTour\" \/>\n<meta property=\"og:description\" content=\"Rendez-vous \u00e0 Andines : 5 Rue de La Poterie &#8211; 93200 Saint-Denis M\u00e9tro 13 : \u201cPorte de paris\u201d, puis Tram 8 : \u00ab\u00a0Delaunay Belleville\u00a0\u00bb ou RER D : gare de Saint Denis puis Tram 8 : \u00ab\u00a0Delaunay\/Belleville\u00a0\u00bb Samedi matin 09h00 &#8211; 09h30 : Accueil, caf\u00e9, c\u00e2lins-brise-glace 09h30 &#8211; 09h45 : ... Read More\" \/>\n<meta property=\"og:url\" content=\"https:\/\/www.altercampagne.net\/?p=6479\" \/>\n<meta property=\"og:site_name\" content=\"AlterTour\" \/>\n<meta property=\"article:published_time\" content=\"2016-11-25T13:49:35+00:00\" \/>\n<meta property=\"article:modified_time\" content=\"2020-02-24T13:59:44+00:00\" \/>\n<meta name=\"author\" content=\"Mathieu\" \/>\n<meta name=\"twitter:card\" content=\"summary_large_image\" \/>\n<meta name=\"twitter:label1\" content=\"\u00c9crit par\" \/>\n\t<meta name=\"twitter:data1\" content=\"Mathieu\" \/>\n\t<meta name=\"twitter:label2\" content=\"Dur\u00e9e de lecture estim\u00e9e\" \/>\n\t<meta name=\"twitter:data2\" content=\"2 minutes\" \/>\n<script type=\"application\/ld+json\" class=\"yoast-schema-graph\">{\"@context\":\"https:\\\/\\\/schema.org\",\"@graph\":[{\"@type\":\"Article\",\"@id\":\"https:\\\/\\\/www.altercampagne.net\\\/?p=6479#article\",\"isPartOf\":{\"@id\":\"https:\\\/\\\/www.altercampagne.net\\\/?p=6479\"},\"author\":{\"name\":\"Mathieu\",\"@id\":\"https:\\\/\\\/www.altercampagne.net\\\/#\\\/schema\\\/person\\\/0f261460c09e430caa0f9bcffa319109\"},\"headline\":\"R\u00e9union de pr\u00e9paration de l&rsquo;AlterTour les 10 et 11 d\u00e9cembre 2016 \u00e0 Andines (Saint-Denis)\",\"datePublished\":\"2016-11-25T13:49:35+00:00\",\"dateModified\":\"2020-02-24T13:59:44+00:00\",\"mainEntityOfPage\":{\"@id\":\"https:\\\/\\\/www.altercampagne.net\\\/?p=6479\"},\"wordCount\":439,\"keywords\":[\"Andines\",\"pl\u00e9ni\u00e8re\",\"r\u00e9union\",\"parcours\",\"d\u00e9cembre 2016\",\"AlterTour 2017\",\"th\u00e8me\",\"ordre du jour\"],\"articleSection\":[\"WE de pr\u00e9paration\"],\"inLanguage\":\"fr-FR\"},{\"@type\":\"WebPage\",\"@id\":\"https:\\\/\\\/www.altercampagne.net\\\/?p=6479\",\"url\":\"https:\\\/\\\/www.altercampagne.net\\\/?p=6479\",\"name\":\"R\u00e9union de pr\u00e9paration de l'AlterTour les 10 et 11 d\u00e9cembre 2016 \u00e0 Andines (Saint-Denis) - AlterTour\",\"isPartOf\":{\"@id\":\"https:\\\/\\\/www.altercampagne.net\\\/#website\"},\"datePublished\":\"2016-11-25T13:49:35+00:00\",\"dateModified\":\"2020-02-24T13:59:44+00:00\",\"author\":{\"@id\":\"https:\\\/\\\/www.altercampagne.net\\\/#\\\/schema\\\/person\\\/0f261460c09e430caa0f9bcffa319109\"},\"breadcrumb\":{\"@id\":\"https:\\\/\\\/www.altercampagne.net\\\/?p=6479#breadcrumb\"},\"inLanguage\":\"fr-FR\",\"potentialAction\":[{\"@type\":\"ReadAction\",\"target\":[\"https:\\\/\\\/www.altercampagne.net\\\/?p=6479\"]}]},{\"@type\":\"BreadcrumbList\",\"@id\":\"https:\\\/\\\/www.altercampagne.net\\\/?p=6479#breadcrumb\",\"itemListElement\":[{\"@type\":\"ListItem\",\"position\":1,\"name\":\"Accueil\",\"item\":\"https:\\\/\\\/www.altercampagne.net\\\/\"},{\"@type\":\"ListItem\",\"position\":2,\"name\":\"R\u00e9union de pr\u00e9paration de l&rsquo;AlterTour les 10 et 11 d\u00e9cembre 2016 \u00e0 Andines (Saint-Denis)\"}]},{\"@type\":\"WebSite\",\"@id\":\"https:\\\/\\\/www.altercampagne.net\\\/#website\",\"url\":\"https:\\\/\\\/www.altercampagne.net\\\/\",\"name\":\"AlterTour\",\"description\":\"Reliez les Alternatives \u00e0 v\u00e9lo\",\"potentialAction\":[{\"@type\":\"SearchAction\",\"target\":{\"@type\":\"EntryPoint\",\"urlTemplate\":\"https:\\\/\\\/www.altercampagne.net\\\/?s={search_term_string}\"},\"query-input\":{\"@type\":\"PropertyValueSpecification\",\"valueRequired\":true,\"valueName\":\"search_term_string\"}}],\"inLanguage\":\"fr-FR\"},{\"@type\":\"Person\",\"@id\":\"https:\\\/\\\/www.altercampagne.net\\\/#\\\/schema\\\/person\\\/0f261460c09e430caa0f9bcffa319109\",\"name\":\"Mathieu\",\"image\":{\"@type\":\"ImageObject\",\"inLanguage\":\"fr-FR\",\"@id\":\"https:\\\/\\\/secure.gravatar.com\\\/avatar\\\/aa9d3d24c83f2141e5e2709d0f63d09a99f6be6bb7a50abc4915838d9f54501a?s=96&d=mm&r=g\",\"url\":\"https:\\\/\\\/secure.gravatar.com\\\/avatar\\\/aa9d3d24c83f2141e5e2709d0f63d09a99f6be6bb7a50abc4915838d9f54501a?s=96&d=mm&r=g\",\"contentUrl\":\"https:\\\/\\\/secure.gravatar.com\\\/avatar\\\/aa9d3d24c83f2141e5e2709d0f63d09a99f6be6bb7a50abc4915838d9f54501a?s=96&d=mm&r=g\",\"caption\":\"Mathieu\"},\"url\":\"https:\\\/\\\/www.altercampagne.net\\\/?author=214\"}]}<\/script>\n<!-- \/ Yoast SEO plugin. -->","yoast_head_json":{"title":"R\u00e9union de pr\u00e9paration de l'AlterTour les 10 et 11 d\u00e9cembre 2016 \u00e0 Andines (Saint-Denis) - AlterTour","robots":{"index":"index","follow":"follow","max-snippet":"max-snippet:-1","max-image-preview":"max-image-preview:large","max-video-preview":"max-video-preview:-1"},"canonical":"https:\/\/www.altercampagne.net\/?p=6479","og_locale":"fr_FR","og_type":"article","og_title":"R\u00e9union de pr\u00e9paration de l'AlterTour les 10 et 11 d\u00e9cembre 2016 \u00e0 Andines (Saint-Denis) - AlterTour","og_description":"Rendez-vous \u00e0 Andines : 5 Rue de La Poterie &#8211; 93200 Saint-Denis M\u00e9tro 13 : \u201cPorte de paris\u201d, puis Tram 8 : \u00ab\u00a0Delaunay Belleville\u00a0\u00bb ou RER D : gare de Saint Denis puis Tram 8 : \u00ab\u00a0Delaunay\/Belleville\u00a0\u00bb Samedi matin 09h00 &#8211; 09h30 : Accueil, caf\u00e9, c\u00e2lins-brise-glace 09h30 &#8211; 09h45 : ... Read More","og_url":"https:\/\/www.altercampagne.net\/?p=6479","og_site_name":"AlterTour","article_published_time":"2016-11-25T13:49:35+00:00","article_modified_time":"2020-02-24T13:59:44+00:00","author":"Mathieu","twitter_card":"summary_large_image","twitter_misc":{"\u00c9crit par":"Mathieu","Dur\u00e9e de lecture estim\u00e9e":"2 minutes"},"schema":{"@context":"https:\/\/schema.org","@graph":[{"@type":"Article","@id":"https:\/\/www.altercampagne.net\/?p=6479#article","isPartOf":{"@id":"https:\/\/www.altercampagne.net\/?p=6479"},"author":{"name":"Mathieu","@id":"https:\/\/www.altercampagne.net\/#\/schema\/person\/0f261460c09e430caa0f9bcffa319109"},"headline":"R\u00e9union de pr\u00e9paration de l&rsquo;AlterTour les 10 et 11 d\u00e9cembre 2016 \u00e0 Andines (Saint-Denis)","datePublished":"2016-11-25T13:49:35+00:00","dateModified":"2020-02-24T13:59:44+00:00","mainEntityOfPage":{"@id":"https:\/\/www.altercampagne.net\/?p=6479"},"wordCount":439,"keywords":["Andines","pl\u00e9ni\u00e8re","r\u00e9union","parcours","d\u00e9cembre 2016","AlterTour 2017","th\u00e8me","ordre du jour"],"articleSection":["WE de pr\u00e9paration"],"inLanguage":"fr-FR"},{"@type":"WebPage","@id":"https:\/\/www.altercampagne.net\/?p=6479","url":"https:\/\/www.altercampagne.net\/?p=6479","name":"R\u00e9union de pr\u00e9paration de l'AlterTour les 10 et 11 d\u00e9cembre 2016 \u00e0 Andines (Saint-Denis) - AlterTour","isPartOf":{"@id":"https:\/\/www.altercampagne.net\/#website"},"datePublished":"2016-11-25T13:49:35+00:00","dateModified":"2020-02-24T13:59:44+00:00","author":{"@id":"https:\/\/www.altercampagne.net\/#\/schema\/person\/0f261460c09e430caa0f9bcffa319109"},"breadcrumb":{"@id":"https:\/\/www.altercampagne.net\/?p=6479#breadcrumb"},"inLanguage":"fr-FR","potentialAction":[{"@type":"ReadAction","target":["https:\/\/www.altercampagne.net\/?p=6479"]}]},{"@type":"BreadcrumbList","@id":"https:\/\/www.altercampagne.net\/?p=6479#breadcrumb","itemListElement":[{"@type":"ListItem","position":1,"name":"Accueil","item":"https:\/\/www.altercampagne.net\/"},{"@type":"ListItem","position":2,"name":"R\u00e9union de pr\u00e9paration de l&rsquo;AlterTour les 10 et 11 d\u00e9cembre 2016 \u00e0 Andines (Saint-Denis)"}]},{"@type":"WebSite","@id":"https:\/\/www.altercampagne.net\/#website","url":"https:\/\/www.altercampagne.net\/","name":"AlterTour","description":"Reliez les Alternatives \u00e0 v\u00e9lo","potentialAction":[{"@type":"SearchAction","target":{"@type":"EntryPoint","urlTemplate":"https:\/\/www.altercampagne.net\/?s={search_term_string}"},"query-input":{"@type":"PropertyValueSpecification","valueRequired":true,"valueName":"search_term_string"}}],"inLanguage":"fr-FR"},{"@type":"Person","@id":"https:\/\/www.altercampagne.net\/#\/schema\/person\/0f261460c09e430caa0f9bcffa319109","name":"Mathieu","image":{"@type":"ImageObject","inLanguage":"fr-FR","@id":"https:\/\/secure.gravatar.com\/avatar\/aa9d3d24c83f2141e5e2709d0f63d09a99f6be6bb7a50abc4915838d9f54501a?s=96&d=mm&r=g","url":"https:\/\/secure.gravatar.com\/avatar\/aa9d3d24c83f2141e5e2709d0f63d09a99f6be6bb7a50abc4915838d9f54501a?s=96&d=mm&r=g","contentUrl":"https:\/\/secure.gravatar.com\/avatar\/aa9d3d24c83f2141e5e2709d0f63d09a99f6be6bb7a50abc4915838d9f54501a?s=96&d=mm&r=g","caption":"Mathieu"},"url":"https:\/\/www.altercampagne.net\/?author=214"}]}},"_links":{"self":[{"href":"https:\/\/www.altercampagne.net\/index.php?rest_route=\/wp\/v2\/posts\/6479","targetHints":{"allow":["GET"]}}],"collection":[{"href":"https:\/\/www.altercampagne.net\/index.php?rest_route=\/wp\/v2\/posts"}],"about":[{"href":"https:\/\/www.altercampagne.net\/index.php?rest_route=\/wp\/v2\/types\/post"}],"author":[{"embeddable":true,"href":"https:\/\/www.altercampagne.net\/index.php?rest_route=\/wp\/v2\/users\/214"}],"replies":[{"embeddable":true,"href":"https:\/\/www.altercampagne.net\/index.php?rest_route=%2Fwp%2Fv2%2Fcomments&post=6479"}],"version-history":[{"count":1,"href":"https:\/\/www.altercampagne.net\/index.php?rest_route=\/wp\/v2\/posts\/6479\/revisions"}],"predecessor-version":[{"id":17320,"href":"https:\/\/www.altercampagne.net\/index.php?rest_route=\/wp\/v2\/posts\/6479\/revisions\/17320"}],"wp:attachment":[{"href":"https:\/\/www.altercampagne.net\/index.php?rest_route=%2Fwp%2Fv2%2Fmedia&parent=6479"}],"wp:term":[{"taxonomy":"category","embeddable":true,"href":"https:\/\/www.altercampagne.net\/index.php?rest_route=%2Fwp%2Fv2%2Fcategories&post=6479"},{"taxonomy":"post_tag","embeddable":true,"href":"https:\/\/www.altercampagne.net\/index.php?rest_route=%2Fwp%2Fv2%2Ftags&post=6479"}],"curies":[{"name":"wp","href":"https:\/\/api.w.org\/{rel}","templated":true}]}}