{"id":6485,"date":"2016-11-16T15:27:52","date_gmt":"2016-11-16T14:27:52","guid":{"rendered":"http:\/\/www.altercampagne.net\/?p=6485"},"modified":"2020-02-24T15:00:03","modified_gmt":"2020-02-24T14:00:03","slug":"releve-de-decisions-de-la-reunion-de-preparation-de-laltertour-des-11-12-et-13-novembre-2016","status":"publish","type":"post","link":"https:\/\/www.altercampagne.net\/?p=6485","title":{"rendered":"Relev\u00e9 de d\u00e9cisions de la r\u00e9union des 11, 12 et 13 novembre 2016"},"content":{"rendered":"<p>Le Recueil des Alternatives de l&rsquo;AlterTour fera 16 pages, il comportera 20 alternatives. Le groupe de travail (Yome, Delphine, Julie, Coline, Sylvie) feront une proposition concr\u00e8te en d\u00e9cembre sur la ligne r\u00e9dactionnelle des autres pages (ex : interview d\u2019ancienNEs altercyclistes \/ pr\u00e9sentation AlterTour \/ pr\u00e9sentation revue silence)<\/p>\n<p>R\u00e9daction d\u2019un livre sur l\u2019AT : Sylvie entre en contact avec une formation d\u2019\u00e9dition, pas d\u2019engagement pour l\u2019instant (livre plut\u00f4t pour 2018)<\/p>\n<p>Convention S!lence \/ AlterTour : Mathieu et Yome re-travaillent la convention et font une proposition pour la pl\u00e9ni\u00e8re de d\u00e9cembre<\/p>\n<p>Groupe de travail mixit\u00e9 : Il y a un document partag\u00e9 sur l\u2019espace membre, le groupe continue. Elsa est motivatrice \u00e0 condition d\u2019\u00eatre avec unE bin\u00f4me. Axe choisi pour la mixit\u00e9 : socio-culturelle \u2192 moyen : trouver des alternatives qui incarnent cette volont\u00e9<\/p>\n<p>Th\u00e8me : on garde un th\u00e8me pour l\u2019AT 2017 MAIS on cherche un th\u00e8me f\u00e9d\u00e9rateur, impliquant accueillantEs et participantEs, compatible recueil, facile \u00e0 mettre en \u0153uvre et \u00e0 s\u2019approprier, li\u00e9 \u00e0 l\u2019AlterTour ET on se donne du temps pour le traiter pendant l\u2019AlterTour (temps libres : sans v\u00e9lo ET sans rencontre avec alternative).<br \/>\n3 th\u00e8mes retenus : \u201cchemins de vie\u201d, \u201cvivre ensemble\u201d, \u201cminorit\u00e9s \/ privil\u00e8ges\u201d et plusieurs formulations pour chacun \u2192 animation de la prise de d\u00e9cision \u00e0 la pl\u00e9ni\u00e8re de d\u00e9cembre (Marie, Magalie, Vincent) avec proposition de slogans pour les 3 th\u00e8mes par 3 groupes (chemins de vie : Isabelle\/Mathieu, Vivre ensemble : Seb\/JP, privil\u00e8ges\/minorit\u00e9s : Coline)<\/p>\n<p>Modification des statuts : cr\u00e9ation d&rsquo;un travail au sein du coll\u00e8ge solidaire<\/p>\n<p>Relation avec les accueillantEs : le groupe de travail a d\u00e9j\u00e0 commenc\u00e9 \u00e0 bosser, notamment Delphine et V\u00e9ronique, il est rejoignable ! \u2192 pr\u00e9sentation en d\u00e9cembre<\/p>\n<p>Contact avec les Alternatives : Mail long r\u00e9dig\u00e9 \u2192 version synth\u00e9tique (courte et p\u00eachue) que Yome va revoir. Chaque r\u00e9f\u00e9rentE d\u2019un d\u00e9partement envoie le mail aux contacts inscrits lors du d\u00e9frichage puis compl\u00e9te le tableau d\u00e9frichage<br \/>\nLa partie Espagnole est tr\u00e8s peu remplie, nous devons intensifier nos recherches et traduire le mail de contact en espagnol \/ appel direct<\/p>\n<p>Carte des alternatives (visit\u00e9es depuis 10 ans) : en cours d\u2019\u00e9laboration par J\u00e9r\u00f4me sur Openstreetmap avec des photos, les articles du Recueil des Alternatives de l&rsquo;AlterTour et un lien vers articles alterjournalistes<\/p>\n<p>Les Alternatives coups de c\u0153ur : \u00e0 faire par tout le monde \u2192 un coup de c\u0153ur qui accepte d\u2019accueillir \/ rencontrer l\u2019AT devient un incontournable<\/p>\n<p>Framalistes : un groupe de travail (Mathieu, Yome) se constitue et fait une proposition en d\u00e9cembre<\/p>\n<p>Gestion site internet : Mathieu et Coline continuent mais appel \u00e0 contributions (possibilit\u00e9 formation pl\u00e9ni\u00e8re d\u00e9cembre)<\/p>\n<p>\u00c9chapp\u00e9es Belles : on continue et on multiplie ! Faire des EB avec formats vari\u00e9s et avec un th\u00e8me par EB.<\/p>\n<p>Week-end de R\u00e9paration des V\u00e9los de l&rsquo;AlterTour (WERVA) : le 1er ou 8 mai 2017 \u00e0 Reithouse (Jura), le + de monde possible \u2192 groupe com pour attirer gens au WERVA (Seb, Coline, Vincent), l\u2019IVECO reste chez Pierrot \u2192 un groupe r\u00e9fl\u00e9chit \u00e0 ce qu\u2019il y a \u00e0 faire pour l\u2019IVECO pendant le Before tour (Coline, fran\u00e7ois, Yome, Elsa)<\/p>\n<p>Sp\u00e9ciale 10\u00e8me \u00e9dition : faire un bilan de l\u2019id\u00e9e d\u2019un festival itin\u00e9rant et recueillir des motiv\u00e9s\/motivateurs (Marie et Isabelle), possibilit\u00e9 de rejoindre un festival s\u00e9dentaire d\u00e9j\u00e0 existant (Moncrabeau ou Emma\u00fcs \u00e0 Pau mais les deux fin juillet).<\/p>\n<p>Tours en Espagne : pr\u00e9sentation des collectifs de voyage \u00e0 v\u00e9lo espagnols par Dominique<\/p>\n<p>D\u00e9veloppement de l\u2019AT : 7 possibilit\u00e9s pr\u00e9sent\u00e9es (non-exclusives)<br \/>\n1-2) AlterTour perp\u00e9tuel toute l\u2019ann\u00e9e &#8211; AT th\u00e9matiques (Daphn\u00e9, Keltoum, Marie, Philippe)-&gt; un before et un after tour (1 semaine en EB).<br \/>\n3) Multiples \u00c9chapp\u00e9es Belles (Isabelle, Julie, Marie, Mathieu)<br \/>\n4) Mini-AlterTours toute l\u2019ann\u00e9e (Alberto, Jean-Christophe, Julie, Vincent) -&gt; r\u00e9daction d\u2019un kit m\u00e9thodologique pour l\u2019organisation de mini-AT<br \/>\n5) Promotion de projets : transmission du concept AlterTour<br \/>\n6) Approfondissement de l\u2019AT : militantisme, lien avec autres associations, mixit\u00e9<br \/>\n7) Support \/ r\u00e9seau : lieu Altercampagne, caf\u00e9s repaires, lieux r\u00e9paration v\u00e9lo\u2026<\/p>\n","protected":false},"excerpt":{"rendered":"<p>Le Recueil des Alternatives de l&rsquo;AlterTour fera 16 pages, il comportera 20 alternatives. Le groupe de travail (Yome, Delphine, Julie, Coline, Sylvie) feront une proposition concr\u00e8te en d\u00e9cembre sur la ligne r\u00e9dactionnelle des autres pages (ex : interview d\u2019ancienNEs altercyclistes \/ pr\u00e9sentation AlterTour \/ pr\u00e9sentation revue silence) R\u00e9daction d\u2019un livre &#8230; <\/p>\n<div><a href=\"https:\/\/www.altercampagne.net\/?p=6485\" class=\"more-link\">Read More<\/a><\/div>\n","protected":false},"author":214,"featured_media":0,"comment_status":"closed","ping_status":"closed","sticky":false,"template":"","format":"standard","meta":{"footnotes":""},"categories":[3539],"tags":[434,476,2725,2783,2829],"class_list":["post-6485","post","type-post","status-publish","format-standard","hentry","category-we-de-preparation","tag-pleniere","tag-reunion","tag-novembre-2016","tag-altertour-2017","tag-releve-de-decisions","no-post-thumbnail"],"yoast_head":"<!-- This site is optimized with the Yoast SEO plugin v27.3 - https:\/\/yoast.com\/product\/yoast-seo-wordpress\/ -->\n<title>Relev\u00e9 de d\u00e9cisions de la r\u00e9union des 11, 12 et 13 novembre 2016 - AlterTour<\/title>\n<meta name=\"robots\" content=\"index, follow, max-snippet:-1, max-image-preview:large, max-video-preview:-1\" \/>\n<link rel=\"canonical\" href=\"https:\/\/www.altercampagne.net\/?p=6485\" \/>\n<meta property=\"og:locale\" content=\"fr_FR\" \/>\n<meta property=\"og:type\" content=\"article\" \/>\n<meta property=\"og:title\" content=\"Relev\u00e9 de d\u00e9cisions de la r\u00e9union des 11, 12 et 13 novembre 2016 - AlterTour\" \/>\n<meta property=\"og:description\" content=\"Le Recueil des Alternatives de l&rsquo;AlterTour fera 16 pages, il comportera 20 alternatives. Le groupe de travail (Yome, Delphine, Julie, Coline, Sylvie) feront une proposition concr\u00e8te en d\u00e9cembre sur la ligne r\u00e9dactionnelle des autres pages (ex : interview d\u2019ancienNEs altercyclistes \/ pr\u00e9sentation AlterTour \/ pr\u00e9sentation revue silence) R\u00e9daction d\u2019un livre ... Read More\" \/>\n<meta property=\"og:url\" content=\"https:\/\/www.altercampagne.net\/?p=6485\" \/>\n<meta property=\"og:site_name\" content=\"AlterTour\" \/>\n<meta property=\"article:published_time\" content=\"2016-11-16T14:27:52+00:00\" \/>\n<meta property=\"article:modified_time\" content=\"2020-02-24T14:00:03+00:00\" \/>\n<meta name=\"author\" content=\"Mathieu\" \/>\n<meta name=\"twitter:card\" content=\"summary_large_image\" \/>\n<meta name=\"twitter:label1\" content=\"\u00c9crit par\" \/>\n\t<meta name=\"twitter:data1\" content=\"Mathieu\" \/>\n\t<meta name=\"twitter:label2\" content=\"Dur\u00e9e de lecture estim\u00e9e\" \/>\n\t<meta name=\"twitter:data2\" content=\"3 minutes\" \/>\n<script type=\"application\/ld+json\" class=\"yoast-schema-graph\">{\"@context\":\"https:\\\/\\\/schema.org\",\"@graph\":[{\"@type\":\"Article\",\"@id\":\"https:\\\/\\\/www.altercampagne.net\\\/?p=6485#article\",\"isPartOf\":{\"@id\":\"https:\\\/\\\/www.altercampagne.net\\\/?p=6485\"},\"author\":{\"name\":\"Mathieu\",\"@id\":\"https:\\\/\\\/www.altercampagne.net\\\/#\\\/schema\\\/person\\\/0f261460c09e430caa0f9bcffa319109\"},\"headline\":\"Relev\u00e9 de d\u00e9cisions de la r\u00e9union des 11, 12 et 13 novembre 2016\",\"datePublished\":\"2016-11-16T14:27:52+00:00\",\"dateModified\":\"2020-02-24T14:00:03+00:00\",\"mainEntityOfPage\":{\"@id\":\"https:\\\/\\\/www.altercampagne.net\\\/?p=6485\"},\"wordCount\":705,\"keywords\":[\"pl\u00e9ni\u00e8re\",\"r\u00e9union\",\"novembre 2016\",\"AlterTour 2017\",\"Relev\u00e9 de d\u00e9cisions\"],\"articleSection\":[\"WE de pr\u00e9paration\"],\"inLanguage\":\"fr-FR\"},{\"@type\":\"WebPage\",\"@id\":\"https:\\\/\\\/www.altercampagne.net\\\/?p=6485\",\"url\":\"https:\\\/\\\/www.altercampagne.net\\\/?p=6485\",\"name\":\"Relev\u00e9 de d\u00e9cisions de la r\u00e9union des 11, 12 et 13 novembre 2016 - AlterTour\",\"isPartOf\":{\"@id\":\"https:\\\/\\\/www.altercampagne.net\\\/#website\"},\"datePublished\":\"2016-11-16T14:27:52+00:00\",\"dateModified\":\"2020-02-24T14:00:03+00:00\",\"author\":{\"@id\":\"https:\\\/\\\/www.altercampagne.net\\\/#\\\/schema\\\/person\\\/0f261460c09e430caa0f9bcffa319109\"},\"breadcrumb\":{\"@id\":\"https:\\\/\\\/www.altercampagne.net\\\/?p=6485#breadcrumb\"},\"inLanguage\":\"fr-FR\",\"potentialAction\":[{\"@type\":\"ReadAction\",\"target\":[\"https:\\\/\\\/www.altercampagne.net\\\/?p=6485\"]}]},{\"@type\":\"BreadcrumbList\",\"@id\":\"https:\\\/\\\/www.altercampagne.net\\\/?p=6485#breadcrumb\",\"itemListElement\":[{\"@type\":\"ListItem\",\"position\":1,\"name\":\"Accueil\",\"item\":\"https:\\\/\\\/www.altercampagne.net\\\/\"},{\"@type\":\"ListItem\",\"position\":2,\"name\":\"Relev\u00e9 de d\u00e9cisions de la r\u00e9union des 11, 12 et 13 novembre 2016\"}]},{\"@type\":\"WebSite\",\"@id\":\"https:\\\/\\\/www.altercampagne.net\\\/#website\",\"url\":\"https:\\\/\\\/www.altercampagne.net\\\/\",\"name\":\"AlterTour\",\"description\":\"Reliez les Alternatives \u00e0 v\u00e9lo\",\"potentialAction\":[{\"@type\":\"SearchAction\",\"target\":{\"@type\":\"EntryPoint\",\"urlTemplate\":\"https:\\\/\\\/www.altercampagne.net\\\/?s={search_term_string}\"},\"query-input\":{\"@type\":\"PropertyValueSpecification\",\"valueRequired\":true,\"valueName\":\"search_term_string\"}}],\"inLanguage\":\"fr-FR\"},{\"@type\":\"Person\",\"@id\":\"https:\\\/\\\/www.altercampagne.net\\\/#\\\/schema\\\/person\\\/0f261460c09e430caa0f9bcffa319109\",\"name\":\"Mathieu\",\"image\":{\"@type\":\"ImageObject\",\"inLanguage\":\"fr-FR\",\"@id\":\"https:\\\/\\\/secure.gravatar.com\\\/avatar\\\/aa9d3d24c83f2141e5e2709d0f63d09a99f6be6bb7a50abc4915838d9f54501a?s=96&d=mm&r=g\",\"url\":\"https:\\\/\\\/secure.gravatar.com\\\/avatar\\\/aa9d3d24c83f2141e5e2709d0f63d09a99f6be6bb7a50abc4915838d9f54501a?s=96&d=mm&r=g\",\"contentUrl\":\"https:\\\/\\\/secure.gravatar.com\\\/avatar\\\/aa9d3d24c83f2141e5e2709d0f63d09a99f6be6bb7a50abc4915838d9f54501a?s=96&d=mm&r=g\",\"caption\":\"Mathieu\"},\"url\":\"https:\\\/\\\/www.altercampagne.net\\\/?author=214\"}]}<\/script>\n<!-- \/ Yoast SEO plugin. -->","yoast_head_json":{"title":"Relev\u00e9 de d\u00e9cisions de la r\u00e9union des 11, 12 et 13 novembre 2016 - AlterTour","robots":{"index":"index","follow":"follow","max-snippet":"max-snippet:-1","max-image-preview":"max-image-preview:large","max-video-preview":"max-video-preview:-1"},"canonical":"https:\/\/www.altercampagne.net\/?p=6485","og_locale":"fr_FR","og_type":"article","og_title":"Relev\u00e9 de d\u00e9cisions de la r\u00e9union des 11, 12 et 13 novembre 2016 - AlterTour","og_description":"Le Recueil des Alternatives de l&rsquo;AlterTour fera 16 pages, il comportera 20 alternatives. Le groupe de travail (Yome, Delphine, Julie, Coline, Sylvie) feront une proposition concr\u00e8te en d\u00e9cembre sur la ligne r\u00e9dactionnelle des autres pages (ex : interview d\u2019ancienNEs altercyclistes \/ pr\u00e9sentation AlterTour \/ pr\u00e9sentation revue silence) R\u00e9daction d\u2019un livre ... Read More","og_url":"https:\/\/www.altercampagne.net\/?p=6485","og_site_name":"AlterTour","article_published_time":"2016-11-16T14:27:52+00:00","article_modified_time":"2020-02-24T14:00:03+00:00","author":"Mathieu","twitter_card":"summary_large_image","twitter_misc":{"\u00c9crit par":"Mathieu","Dur\u00e9e de lecture estim\u00e9e":"3 minutes"},"schema":{"@context":"https:\/\/schema.org","@graph":[{"@type":"Article","@id":"https:\/\/www.altercampagne.net\/?p=6485#article","isPartOf":{"@id":"https:\/\/www.altercampagne.net\/?p=6485"},"author":{"name":"Mathieu","@id":"https:\/\/www.altercampagne.net\/#\/schema\/person\/0f261460c09e430caa0f9bcffa319109"},"headline":"Relev\u00e9 de d\u00e9cisions de la r\u00e9union des 11, 12 et 13 novembre 2016","datePublished":"2016-11-16T14:27:52+00:00","dateModified":"2020-02-24T14:00:03+00:00","mainEntityOfPage":{"@id":"https:\/\/www.altercampagne.net\/?p=6485"},"wordCount":705,"keywords":["pl\u00e9ni\u00e8re","r\u00e9union","novembre 2016","AlterTour 2017","Relev\u00e9 de d\u00e9cisions"],"articleSection":["WE de pr\u00e9paration"],"inLanguage":"fr-FR"},{"@type":"WebPage","@id":"https:\/\/www.altercampagne.net\/?p=6485","url":"https:\/\/www.altercampagne.net\/?p=6485","name":"Relev\u00e9 de d\u00e9cisions de la r\u00e9union des 11, 12 et 13 novembre 2016 - AlterTour","isPartOf":{"@id":"https:\/\/www.altercampagne.net\/#website"},"datePublished":"2016-11-16T14:27:52+00:00","dateModified":"2020-02-24T14:00:03+00:00","author":{"@id":"https:\/\/www.altercampagne.net\/#\/schema\/person\/0f261460c09e430caa0f9bcffa319109"},"breadcrumb":{"@id":"https:\/\/www.altercampagne.net\/?p=6485#breadcrumb"},"inLanguage":"fr-FR","potentialAction":[{"@type":"ReadAction","target":["https:\/\/www.altercampagne.net\/?p=6485"]}]},{"@type":"BreadcrumbList","@id":"https:\/\/www.altercampagne.net\/?p=6485#breadcrumb","itemListElement":[{"@type":"ListItem","position":1,"name":"Accueil","item":"https:\/\/www.altercampagne.net\/"},{"@type":"ListItem","position":2,"name":"Relev\u00e9 de d\u00e9cisions de la r\u00e9union des 11, 12 et 13 novembre 2016"}]},{"@type":"WebSite","@id":"https:\/\/www.altercampagne.net\/#website","url":"https:\/\/www.altercampagne.net\/","name":"AlterTour","description":"Reliez les Alternatives \u00e0 v\u00e9lo","potentialAction":[{"@type":"SearchAction","target":{"@type":"EntryPoint","urlTemplate":"https:\/\/www.altercampagne.net\/?s={search_term_string}"},"query-input":{"@type":"PropertyValueSpecification","valueRequired":true,"valueName":"search_term_string"}}],"inLanguage":"fr-FR"},{"@type":"Person","@id":"https:\/\/www.altercampagne.net\/#\/schema\/person\/0f261460c09e430caa0f9bcffa319109","name":"Mathieu","image":{"@type":"ImageObject","inLanguage":"fr-FR","@id":"https:\/\/secure.gravatar.com\/avatar\/aa9d3d24c83f2141e5e2709d0f63d09a99f6be6bb7a50abc4915838d9f54501a?s=96&d=mm&r=g","url":"https:\/\/secure.gravatar.com\/avatar\/aa9d3d24c83f2141e5e2709d0f63d09a99f6be6bb7a50abc4915838d9f54501a?s=96&d=mm&r=g","contentUrl":"https:\/\/secure.gravatar.com\/avatar\/aa9d3d24c83f2141e5e2709d0f63d09a99f6be6bb7a50abc4915838d9f54501a?s=96&d=mm&r=g","caption":"Mathieu"},"url":"https:\/\/www.altercampagne.net\/?author=214"}]}},"_links":{"self":[{"href":"https:\/\/www.altercampagne.net\/index.php?rest_route=\/wp\/v2\/posts\/6485","targetHints":{"allow":["GET"]}}],"collection":[{"href":"https:\/\/www.altercampagne.net\/index.php?rest_route=\/wp\/v2\/posts"}],"about":[{"href":"https:\/\/www.altercampagne.net\/index.php?rest_route=\/wp\/v2\/types\/post"}],"author":[{"embeddable":true,"href":"https:\/\/www.altercampagne.net\/index.php?rest_route=\/wp\/v2\/users\/214"}],"replies":[{"embeddable":true,"href":"https:\/\/www.altercampagne.net\/index.php?rest_route=%2Fwp%2Fv2%2Fcomments&post=6485"}],"version-history":[{"count":1,"href":"https:\/\/www.altercampagne.net\/index.php?rest_route=\/wp\/v2\/posts\/6485\/revisions"}],"predecessor-version":[{"id":17321,"href":"https:\/\/www.altercampagne.net\/index.php?rest_route=\/wp\/v2\/posts\/6485\/revisions\/17321"}],"wp:attachment":[{"href":"https:\/\/www.altercampagne.net\/index.php?rest_route=%2Fwp%2Fv2%2Fmedia&parent=6485"}],"wp:term":[{"taxonomy":"category","embeddable":true,"href":"https:\/\/www.altercampagne.net\/index.php?rest_route=%2Fwp%2Fv2%2Fcategories&post=6485"},{"taxonomy":"post_tag","embeddable":true,"href":"https:\/\/www.altercampagne.net\/index.php?rest_route=%2Fwp%2Fv2%2Ftags&post=6485"}],"curies":[{"name":"wp","href":"https:\/\/api.w.org\/{rel}","templated":true}]}}