{"id":6487,"date":"2016-09-08T15:47:05","date_gmt":"2016-09-08T13:47:05","guid":{"rendered":"http:\/\/www.altercampagne.net\/?p=6487"},"modified":"2020-02-24T17:20:54","modified_gmt":"2020-02-24T16:20:54","slug":"reunion-de-preparation-de-laltertour-des-24-et-25-septembre-2016-aux-jardin-dalice","status":"publish","type":"post","link":"https:\/\/www.altercampagne.net\/?p=6487","title":{"rendered":"R\u00e9union de pr\u00e9paration de l&rsquo;AlterTour des 24 et 25 septembre 2016 aux Jardin d&rsquo;Alice"},"content":{"rendered":"<p>Rendez-vous au Jardin d&rsquo;Alice : 19 rue Garibaldi &#8211; 93100 Montreuil &#8211; M\u00e9tro Robespierre &#8211; ligne 9<\/p>\n<p>Samedi matin<br \/>\n09h00 &#8211; 09h30 : Caf\u00e9, petit dej partag\u00e9 et retrouvailles papotage !<br \/>\n09h30 &#8211; 09h50 : Brise-glace et jeu pour faire connaissance<br \/>\n09h50 &#8211; 10h00 : Pr\u00e9sentation de l\u2019ordre du jour du week-end, r\u00e9partition des r\u00f4les pour la journ\u00e9e<br \/>\n10h00 &#8211; 12h30 : Bilan de l\u2019AlterTour 2016 et perspectives &#8211; doc de contributions au bilan puis synth\u00e8se<br \/>\n12h30 &#8211; 14h00 : Repas partag\u00e9<\/p>\n<p>Samedi apr\u00e8s-midi<br \/>\n14h00 &#8211; 15h00 : Le fonctionnement de l\u2019asso Altercampagne et petit historique &#8211; 10 ans !<br \/>\n15h00 &#8211; 19h00 : Choix de la zone g\u00e9ographique pour 2017, et du style de trajet, r\u00e9partition des zones \u00e0 d\u00e9fricher et d\u00e9couverte du tableau de \u201cd\u00e9frichage\u201d avec une Pause au milieu<\/p>\n<p>Dimanche matin<br \/>\n09h00 &#8211; 09h30 : Caf\u00e9, petit dej partag\u00e9<br \/>\n09h30 &#8211; 09h45 : R\u00e9partition des r\u00f4les pour la journ\u00e9e, energizer, rappel de l\u2019ordre du jour<br \/>\n09h45 &#8211; 12h15 : Organisation collective de l\u2019ann\u00e9e<br \/>\n09h45 &#8211; 11h00 : Info sur le fonctionnement \u201cclassique\u201d et d\u00e9cisions \u00e0 prendre pour cette ann\u00e9e + BILAN ORGA 2016<br \/>\n&gt; Planning des r\u00e9uions de l&rsquo;ann\u00e9e et fonctionnement : ordre du jour collaboratif contributions possibles..<br \/>\n&gt; R\u00e9unions skypes (pr\u00e9pa d\u2019\u00e9tapes, communication, th\u00e8me, et d\u00e9frichage en octobre, inscriptions en f\u00e9vrier ?) : d\u00e9cision \u00e0 prendre : est-ce qu\u2019on peut prendre des d\u00e9cisions en r\u00e9union skype ?<br \/>\n&gt; Week-ends th\u00e9matiques (compta les 8\/9 octobre , r\u00e9paration v\u00e9lo)<br \/>\n&gt; Listes de diffusion : info, orga, recueil, IDF, pr\u00e9pa d\u2019\u00e9tapes<br \/>\n&gt; Bilan : ce qui a bien fonctionn\u00e9 ou non &#8211; et comment en tenir compte ?<\/p>\n<p>11h00 &#8211; 11h15 : Pause<\/p>\n<p>11h15 &#8211; 12h15 : Les chantiers \u00e0 mener cette ann\u00e9e : quand, comment, pourquoi, qui ?<br \/>\n&gt; qui a envie de s\u2019investir comment, sur quoi ? (pr\u00e9pa d&rsquo;\u00e9tapes, com, autres&#8230;)<br \/>\n&gt; fonctionnement des groupes de travail + lancement de nouveaux groupes<br \/>\ngroupes existants : pr\u00e9pa d\u2019\u00e9tapes, com, r\u00e9daction\/correction du recueil&#8230;<br \/>\nex de nouveaux : remorque \u00e0 v\u00e9los \/ entretien et renouvellement des v\u00e9los \/ bilan carbone \/ carte des alternatives \/ pr\u00e9sence de chiens sur l\u2019AT \/ mise en valeur des alternatives<\/p>\n<p>12h15 &#8211; 13h45 : Repas partag\u00e9<\/p>\n<p>Dimanche apr\u00e8s-midi<br \/>\n13h45 &#8211; 15h00 : Petites formations aux outils : skype, documents collaboratifs, espace membre, listes de diff, tableau de contact des organisateurs<br \/>\n15h00 &#8211; 15h45 : Sujets divers (mais non moins importants) :<br \/>\ncompte-rendu du coll\u00e8ge solidaire<br \/>\ntirage des photos des accueillants 2016 pour les remercier<br \/>\nParticipation \u00e0 la table ronde REVE et REALITES \u00e0 Verdun le 5 novembre \/ aux salons en g\u00e9n\u00e9ral<br \/>\n15h45 &#8211; 16h30 : Bin\u00f4me\/trin\u00f4me de pr\u00e9paration de la prochaine pl\u00e9ni\u00e8re (et pr\u00e9sentation des outils)<br \/>\n16h30 &#8211; 17h00 : Bilan du week-end, retour sur les d\u00e9cisions prises et tour de m\u00e9t\u00e9o personnelle<br \/>\n17h00 &#8211; 17h30 : Rangement<\/p>\n","protected":false},"excerpt":{"rendered":"<p>Rendez-vous au Jardin d&rsquo;Alice : 19 rue Garibaldi &#8211; 93100 Montreuil &#8211; M\u00e9tro Robespierre &#8211; ligne 9 Samedi matin 09h00 &#8211; 09h30 : Caf\u00e9, petit dej partag\u00e9 et retrouvailles papotage ! 09h30 &#8211; 09h50 : Brise-glace et jeu pour faire connaissance 09h50 &#8211; 10h00 : Pr\u00e9sentation de l\u2019ordre du jour &#8230; <\/p>\n<div><a href=\"https:\/\/www.altercampagne.net\/?p=6487\" class=\"more-link\">Read More<\/a><\/div>\n","protected":false},"author":214,"featured_media":0,"comment_status":"closed","ping_status":"closed","sticky":false,"template":"","format":"standard","meta":{"footnotes":""},"categories":[3539],"tags":[434,472,476,1491,2740,2783,2839],"class_list":["post-6487","post","type-post","status-publish","format-standard","hentry","category-we-de-preparation","tag-pleniere","tag-montreuil","tag-reunion","tag-jardin-dalice","tag-septembre-2016","tag-altertour-2017","tag-ordre-du-jour","no-post-thumbnail"],"yoast_head":"<!-- This site is optimized with the Yoast SEO plugin v27.3 - https:\/\/yoast.com\/product\/yoast-seo-wordpress\/ -->\n<title>R\u00e9union de pr\u00e9paration de l&#039;AlterTour des 24 et 25 septembre 2016 aux Jardin d&#039;Alice - AlterTour<\/title>\n<meta name=\"robots\" content=\"index, follow, max-snippet:-1, max-image-preview:large, max-video-preview:-1\" \/>\n<link rel=\"canonical\" href=\"https:\/\/www.altercampagne.net\/?p=6487\" \/>\n<meta property=\"og:locale\" content=\"fr_FR\" \/>\n<meta property=\"og:type\" content=\"article\" \/>\n<meta property=\"og:title\" content=\"R\u00e9union de pr\u00e9paration de l&#039;AlterTour des 24 et 25 septembre 2016 aux Jardin d&#039;Alice - AlterTour\" \/>\n<meta property=\"og:description\" content=\"Rendez-vous au Jardin d&rsquo;Alice : 19 rue Garibaldi &#8211; 93100 Montreuil &#8211; M\u00e9tro Robespierre &#8211; ligne 9 Samedi matin 09h00 &#8211; 09h30 : Caf\u00e9, petit dej partag\u00e9 et retrouvailles papotage ! 09h30 &#8211; 09h50 : Brise-glace et jeu pour faire connaissance 09h50 &#8211; 10h00 : Pr\u00e9sentation de l\u2019ordre du jour ... Read More\" \/>\n<meta property=\"og:url\" content=\"https:\/\/www.altercampagne.net\/?p=6487\" \/>\n<meta property=\"og:site_name\" content=\"AlterTour\" \/>\n<meta property=\"article:published_time\" content=\"2016-09-08T13:47:05+00:00\" \/>\n<meta property=\"article:modified_time\" content=\"2020-02-24T16:20:54+00:00\" \/>\n<meta name=\"author\" content=\"Mathieu\" \/>\n<meta name=\"twitter:card\" content=\"summary_large_image\" \/>\n<meta name=\"twitter:label1\" content=\"\u00c9crit par\" \/>\n\t<meta name=\"twitter:data1\" content=\"Mathieu\" \/>\n\t<meta name=\"twitter:label2\" content=\"Dur\u00e9e de lecture estim\u00e9e\" \/>\n\t<meta name=\"twitter:data2\" content=\"2 minutes\" \/>\n<script type=\"application\/ld+json\" class=\"yoast-schema-graph\">{\"@context\":\"https:\\\/\\\/schema.org\",\"@graph\":[{\"@type\":\"Article\",\"@id\":\"https:\\\/\\\/www.altercampagne.net\\\/?p=6487#article\",\"isPartOf\":{\"@id\":\"https:\\\/\\\/www.altercampagne.net\\\/?p=6487\"},\"author\":{\"name\":\"Mathieu\",\"@id\":\"https:\\\/\\\/www.altercampagne.net\\\/#\\\/schema\\\/person\\\/0f261460c09e430caa0f9bcffa319109\"},\"headline\":\"R\u00e9union de pr\u00e9paration de l&rsquo;AlterTour des 24 et 25 septembre 2016 aux Jardin d&rsquo;Alice\",\"datePublished\":\"2016-09-08T13:47:05+00:00\",\"dateModified\":\"2020-02-24T16:20:54+00:00\",\"mainEntityOfPage\":{\"@id\":\"https:\\\/\\\/www.altercampagne.net\\\/?p=6487\"},\"wordCount\":485,\"keywords\":[\"pl\u00e9ni\u00e8re\",\"Montreuil\",\"r\u00e9union\",\"jardin d'alice\",\"septembre 2016\",\"AlterTour 2017\",\"ordre du jour\"],\"articleSection\":[\"WE de pr\u00e9paration\"],\"inLanguage\":\"fr-FR\"},{\"@type\":\"WebPage\",\"@id\":\"https:\\\/\\\/www.altercampagne.net\\\/?p=6487\",\"url\":\"https:\\\/\\\/www.altercampagne.net\\\/?p=6487\",\"name\":\"R\u00e9union de pr\u00e9paration de l'AlterTour des 24 et 25 septembre 2016 aux Jardin d'Alice - AlterTour\",\"isPartOf\":{\"@id\":\"https:\\\/\\\/www.altercampagne.net\\\/#website\"},\"datePublished\":\"2016-09-08T13:47:05+00:00\",\"dateModified\":\"2020-02-24T16:20:54+00:00\",\"author\":{\"@id\":\"https:\\\/\\\/www.altercampagne.net\\\/#\\\/schema\\\/person\\\/0f261460c09e430caa0f9bcffa319109\"},\"breadcrumb\":{\"@id\":\"https:\\\/\\\/www.altercampagne.net\\\/?p=6487#breadcrumb\"},\"inLanguage\":\"fr-FR\",\"potentialAction\":[{\"@type\":\"ReadAction\",\"target\":[\"https:\\\/\\\/www.altercampagne.net\\\/?p=6487\"]}]},{\"@type\":\"BreadcrumbList\",\"@id\":\"https:\\\/\\\/www.altercampagne.net\\\/?p=6487#breadcrumb\",\"itemListElement\":[{\"@type\":\"ListItem\",\"position\":1,\"name\":\"Accueil\",\"item\":\"https:\\\/\\\/www.altercampagne.net\\\/\"},{\"@type\":\"ListItem\",\"position\":2,\"name\":\"R\u00e9union de pr\u00e9paration de l&rsquo;AlterTour des 24 et 25 septembre 2016 aux Jardin d&rsquo;Alice\"}]},{\"@type\":\"WebSite\",\"@id\":\"https:\\\/\\\/www.altercampagne.net\\\/#website\",\"url\":\"https:\\\/\\\/www.altercampagne.net\\\/\",\"name\":\"AlterTour\",\"description\":\"Reliez les Alternatives \u00e0 v\u00e9lo\",\"potentialAction\":[{\"@type\":\"SearchAction\",\"target\":{\"@type\":\"EntryPoint\",\"urlTemplate\":\"https:\\\/\\\/www.altercampagne.net\\\/?s={search_term_string}\"},\"query-input\":{\"@type\":\"PropertyValueSpecification\",\"valueRequired\":true,\"valueName\":\"search_term_string\"}}],\"inLanguage\":\"fr-FR\"},{\"@type\":\"Person\",\"@id\":\"https:\\\/\\\/www.altercampagne.net\\\/#\\\/schema\\\/person\\\/0f261460c09e430caa0f9bcffa319109\",\"name\":\"Mathieu\",\"image\":{\"@type\":\"ImageObject\",\"inLanguage\":\"fr-FR\",\"@id\":\"https:\\\/\\\/secure.gravatar.com\\\/avatar\\\/aa9d3d24c83f2141e5e2709d0f63d09a99f6be6bb7a50abc4915838d9f54501a?s=96&d=mm&r=g\",\"url\":\"https:\\\/\\\/secure.gravatar.com\\\/avatar\\\/aa9d3d24c83f2141e5e2709d0f63d09a99f6be6bb7a50abc4915838d9f54501a?s=96&d=mm&r=g\",\"contentUrl\":\"https:\\\/\\\/secure.gravatar.com\\\/avatar\\\/aa9d3d24c83f2141e5e2709d0f63d09a99f6be6bb7a50abc4915838d9f54501a?s=96&d=mm&r=g\",\"caption\":\"Mathieu\"},\"url\":\"https:\\\/\\\/www.altercampagne.net\\\/?author=214\"}]}<\/script>\n<!-- \/ Yoast SEO plugin. -->","yoast_head_json":{"title":"R\u00e9union de pr\u00e9paration de l'AlterTour des 24 et 25 septembre 2016 aux Jardin d'Alice - AlterTour","robots":{"index":"index","follow":"follow","max-snippet":"max-snippet:-1","max-image-preview":"max-image-preview:large","max-video-preview":"max-video-preview:-1"},"canonical":"https:\/\/www.altercampagne.net\/?p=6487","og_locale":"fr_FR","og_type":"article","og_title":"R\u00e9union de pr\u00e9paration de l'AlterTour des 24 et 25 septembre 2016 aux Jardin d'Alice - AlterTour","og_description":"Rendez-vous au Jardin d&rsquo;Alice : 19 rue Garibaldi &#8211; 93100 Montreuil &#8211; M\u00e9tro Robespierre &#8211; ligne 9 Samedi matin 09h00 &#8211; 09h30 : Caf\u00e9, petit dej partag\u00e9 et retrouvailles papotage ! 09h30 &#8211; 09h50 : Brise-glace et jeu pour faire connaissance 09h50 &#8211; 10h00 : Pr\u00e9sentation de l\u2019ordre du jour ... Read More","og_url":"https:\/\/www.altercampagne.net\/?p=6487","og_site_name":"AlterTour","article_published_time":"2016-09-08T13:47:05+00:00","article_modified_time":"2020-02-24T16:20:54+00:00","author":"Mathieu","twitter_card":"summary_large_image","twitter_misc":{"\u00c9crit par":"Mathieu","Dur\u00e9e de lecture estim\u00e9e":"2 minutes"},"schema":{"@context":"https:\/\/schema.org","@graph":[{"@type":"Article","@id":"https:\/\/www.altercampagne.net\/?p=6487#article","isPartOf":{"@id":"https:\/\/www.altercampagne.net\/?p=6487"},"author":{"name":"Mathieu","@id":"https:\/\/www.altercampagne.net\/#\/schema\/person\/0f261460c09e430caa0f9bcffa319109"},"headline":"R\u00e9union de pr\u00e9paration de l&rsquo;AlterTour des 24 et 25 septembre 2016 aux Jardin d&rsquo;Alice","datePublished":"2016-09-08T13:47:05+00:00","dateModified":"2020-02-24T16:20:54+00:00","mainEntityOfPage":{"@id":"https:\/\/www.altercampagne.net\/?p=6487"},"wordCount":485,"keywords":["pl\u00e9ni\u00e8re","Montreuil","r\u00e9union","jardin d'alice","septembre 2016","AlterTour 2017","ordre du jour"],"articleSection":["WE de pr\u00e9paration"],"inLanguage":"fr-FR"},{"@type":"WebPage","@id":"https:\/\/www.altercampagne.net\/?p=6487","url":"https:\/\/www.altercampagne.net\/?p=6487","name":"R\u00e9union de pr\u00e9paration de l'AlterTour des 24 et 25 septembre 2016 aux Jardin d'Alice - AlterTour","isPartOf":{"@id":"https:\/\/www.altercampagne.net\/#website"},"datePublished":"2016-09-08T13:47:05+00:00","dateModified":"2020-02-24T16:20:54+00:00","author":{"@id":"https:\/\/www.altercampagne.net\/#\/schema\/person\/0f261460c09e430caa0f9bcffa319109"},"breadcrumb":{"@id":"https:\/\/www.altercampagne.net\/?p=6487#breadcrumb"},"inLanguage":"fr-FR","potentialAction":[{"@type":"ReadAction","target":["https:\/\/www.altercampagne.net\/?p=6487"]}]},{"@type":"BreadcrumbList","@id":"https:\/\/www.altercampagne.net\/?p=6487#breadcrumb","itemListElement":[{"@type":"ListItem","position":1,"name":"Accueil","item":"https:\/\/www.altercampagne.net\/"},{"@type":"ListItem","position":2,"name":"R\u00e9union de pr\u00e9paration de l&rsquo;AlterTour des 24 et 25 septembre 2016 aux Jardin d&rsquo;Alice"}]},{"@type":"WebSite","@id":"https:\/\/www.altercampagne.net\/#website","url":"https:\/\/www.altercampagne.net\/","name":"AlterTour","description":"Reliez les Alternatives \u00e0 v\u00e9lo","potentialAction":[{"@type":"SearchAction","target":{"@type":"EntryPoint","urlTemplate":"https:\/\/www.altercampagne.net\/?s={search_term_string}"},"query-input":{"@type":"PropertyValueSpecification","valueRequired":true,"valueName":"search_term_string"}}],"inLanguage":"fr-FR"},{"@type":"Person","@id":"https:\/\/www.altercampagne.net\/#\/schema\/person\/0f261460c09e430caa0f9bcffa319109","name":"Mathieu","image":{"@type":"ImageObject","inLanguage":"fr-FR","@id":"https:\/\/secure.gravatar.com\/avatar\/aa9d3d24c83f2141e5e2709d0f63d09a99f6be6bb7a50abc4915838d9f54501a?s=96&d=mm&r=g","url":"https:\/\/secure.gravatar.com\/avatar\/aa9d3d24c83f2141e5e2709d0f63d09a99f6be6bb7a50abc4915838d9f54501a?s=96&d=mm&r=g","contentUrl":"https:\/\/secure.gravatar.com\/avatar\/aa9d3d24c83f2141e5e2709d0f63d09a99f6be6bb7a50abc4915838d9f54501a?s=96&d=mm&r=g","caption":"Mathieu"},"url":"https:\/\/www.altercampagne.net\/?author=214"}]}},"_links":{"self":[{"href":"https:\/\/www.altercampagne.net\/index.php?rest_route=\/wp\/v2\/posts\/6487","targetHints":{"allow":["GET"]}}],"collection":[{"href":"https:\/\/www.altercampagne.net\/index.php?rest_route=\/wp\/v2\/posts"}],"about":[{"href":"https:\/\/www.altercampagne.net\/index.php?rest_route=\/wp\/v2\/types\/post"}],"author":[{"embeddable":true,"href":"https:\/\/www.altercampagne.net\/index.php?rest_route=\/wp\/v2\/users\/214"}],"replies":[{"embeddable":true,"href":"https:\/\/www.altercampagne.net\/index.php?rest_route=%2Fwp%2Fv2%2Fcomments&post=6487"}],"version-history":[{"count":1,"href":"https:\/\/www.altercampagne.net\/index.php?rest_route=\/wp\/v2\/posts\/6487\/revisions"}],"predecessor-version":[{"id":17441,"href":"https:\/\/www.altercampagne.net\/index.php?rest_route=\/wp\/v2\/posts\/6487\/revisions\/17441"}],"wp:attachment":[{"href":"https:\/\/www.altercampagne.net\/index.php?rest_route=%2Fwp%2Fv2%2Fmedia&parent=6487"}],"wp:term":[{"taxonomy":"category","embeddable":true,"href":"https:\/\/www.altercampagne.net\/index.php?rest_route=%2Fwp%2Fv2%2Fcategories&post=6487"},{"taxonomy":"post_tag","embeddable":true,"href":"https:\/\/www.altercampagne.net\/index.php?rest_route=%2Fwp%2Fv2%2Ftags&post=6487"}],"curies":[{"name":"wp","href":"https:\/\/api.w.org\/{rel}","templated":true}]}}