{"id":6492,"date":"2016-09-28T15:57:24","date_gmt":"2016-09-28T13:57:24","guid":{"rendered":"http:\/\/www.altercampagne.net\/?p=6492"},"modified":"2020-02-24T17:20:16","modified_gmt":"2020-02-24T16:20:16","slug":"releve-de-decisions-de-la-reunion-des-24-et-25-septembre-2016","status":"publish","type":"post","link":"https:\/\/www.altercampagne.net\/?p=6492","title":{"rendered":"Relev\u00e9 de d\u00e9cisions de la r\u00e9union des 24 et 25 septembre 2016"},"content":{"rendered":"<p>Pensez \u00e0 remplir le tableau des heures de b\u00e9n\u00e9volat cette semaine dernier d\u00e9lai.<\/p>\n<p>Programmation des r\u00e9unions pl\u00e9ni\u00e8res \u00e0 venir : 11\/12\/13 novembre 2016 pl\u00e9ni\u00e8re + AG, 10\/11 d\u00e9cembre, 4 et 5 f\u00e9vrier , 18 et 19 mars, mai ??( pl\u00e9ni\u00e8re, r\u00e9paration v\u00e9lo, logistique), 17 et 18 juin<\/p>\n<p>R\u00e9unions \u201cskypes\u201d pour d\u00e9frichage (pour stimuler, ne pas \u00eatre seul), 20 octobre \u00e0 20h, puis 29 novembre 20h<\/p>\n<p>Week-end compta\/bilan financier de l\u2019ann\u00e9e les 8 et 9 octobre \u00e0 Limours chez Philippe.<\/p>\n<p>Dur\u00e9e de l&rsquo;AlterTour 2017 : 6 semaines, avec des \u00c9chapp\u00e9es Belles<\/p>\n<p>Zone de d\u00e9frichage large : Pyr\u00e9n\u00e9es Atlantique : Ma\u00eblle, Alberto, Daphn\u00e9e, Delphine \/ Hautes Pyr\u00e9n\u00e9es : S\u00e9bastien, J\u00e9r\u00f4me, C\u00e9line V, Camille \/ Gers : PO, Genevi\u00e8ve, Alberto \/ Haute Garonne : Charlotte, Claire G, Elsa \/ Ari\u00e8ge : C\u00e9line V, Yann, Beno\u00eet \/ Aude : Marine, Edouard, C\u00e9line M, Coline \/ Pyr\u00e9n\u00e9es Orientales : Matthieu, Delphine, Coline \/ Pays basque espagnol : Alberto, Camille \/ Catalogne : S\u00e9bastien, Ma\u00eblle \/ Aveyron : Erwan, Charlotte \/ H\u00e9rault : C\u00e9line M, Claire L, C\u00e9line V \/ Gard : Edouard, Charlotte, Charlotte Meunier \/ Loz\u00e8re : Edouard, Vincent, Charlotte, Erwan \/ Ard\u00e8che : Marion, Mathieu, Edouard, Christine \/ Dr\u00f4me : Vincent, Dutti, Edouard, Marine, Claire L, J\u00e9r\u00e9mie<\/p>\n<p>De nombreux groupes de r\u00e9flexion et id\u00e9es de groupes ont \u00e9t\u00e9 lanc\u00e9s. Penser pour ces nouvelles pistes \u00e0 regarder au cours de l\u2019ann\u00e9e dans le document de bilan (lien dans le CR du samedi matin), les id\u00e9es du festival de bonnes id\u00e9es de samedi apr\u00e8s-midi, les groupes qui ont \u00e9t\u00e9 constitu\u00e9s dimanche matin et les \u201cquestions \u00e0 soulever dans l\u2019ann\u00e9e\u201d<\/p>\n<p>Les pr\u00e9parateur.ice.s d\u2019\u00e9tapes 2015-2016 s\u00e9lectionnent une photo par accueillant.e \u00e0 envoyer, Mathieu pr\u00e9pare le tableau et envoie un mail pour le remplissage, et imprimera les photos, on les signe tou.te.s ensemble en novembre<\/p>\n<p>Table ronde \u00e0 Verdun le 5 novembre 2016 \u00e0 laquelle est invit\u00e9 l\u2019AlterTour : Baptiste et Mathieu (et peut-\u00eatre Coline)<\/p>\n","protected":false},"excerpt":{"rendered":"<p>Pensez \u00e0 remplir le tableau des heures de b\u00e9n\u00e9volat cette semaine dernier d\u00e9lai. Programmation des r\u00e9unions pl\u00e9ni\u00e8res \u00e0 venir : 11\/12\/13 novembre 2016 pl\u00e9ni\u00e8re + AG, 10\/11 d\u00e9cembre, 4 et 5 f\u00e9vrier , 18 et 19 mars, mai ??( pl\u00e9ni\u00e8re, r\u00e9paration v\u00e9lo, logistique), 17 et 18 juin R\u00e9unions \u201cskypes\u201d pour &#8230; <\/p>\n<div><a href=\"https:\/\/www.altercampagne.net\/?p=6492\" class=\"more-link\">Read More<\/a><\/div>\n","protected":false},"author":214,"featured_media":0,"comment_status":"closed","ping_status":"closed","sticky":false,"template":"","format":"standard","meta":{"footnotes":""},"categories":[3539],"tags":[49,434,476,2740,2783,2829],"class_list":["post-6492","post","type-post","status-publish","format-standard","hentry","category-we-de-preparation","tag-bilan","tag-pleniere","tag-reunion","tag-septembre-2016","tag-altertour-2017","tag-releve-de-decisions","no-post-thumbnail"],"yoast_head":"<!-- This site is optimized with the Yoast SEO plugin v27.3 - https:\/\/yoast.com\/product\/yoast-seo-wordpress\/ -->\n<title>Relev\u00e9 de d\u00e9cisions de la r\u00e9union des 24 et 25 septembre 2016 - AlterTour<\/title>\n<meta name=\"robots\" content=\"index, follow, max-snippet:-1, max-image-preview:large, max-video-preview:-1\" \/>\n<link rel=\"canonical\" href=\"https:\/\/www.altercampagne.net\/?p=6492\" \/>\n<meta property=\"og:locale\" content=\"fr_FR\" \/>\n<meta property=\"og:type\" content=\"article\" \/>\n<meta property=\"og:title\" content=\"Relev\u00e9 de d\u00e9cisions de la r\u00e9union des 24 et 25 septembre 2016 - AlterTour\" \/>\n<meta property=\"og:description\" content=\"Pensez \u00e0 remplir le tableau des heures de b\u00e9n\u00e9volat cette semaine dernier d\u00e9lai. Programmation des r\u00e9unions pl\u00e9ni\u00e8res \u00e0 venir : 11\/12\/13 novembre 2016 pl\u00e9ni\u00e8re + AG, 10\/11 d\u00e9cembre, 4 et 5 f\u00e9vrier , 18 et 19 mars, mai ??( pl\u00e9ni\u00e8re, r\u00e9paration v\u00e9lo, logistique), 17 et 18 juin R\u00e9unions \u201cskypes\u201d pour ... Read More\" \/>\n<meta property=\"og:url\" content=\"https:\/\/www.altercampagne.net\/?p=6492\" \/>\n<meta property=\"og:site_name\" content=\"AlterTour\" \/>\n<meta property=\"article:published_time\" content=\"2016-09-28T13:57:24+00:00\" \/>\n<meta property=\"article:modified_time\" content=\"2020-02-24T16:20:16+00:00\" \/>\n<meta name=\"author\" content=\"Mathieu\" \/>\n<meta name=\"twitter:card\" content=\"summary_large_image\" \/>\n<meta name=\"twitter:label1\" content=\"\u00c9crit par\" \/>\n\t<meta name=\"twitter:data1\" content=\"Mathieu\" \/>\n\t<meta name=\"twitter:label2\" content=\"Dur\u00e9e de lecture estim\u00e9e\" \/>\n\t<meta name=\"twitter:data2\" content=\"2 minutes\" \/>\n<script type=\"application\/ld+json\" class=\"yoast-schema-graph\">{\"@context\":\"https:\\\/\\\/schema.org\",\"@graph\":[{\"@type\":\"Article\",\"@id\":\"https:\\\/\\\/www.altercampagne.net\\\/?p=6492#article\",\"isPartOf\":{\"@id\":\"https:\\\/\\\/www.altercampagne.net\\\/?p=6492\"},\"author\":{\"name\":\"Mathieu\",\"@id\":\"https:\\\/\\\/www.altercampagne.net\\\/#\\\/schema\\\/person\\\/0f261460c09e430caa0f9bcffa319109\"},\"headline\":\"Relev\u00e9 de d\u00e9cisions de la r\u00e9union des 24 et 25 septembre 2016\",\"datePublished\":\"2016-09-28T13:57:24+00:00\",\"dateModified\":\"2020-02-24T16:20:16+00:00\",\"mainEntityOfPage\":{\"@id\":\"https:\\\/\\\/www.altercampagne.net\\\/?p=6492\"},\"wordCount\":338,\"keywords\":[\"bilan\",\"pl\u00e9ni\u00e8re\",\"r\u00e9union\",\"septembre 2016\",\"AlterTour 2017\",\"Relev\u00e9 de d\u00e9cisions\"],\"articleSection\":[\"WE de pr\u00e9paration\"],\"inLanguage\":\"fr-FR\"},{\"@type\":\"WebPage\",\"@id\":\"https:\\\/\\\/www.altercampagne.net\\\/?p=6492\",\"url\":\"https:\\\/\\\/www.altercampagne.net\\\/?p=6492\",\"name\":\"Relev\u00e9 de d\u00e9cisions de la r\u00e9union des 24 et 25 septembre 2016 - AlterTour\",\"isPartOf\":{\"@id\":\"https:\\\/\\\/www.altercampagne.net\\\/#website\"},\"datePublished\":\"2016-09-28T13:57:24+00:00\",\"dateModified\":\"2020-02-24T16:20:16+00:00\",\"author\":{\"@id\":\"https:\\\/\\\/www.altercampagne.net\\\/#\\\/schema\\\/person\\\/0f261460c09e430caa0f9bcffa319109\"},\"breadcrumb\":{\"@id\":\"https:\\\/\\\/www.altercampagne.net\\\/?p=6492#breadcrumb\"},\"inLanguage\":\"fr-FR\",\"potentialAction\":[{\"@type\":\"ReadAction\",\"target\":[\"https:\\\/\\\/www.altercampagne.net\\\/?p=6492\"]}]},{\"@type\":\"BreadcrumbList\",\"@id\":\"https:\\\/\\\/www.altercampagne.net\\\/?p=6492#breadcrumb\",\"itemListElement\":[{\"@type\":\"ListItem\",\"position\":1,\"name\":\"Accueil\",\"item\":\"https:\\\/\\\/www.altercampagne.net\\\/\"},{\"@type\":\"ListItem\",\"position\":2,\"name\":\"Relev\u00e9 de d\u00e9cisions de la r\u00e9union des 24 et 25 septembre 2016\"}]},{\"@type\":\"WebSite\",\"@id\":\"https:\\\/\\\/www.altercampagne.net\\\/#website\",\"url\":\"https:\\\/\\\/www.altercampagne.net\\\/\",\"name\":\"AlterTour\",\"description\":\"Reliez les Alternatives \u00e0 v\u00e9lo\",\"potentialAction\":[{\"@type\":\"SearchAction\",\"target\":{\"@type\":\"EntryPoint\",\"urlTemplate\":\"https:\\\/\\\/www.altercampagne.net\\\/?s={search_term_string}\"},\"query-input\":{\"@type\":\"PropertyValueSpecification\",\"valueRequired\":true,\"valueName\":\"search_term_string\"}}],\"inLanguage\":\"fr-FR\"},{\"@type\":\"Person\",\"@id\":\"https:\\\/\\\/www.altercampagne.net\\\/#\\\/schema\\\/person\\\/0f261460c09e430caa0f9bcffa319109\",\"name\":\"Mathieu\",\"image\":{\"@type\":\"ImageObject\",\"inLanguage\":\"fr-FR\",\"@id\":\"https:\\\/\\\/secure.gravatar.com\\\/avatar\\\/aa9d3d24c83f2141e5e2709d0f63d09a99f6be6bb7a50abc4915838d9f54501a?s=96&d=mm&r=g\",\"url\":\"https:\\\/\\\/secure.gravatar.com\\\/avatar\\\/aa9d3d24c83f2141e5e2709d0f63d09a99f6be6bb7a50abc4915838d9f54501a?s=96&d=mm&r=g\",\"contentUrl\":\"https:\\\/\\\/secure.gravatar.com\\\/avatar\\\/aa9d3d24c83f2141e5e2709d0f63d09a99f6be6bb7a50abc4915838d9f54501a?s=96&d=mm&r=g\",\"caption\":\"Mathieu\"},\"url\":\"https:\\\/\\\/www.altercampagne.net\\\/?author=214\"}]}<\/script>\n<!-- \/ Yoast SEO plugin. -->","yoast_head_json":{"title":"Relev\u00e9 de d\u00e9cisions de la r\u00e9union des 24 et 25 septembre 2016 - AlterTour","robots":{"index":"index","follow":"follow","max-snippet":"max-snippet:-1","max-image-preview":"max-image-preview:large","max-video-preview":"max-video-preview:-1"},"canonical":"https:\/\/www.altercampagne.net\/?p=6492","og_locale":"fr_FR","og_type":"article","og_title":"Relev\u00e9 de d\u00e9cisions de la r\u00e9union des 24 et 25 septembre 2016 - AlterTour","og_description":"Pensez \u00e0 remplir le tableau des heures de b\u00e9n\u00e9volat cette semaine dernier d\u00e9lai. Programmation des r\u00e9unions pl\u00e9ni\u00e8res \u00e0 venir : 11\/12\/13 novembre 2016 pl\u00e9ni\u00e8re + AG, 10\/11 d\u00e9cembre, 4 et 5 f\u00e9vrier , 18 et 19 mars, mai ??( pl\u00e9ni\u00e8re, r\u00e9paration v\u00e9lo, logistique), 17 et 18 juin R\u00e9unions \u201cskypes\u201d pour ... Read More","og_url":"https:\/\/www.altercampagne.net\/?p=6492","og_site_name":"AlterTour","article_published_time":"2016-09-28T13:57:24+00:00","article_modified_time":"2020-02-24T16:20:16+00:00","author":"Mathieu","twitter_card":"summary_large_image","twitter_misc":{"\u00c9crit par":"Mathieu","Dur\u00e9e de lecture estim\u00e9e":"2 minutes"},"schema":{"@context":"https:\/\/schema.org","@graph":[{"@type":"Article","@id":"https:\/\/www.altercampagne.net\/?p=6492#article","isPartOf":{"@id":"https:\/\/www.altercampagne.net\/?p=6492"},"author":{"name":"Mathieu","@id":"https:\/\/www.altercampagne.net\/#\/schema\/person\/0f261460c09e430caa0f9bcffa319109"},"headline":"Relev\u00e9 de d\u00e9cisions de la r\u00e9union des 24 et 25 septembre 2016","datePublished":"2016-09-28T13:57:24+00:00","dateModified":"2020-02-24T16:20:16+00:00","mainEntityOfPage":{"@id":"https:\/\/www.altercampagne.net\/?p=6492"},"wordCount":338,"keywords":["bilan","pl\u00e9ni\u00e8re","r\u00e9union","septembre 2016","AlterTour 2017","Relev\u00e9 de d\u00e9cisions"],"articleSection":["WE de pr\u00e9paration"],"inLanguage":"fr-FR"},{"@type":"WebPage","@id":"https:\/\/www.altercampagne.net\/?p=6492","url":"https:\/\/www.altercampagne.net\/?p=6492","name":"Relev\u00e9 de d\u00e9cisions de la r\u00e9union des 24 et 25 septembre 2016 - AlterTour","isPartOf":{"@id":"https:\/\/www.altercampagne.net\/#website"},"datePublished":"2016-09-28T13:57:24+00:00","dateModified":"2020-02-24T16:20:16+00:00","author":{"@id":"https:\/\/www.altercampagne.net\/#\/schema\/person\/0f261460c09e430caa0f9bcffa319109"},"breadcrumb":{"@id":"https:\/\/www.altercampagne.net\/?p=6492#breadcrumb"},"inLanguage":"fr-FR","potentialAction":[{"@type":"ReadAction","target":["https:\/\/www.altercampagne.net\/?p=6492"]}]},{"@type":"BreadcrumbList","@id":"https:\/\/www.altercampagne.net\/?p=6492#breadcrumb","itemListElement":[{"@type":"ListItem","position":1,"name":"Accueil","item":"https:\/\/www.altercampagne.net\/"},{"@type":"ListItem","position":2,"name":"Relev\u00e9 de d\u00e9cisions de la r\u00e9union des 24 et 25 septembre 2016"}]},{"@type":"WebSite","@id":"https:\/\/www.altercampagne.net\/#website","url":"https:\/\/www.altercampagne.net\/","name":"AlterTour","description":"Reliez les Alternatives \u00e0 v\u00e9lo","potentialAction":[{"@type":"SearchAction","target":{"@type":"EntryPoint","urlTemplate":"https:\/\/www.altercampagne.net\/?s={search_term_string}"},"query-input":{"@type":"PropertyValueSpecification","valueRequired":true,"valueName":"search_term_string"}}],"inLanguage":"fr-FR"},{"@type":"Person","@id":"https:\/\/www.altercampagne.net\/#\/schema\/person\/0f261460c09e430caa0f9bcffa319109","name":"Mathieu","image":{"@type":"ImageObject","inLanguage":"fr-FR","@id":"https:\/\/secure.gravatar.com\/avatar\/aa9d3d24c83f2141e5e2709d0f63d09a99f6be6bb7a50abc4915838d9f54501a?s=96&d=mm&r=g","url":"https:\/\/secure.gravatar.com\/avatar\/aa9d3d24c83f2141e5e2709d0f63d09a99f6be6bb7a50abc4915838d9f54501a?s=96&d=mm&r=g","contentUrl":"https:\/\/secure.gravatar.com\/avatar\/aa9d3d24c83f2141e5e2709d0f63d09a99f6be6bb7a50abc4915838d9f54501a?s=96&d=mm&r=g","caption":"Mathieu"},"url":"https:\/\/www.altercampagne.net\/?author=214"}]}},"_links":{"self":[{"href":"https:\/\/www.altercampagne.net\/index.php?rest_route=\/wp\/v2\/posts\/6492","targetHints":{"allow":["GET"]}}],"collection":[{"href":"https:\/\/www.altercampagne.net\/index.php?rest_route=\/wp\/v2\/posts"}],"about":[{"href":"https:\/\/www.altercampagne.net\/index.php?rest_route=\/wp\/v2\/types\/post"}],"author":[{"embeddable":true,"href":"https:\/\/www.altercampagne.net\/index.php?rest_route=\/wp\/v2\/users\/214"}],"replies":[{"embeddable":true,"href":"https:\/\/www.altercampagne.net\/index.php?rest_route=%2Fwp%2Fv2%2Fcomments&post=6492"}],"version-history":[{"count":1,"href":"https:\/\/www.altercampagne.net\/index.php?rest_route=\/wp\/v2\/posts\/6492\/revisions"}],"predecessor-version":[{"id":17439,"href":"https:\/\/www.altercampagne.net\/index.php?rest_route=\/wp\/v2\/posts\/6492\/revisions\/17439"}],"wp:attachment":[{"href":"https:\/\/www.altercampagne.net\/index.php?rest_route=%2Fwp%2Fv2%2Fmedia&parent=6492"}],"wp:term":[{"taxonomy":"category","embeddable":true,"href":"https:\/\/www.altercampagne.net\/index.php?rest_route=%2Fwp%2Fv2%2Fcategories&post=6492"},{"taxonomy":"post_tag","embeddable":true,"href":"https:\/\/www.altercampagne.net\/index.php?rest_route=%2Fwp%2Fv2%2Ftags&post=6492"}],"curies":[{"name":"wp","href":"https:\/\/api.w.org\/{rel}","templated":true}]}}