{"id":6494,"date":"2016-05-27T16:03:40","date_gmt":"2016-05-27T14:03:40","guid":{"rendered":"http:\/\/www.altercampagne.net\/?p=6494"},"modified":"2020-02-24T17:55:41","modified_gmt":"2020-02-24T16:55:41","slug":"reunion-de-preparation-de-laltertour-2016-les-11-et-12-juin-aux-marmites-volantes-de-montreuil","status":"publish","type":"post","link":"https:\/\/www.altercampagne.net\/?p=6494","title":{"rendered":"R\u00e9union de pr\u00e9paration de l&rsquo;AlterTour 2016 les 11 et 12 juin aux Marmites volantes de Montreuil"},"content":{"rendered":"<p>Rendez-vous aux Marmites volantes de Montreuil : 47 avenue Pasteur &#8211; M\u00e9tro 9 : Mairie de Montreuil<\/p>\n<p>Samedi matin<br \/>\n09h30 &#8211; 10h00 : Point m\u00e9t\u00e9o et r\u00e9partition des t\u00e2ches<br \/>\n10h00 &#8211; 11h15 : Point parcours : Lieux couvert midi et soir, \u00e9quilibre entre les \u00e9tapes (cercles de parole, rencontre avec le public\u2026), les manques\u2026<br \/>\n11h15 &#8211; 11h30 : Pause<br \/>\n11h30 &#8211; 12h30 : Logistique nourriture :<br \/>\n&#8211; La d\u00e9marche pour les commandes de nourriture<br \/>\n&#8211; Faire un bilan des 2 derni\u00e8res ann\u00e9es<br \/>\n&#8211; Pr\u00e9parer une trame pour passer le relais de l\u2019intendance facilement<br \/>\n&#8211; Fiches menus<\/p>\n<p>12h30 &#8211; 14h00 : Repas partag\u00e9<\/p>\n<p>Samedi apr\u00e8s-midi<br \/>\n14h00 &#8211; 15h00 : Pr\u00e9sentation du bilan carbone de l\u2019AlterTour 2015 et r\u00e9flexion sur le 2016. Pr\u00e9sentation par Audrey Berry et Yoann Gruson-Daniel (olmo). Voir quand m\u00eame cela au programme. C\u2019\u00e9tait l\u2019horaire \u00e9voqu\u00e9e avec Mathieu durant notre derni\u00e8re r\u00e9union. Pouvez-vous confirmer la pr\u00e9sence d\u2019un video-projecteur stp.<br \/>\n14h25 &#8211; 14h45 : V\u00e9los \u00e0 acheter (\u00e9volution des v\u00e9los de l\u2019AT) (15 min)<br \/>\n15h00 &#8211; 15h30 : Point Finances et inscriptions + prix des T-shirts pendant l\u2019AT<br \/>\n15h00 &#8211; 17h00 : Th\u00e8me : r\u00e9flexion collective sur la gestion des biens communs<br \/>\n17h00 &#8211; 17h30 : Pause<br \/>\n17h30 &#8211; 18h30 : Bilan de l\u2019orga de l\u2019ann\u00e9e<br \/>\n18h30 &#8211; 20h30 : R\u00e9union du Coll\u00e8ge Solidaire<\/p>\n<p>Dimanche matin<br \/>\n09h30 &#8211; 10h15 : Calendrier de la rentr\u00e9e: diminution du nombre de pl\u00e9ni\u00e8res ? date de la premi\u00e8re pl\u00e9ni\u00e8re et de l\u2019AG.<br \/>\n10h15 &#8211; 11h15 : Organisation du Before et after tour + logistique v\u00e9hicules (boite \u00e0 lettre, fiches info d\u00e9marrage des v\u00e9hicules\u2026)<br \/>\n11h15- 11h30 : Pause<br \/>\n11h30 &#8211; 12h00 : Bilan du Mini-AlterTour<\/p>\n<p>12h00 &#8211; 13h30 : Repas<\/p>\n<p>Dimanche apr\u00e8s-midi<br \/>\n13h30 &#8211; 14h30 :<br \/>\n&gt; Communication :<br \/>\nbesoin d\u2019affiches et de flyers<br \/>\nDiffusion du Communiqu\u00e9 De Presse r\u00e9gional<\/p>\n<p>14h30 &#8211; 15h00 : Rangement, RDV sur l\u2019AlterTour!!!!!!!!!!!!<\/p>\n","protected":false},"excerpt":{"rendered":"<p>Rendez-vous aux Marmites volantes de Montreuil : 47 avenue Pasteur &#8211; M\u00e9tro 9 : Mairie de Montreuil Samedi matin 09h30 &#8211; 10h00 : Point m\u00e9t\u00e9o et r\u00e9partition des t\u00e2ches 10h00 &#8211; 11h15 : Point parcours : Lieux couvert midi et soir, \u00e9quilibre entre les \u00e9tapes (cercles de parole, rencontre avec &#8230; <\/p>\n<div><a href=\"https:\/\/www.altercampagne.net\/?p=6494\" class=\"more-link\">Read More<\/a><\/div>\n","protected":false},"author":214,"featured_media":0,"comment_status":"closed","ping_status":"closed","sticky":false,"template":"","format":"standard","meta":{"footnotes":""},"categories":[3539],"tags":[67,383,434,472,476,2832,2839],"class_list":["post-6494","post","type-post","status-publish","format-standard","hentry","category-we-de-preparation","tag-marmites-volantes","tag-altertour-2016","tag-pleniere","tag-montreuil","tag-reunion","tag-juin-2016","tag-ordre-du-jour","no-post-thumbnail"],"yoast_head":"<!-- This site is optimized with the Yoast SEO plugin v27.3 - https:\/\/yoast.com\/product\/yoast-seo-wordpress\/ -->\n<title>R\u00e9union de pr\u00e9paration de l&#039;AlterTour 2016 les 11 et 12 juin aux Marmites volantes de Montreuil - AlterTour<\/title>\n<meta name=\"robots\" content=\"index, follow, max-snippet:-1, max-image-preview:large, max-video-preview:-1\" \/>\n<link rel=\"canonical\" href=\"https:\/\/www.altercampagne.net\/?p=6494\" \/>\n<meta property=\"og:locale\" content=\"fr_FR\" \/>\n<meta property=\"og:type\" content=\"article\" \/>\n<meta property=\"og:title\" content=\"R\u00e9union de pr\u00e9paration de l&#039;AlterTour 2016 les 11 et 12 juin aux Marmites volantes de Montreuil - AlterTour\" \/>\n<meta property=\"og:description\" content=\"Rendez-vous aux Marmites volantes de Montreuil : 47 avenue Pasteur &#8211; M\u00e9tro 9 : Mairie de Montreuil Samedi matin 09h30 &#8211; 10h00 : Point m\u00e9t\u00e9o et r\u00e9partition des t\u00e2ches 10h00 &#8211; 11h15 : Point parcours : Lieux couvert midi et soir, \u00e9quilibre entre les \u00e9tapes (cercles de parole, rencontre avec ... Read More\" \/>\n<meta property=\"og:url\" content=\"https:\/\/www.altercampagne.net\/?p=6494\" \/>\n<meta property=\"og:site_name\" content=\"AlterTour\" \/>\n<meta property=\"article:published_time\" content=\"2016-05-27T14:03:40+00:00\" \/>\n<meta property=\"article:modified_time\" content=\"2020-02-24T16:55:41+00:00\" \/>\n<meta name=\"author\" content=\"Mathieu\" \/>\n<meta name=\"twitter:card\" content=\"summary_large_image\" \/>\n<meta name=\"twitter:label1\" content=\"\u00c9crit par\" \/>\n\t<meta name=\"twitter:data1\" content=\"Mathieu\" \/>\n\t<meta name=\"twitter:label2\" content=\"Dur\u00e9e de lecture estim\u00e9e\" \/>\n\t<meta name=\"twitter:data2\" content=\"2 minutes\" \/>\n<script type=\"application\/ld+json\" class=\"yoast-schema-graph\">{\"@context\":\"https:\\\/\\\/schema.org\",\"@graph\":[{\"@type\":\"Article\",\"@id\":\"https:\\\/\\\/www.altercampagne.net\\\/?p=6494#article\",\"isPartOf\":{\"@id\":\"https:\\\/\\\/www.altercampagne.net\\\/?p=6494\"},\"author\":{\"name\":\"Mathieu\",\"@id\":\"https:\\\/\\\/www.altercampagne.net\\\/#\\\/schema\\\/person\\\/0f261460c09e430caa0f9bcffa319109\"},\"headline\":\"R\u00e9union de pr\u00e9paration de l&rsquo;AlterTour 2016 les 11 et 12 juin aux Marmites volantes de Montreuil\",\"datePublished\":\"2016-05-27T14:03:40+00:00\",\"dateModified\":\"2020-02-24T16:55:41+00:00\",\"mainEntityOfPage\":{\"@id\":\"https:\\\/\\\/www.altercampagne.net\\\/?p=6494\"},\"wordCount\":332,\"keywords\":[\"marmites volantes\",\"AlterTour 2016\",\"pl\u00e9ni\u00e8re\",\"Montreuil\",\"r\u00e9union\",\"juin 2016\",\"ordre du jour\"],\"articleSection\":[\"WE de pr\u00e9paration\"],\"inLanguage\":\"fr-FR\"},{\"@type\":\"WebPage\",\"@id\":\"https:\\\/\\\/www.altercampagne.net\\\/?p=6494\",\"url\":\"https:\\\/\\\/www.altercampagne.net\\\/?p=6494\",\"name\":\"R\u00e9union de pr\u00e9paration de l'AlterTour 2016 les 11 et 12 juin aux Marmites volantes de Montreuil - AlterTour\",\"isPartOf\":{\"@id\":\"https:\\\/\\\/www.altercampagne.net\\\/#website\"},\"datePublished\":\"2016-05-27T14:03:40+00:00\",\"dateModified\":\"2020-02-24T16:55:41+00:00\",\"author\":{\"@id\":\"https:\\\/\\\/www.altercampagne.net\\\/#\\\/schema\\\/person\\\/0f261460c09e430caa0f9bcffa319109\"},\"breadcrumb\":{\"@id\":\"https:\\\/\\\/www.altercampagne.net\\\/?p=6494#breadcrumb\"},\"inLanguage\":\"fr-FR\",\"potentialAction\":[{\"@type\":\"ReadAction\",\"target\":[\"https:\\\/\\\/www.altercampagne.net\\\/?p=6494\"]}]},{\"@type\":\"BreadcrumbList\",\"@id\":\"https:\\\/\\\/www.altercampagne.net\\\/?p=6494#breadcrumb\",\"itemListElement\":[{\"@type\":\"ListItem\",\"position\":1,\"name\":\"Accueil\",\"item\":\"https:\\\/\\\/www.altercampagne.net\\\/\"},{\"@type\":\"ListItem\",\"position\":2,\"name\":\"R\u00e9union de pr\u00e9paration de l&rsquo;AlterTour 2016 les 11 et 12 juin aux Marmites volantes de Montreuil\"}]},{\"@type\":\"WebSite\",\"@id\":\"https:\\\/\\\/www.altercampagne.net\\\/#website\",\"url\":\"https:\\\/\\\/www.altercampagne.net\\\/\",\"name\":\"AlterTour\",\"description\":\"Reliez les Alternatives \u00e0 v\u00e9lo\",\"potentialAction\":[{\"@type\":\"SearchAction\",\"target\":{\"@type\":\"EntryPoint\",\"urlTemplate\":\"https:\\\/\\\/www.altercampagne.net\\\/?s={search_term_string}\"},\"query-input\":{\"@type\":\"PropertyValueSpecification\",\"valueRequired\":true,\"valueName\":\"search_term_string\"}}],\"inLanguage\":\"fr-FR\"},{\"@type\":\"Person\",\"@id\":\"https:\\\/\\\/www.altercampagne.net\\\/#\\\/schema\\\/person\\\/0f261460c09e430caa0f9bcffa319109\",\"name\":\"Mathieu\",\"image\":{\"@type\":\"ImageObject\",\"inLanguage\":\"fr-FR\",\"@id\":\"https:\\\/\\\/secure.gravatar.com\\\/avatar\\\/aa9d3d24c83f2141e5e2709d0f63d09a99f6be6bb7a50abc4915838d9f54501a?s=96&d=mm&r=g\",\"url\":\"https:\\\/\\\/secure.gravatar.com\\\/avatar\\\/aa9d3d24c83f2141e5e2709d0f63d09a99f6be6bb7a50abc4915838d9f54501a?s=96&d=mm&r=g\",\"contentUrl\":\"https:\\\/\\\/secure.gravatar.com\\\/avatar\\\/aa9d3d24c83f2141e5e2709d0f63d09a99f6be6bb7a50abc4915838d9f54501a?s=96&d=mm&r=g\",\"caption\":\"Mathieu\"},\"url\":\"https:\\\/\\\/www.altercampagne.net\\\/?author=214\"}]}<\/script>\n<!-- \/ Yoast SEO plugin. -->","yoast_head_json":{"title":"R\u00e9union de pr\u00e9paration de l'AlterTour 2016 les 11 et 12 juin aux Marmites volantes de Montreuil - AlterTour","robots":{"index":"index","follow":"follow","max-snippet":"max-snippet:-1","max-image-preview":"max-image-preview:large","max-video-preview":"max-video-preview:-1"},"canonical":"https:\/\/www.altercampagne.net\/?p=6494","og_locale":"fr_FR","og_type":"article","og_title":"R\u00e9union de pr\u00e9paration de l'AlterTour 2016 les 11 et 12 juin aux Marmites volantes de Montreuil - AlterTour","og_description":"Rendez-vous aux Marmites volantes de Montreuil : 47 avenue Pasteur &#8211; M\u00e9tro 9 : Mairie de Montreuil Samedi matin 09h30 &#8211; 10h00 : Point m\u00e9t\u00e9o et r\u00e9partition des t\u00e2ches 10h00 &#8211; 11h15 : Point parcours : Lieux couvert midi et soir, \u00e9quilibre entre les \u00e9tapes (cercles de parole, rencontre avec ... Read More","og_url":"https:\/\/www.altercampagne.net\/?p=6494","og_site_name":"AlterTour","article_published_time":"2016-05-27T14:03:40+00:00","article_modified_time":"2020-02-24T16:55:41+00:00","author":"Mathieu","twitter_card":"summary_large_image","twitter_misc":{"\u00c9crit par":"Mathieu","Dur\u00e9e de lecture estim\u00e9e":"2 minutes"},"schema":{"@context":"https:\/\/schema.org","@graph":[{"@type":"Article","@id":"https:\/\/www.altercampagne.net\/?p=6494#article","isPartOf":{"@id":"https:\/\/www.altercampagne.net\/?p=6494"},"author":{"name":"Mathieu","@id":"https:\/\/www.altercampagne.net\/#\/schema\/person\/0f261460c09e430caa0f9bcffa319109"},"headline":"R\u00e9union de pr\u00e9paration de l&rsquo;AlterTour 2016 les 11 et 12 juin aux Marmites volantes de Montreuil","datePublished":"2016-05-27T14:03:40+00:00","dateModified":"2020-02-24T16:55:41+00:00","mainEntityOfPage":{"@id":"https:\/\/www.altercampagne.net\/?p=6494"},"wordCount":332,"keywords":["marmites volantes","AlterTour 2016","pl\u00e9ni\u00e8re","Montreuil","r\u00e9union","juin 2016","ordre du jour"],"articleSection":["WE de pr\u00e9paration"],"inLanguage":"fr-FR"},{"@type":"WebPage","@id":"https:\/\/www.altercampagne.net\/?p=6494","url":"https:\/\/www.altercampagne.net\/?p=6494","name":"R\u00e9union de pr\u00e9paration de l'AlterTour 2016 les 11 et 12 juin aux Marmites volantes de Montreuil - AlterTour","isPartOf":{"@id":"https:\/\/www.altercampagne.net\/#website"},"datePublished":"2016-05-27T14:03:40+00:00","dateModified":"2020-02-24T16:55:41+00:00","author":{"@id":"https:\/\/www.altercampagne.net\/#\/schema\/person\/0f261460c09e430caa0f9bcffa319109"},"breadcrumb":{"@id":"https:\/\/www.altercampagne.net\/?p=6494#breadcrumb"},"inLanguage":"fr-FR","potentialAction":[{"@type":"ReadAction","target":["https:\/\/www.altercampagne.net\/?p=6494"]}]},{"@type":"BreadcrumbList","@id":"https:\/\/www.altercampagne.net\/?p=6494#breadcrumb","itemListElement":[{"@type":"ListItem","position":1,"name":"Accueil","item":"https:\/\/www.altercampagne.net\/"},{"@type":"ListItem","position":2,"name":"R\u00e9union de pr\u00e9paration de l&rsquo;AlterTour 2016 les 11 et 12 juin aux Marmites volantes de Montreuil"}]},{"@type":"WebSite","@id":"https:\/\/www.altercampagne.net\/#website","url":"https:\/\/www.altercampagne.net\/","name":"AlterTour","description":"Reliez les Alternatives \u00e0 v\u00e9lo","potentialAction":[{"@type":"SearchAction","target":{"@type":"EntryPoint","urlTemplate":"https:\/\/www.altercampagne.net\/?s={search_term_string}"},"query-input":{"@type":"PropertyValueSpecification","valueRequired":true,"valueName":"search_term_string"}}],"inLanguage":"fr-FR"},{"@type":"Person","@id":"https:\/\/www.altercampagne.net\/#\/schema\/person\/0f261460c09e430caa0f9bcffa319109","name":"Mathieu","image":{"@type":"ImageObject","inLanguage":"fr-FR","@id":"https:\/\/secure.gravatar.com\/avatar\/aa9d3d24c83f2141e5e2709d0f63d09a99f6be6bb7a50abc4915838d9f54501a?s=96&d=mm&r=g","url":"https:\/\/secure.gravatar.com\/avatar\/aa9d3d24c83f2141e5e2709d0f63d09a99f6be6bb7a50abc4915838d9f54501a?s=96&d=mm&r=g","contentUrl":"https:\/\/secure.gravatar.com\/avatar\/aa9d3d24c83f2141e5e2709d0f63d09a99f6be6bb7a50abc4915838d9f54501a?s=96&d=mm&r=g","caption":"Mathieu"},"url":"https:\/\/www.altercampagne.net\/?author=214"}]}},"_links":{"self":[{"href":"https:\/\/www.altercampagne.net\/index.php?rest_route=\/wp\/v2\/posts\/6494","targetHints":{"allow":["GET"]}}],"collection":[{"href":"https:\/\/www.altercampagne.net\/index.php?rest_route=\/wp\/v2\/posts"}],"about":[{"href":"https:\/\/www.altercampagne.net\/index.php?rest_route=\/wp\/v2\/types\/post"}],"author":[{"embeddable":true,"href":"https:\/\/www.altercampagne.net\/index.php?rest_route=\/wp\/v2\/users\/214"}],"replies":[{"embeddable":true,"href":"https:\/\/www.altercampagne.net\/index.php?rest_route=%2Fwp%2Fv2%2Fcomments&post=6494"}],"version-history":[{"count":1,"href":"https:\/\/www.altercampagne.net\/index.php?rest_route=\/wp\/v2\/posts\/6494\/revisions"}],"predecessor-version":[{"id":17498,"href":"https:\/\/www.altercampagne.net\/index.php?rest_route=\/wp\/v2\/posts\/6494\/revisions\/17498"}],"wp:attachment":[{"href":"https:\/\/www.altercampagne.net\/index.php?rest_route=%2Fwp%2Fv2%2Fmedia&parent=6494"}],"wp:term":[{"taxonomy":"category","embeddable":true,"href":"https:\/\/www.altercampagne.net\/index.php?rest_route=%2Fwp%2Fv2%2Fcategories&post=6494"},{"taxonomy":"post_tag","embeddable":true,"href":"https:\/\/www.altercampagne.net\/index.php?rest_route=%2Fwp%2Fv2%2Ftags&post=6494"}],"curies":[{"name":"wp","href":"https:\/\/api.w.org\/{rel}","templated":true}]}}