{"id":6496,"date":"2016-06-15T16:18:14","date_gmt":"2016-06-15T14:18:14","guid":{"rendered":"http:\/\/www.altercampagne.net\/?p=6496"},"modified":"2020-02-24T15:03:12","modified_gmt":"2020-02-24T14:03:12","slug":"releve-de-decisions-de-la-reunion-des-11-et-12-juin-2016","status":"publish","type":"post","link":"https:\/\/www.altercampagne.net\/?p=6496","title":{"rendered":"Relev\u00e9 de d\u00e9cisions de la r\u00e9union des 11 et 12 juin 2016"},"content":{"rendered":"<p>Sur le site, on met \u201ccomplet pour le moment &#8211; r\u00e9essayez \u201dpour jauges r\u00e9duites, \u00e0 modifier si jauge augmente &gt; Baptiste<\/p>\n<p>V\u00e9los : Pierrot et Mathieu font une proposition de cahier des charges + se faire conseiller par des r\u00e9parateurs pour l\u2019achat de 2 v\u00e9los. Et on rach\u00e8te une roue<br \/>\nquestion \u00e0 reporter \u00e0 la rentr\u00e9e (septembre) : faire un groupe de travail sur renouvellement des v\u00e9los (et du coup peut-\u00eatre demande de sub fl\u00e9ch\u00e9e etc.)<\/p>\n<p>Modification sur le site du prix du T-shirt. Passage \u00e0 13\u20ac \u00e0 15\u20ac sur les stands<\/p>\n<p>Accentuation de la communication sur les p\u00e9riodes du 10 au 22 juillet (1\u00e8re semaine) \/ sur la premi\u00e8re Echapp\u00e9e belle \/ sur la p\u00e9riode du 8 au 21 ao\u00fbt (accueillants \u2192 r\u00e9seaux sociaux, leur site, articles r\u00e9gionaux, etc.)<\/p>\n<p>V\u00e9lo cargo<br \/>\n1) On paye la location pour la semaine avec Olmo, du 23 au 1 ao\u00fbt. On discutera apr\u00e8s pour la plus longue p\u00e9riode (l\u2019an prochain).<br \/>\n2) Indiquer sur le site de l\u2019AlterTour la pr\u00e9sence du v\u00e9lo cargo et l\u2019association Olmopour l&rsquo;Echapp\u00e9e Belle de juillet<br \/>\n3) Mettre en ligne la pr\u00e9sentation de l\u2019asso et un lien vers la pr\u00e9sentation du bilan carbone.<\/p>\n<p>Week-end compta en octobre avec traitement donn\u00e9es bilan carbone (factures et questionnaires) : on en fait un week-end sympa avec du monde<br \/>\n\u00e9laboration d\u2019un questionnaire pour recueillir les donn\u00e9es carbone individuelles \u00e0 l\u2019arriv\u00e9e sur l\u2019AT &gt; Yoann<\/p>\n<p>BeforeTour : \u00e0 Notre-Dame-des-Lande, \u00e0 partir du 7 juillet apr\u00e8s-midi \u00e0 partir de 14h \/ Mathieu fait une proposition de planning<\/p>\n<p>AfterTour : Philippe voit avec le Jardin des Miles pas \u00e0 Rennes (du dimanche 21 au mardi 23)<\/p>\n<p>R\u00e9duction du nombre de pl\u00e9ni\u00e8res l\u2019an prochain, et ajout des r\u00e9unions skype interm\u00e9diaires (pr\u00e9par\u00e9s, ODJ \u00e0 l\u2019avance, outils pour facilitation des r\u00e9unions skype.) et week-ends th\u00e9matiques (sur l\u2019id\u00e9e de ceux de compta)<\/p>\n<p>Prochaines pl\u00e9ni\u00e8res :<br \/>\n&#8211; 24-25 septembre (Paris) organis\u00e9 par Genevi\u00e8ve et Coline<br \/>\n&#8211; Week-end compta en octobre (Limours)<br \/>\n&#8211; 12-13 novembre : Assembl\u00e9e G\u00e9n\u00e9rale (Paris)<\/p>\n","protected":false},"excerpt":{"rendered":"<p>Sur le site, on met \u201ccomplet pour le moment &#8211; r\u00e9essayez \u201dpour jauges r\u00e9duites, \u00e0 modifier si jauge augmente &gt; Baptiste V\u00e9los : Pierrot et Mathieu font une proposition de cahier des charges + se faire conseiller par des r\u00e9parateurs pour l\u2019achat de 2 v\u00e9los. Et on rach\u00e8te une roue &#8230; <\/p>\n<div><a href=\"https:\/\/www.altercampagne.net\/?p=6496\" class=\"more-link\">Read More<\/a><\/div>\n","protected":false},"author":214,"featured_media":0,"comment_status":"closed","ping_status":"closed","sticky":false,"template":"","format":"standard","meta":{"footnotes":""},"categories":[3539],"tags":[434,476,2829,2832],"class_list":["post-6496","post","type-post","status-publish","format-standard","hentry","category-we-de-preparation","tag-pleniere","tag-reunion","tag-releve-de-decisions","tag-juin-2016","no-post-thumbnail"],"yoast_head":"<!-- This site is optimized with the Yoast SEO plugin v27.3 - https:\/\/yoast.com\/product\/yoast-seo-wordpress\/ -->\n<title>Relev\u00e9 de d\u00e9cisions de la r\u00e9union des 11 et 12 juin 2016 - AlterTour<\/title>\n<meta name=\"robots\" content=\"index, follow, max-snippet:-1, max-image-preview:large, max-video-preview:-1\" \/>\n<link rel=\"canonical\" href=\"https:\/\/www.altercampagne.net\/?p=6496\" \/>\n<meta property=\"og:locale\" content=\"fr_FR\" \/>\n<meta property=\"og:type\" content=\"article\" \/>\n<meta property=\"og:title\" content=\"Relev\u00e9 de d\u00e9cisions de la r\u00e9union des 11 et 12 juin 2016 - AlterTour\" \/>\n<meta property=\"og:description\" content=\"Sur le site, on met \u201ccomplet pour le moment &#8211; r\u00e9essayez \u201dpour jauges r\u00e9duites, \u00e0 modifier si jauge augmente &gt; Baptiste V\u00e9los : Pierrot et Mathieu font une proposition de cahier des charges + se faire conseiller par des r\u00e9parateurs pour l\u2019achat de 2 v\u00e9los. Et on rach\u00e8te une roue ... Read More\" \/>\n<meta property=\"og:url\" content=\"https:\/\/www.altercampagne.net\/?p=6496\" \/>\n<meta property=\"og:site_name\" content=\"AlterTour\" \/>\n<meta property=\"article:published_time\" content=\"2016-06-15T14:18:14+00:00\" \/>\n<meta property=\"article:modified_time\" content=\"2020-02-24T14:03:12+00:00\" \/>\n<meta name=\"author\" content=\"Mathieu\" \/>\n<meta name=\"twitter:card\" content=\"summary_large_image\" \/>\n<meta name=\"twitter:label1\" content=\"\u00c9crit par\" \/>\n\t<meta name=\"twitter:data1\" content=\"Mathieu\" \/>\n\t<meta name=\"twitter:label2\" content=\"Dur\u00e9e de lecture estim\u00e9e\" \/>\n\t<meta name=\"twitter:data2\" content=\"2 minutes\" \/>\n<script type=\"application\/ld+json\" class=\"yoast-schema-graph\">{\"@context\":\"https:\\\/\\\/schema.org\",\"@graph\":[{\"@type\":\"Article\",\"@id\":\"https:\\\/\\\/www.altercampagne.net\\\/?p=6496#article\",\"isPartOf\":{\"@id\":\"https:\\\/\\\/www.altercampagne.net\\\/?p=6496\"},\"author\":{\"name\":\"Mathieu\",\"@id\":\"https:\\\/\\\/www.altercampagne.net\\\/#\\\/schema\\\/person\\\/0f261460c09e430caa0f9bcffa319109\"},\"headline\":\"Relev\u00e9 de d\u00e9cisions de la r\u00e9union des 11 et 12 juin 2016\",\"datePublished\":\"2016-06-15T14:18:14+00:00\",\"dateModified\":\"2020-02-24T14:03:12+00:00\",\"mainEntityOfPage\":{\"@id\":\"https:\\\/\\\/www.altercampagne.net\\\/?p=6496\"},\"wordCount\":358,\"keywords\":[\"pl\u00e9ni\u00e8re\",\"r\u00e9union\",\"Relev\u00e9 de d\u00e9cisions\",\"juin 2016\"],\"articleSection\":[\"WE de pr\u00e9paration\"],\"inLanguage\":\"fr-FR\"},{\"@type\":\"WebPage\",\"@id\":\"https:\\\/\\\/www.altercampagne.net\\\/?p=6496\",\"url\":\"https:\\\/\\\/www.altercampagne.net\\\/?p=6496\",\"name\":\"Relev\u00e9 de d\u00e9cisions de la r\u00e9union des 11 et 12 juin 2016 - AlterTour\",\"isPartOf\":{\"@id\":\"https:\\\/\\\/www.altercampagne.net\\\/#website\"},\"datePublished\":\"2016-06-15T14:18:14+00:00\",\"dateModified\":\"2020-02-24T14:03:12+00:00\",\"author\":{\"@id\":\"https:\\\/\\\/www.altercampagne.net\\\/#\\\/schema\\\/person\\\/0f261460c09e430caa0f9bcffa319109\"},\"breadcrumb\":{\"@id\":\"https:\\\/\\\/www.altercampagne.net\\\/?p=6496#breadcrumb\"},\"inLanguage\":\"fr-FR\",\"potentialAction\":[{\"@type\":\"ReadAction\",\"target\":[\"https:\\\/\\\/www.altercampagne.net\\\/?p=6496\"]}]},{\"@type\":\"BreadcrumbList\",\"@id\":\"https:\\\/\\\/www.altercampagne.net\\\/?p=6496#breadcrumb\",\"itemListElement\":[{\"@type\":\"ListItem\",\"position\":1,\"name\":\"Accueil\",\"item\":\"https:\\\/\\\/www.altercampagne.net\\\/\"},{\"@type\":\"ListItem\",\"position\":2,\"name\":\"Relev\u00e9 de d\u00e9cisions de la r\u00e9union des 11 et 12 juin 2016\"}]},{\"@type\":\"WebSite\",\"@id\":\"https:\\\/\\\/www.altercampagne.net\\\/#website\",\"url\":\"https:\\\/\\\/www.altercampagne.net\\\/\",\"name\":\"AlterTour\",\"description\":\"Reliez les Alternatives \u00e0 v\u00e9lo\",\"potentialAction\":[{\"@type\":\"SearchAction\",\"target\":{\"@type\":\"EntryPoint\",\"urlTemplate\":\"https:\\\/\\\/www.altercampagne.net\\\/?s={search_term_string}\"},\"query-input\":{\"@type\":\"PropertyValueSpecification\",\"valueRequired\":true,\"valueName\":\"search_term_string\"}}],\"inLanguage\":\"fr-FR\"},{\"@type\":\"Person\",\"@id\":\"https:\\\/\\\/www.altercampagne.net\\\/#\\\/schema\\\/person\\\/0f261460c09e430caa0f9bcffa319109\",\"name\":\"Mathieu\",\"image\":{\"@type\":\"ImageObject\",\"inLanguage\":\"fr-FR\",\"@id\":\"https:\\\/\\\/secure.gravatar.com\\\/avatar\\\/aa9d3d24c83f2141e5e2709d0f63d09a99f6be6bb7a50abc4915838d9f54501a?s=96&d=mm&r=g\",\"url\":\"https:\\\/\\\/secure.gravatar.com\\\/avatar\\\/aa9d3d24c83f2141e5e2709d0f63d09a99f6be6bb7a50abc4915838d9f54501a?s=96&d=mm&r=g\",\"contentUrl\":\"https:\\\/\\\/secure.gravatar.com\\\/avatar\\\/aa9d3d24c83f2141e5e2709d0f63d09a99f6be6bb7a50abc4915838d9f54501a?s=96&d=mm&r=g\",\"caption\":\"Mathieu\"},\"url\":\"https:\\\/\\\/www.altercampagne.net\\\/?author=214\"}]}<\/script>\n<!-- \/ Yoast SEO plugin. -->","yoast_head_json":{"title":"Relev\u00e9 de d\u00e9cisions de la r\u00e9union des 11 et 12 juin 2016 - AlterTour","robots":{"index":"index","follow":"follow","max-snippet":"max-snippet:-1","max-image-preview":"max-image-preview:large","max-video-preview":"max-video-preview:-1"},"canonical":"https:\/\/www.altercampagne.net\/?p=6496","og_locale":"fr_FR","og_type":"article","og_title":"Relev\u00e9 de d\u00e9cisions de la r\u00e9union des 11 et 12 juin 2016 - AlterTour","og_description":"Sur le site, on met \u201ccomplet pour le moment &#8211; r\u00e9essayez \u201dpour jauges r\u00e9duites, \u00e0 modifier si jauge augmente &gt; Baptiste V\u00e9los : Pierrot et Mathieu font une proposition de cahier des charges + se faire conseiller par des r\u00e9parateurs pour l\u2019achat de 2 v\u00e9los. Et on rach\u00e8te une roue ... Read More","og_url":"https:\/\/www.altercampagne.net\/?p=6496","og_site_name":"AlterTour","article_published_time":"2016-06-15T14:18:14+00:00","article_modified_time":"2020-02-24T14:03:12+00:00","author":"Mathieu","twitter_card":"summary_large_image","twitter_misc":{"\u00c9crit par":"Mathieu","Dur\u00e9e de lecture estim\u00e9e":"2 minutes"},"schema":{"@context":"https:\/\/schema.org","@graph":[{"@type":"Article","@id":"https:\/\/www.altercampagne.net\/?p=6496#article","isPartOf":{"@id":"https:\/\/www.altercampagne.net\/?p=6496"},"author":{"name":"Mathieu","@id":"https:\/\/www.altercampagne.net\/#\/schema\/person\/0f261460c09e430caa0f9bcffa319109"},"headline":"Relev\u00e9 de d\u00e9cisions de la r\u00e9union des 11 et 12 juin 2016","datePublished":"2016-06-15T14:18:14+00:00","dateModified":"2020-02-24T14:03:12+00:00","mainEntityOfPage":{"@id":"https:\/\/www.altercampagne.net\/?p=6496"},"wordCount":358,"keywords":["pl\u00e9ni\u00e8re","r\u00e9union","Relev\u00e9 de d\u00e9cisions","juin 2016"],"articleSection":["WE de pr\u00e9paration"],"inLanguage":"fr-FR"},{"@type":"WebPage","@id":"https:\/\/www.altercampagne.net\/?p=6496","url":"https:\/\/www.altercampagne.net\/?p=6496","name":"Relev\u00e9 de d\u00e9cisions de la r\u00e9union des 11 et 12 juin 2016 - AlterTour","isPartOf":{"@id":"https:\/\/www.altercampagne.net\/#website"},"datePublished":"2016-06-15T14:18:14+00:00","dateModified":"2020-02-24T14:03:12+00:00","author":{"@id":"https:\/\/www.altercampagne.net\/#\/schema\/person\/0f261460c09e430caa0f9bcffa319109"},"breadcrumb":{"@id":"https:\/\/www.altercampagne.net\/?p=6496#breadcrumb"},"inLanguage":"fr-FR","potentialAction":[{"@type":"ReadAction","target":["https:\/\/www.altercampagne.net\/?p=6496"]}]},{"@type":"BreadcrumbList","@id":"https:\/\/www.altercampagne.net\/?p=6496#breadcrumb","itemListElement":[{"@type":"ListItem","position":1,"name":"Accueil","item":"https:\/\/www.altercampagne.net\/"},{"@type":"ListItem","position":2,"name":"Relev\u00e9 de d\u00e9cisions de la r\u00e9union des 11 et 12 juin 2016"}]},{"@type":"WebSite","@id":"https:\/\/www.altercampagne.net\/#website","url":"https:\/\/www.altercampagne.net\/","name":"AlterTour","description":"Reliez les Alternatives \u00e0 v\u00e9lo","potentialAction":[{"@type":"SearchAction","target":{"@type":"EntryPoint","urlTemplate":"https:\/\/www.altercampagne.net\/?s={search_term_string}"},"query-input":{"@type":"PropertyValueSpecification","valueRequired":true,"valueName":"search_term_string"}}],"inLanguage":"fr-FR"},{"@type":"Person","@id":"https:\/\/www.altercampagne.net\/#\/schema\/person\/0f261460c09e430caa0f9bcffa319109","name":"Mathieu","image":{"@type":"ImageObject","inLanguage":"fr-FR","@id":"https:\/\/secure.gravatar.com\/avatar\/aa9d3d24c83f2141e5e2709d0f63d09a99f6be6bb7a50abc4915838d9f54501a?s=96&d=mm&r=g","url":"https:\/\/secure.gravatar.com\/avatar\/aa9d3d24c83f2141e5e2709d0f63d09a99f6be6bb7a50abc4915838d9f54501a?s=96&d=mm&r=g","contentUrl":"https:\/\/secure.gravatar.com\/avatar\/aa9d3d24c83f2141e5e2709d0f63d09a99f6be6bb7a50abc4915838d9f54501a?s=96&d=mm&r=g","caption":"Mathieu"},"url":"https:\/\/www.altercampagne.net\/?author=214"}]}},"_links":{"self":[{"href":"https:\/\/www.altercampagne.net\/index.php?rest_route=\/wp\/v2\/posts\/6496","targetHints":{"allow":["GET"]}}],"collection":[{"href":"https:\/\/www.altercampagne.net\/index.php?rest_route=\/wp\/v2\/posts"}],"about":[{"href":"https:\/\/www.altercampagne.net\/index.php?rest_route=\/wp\/v2\/types\/post"}],"author":[{"embeddable":true,"href":"https:\/\/www.altercampagne.net\/index.php?rest_route=\/wp\/v2\/users\/214"}],"replies":[{"embeddable":true,"href":"https:\/\/www.altercampagne.net\/index.php?rest_route=%2Fwp%2Fv2%2Fcomments&post=6496"}],"version-history":[{"count":1,"href":"https:\/\/www.altercampagne.net\/index.php?rest_route=\/wp\/v2\/posts\/6496\/revisions"}],"predecessor-version":[{"id":17327,"href":"https:\/\/www.altercampagne.net\/index.php?rest_route=\/wp\/v2\/posts\/6496\/revisions\/17327"}],"wp:attachment":[{"href":"https:\/\/www.altercampagne.net\/index.php?rest_route=%2Fwp%2Fv2%2Fmedia&parent=6496"}],"wp:term":[{"taxonomy":"category","embeddable":true,"href":"https:\/\/www.altercampagne.net\/index.php?rest_route=%2Fwp%2Fv2%2Fcategories&post=6496"},{"taxonomy":"post_tag","embeddable":true,"href":"https:\/\/www.altercampagne.net\/index.php?rest_route=%2Fwp%2Fv2%2Ftags&post=6496"}],"curies":[{"name":"wp","href":"https:\/\/api.w.org\/{rel}","templated":true}]}}