{"id":6502,"date":"2016-04-21T16:32:35","date_gmt":"2016-04-21T14:32:35","guid":{"rendered":"http:\/\/www.altercampagne.net\/?p=6502"},"modified":"2020-02-24T17:21:35","modified_gmt":"2020-02-24T16:21:35","slug":"reunion-de-preparation-de-laltertour-a-sainte-gemme-la-plaine-vendee-du-5-au-8-mai-2016","status":"publish","type":"post","link":"https:\/\/www.altercampagne.net\/?p=6502","title":{"rendered":"Week-End de R\u00e9paration des V\u00e9los de l&rsquo;AlterTour (WERVA) \u00e0 Sainte Gemme la plaine (Vend\u00e9e ) du 5 au 8 mai 2016"},"content":{"rendered":"<p>Rendez-vous chez Pierrot \u00e0 Sainte Gemme la plaine &#8211; Co-voiturages depuis Paris et Clermont-Ferrand<\/p>\n<p><strong>Jeudi 5 mai<\/strong><br \/>\n09h00 &#8211; 10h30 : Diagnostic v\u00e9lo et v\u00e9hicules (pour d\u00e9terminer si commande de pi\u00e8ces n\u00e9cessaires)<br \/>\n11h00 &#8211; 12h30 :<br \/>\n&#8211; Diagnostic v\u00e9lo \/ Achat\/Commande pi\u00e8ces v\u00e9hicules si urgent<br \/>\n&#8211; Historique d&rsquo;Altercampagne (animation Mathieu)<br \/>\n12h30 &#8211; 14h30 : Repas<br \/>\n14h30 -16h00 : 2 ateliers :<br \/>\n&#8211; Diagnostic v\u00e9lo<br \/>\n&#8211; L&rsquo;Autogestion pendant l&rsquo;AT<\/p>\n<p>16h30 &#8211; 18h00 :<br \/>\n&#8211; Petites r\u00e9parations<br \/>\n&#8211; Mixit\u00e9 (Animation Mathieu)<br \/>\n&#8211; Conception de drapeaux \/ d\u00e9co v\u00e9los<\/p>\n<p><strong>Vendredi 6 mai<\/strong><br \/>\n09h00 &#8211; 10h30 :<br \/>\n&#8211; Achat de pi\u00e8ces v\u00e9lo \u00e0 La Roche-sur-Yon \u2022 D\u00e9but de r\u00e9vision des V\u00e9hicules si gros travaux<br \/>\n&#8211; Les 10 ans de l&rsquo;AT<br \/>\n&#8211; Vidage lavage , rangement des v\u00e9hicules<\/p>\n<p>11h00 &#8211; 12h30 :<br \/>\n&#8211; Achat de pi\u00e8ces \u00e0 La Roche-sur-Yon<br \/>\n&#8211; Comment accueillir les nouveaux sur l\u2019AT<br \/>\n&#8211; Faciliter la pr\u00e9paration des repas pendant l&rsquo;AT<\/p>\n<p>12h30 &#8211; 14h30 : Repas<\/p>\n<p>14h30 &#8211; 16h00 :<br \/>\n&#8211; R\u00e9vision des v\u00e9los et des v\u00e9hicules<br \/>\n&#8211; La s\u00e9curit\u00e9 en groupe et La jargonette<br \/>\n&#8211; Conception de drapeaux \/ d\u00e9co v\u00e9los<br \/>\n16h30 &#8211; 18h00 :<br \/>\n&#8211; R\u00e9vision des v\u00e9hicules<br \/>\n&#8211; Balade \u00e0 v\u00e9lo<\/p>\n<p><strong>Samedi 7 mai<\/strong><br \/>\n09h00 &#8211; 10h30 :<br \/>\n&#8211; R\u00e9vision des v\u00e9los et des v\u00e9hicules<br \/>\n&#8211; Retour sur la r\u00e9union du CS puis valorisation des v\u00e9hicules toute l&rsquo;ann\u00e9e<\/p>\n<p>11h00 &#8211; 12h30 :<br \/>\n&#8211; R\u00e9vision des v\u00e9los et des v\u00e9hicules<br \/>\n&#8211; Point Com&rsquo; : diffusion des affiche et des flyers, envoi du com de presse, relai com&rsquo; accueillants<\/p>\n<p>12h30 &#8211; 14h30 : Repas<\/p>\n<p>14h30 &#8211; 16h00 :<br \/>\n&#8211; R\u00e9vision des v\u00e9los et des v\u00e9hicules<br \/>\n&#8211; Point parcours : \u00e9tat du parcours, fiches \u00e9tapes publiques, pause du midi, \u00e9quilibres entres les animations<\/p>\n<p>16h30 &#8211; 18h00 :<br \/>\n&#8211; Conception de drapeaux<br \/>\n&#8211; Inscriptions : ouverture lundi 2 mai (!), r\u00e9ception des inscriptions<\/p>\n<p><strong>Dimanche 8 mai<\/strong><br \/>\n09h00 &#8211; 10h30 :<br \/>\n&#8211; Commandes de T-shirt<br \/>\n&#8211; Conception de drapeaux<\/p>\n<p>11h00 &#8211; 12h30 : ce qu&rsquo;il reste \u00e0 faire jusqu&rsquo;au d\u00e9part<\/p>\n","protected":false},"excerpt":{"rendered":"<p>Rendez-vous chez Pierrot \u00e0 Sainte Gemme la plaine &#8211; Co-voiturages depuis Paris et Clermont-Ferrand Jeudi 5 mai 09h00 &#8211; 10h30 : Diagnostic v\u00e9lo et v\u00e9hicules (pour d\u00e9terminer si commande de pi\u00e8ces n\u00e9cessaires) 11h00 &#8211; 12h30 : &#8211; Diagnostic v\u00e9lo \/ Achat\/Commande pi\u00e8ces v\u00e9hicules si urgent &#8211; Historique d&rsquo;Altercampagne (animation Mathieu) &#8230; <\/p>\n<div><a href=\"https:\/\/www.altercampagne.net\/?p=6502\" class=\"more-link\">Read More<\/a><\/div>\n","protected":false},"author":214,"featured_media":0,"comment_status":"closed","ping_status":"closed","sticky":false,"template":"","format":"standard","meta":{"footnotes":""},"categories":[3539],"tags":[434,476,2089,2090,2092,2379,2833,3565],"class_list":["post-6502","post","type-post","status-publish","format-standard","hentry","category-we-de-preparation","tag-pleniere","tag-reunion","tag-vendee","tag-werva","tag-week-end-de-reparation-des-velos-de-laltertour","tag-mai-2016","tag-sainte-gemme-le-plaine","tag-week-end","no-post-thumbnail"],"yoast_head":"<!-- This site is optimized with the Yoast SEO plugin v27.3 - https:\/\/yoast.com\/product\/yoast-seo-wordpress\/ -->\n<title>Week-End de R\u00e9paration des V\u00e9los de l&#039;AlterTour (WERVA) \u00e0 Sainte Gemme la plaine (Vend\u00e9e ) du 5 au 8 mai 2016 - AlterTour<\/title>\n<meta name=\"robots\" content=\"index, follow, max-snippet:-1, max-image-preview:large, max-video-preview:-1\" \/>\n<link rel=\"canonical\" href=\"https:\/\/www.altercampagne.net\/?p=6502\" \/>\n<meta property=\"og:locale\" content=\"fr_FR\" \/>\n<meta property=\"og:type\" content=\"article\" \/>\n<meta property=\"og:title\" content=\"Week-End de R\u00e9paration des V\u00e9los de l&#039;AlterTour (WERVA) \u00e0 Sainte Gemme la plaine (Vend\u00e9e ) du 5 au 8 mai 2016 - AlterTour\" \/>\n<meta property=\"og:description\" content=\"Rendez-vous chez Pierrot \u00e0 Sainte Gemme la plaine &#8211; Co-voiturages depuis Paris et Clermont-Ferrand Jeudi 5 mai 09h00 &#8211; 10h30 : Diagnostic v\u00e9lo et v\u00e9hicules (pour d\u00e9terminer si commande de pi\u00e8ces n\u00e9cessaires) 11h00 &#8211; 12h30 : &#8211; Diagnostic v\u00e9lo \/ Achat\/Commande pi\u00e8ces v\u00e9hicules si urgent &#8211; Historique d&rsquo;Altercampagne (animation Mathieu) ... Read More\" \/>\n<meta property=\"og:url\" content=\"https:\/\/www.altercampagne.net\/?p=6502\" \/>\n<meta property=\"og:site_name\" content=\"AlterTour\" \/>\n<meta property=\"article:published_time\" content=\"2016-04-21T14:32:35+00:00\" \/>\n<meta property=\"article:modified_time\" content=\"2020-02-24T16:21:35+00:00\" \/>\n<meta name=\"author\" content=\"Mathieu\" \/>\n<meta name=\"twitter:card\" content=\"summary_large_image\" \/>\n<meta name=\"twitter:label1\" content=\"\u00c9crit par\" \/>\n\t<meta name=\"twitter:data1\" content=\"Mathieu\" \/>\n\t<meta name=\"twitter:label2\" content=\"Dur\u00e9e de lecture estim\u00e9e\" \/>\n\t<meta name=\"twitter:data2\" content=\"2 minutes\" \/>\n<script type=\"application\/ld+json\" class=\"yoast-schema-graph\">{\"@context\":\"https:\\\/\\\/schema.org\",\"@graph\":[{\"@type\":\"Article\",\"@id\":\"https:\\\/\\\/www.altercampagne.net\\\/?p=6502#article\",\"isPartOf\":{\"@id\":\"https:\\\/\\\/www.altercampagne.net\\\/?p=6502\"},\"author\":{\"name\":\"Mathieu\",\"@id\":\"https:\\\/\\\/www.altercampagne.net\\\/#\\\/schema\\\/person\\\/0f261460c09e430caa0f9bcffa319109\"},\"headline\":\"Week-End de R\u00e9paration des V\u00e9los de l&rsquo;AlterTour (WERVA) \u00e0 Sainte Gemme la plaine (Vend\u00e9e ) du 5 au 8 mai 2016\",\"datePublished\":\"2016-04-21T14:32:35+00:00\",\"dateModified\":\"2020-02-24T16:21:35+00:00\",\"mainEntityOfPage\":{\"@id\":\"https:\\\/\\\/www.altercampagne.net\\\/?p=6502\"},\"wordCount\":361,\"keywords\":[\"pl\u00e9ni\u00e8re\",\"r\u00e9union\",\"Vend\u00e9e\",\"werva\",\"Week-end de r\u00e9paration des v\u00e9los de l'AlterTour\",\"mai 2016\",\"Sainte-Gemme-le-plaine\",\"week-end\"],\"articleSection\":[\"WE de pr\u00e9paration\"],\"inLanguage\":\"fr-FR\"},{\"@type\":\"WebPage\",\"@id\":\"https:\\\/\\\/www.altercampagne.net\\\/?p=6502\",\"url\":\"https:\\\/\\\/www.altercampagne.net\\\/?p=6502\",\"name\":\"Week-End de R\u00e9paration des V\u00e9los de l'AlterTour (WERVA) \u00e0 Sainte Gemme la plaine (Vend\u00e9e ) du 5 au 8 mai 2016 - AlterTour\",\"isPartOf\":{\"@id\":\"https:\\\/\\\/www.altercampagne.net\\\/#website\"},\"datePublished\":\"2016-04-21T14:32:35+00:00\",\"dateModified\":\"2020-02-24T16:21:35+00:00\",\"author\":{\"@id\":\"https:\\\/\\\/www.altercampagne.net\\\/#\\\/schema\\\/person\\\/0f261460c09e430caa0f9bcffa319109\"},\"breadcrumb\":{\"@id\":\"https:\\\/\\\/www.altercampagne.net\\\/?p=6502#breadcrumb\"},\"inLanguage\":\"fr-FR\",\"potentialAction\":[{\"@type\":\"ReadAction\",\"target\":[\"https:\\\/\\\/www.altercampagne.net\\\/?p=6502\"]}]},{\"@type\":\"BreadcrumbList\",\"@id\":\"https:\\\/\\\/www.altercampagne.net\\\/?p=6502#breadcrumb\",\"itemListElement\":[{\"@type\":\"ListItem\",\"position\":1,\"name\":\"Accueil\",\"item\":\"https:\\\/\\\/www.altercampagne.net\\\/\"},{\"@type\":\"ListItem\",\"position\":2,\"name\":\"Week-End de R\u00e9paration des V\u00e9los de l&rsquo;AlterTour (WERVA) \u00e0 Sainte Gemme la plaine (Vend\u00e9e ) du 5 au 8 mai 2016\"}]},{\"@type\":\"WebSite\",\"@id\":\"https:\\\/\\\/www.altercampagne.net\\\/#website\",\"url\":\"https:\\\/\\\/www.altercampagne.net\\\/\",\"name\":\"AlterTour\",\"description\":\"Reliez les Alternatives \u00e0 v\u00e9lo\",\"potentialAction\":[{\"@type\":\"SearchAction\",\"target\":{\"@type\":\"EntryPoint\",\"urlTemplate\":\"https:\\\/\\\/www.altercampagne.net\\\/?s={search_term_string}\"},\"query-input\":{\"@type\":\"PropertyValueSpecification\",\"valueRequired\":true,\"valueName\":\"search_term_string\"}}],\"inLanguage\":\"fr-FR\"},{\"@type\":\"Person\",\"@id\":\"https:\\\/\\\/www.altercampagne.net\\\/#\\\/schema\\\/person\\\/0f261460c09e430caa0f9bcffa319109\",\"name\":\"Mathieu\",\"image\":{\"@type\":\"ImageObject\",\"inLanguage\":\"fr-FR\",\"@id\":\"https:\\\/\\\/secure.gravatar.com\\\/avatar\\\/aa9d3d24c83f2141e5e2709d0f63d09a99f6be6bb7a50abc4915838d9f54501a?s=96&d=mm&r=g\",\"url\":\"https:\\\/\\\/secure.gravatar.com\\\/avatar\\\/aa9d3d24c83f2141e5e2709d0f63d09a99f6be6bb7a50abc4915838d9f54501a?s=96&d=mm&r=g\",\"contentUrl\":\"https:\\\/\\\/secure.gravatar.com\\\/avatar\\\/aa9d3d24c83f2141e5e2709d0f63d09a99f6be6bb7a50abc4915838d9f54501a?s=96&d=mm&r=g\",\"caption\":\"Mathieu\"},\"url\":\"https:\\\/\\\/www.altercampagne.net\\\/?author=214\"}]}<\/script>\n<!-- \/ Yoast SEO plugin. -->","yoast_head_json":{"title":"Week-End de R\u00e9paration des V\u00e9los de l'AlterTour (WERVA) \u00e0 Sainte Gemme la plaine (Vend\u00e9e ) du 5 au 8 mai 2016 - AlterTour","robots":{"index":"index","follow":"follow","max-snippet":"max-snippet:-1","max-image-preview":"max-image-preview:large","max-video-preview":"max-video-preview:-1"},"canonical":"https:\/\/www.altercampagne.net\/?p=6502","og_locale":"fr_FR","og_type":"article","og_title":"Week-End de R\u00e9paration des V\u00e9los de l'AlterTour (WERVA) \u00e0 Sainte Gemme la plaine (Vend\u00e9e ) du 5 au 8 mai 2016 - AlterTour","og_description":"Rendez-vous chez Pierrot \u00e0 Sainte Gemme la plaine &#8211; Co-voiturages depuis Paris et Clermont-Ferrand Jeudi 5 mai 09h00 &#8211; 10h30 : Diagnostic v\u00e9lo et v\u00e9hicules (pour d\u00e9terminer si commande de pi\u00e8ces n\u00e9cessaires) 11h00 &#8211; 12h30 : &#8211; Diagnostic v\u00e9lo \/ Achat\/Commande pi\u00e8ces v\u00e9hicules si urgent &#8211; Historique d&rsquo;Altercampagne (animation Mathieu) ... Read More","og_url":"https:\/\/www.altercampagne.net\/?p=6502","og_site_name":"AlterTour","article_published_time":"2016-04-21T14:32:35+00:00","article_modified_time":"2020-02-24T16:21:35+00:00","author":"Mathieu","twitter_card":"summary_large_image","twitter_misc":{"\u00c9crit par":"Mathieu","Dur\u00e9e de lecture estim\u00e9e":"2 minutes"},"schema":{"@context":"https:\/\/schema.org","@graph":[{"@type":"Article","@id":"https:\/\/www.altercampagne.net\/?p=6502#article","isPartOf":{"@id":"https:\/\/www.altercampagne.net\/?p=6502"},"author":{"name":"Mathieu","@id":"https:\/\/www.altercampagne.net\/#\/schema\/person\/0f261460c09e430caa0f9bcffa319109"},"headline":"Week-End de R\u00e9paration des V\u00e9los de l&rsquo;AlterTour (WERVA) \u00e0 Sainte Gemme la plaine (Vend\u00e9e ) du 5 au 8 mai 2016","datePublished":"2016-04-21T14:32:35+00:00","dateModified":"2020-02-24T16:21:35+00:00","mainEntityOfPage":{"@id":"https:\/\/www.altercampagne.net\/?p=6502"},"wordCount":361,"keywords":["pl\u00e9ni\u00e8re","r\u00e9union","Vend\u00e9e","werva","Week-end de r\u00e9paration des v\u00e9los de l'AlterTour","mai 2016","Sainte-Gemme-le-plaine","week-end"],"articleSection":["WE de pr\u00e9paration"],"inLanguage":"fr-FR"},{"@type":"WebPage","@id":"https:\/\/www.altercampagne.net\/?p=6502","url":"https:\/\/www.altercampagne.net\/?p=6502","name":"Week-End de R\u00e9paration des V\u00e9los de l'AlterTour (WERVA) \u00e0 Sainte Gemme la plaine (Vend\u00e9e ) du 5 au 8 mai 2016 - AlterTour","isPartOf":{"@id":"https:\/\/www.altercampagne.net\/#website"},"datePublished":"2016-04-21T14:32:35+00:00","dateModified":"2020-02-24T16:21:35+00:00","author":{"@id":"https:\/\/www.altercampagne.net\/#\/schema\/person\/0f261460c09e430caa0f9bcffa319109"},"breadcrumb":{"@id":"https:\/\/www.altercampagne.net\/?p=6502#breadcrumb"},"inLanguage":"fr-FR","potentialAction":[{"@type":"ReadAction","target":["https:\/\/www.altercampagne.net\/?p=6502"]}]},{"@type":"BreadcrumbList","@id":"https:\/\/www.altercampagne.net\/?p=6502#breadcrumb","itemListElement":[{"@type":"ListItem","position":1,"name":"Accueil","item":"https:\/\/www.altercampagne.net\/"},{"@type":"ListItem","position":2,"name":"Week-End de R\u00e9paration des V\u00e9los de l&rsquo;AlterTour (WERVA) \u00e0 Sainte Gemme la plaine (Vend\u00e9e ) du 5 au 8 mai 2016"}]},{"@type":"WebSite","@id":"https:\/\/www.altercampagne.net\/#website","url":"https:\/\/www.altercampagne.net\/","name":"AlterTour","description":"Reliez les Alternatives \u00e0 v\u00e9lo","potentialAction":[{"@type":"SearchAction","target":{"@type":"EntryPoint","urlTemplate":"https:\/\/www.altercampagne.net\/?s={search_term_string}"},"query-input":{"@type":"PropertyValueSpecification","valueRequired":true,"valueName":"search_term_string"}}],"inLanguage":"fr-FR"},{"@type":"Person","@id":"https:\/\/www.altercampagne.net\/#\/schema\/person\/0f261460c09e430caa0f9bcffa319109","name":"Mathieu","image":{"@type":"ImageObject","inLanguage":"fr-FR","@id":"https:\/\/secure.gravatar.com\/avatar\/aa9d3d24c83f2141e5e2709d0f63d09a99f6be6bb7a50abc4915838d9f54501a?s=96&d=mm&r=g","url":"https:\/\/secure.gravatar.com\/avatar\/aa9d3d24c83f2141e5e2709d0f63d09a99f6be6bb7a50abc4915838d9f54501a?s=96&d=mm&r=g","contentUrl":"https:\/\/secure.gravatar.com\/avatar\/aa9d3d24c83f2141e5e2709d0f63d09a99f6be6bb7a50abc4915838d9f54501a?s=96&d=mm&r=g","caption":"Mathieu"},"url":"https:\/\/www.altercampagne.net\/?author=214"}]}},"_links":{"self":[{"href":"https:\/\/www.altercampagne.net\/index.php?rest_route=\/wp\/v2\/posts\/6502","targetHints":{"allow":["GET"]}}],"collection":[{"href":"https:\/\/www.altercampagne.net\/index.php?rest_route=\/wp\/v2\/posts"}],"about":[{"href":"https:\/\/www.altercampagne.net\/index.php?rest_route=\/wp\/v2\/types\/post"}],"author":[{"embeddable":true,"href":"https:\/\/www.altercampagne.net\/index.php?rest_route=\/wp\/v2\/users\/214"}],"replies":[{"embeddable":true,"href":"https:\/\/www.altercampagne.net\/index.php?rest_route=%2Fwp%2Fv2%2Fcomments&post=6502"}],"version-history":[{"count":0,"href":"https:\/\/www.altercampagne.net\/index.php?rest_route=\/wp\/v2\/posts\/6502\/revisions"}],"wp:attachment":[{"href":"https:\/\/www.altercampagne.net\/index.php?rest_route=%2Fwp%2Fv2%2Fmedia&parent=6502"}],"wp:term":[{"taxonomy":"category","embeddable":true,"href":"https:\/\/www.altercampagne.net\/index.php?rest_route=%2Fwp%2Fv2%2Fcategories&post=6502"},{"taxonomy":"post_tag","embeddable":true,"href":"https:\/\/www.altercampagne.net\/index.php?rest_route=%2Fwp%2Fv2%2Ftags&post=6502"}],"curies":[{"name":"wp","href":"https:\/\/api.w.org\/{rel}","templated":true}]}}