{"id":6513,"date":"2016-04-06T17:44:21","date_gmt":"2016-04-06T15:44:21","guid":{"rendered":"http:\/\/www.altercampagne.net\/?p=6513"},"modified":"2020-02-24T15:03:59","modified_gmt":"2020-02-24T14:03:59","slug":"releve-de-decisions-de-la-reunion-des-2-et-3-avril-2016","status":"publish","type":"post","link":"https:\/\/www.altercampagne.net\/?p=6513","title":{"rendered":"Relev\u00e9 de d\u00e9cisions de la r\u00e9union des 2 et 3 avril 2016"},"content":{"rendered":"<p>&gt; Nous cherchons des personnes motiv\u00e9-e-s pour nous aider sur les inscriptions. Baptiste envoi un mail sur la liste info avec les t\u00e2ches, et les \u201cimp\u00e9ratifs\u201d (r\u00e9gularit\u00e9, dispo..)<\/p>\n<p>Points \u00e0 am\u00e9liorer dans les inscriptions :<br \/>\n&#8211; Dans l\u2019ordre d\u2019inscriptions et non pas arriv\u00e9es<br \/>\n&#8211; Doubles inscriptions (un peu pirate et un peu \u201cnormal\u201d) : possibilit\u00e9 de remplir deux p\u00e9riodes sur le formulaire<br \/>\n&#8211; Bien expliquer comment fonctionne le formulaire : faire une page explicative sur l\u2019AlterTour pirate sp\u00e9cifiquement &gt; Genevi\u00e8ve + quelqu\u2019un d\u2019autre (Genevi\u00e8ve relance l\u2019id\u00e9e dans le groupe r\u00e9flexion autonomie)<br \/>\nexpliquer : que le groupe va devoir s\u2018autog\u00e9rer, que c\u2019est une exp\u00e9rience, avec pas m\u00eame \u201cconfort\u201d que classique, que si on vient avec son v\u00e9lo on peut partir mais pas si v\u00e9lo AlterTour<br \/>\n&#8211; Modifier mail de confirmation pour pr\u00e9ciser parfois \u201c\u00e9chapp\u00e9e belle\u201d<\/p>\n<p>&gt; Genevi\u00e8ve r\u00e9dige un mail pour le groupe de travail sur autonomie : r\u00e9daction point info, liste matos, formulaire inscription<br \/>\n&gt; Les boucles en autonomie prennent le nom d\u2019ECHAPEES BELLES<br \/>\n&gt; 6 nouvelles alternatives choisies pour le Recueil des Alternatives de l&rsquo;AlterTour<br \/>\n&gt; Nicole fait des enveloppes types avec le bon nombre d&rsquo;affiche + flyer + 2 recueils pour -100g, idem moins de 250g, &#8211; de 500g<br \/>\n&gt; Projet de mail : L \u2018AlterTour a besoin de toi. (pour les t\u00e2ches dans les mois \u00e0 venir)<br \/>\n&gt; Trouver des relais g\u00e9ographiques pour la Revue S!lence<br \/>\n&gt; Sujets \u00e0 aborder pour le Week-End de R\u00e9paration des V\u00e9los :<br \/>\n&#8211; R\u00e9flexion familles \u00e0 l\u2019AlterTour :<br \/>\n&#8211; Retour \u00e0 faire aux parents qui ont particip\u00e9 pour trouver avec eux un fonctionnement \u00e0 &#8211; &#8211; Mise en place d&rsquo;un r\u00e9f\u00e9rent famille<br \/>\n&#8211; Ajouter une de mat\u00e9riel pour la rubrique inscriptions, aide \u00e0 pr\u00e9paration de leur s\u00e9jour = Juliette \u00e9crit un petit doc<\/p>\n","protected":false},"excerpt":{"rendered":"<p>&gt; Nous cherchons des personnes motiv\u00e9-e-s pour nous aider sur les inscriptions. Baptiste envoi un mail sur la liste info avec les t\u00e2ches, et les \u201cimp\u00e9ratifs\u201d (r\u00e9gularit\u00e9, dispo..) Points \u00e0 am\u00e9liorer dans les inscriptions : &#8211; Dans l\u2019ordre d\u2019inscriptions et non pas arriv\u00e9es &#8211; Doubles inscriptions (un peu pirate et &#8230; <\/p>\n<div><a href=\"https:\/\/www.altercampagne.net\/?p=6513\" class=\"more-link\">Read More<\/a><\/div>\n","protected":false},"author":214,"featured_media":0,"comment_status":"closed","ping_status":"closed","sticky":false,"template":"","format":"standard","meta":{"footnotes":""},"categories":[3539],"tags":[383,434,476,808,2829],"class_list":["post-6513","post","type-post","status-publish","format-standard","hentry","category-we-de-preparation","tag-altertour-2016","tag-pleniere","tag-reunion","tag-avril-2016","tag-releve-de-decisions","no-post-thumbnail"],"yoast_head":"<!-- This site is optimized with the Yoast SEO plugin v27.3 - https:\/\/yoast.com\/product\/yoast-seo-wordpress\/ -->\n<title>Relev\u00e9 de d\u00e9cisions de la r\u00e9union des 2 et 3 avril 2016 - AlterTour<\/title>\n<meta name=\"robots\" content=\"index, follow, max-snippet:-1, max-image-preview:large, max-video-preview:-1\" \/>\n<link rel=\"canonical\" href=\"https:\/\/www.altercampagne.net\/?p=6513\" \/>\n<meta property=\"og:locale\" content=\"fr_FR\" \/>\n<meta property=\"og:type\" content=\"article\" \/>\n<meta property=\"og:title\" content=\"Relev\u00e9 de d\u00e9cisions de la r\u00e9union des 2 et 3 avril 2016 - AlterTour\" \/>\n<meta property=\"og:description\" content=\"&gt; Nous cherchons des personnes motiv\u00e9-e-s pour nous aider sur les inscriptions. Baptiste envoi un mail sur la liste info avec les t\u00e2ches, et les \u201cimp\u00e9ratifs\u201d (r\u00e9gularit\u00e9, dispo..) Points \u00e0 am\u00e9liorer dans les inscriptions : &#8211; Dans l\u2019ordre d\u2019inscriptions et non pas arriv\u00e9es &#8211; Doubles inscriptions (un peu pirate et ... Read More\" \/>\n<meta property=\"og:url\" content=\"https:\/\/www.altercampagne.net\/?p=6513\" \/>\n<meta property=\"og:site_name\" content=\"AlterTour\" \/>\n<meta property=\"article:published_time\" content=\"2016-04-06T15:44:21+00:00\" \/>\n<meta property=\"article:modified_time\" content=\"2020-02-24T14:03:59+00:00\" \/>\n<meta name=\"author\" content=\"Mathieu\" \/>\n<meta name=\"twitter:card\" content=\"summary_large_image\" \/>\n<meta name=\"twitter:label1\" content=\"\u00c9crit par\" \/>\n\t<meta name=\"twitter:data1\" content=\"Mathieu\" \/>\n\t<meta name=\"twitter:label2\" content=\"Dur\u00e9e de lecture estim\u00e9e\" \/>\n\t<meta name=\"twitter:data2\" content=\"2 minutes\" \/>\n<script type=\"application\/ld+json\" class=\"yoast-schema-graph\">{\"@context\":\"https:\\\/\\\/schema.org\",\"@graph\":[{\"@type\":\"Article\",\"@id\":\"https:\\\/\\\/www.altercampagne.net\\\/?p=6513#article\",\"isPartOf\":{\"@id\":\"https:\\\/\\\/www.altercampagne.net\\\/?p=6513\"},\"author\":{\"name\":\"Mathieu\",\"@id\":\"https:\\\/\\\/www.altercampagne.net\\\/#\\\/schema\\\/person\\\/0f261460c09e430caa0f9bcffa319109\"},\"headline\":\"Relev\u00e9 de d\u00e9cisions de la r\u00e9union des 2 et 3 avril 2016\",\"datePublished\":\"2016-04-06T15:44:21+00:00\",\"dateModified\":\"2020-02-24T14:03:59+00:00\",\"mainEntityOfPage\":{\"@id\":\"https:\\\/\\\/www.altercampagne.net\\\/?p=6513\"},\"wordCount\":329,\"keywords\":[\"AlterTour 2016\",\"pl\u00e9ni\u00e8re\",\"r\u00e9union\",\"avril 2016\",\"Relev\u00e9 de d\u00e9cisions\"],\"articleSection\":[\"WE de pr\u00e9paration\"],\"inLanguage\":\"fr-FR\"},{\"@type\":\"WebPage\",\"@id\":\"https:\\\/\\\/www.altercampagne.net\\\/?p=6513\",\"url\":\"https:\\\/\\\/www.altercampagne.net\\\/?p=6513\",\"name\":\"Relev\u00e9 de d\u00e9cisions de la r\u00e9union des 2 et 3 avril 2016 - AlterTour\",\"isPartOf\":{\"@id\":\"https:\\\/\\\/www.altercampagne.net\\\/#website\"},\"datePublished\":\"2016-04-06T15:44:21+00:00\",\"dateModified\":\"2020-02-24T14:03:59+00:00\",\"author\":{\"@id\":\"https:\\\/\\\/www.altercampagne.net\\\/#\\\/schema\\\/person\\\/0f261460c09e430caa0f9bcffa319109\"},\"breadcrumb\":{\"@id\":\"https:\\\/\\\/www.altercampagne.net\\\/?p=6513#breadcrumb\"},\"inLanguage\":\"fr-FR\",\"potentialAction\":[{\"@type\":\"ReadAction\",\"target\":[\"https:\\\/\\\/www.altercampagne.net\\\/?p=6513\"]}]},{\"@type\":\"BreadcrumbList\",\"@id\":\"https:\\\/\\\/www.altercampagne.net\\\/?p=6513#breadcrumb\",\"itemListElement\":[{\"@type\":\"ListItem\",\"position\":1,\"name\":\"Accueil\",\"item\":\"https:\\\/\\\/www.altercampagne.net\\\/\"},{\"@type\":\"ListItem\",\"position\":2,\"name\":\"Relev\u00e9 de d\u00e9cisions de la r\u00e9union des 2 et 3 avril 2016\"}]},{\"@type\":\"WebSite\",\"@id\":\"https:\\\/\\\/www.altercampagne.net\\\/#website\",\"url\":\"https:\\\/\\\/www.altercampagne.net\\\/\",\"name\":\"AlterTour\",\"description\":\"Reliez les Alternatives \u00e0 v\u00e9lo\",\"potentialAction\":[{\"@type\":\"SearchAction\",\"target\":{\"@type\":\"EntryPoint\",\"urlTemplate\":\"https:\\\/\\\/www.altercampagne.net\\\/?s={search_term_string}\"},\"query-input\":{\"@type\":\"PropertyValueSpecification\",\"valueRequired\":true,\"valueName\":\"search_term_string\"}}],\"inLanguage\":\"fr-FR\"},{\"@type\":\"Person\",\"@id\":\"https:\\\/\\\/www.altercampagne.net\\\/#\\\/schema\\\/person\\\/0f261460c09e430caa0f9bcffa319109\",\"name\":\"Mathieu\",\"image\":{\"@type\":\"ImageObject\",\"inLanguage\":\"fr-FR\",\"@id\":\"https:\\\/\\\/secure.gravatar.com\\\/avatar\\\/aa9d3d24c83f2141e5e2709d0f63d09a99f6be6bb7a50abc4915838d9f54501a?s=96&d=mm&r=g\",\"url\":\"https:\\\/\\\/secure.gravatar.com\\\/avatar\\\/aa9d3d24c83f2141e5e2709d0f63d09a99f6be6bb7a50abc4915838d9f54501a?s=96&d=mm&r=g\",\"contentUrl\":\"https:\\\/\\\/secure.gravatar.com\\\/avatar\\\/aa9d3d24c83f2141e5e2709d0f63d09a99f6be6bb7a50abc4915838d9f54501a?s=96&d=mm&r=g\",\"caption\":\"Mathieu\"},\"url\":\"https:\\\/\\\/www.altercampagne.net\\\/?author=214\"}]}<\/script>\n<!-- \/ Yoast SEO plugin. -->","yoast_head_json":{"title":"Relev\u00e9 de d\u00e9cisions de la r\u00e9union des 2 et 3 avril 2016 - AlterTour","robots":{"index":"index","follow":"follow","max-snippet":"max-snippet:-1","max-image-preview":"max-image-preview:large","max-video-preview":"max-video-preview:-1"},"canonical":"https:\/\/www.altercampagne.net\/?p=6513","og_locale":"fr_FR","og_type":"article","og_title":"Relev\u00e9 de d\u00e9cisions de la r\u00e9union des 2 et 3 avril 2016 - AlterTour","og_description":"&gt; Nous cherchons des personnes motiv\u00e9-e-s pour nous aider sur les inscriptions. Baptiste envoi un mail sur la liste info avec les t\u00e2ches, et les \u201cimp\u00e9ratifs\u201d (r\u00e9gularit\u00e9, dispo..) Points \u00e0 am\u00e9liorer dans les inscriptions : &#8211; Dans l\u2019ordre d\u2019inscriptions et non pas arriv\u00e9es &#8211; Doubles inscriptions (un peu pirate et ... Read More","og_url":"https:\/\/www.altercampagne.net\/?p=6513","og_site_name":"AlterTour","article_published_time":"2016-04-06T15:44:21+00:00","article_modified_time":"2020-02-24T14:03:59+00:00","author":"Mathieu","twitter_card":"summary_large_image","twitter_misc":{"\u00c9crit par":"Mathieu","Dur\u00e9e de lecture estim\u00e9e":"2 minutes"},"schema":{"@context":"https:\/\/schema.org","@graph":[{"@type":"Article","@id":"https:\/\/www.altercampagne.net\/?p=6513#article","isPartOf":{"@id":"https:\/\/www.altercampagne.net\/?p=6513"},"author":{"name":"Mathieu","@id":"https:\/\/www.altercampagne.net\/#\/schema\/person\/0f261460c09e430caa0f9bcffa319109"},"headline":"Relev\u00e9 de d\u00e9cisions de la r\u00e9union des 2 et 3 avril 2016","datePublished":"2016-04-06T15:44:21+00:00","dateModified":"2020-02-24T14:03:59+00:00","mainEntityOfPage":{"@id":"https:\/\/www.altercampagne.net\/?p=6513"},"wordCount":329,"keywords":["AlterTour 2016","pl\u00e9ni\u00e8re","r\u00e9union","avril 2016","Relev\u00e9 de d\u00e9cisions"],"articleSection":["WE de pr\u00e9paration"],"inLanguage":"fr-FR"},{"@type":"WebPage","@id":"https:\/\/www.altercampagne.net\/?p=6513","url":"https:\/\/www.altercampagne.net\/?p=6513","name":"Relev\u00e9 de d\u00e9cisions de la r\u00e9union des 2 et 3 avril 2016 - AlterTour","isPartOf":{"@id":"https:\/\/www.altercampagne.net\/#website"},"datePublished":"2016-04-06T15:44:21+00:00","dateModified":"2020-02-24T14:03:59+00:00","author":{"@id":"https:\/\/www.altercampagne.net\/#\/schema\/person\/0f261460c09e430caa0f9bcffa319109"},"breadcrumb":{"@id":"https:\/\/www.altercampagne.net\/?p=6513#breadcrumb"},"inLanguage":"fr-FR","potentialAction":[{"@type":"ReadAction","target":["https:\/\/www.altercampagne.net\/?p=6513"]}]},{"@type":"BreadcrumbList","@id":"https:\/\/www.altercampagne.net\/?p=6513#breadcrumb","itemListElement":[{"@type":"ListItem","position":1,"name":"Accueil","item":"https:\/\/www.altercampagne.net\/"},{"@type":"ListItem","position":2,"name":"Relev\u00e9 de d\u00e9cisions de la r\u00e9union des 2 et 3 avril 2016"}]},{"@type":"WebSite","@id":"https:\/\/www.altercampagne.net\/#website","url":"https:\/\/www.altercampagne.net\/","name":"AlterTour","description":"Reliez les Alternatives \u00e0 v\u00e9lo","potentialAction":[{"@type":"SearchAction","target":{"@type":"EntryPoint","urlTemplate":"https:\/\/www.altercampagne.net\/?s={search_term_string}"},"query-input":{"@type":"PropertyValueSpecification","valueRequired":true,"valueName":"search_term_string"}}],"inLanguage":"fr-FR"},{"@type":"Person","@id":"https:\/\/www.altercampagne.net\/#\/schema\/person\/0f261460c09e430caa0f9bcffa319109","name":"Mathieu","image":{"@type":"ImageObject","inLanguage":"fr-FR","@id":"https:\/\/secure.gravatar.com\/avatar\/aa9d3d24c83f2141e5e2709d0f63d09a99f6be6bb7a50abc4915838d9f54501a?s=96&d=mm&r=g","url":"https:\/\/secure.gravatar.com\/avatar\/aa9d3d24c83f2141e5e2709d0f63d09a99f6be6bb7a50abc4915838d9f54501a?s=96&d=mm&r=g","contentUrl":"https:\/\/secure.gravatar.com\/avatar\/aa9d3d24c83f2141e5e2709d0f63d09a99f6be6bb7a50abc4915838d9f54501a?s=96&d=mm&r=g","caption":"Mathieu"},"url":"https:\/\/www.altercampagne.net\/?author=214"}]}},"_links":{"self":[{"href":"https:\/\/www.altercampagne.net\/index.php?rest_route=\/wp\/v2\/posts\/6513","targetHints":{"allow":["GET"]}}],"collection":[{"href":"https:\/\/www.altercampagne.net\/index.php?rest_route=\/wp\/v2\/posts"}],"about":[{"href":"https:\/\/www.altercampagne.net\/index.php?rest_route=\/wp\/v2\/types\/post"}],"author":[{"embeddable":true,"href":"https:\/\/www.altercampagne.net\/index.php?rest_route=\/wp\/v2\/users\/214"}],"replies":[{"embeddable":true,"href":"https:\/\/www.altercampagne.net\/index.php?rest_route=%2Fwp%2Fv2%2Fcomments&post=6513"}],"version-history":[{"count":1,"href":"https:\/\/www.altercampagne.net\/index.php?rest_route=\/wp\/v2\/posts\/6513\/revisions"}],"predecessor-version":[{"id":17329,"href":"https:\/\/www.altercampagne.net\/index.php?rest_route=\/wp\/v2\/posts\/6513\/revisions\/17329"}],"wp:attachment":[{"href":"https:\/\/www.altercampagne.net\/index.php?rest_route=%2Fwp%2Fv2%2Fmedia&parent=6513"}],"wp:term":[{"taxonomy":"category","embeddable":true,"href":"https:\/\/www.altercampagne.net\/index.php?rest_route=%2Fwp%2Fv2%2Fcategories&post=6513"},{"taxonomy":"post_tag","embeddable":true,"href":"https:\/\/www.altercampagne.net\/index.php?rest_route=%2Fwp%2Fv2%2Ftags&post=6513"}],"curies":[{"name":"wp","href":"https:\/\/api.w.org\/{rel}","templated":true}]}}