{"id":6518,"date":"2016-02-10T15:04:31","date_gmt":"2016-02-10T14:04:31","guid":{"rendered":"http:\/\/www.altercampagne.net\/?p=6518"},"modified":"2018-03-25T12:59:19","modified_gmt":"2018-03-25T10:59:19","slug":"releve-de-decisions-de-la-reunion-des-6-et-7-fevrier-2016","status":"publish","type":"post","link":"https:\/\/www.altercampagne.net\/?p=6518","title":{"rendered":"Relev\u00e9 de d\u00e9cisions de la r\u00e9union des 6 et 7 f\u00e9vrier 2016"},"content":{"rendered":"<p><strong>Ce qui concerne tout le monde<\/strong><br \/>\nModification d\u2019un des tours \u201cpirate\u201d :\u00a0 le deuxi\u00e8me, entre Tr\u00e9margat et Quemeneven, est remplac\u00e9 par un tour au d\u00e9part de Plomeur et rejoignant \u00e0 Pl\u00e9vin (pilot\u00e9 par Isabelle et Pierrot)<\/p>\n<p>Recueil : pas d\u2019affiche au centre, mais 4 alternatives suppl\u00e9mentaires (dans le cas o\u00f9 affiche = couverture recueil)<\/p>\n<p>Affiche : Demande au graphiste de l\u2019AlterDro d&rsquo;un nouveau travail avec des mots-cl\u00e9s, puis choix de la pl\u00e9ni\u00e8re de mars \/ solution de repli : un vote par framapad (en plan b)<\/p>\n<p>Th\u00e8me : lancer dans la suite des pl\u00e9ni\u00e8res les questionnements, continuer les rendez-vous skype autour d&rsquo;une vid\u00e9o ou d&rsquo;un texte, trouver des pistes pour aider les pr\u00e9parateurs d\u2019\u00e9tapes<\/p>\n<p>Lieux des prochaines pl\u00e9ni\u00e8res :<br \/>\n&#8211; Mars \u00e0 laval, salle de Ritimo trouv\u00e9e par Keltoum, Mathieu s&rsquo;occupe de l&rsquo;organisation<br \/>\n&#8211; Les 2-3 avril \u00e0 Paris, orgnaisation : Coline et Sylvie, Laura pour le lieu)<br \/>\n&#8211; Mai 4 jours : du 5 au 8 \u00e0 Lu\u00e7on chez Jacqueline et Pierrot Cotron ( Genevi\u00e8ve, Mathieu et Baptiste&#8230;) &gt; relancer le groupe action (qui ?)<br \/>\n&#8211; 27-29 mai : Mini-AlterTour<br \/>\n&#8211; 11-12 juin \u00e0 Paris<\/p>\n<p>B\u00e9n\u00e9volat : tableau \u00e0 remplir r\u00e9guli\u00e8rement, Yome fait une relance mensuelle<\/p>\n<p>Salons :<\/p>\n<p>&#8211; Mathieu fait un appel pour Primev\u00e8re (\u00e0 Lyon) vers Altercyclistes Rh\u00f4ne-Alpes ou pas loin<br \/>\n&#8211; Philippe et Mat travaillent avec Jean-Marc de Toulouse pour participation de l\u2019AT \u00e0 foire \u00e0 l\u2019autogestion fin avril + appel aux Altercyclistes du coin (Mathieu)<\/p>\n<p>Communiqu\u00e9 de presse : un groupe se met en place pour r\u00e9fl\u00e9chir et r\u00e9diger diff\u00e9rents Communiqu\u00e9s de presse (Sophie F, Mathieu, Yome)<\/p>\n<p><strong>Ce qui concerne les pr\u00e9parateur-ice-s d&rsquo;\u00e9tapes<\/strong><br \/>\nTh\u00e8me : id\u00e9e = 2 \u00e0 3 fois par semaine, discuter d&rsquo;un des points que l\u2019on soul\u00e8ve pendant l\u2019ann\u00e9e, avec nos accueillants, avec potentiellement des intervenants ext\u00e9rieurs \u2013 \u00e0 mettre dans le programme (et \u00e0 ajouter dans l\u2019agenda des \u00e9tapes dans la 2\u00e8me feuille \u00ab \u00e9quilibre entre les \u00e9tapes \u00bb)<\/p>\n<p>Mettre les infos et r\u00e9flexions qu\u2019on a au fur et \u00e0 mesure sur les fiches \u00e9tapes en ligne jour par jour M\u00caME EN BROUILLON pour pouvoir se faire remplacer au cas o\u00f9, pour qu\u2019on puisse en parler en pl\u00e9ni\u00e8re m\u00eame sans les absents\u2026\u00a0 (colonne H dans l\u2019agenda des \u00e9tapes)<\/p>\n<p>Contenu attendu : d\u00e9part matin, midi soir, type de repas (matin, midi et soir), adresse accueillant, point transport, circuit openrunner avec l\u2019identifiant ou bien via Mathieu, programme<\/p>\n<p>LES FICHES ETAPES QUI SERONT SUR LE SITE SERONT A REMPLIR D\u00e8S QUE FOUAD DONNERA LE FEU VERT (auto-formation pendant les r\u00e9unions de pr\u00e9parateurs d\u2019\u00e9tapes)<\/p>\n","protected":false},"excerpt":{"rendered":"<p>Ce qui concerne tout le monde Modification d\u2019un des tours \u201cpirate\u201d :\u00a0 le deuxi\u00e8me, entre Tr\u00e9margat et Quemeneven, est remplac\u00e9 par un tour au d\u00e9part de Plomeur et rejoignant \u00e0 Pl\u00e9vin (pilot\u00e9 par Isabelle et Pierrot) Recueil : pas d\u2019affiche au centre, mais 4 alternatives suppl\u00e9mentaires (dans le cas o\u00f9 &#8230; <\/p>\n<div><a href=\"https:\/\/www.altercampagne.net\/?p=6518\" class=\"more-link\">Read More<\/a><\/div>\n","protected":false},"author":214,"featured_media":0,"comment_status":"closed","ping_status":"closed","sticky":false,"template":"","format":"standard","meta":{"footnotes":""},"categories":[3539,3459],"tags":[434,476,707,2829],"class_list":["post-6518","post","type-post","status-publish","format-standard","hentry","category-we-de-preparation","category-edition-2016","tag-pleniere","tag-reunion","tag-fevrier-2016","tag-releve-de-decisions","no-post-thumbnail"],"yoast_head":"<!-- This site is optimized with the Yoast SEO plugin v27.3 - https:\/\/yoast.com\/product\/yoast-seo-wordpress\/ -->\n<title>Relev\u00e9 de d\u00e9cisions de la r\u00e9union des 6 et 7 f\u00e9vrier 2016 - AlterTour<\/title>\n<meta name=\"robots\" content=\"index, follow, max-snippet:-1, max-image-preview:large, max-video-preview:-1\" \/>\n<link rel=\"canonical\" href=\"https:\/\/www.altercampagne.net\/?p=6518\" \/>\n<meta property=\"og:locale\" content=\"fr_FR\" \/>\n<meta property=\"og:type\" content=\"article\" \/>\n<meta property=\"og:title\" content=\"Relev\u00e9 de d\u00e9cisions de la r\u00e9union des 6 et 7 f\u00e9vrier 2016 - AlterTour\" \/>\n<meta property=\"og:description\" content=\"Ce qui concerne tout le monde Modification d\u2019un des tours \u201cpirate\u201d :\u00a0 le deuxi\u00e8me, entre Tr\u00e9margat et Quemeneven, est remplac\u00e9 par un tour au d\u00e9part de Plomeur et rejoignant \u00e0 Pl\u00e9vin (pilot\u00e9 par Isabelle et Pierrot) Recueil : pas d\u2019affiche au centre, mais 4 alternatives suppl\u00e9mentaires (dans le cas o\u00f9 ... Read More\" \/>\n<meta property=\"og:url\" content=\"https:\/\/www.altercampagne.net\/?p=6518\" \/>\n<meta property=\"og:site_name\" content=\"AlterTour\" \/>\n<meta property=\"article:published_time\" content=\"2016-02-10T14:04:31+00:00\" \/>\n<meta property=\"article:modified_time\" content=\"2018-03-25T10:59:19+00:00\" \/>\n<meta name=\"author\" content=\"Mathieu\" \/>\n<meta name=\"twitter:card\" content=\"summary_large_image\" \/>\n<meta name=\"twitter:label1\" content=\"\u00c9crit par\" \/>\n\t<meta name=\"twitter:data1\" content=\"Mathieu\" \/>\n\t<meta name=\"twitter:label2\" content=\"Dur\u00e9e de lecture estim\u00e9e\" \/>\n\t<meta name=\"twitter:data2\" content=\"2 minutes\" \/>\n<script type=\"application\/ld+json\" class=\"yoast-schema-graph\">{\"@context\":\"https:\\\/\\\/schema.org\",\"@graph\":[{\"@type\":\"Article\",\"@id\":\"https:\\\/\\\/www.altercampagne.net\\\/?p=6518#article\",\"isPartOf\":{\"@id\":\"https:\\\/\\\/www.altercampagne.net\\\/?p=6518\"},\"author\":{\"name\":\"Mathieu\",\"@id\":\"https:\\\/\\\/www.altercampagne.net\\\/#\\\/schema\\\/person\\\/0f261460c09e430caa0f9bcffa319109\"},\"headline\":\"Relev\u00e9 de d\u00e9cisions de la r\u00e9union des 6 et 7 f\u00e9vrier 2016\",\"datePublished\":\"2016-02-10T14:04:31+00:00\",\"dateModified\":\"2018-03-25T10:59:19+00:00\",\"mainEntityOfPage\":{\"@id\":\"https:\\\/\\\/www.altercampagne.net\\\/?p=6518\"},\"wordCount\":454,\"keywords\":[\"pl\u00e9ni\u00e8re\",\"r\u00e9union\",\"f\u00e9vrier 2016\",\"Relev\u00e9 de d\u00e9cisions\"],\"articleSection\":[\"WE de pr\u00e9paration\",\"\u00c9dition 2016\"],\"inLanguage\":\"fr-FR\"},{\"@type\":\"WebPage\",\"@id\":\"https:\\\/\\\/www.altercampagne.net\\\/?p=6518\",\"url\":\"https:\\\/\\\/www.altercampagne.net\\\/?p=6518\",\"name\":\"Relev\u00e9 de d\u00e9cisions de la r\u00e9union des 6 et 7 f\u00e9vrier 2016 - AlterTour\",\"isPartOf\":{\"@id\":\"https:\\\/\\\/www.altercampagne.net\\\/#website\"},\"datePublished\":\"2016-02-10T14:04:31+00:00\",\"dateModified\":\"2018-03-25T10:59:19+00:00\",\"author\":{\"@id\":\"https:\\\/\\\/www.altercampagne.net\\\/#\\\/schema\\\/person\\\/0f261460c09e430caa0f9bcffa319109\"},\"breadcrumb\":{\"@id\":\"https:\\\/\\\/www.altercampagne.net\\\/?p=6518#breadcrumb\"},\"inLanguage\":\"fr-FR\",\"potentialAction\":[{\"@type\":\"ReadAction\",\"target\":[\"https:\\\/\\\/www.altercampagne.net\\\/?p=6518\"]}]},{\"@type\":\"BreadcrumbList\",\"@id\":\"https:\\\/\\\/www.altercampagne.net\\\/?p=6518#breadcrumb\",\"itemListElement\":[{\"@type\":\"ListItem\",\"position\":1,\"name\":\"Accueil\",\"item\":\"https:\\\/\\\/www.altercampagne.net\\\/\"},{\"@type\":\"ListItem\",\"position\":2,\"name\":\"Relev\u00e9 de d\u00e9cisions de la r\u00e9union des 6 et 7 f\u00e9vrier 2016\"}]},{\"@type\":\"WebSite\",\"@id\":\"https:\\\/\\\/www.altercampagne.net\\\/#website\",\"url\":\"https:\\\/\\\/www.altercampagne.net\\\/\",\"name\":\"AlterTour\",\"description\":\"Reliez les Alternatives \u00e0 v\u00e9lo\",\"potentialAction\":[{\"@type\":\"SearchAction\",\"target\":{\"@type\":\"EntryPoint\",\"urlTemplate\":\"https:\\\/\\\/www.altercampagne.net\\\/?s={search_term_string}\"},\"query-input\":{\"@type\":\"PropertyValueSpecification\",\"valueRequired\":true,\"valueName\":\"search_term_string\"}}],\"inLanguage\":\"fr-FR\"},{\"@type\":\"Person\",\"@id\":\"https:\\\/\\\/www.altercampagne.net\\\/#\\\/schema\\\/person\\\/0f261460c09e430caa0f9bcffa319109\",\"name\":\"Mathieu\",\"image\":{\"@type\":\"ImageObject\",\"inLanguage\":\"fr-FR\",\"@id\":\"https:\\\/\\\/secure.gravatar.com\\\/avatar\\\/aa9d3d24c83f2141e5e2709d0f63d09a99f6be6bb7a50abc4915838d9f54501a?s=96&d=mm&r=g\",\"url\":\"https:\\\/\\\/secure.gravatar.com\\\/avatar\\\/aa9d3d24c83f2141e5e2709d0f63d09a99f6be6bb7a50abc4915838d9f54501a?s=96&d=mm&r=g\",\"contentUrl\":\"https:\\\/\\\/secure.gravatar.com\\\/avatar\\\/aa9d3d24c83f2141e5e2709d0f63d09a99f6be6bb7a50abc4915838d9f54501a?s=96&d=mm&r=g\",\"caption\":\"Mathieu\"},\"url\":\"https:\\\/\\\/www.altercampagne.net\\\/?author=214\"}]}<\/script>\n<!-- \/ Yoast SEO plugin. -->","yoast_head_json":{"title":"Relev\u00e9 de d\u00e9cisions de la r\u00e9union des 6 et 7 f\u00e9vrier 2016 - AlterTour","robots":{"index":"index","follow":"follow","max-snippet":"max-snippet:-1","max-image-preview":"max-image-preview:large","max-video-preview":"max-video-preview:-1"},"canonical":"https:\/\/www.altercampagne.net\/?p=6518","og_locale":"fr_FR","og_type":"article","og_title":"Relev\u00e9 de d\u00e9cisions de la r\u00e9union des 6 et 7 f\u00e9vrier 2016 - AlterTour","og_description":"Ce qui concerne tout le monde Modification d\u2019un des tours \u201cpirate\u201d :\u00a0 le deuxi\u00e8me, entre Tr\u00e9margat et Quemeneven, est remplac\u00e9 par un tour au d\u00e9part de Plomeur et rejoignant \u00e0 Pl\u00e9vin (pilot\u00e9 par Isabelle et Pierrot) Recueil : pas d\u2019affiche au centre, mais 4 alternatives suppl\u00e9mentaires (dans le cas o\u00f9 ... Read More","og_url":"https:\/\/www.altercampagne.net\/?p=6518","og_site_name":"AlterTour","article_published_time":"2016-02-10T14:04:31+00:00","article_modified_time":"2018-03-25T10:59:19+00:00","author":"Mathieu","twitter_card":"summary_large_image","twitter_misc":{"\u00c9crit par":"Mathieu","Dur\u00e9e de lecture estim\u00e9e":"2 minutes"},"schema":{"@context":"https:\/\/schema.org","@graph":[{"@type":"Article","@id":"https:\/\/www.altercampagne.net\/?p=6518#article","isPartOf":{"@id":"https:\/\/www.altercampagne.net\/?p=6518"},"author":{"name":"Mathieu","@id":"https:\/\/www.altercampagne.net\/#\/schema\/person\/0f261460c09e430caa0f9bcffa319109"},"headline":"Relev\u00e9 de d\u00e9cisions de la r\u00e9union des 6 et 7 f\u00e9vrier 2016","datePublished":"2016-02-10T14:04:31+00:00","dateModified":"2018-03-25T10:59:19+00:00","mainEntityOfPage":{"@id":"https:\/\/www.altercampagne.net\/?p=6518"},"wordCount":454,"keywords":["pl\u00e9ni\u00e8re","r\u00e9union","f\u00e9vrier 2016","Relev\u00e9 de d\u00e9cisions"],"articleSection":["WE de pr\u00e9paration","\u00c9dition 2016"],"inLanguage":"fr-FR"},{"@type":"WebPage","@id":"https:\/\/www.altercampagne.net\/?p=6518","url":"https:\/\/www.altercampagne.net\/?p=6518","name":"Relev\u00e9 de d\u00e9cisions de la r\u00e9union des 6 et 7 f\u00e9vrier 2016 - AlterTour","isPartOf":{"@id":"https:\/\/www.altercampagne.net\/#website"},"datePublished":"2016-02-10T14:04:31+00:00","dateModified":"2018-03-25T10:59:19+00:00","author":{"@id":"https:\/\/www.altercampagne.net\/#\/schema\/person\/0f261460c09e430caa0f9bcffa319109"},"breadcrumb":{"@id":"https:\/\/www.altercampagne.net\/?p=6518#breadcrumb"},"inLanguage":"fr-FR","potentialAction":[{"@type":"ReadAction","target":["https:\/\/www.altercampagne.net\/?p=6518"]}]},{"@type":"BreadcrumbList","@id":"https:\/\/www.altercampagne.net\/?p=6518#breadcrumb","itemListElement":[{"@type":"ListItem","position":1,"name":"Accueil","item":"https:\/\/www.altercampagne.net\/"},{"@type":"ListItem","position":2,"name":"Relev\u00e9 de d\u00e9cisions de la r\u00e9union des 6 et 7 f\u00e9vrier 2016"}]},{"@type":"WebSite","@id":"https:\/\/www.altercampagne.net\/#website","url":"https:\/\/www.altercampagne.net\/","name":"AlterTour","description":"Reliez les Alternatives \u00e0 v\u00e9lo","potentialAction":[{"@type":"SearchAction","target":{"@type":"EntryPoint","urlTemplate":"https:\/\/www.altercampagne.net\/?s={search_term_string}"},"query-input":{"@type":"PropertyValueSpecification","valueRequired":true,"valueName":"search_term_string"}}],"inLanguage":"fr-FR"},{"@type":"Person","@id":"https:\/\/www.altercampagne.net\/#\/schema\/person\/0f261460c09e430caa0f9bcffa319109","name":"Mathieu","image":{"@type":"ImageObject","inLanguage":"fr-FR","@id":"https:\/\/secure.gravatar.com\/avatar\/aa9d3d24c83f2141e5e2709d0f63d09a99f6be6bb7a50abc4915838d9f54501a?s=96&d=mm&r=g","url":"https:\/\/secure.gravatar.com\/avatar\/aa9d3d24c83f2141e5e2709d0f63d09a99f6be6bb7a50abc4915838d9f54501a?s=96&d=mm&r=g","contentUrl":"https:\/\/secure.gravatar.com\/avatar\/aa9d3d24c83f2141e5e2709d0f63d09a99f6be6bb7a50abc4915838d9f54501a?s=96&d=mm&r=g","caption":"Mathieu"},"url":"https:\/\/www.altercampagne.net\/?author=214"}]}},"_links":{"self":[{"href":"https:\/\/www.altercampagne.net\/index.php?rest_route=\/wp\/v2\/posts\/6518","targetHints":{"allow":["GET"]}}],"collection":[{"href":"https:\/\/www.altercampagne.net\/index.php?rest_route=\/wp\/v2\/posts"}],"about":[{"href":"https:\/\/www.altercampagne.net\/index.php?rest_route=\/wp\/v2\/types\/post"}],"author":[{"embeddable":true,"href":"https:\/\/www.altercampagne.net\/index.php?rest_route=\/wp\/v2\/users\/214"}],"replies":[{"embeddable":true,"href":"https:\/\/www.altercampagne.net\/index.php?rest_route=%2Fwp%2Fv2%2Fcomments&post=6518"}],"version-history":[{"count":0,"href":"https:\/\/www.altercampagne.net\/index.php?rest_route=\/wp\/v2\/posts\/6518\/revisions"}],"wp:attachment":[{"href":"https:\/\/www.altercampagne.net\/index.php?rest_route=%2Fwp%2Fv2%2Fmedia&parent=6518"}],"wp:term":[{"taxonomy":"category","embeddable":true,"href":"https:\/\/www.altercampagne.net\/index.php?rest_route=%2Fwp%2Fv2%2Fcategories&post=6518"},{"taxonomy":"post_tag","embeddable":true,"href":"https:\/\/www.altercampagne.net\/index.php?rest_route=%2Fwp%2Fv2%2Ftags&post=6518"}],"curies":[{"name":"wp","href":"https:\/\/api.w.org\/{rel}","templated":true}]}}