{"id":6557,"date":"2017-01-20T18:09:12","date_gmt":"2017-01-20T17:09:12","guid":{"rendered":"http:\/\/www.altercampagne.net\/?p=6557"},"modified":"2020-02-24T14:58:25","modified_gmt":"2020-02-24T13:58:25","slug":"reunion-de-preparation-de-laltertour-les-4-et-5-fevrier-2017-a-maurecourt","status":"publish","type":"post","link":"https:\/\/www.altercampagne.net\/?p=6557","title":{"rendered":"R\u00e9union de pr\u00e9paration de l&rsquo;AlterTour, les 4 et 5 f\u00e9vrier 2017 \u00e0 Maurecourt"},"content":{"rendered":"<p>Rendez-vous \u00e0 l&rsquo;Auberge du Port : 14 Quai Boubou Dado, \u00e0 Maurecourt (78) &#8211; RER A : Conflans Fin d&rsquo;Oise + 12 min \u00e0 pied<\/p>\n<p><strong>Samedi matin<\/strong><br \/>\n09h00 &#8211; 09h30 : Accueil, petit dej<br \/>\n09h30 &#8211; 10h00 : Brise glace, pr\u00e9sentation planning<br \/>\n10h00 &#8211; 10h30 : Th\u00e8me de l&rsquo;AlterTour 2017 (point info)<br \/>\n10h30 &#8211; 10h40 : Retour de la r\u00e9union du Coll\u00e8ge Solidaire (point info)<br \/>\n10h40 &#8211; 10h50 : Recueil des Alternatives de l&rsquo;AlterTour (point info)<br \/>\n10h50 &#8211; 11h10 : Festival itin\u00e9rant (point info)<br \/>\n11h00 &#8211; 11h30 : Pause<br \/>\n11h30 &#8211; 13h10 : Affiche \/ Festival itin\u00e9rant ( puis petits-groupes 1h20, puis prise d\u00e9cision affiche 20 min)<\/p>\n<p>13h10 &#8211; 14h30 : Repas partag\u00e9<\/p>\n<p><strong>Samedi apr\u00e8s-midi<\/strong><br \/>\n14h30 &#8211; 17h30 : Parcours : \u00e9tapes + EB (Point info : 30 min, puis petits groupes 2 heures 30 : 14h30 &#8211; 17h30)<br \/>\n17h30 &#8211; 17h45 : Choix bin\u00f4me pr\u00e9pa prochaine pl\u00e9ni\u00e8re<br \/>\n18h00 &#8211; 19h00 : Pr\u00e9sentation des Alternatives locales (SEL de Cergy-Pontoise, Cergy-Pontoise en Transition, caf\u00e9 des bonnes nouvelles, un v\u00e9lo qui roule, \u2026)<br \/>\n19 h : ap\u00e9ro, repas<br \/>\nF\u00eate : pr\u00e9voir musique, po\u00e9sies, sketchs, etc. avec une premi\u00e8re tentative de r\u00e9p\u00e8t du festival itin\u00e9rant avec des chansons AlterTour !<\/p>\n<p><strong>Dimanche matin<\/strong><br \/>\n09h00 &#8211; 09h30 : Accueil, petit dej<br \/>\n09h30 &#8211; 10h00 : Brise glace, pr\u00e9sentation planning<br \/>\n10h00 &#8211; 11h00 : Slogan pour le th\u00e8me (prise d\u00e9cision sous forme de d\u00e9bat mouvant)<br \/>\n11h00 &#8211; 11h30 : Pause<br \/>\n11h30 &#8211; 11h45 : Cuisine et Vie Quotidienne \u00e0 l\u2019AlterTour (point info: retour groupe de travail)<br \/>\n11h45 -12h45 : Statuts (Groupe de Travail ou prise de d\u00e9cision selon maturit\u00e9 suite au Skype du 1er f\u00e9vrier et si le temps, petit point info de 10 min sur la convention avec Silence)<\/p>\n<p>12h45 &#8211; 14h15: Repas partag\u00e9<\/p>\n<p><strong>Dimanche apr\u00e8s-midi<\/strong><br \/>\n(Ne pas mettre de prise de d\u00e9cision le dimanche apr\u00e8s-midi !)<br \/>\n14h15 &#8211; 14h45 : Points divers : Pr\u00e9sence Altercampagne sur les salons \/ WERVA (point d\u2019info, 10 min chacun)<br \/>\n14h45 &#8211; 15h00 : Recueil (point info)<br \/>\n15h00 &#8211; 16h30 : Festival Itin\u00e9rant \/ Salons \/ WERVA (petits groupes)<br \/>\n16h30 &#8211; 17h30 : Rangement (on lib\u00e8re la salle \u00e0 17h30)<\/p>\n","protected":false},"excerpt":{"rendered":"<p>Rendez-vous \u00e0 l&rsquo;Auberge du Port : 14 Quai Boubou Dado, \u00e0 Maurecourt (78) &#8211; RER A : Conflans Fin d&rsquo;Oise + 12 min \u00e0 pied Samedi matin 09h00 &#8211; 09h30 : Accueil, petit dej 09h30 &#8211; 10h00 : Brise glace, pr\u00e9sentation planning 10h00 &#8211; 10h30 : Th\u00e8me de l&rsquo;AlterTour 2017 &#8230; <\/p>\n<div><a href=\"https:\/\/www.altercampagne.net\/?p=6557\" class=\"more-link\">Read More<\/a><\/div>\n","protected":false},"author":214,"featured_media":0,"comment_status":"closed","ping_status":"closed","sticky":false,"template":"","format":"standard","meta":{"footnotes":""},"categories":[3539],"tags":[434,476,2783,2818,2836,2837,2838,2839],"class_list":["post-6557","post","type-post","status-publish","format-standard","hentry","category-we-de-preparation","tag-pleniere","tag-reunion","tag-altertour-2017","tag-fevrier-2017","tag-maurecourt","tag-auberge-du-port","tag-slogan","tag-ordre-du-jour","no-post-thumbnail"],"yoast_head":"<!-- This site is optimized with the Yoast SEO plugin v27.3 - https:\/\/yoast.com\/product\/yoast-seo-wordpress\/ -->\n<title>R\u00e9union de pr\u00e9paration de l&#039;AlterTour, les 4 et 5 f\u00e9vrier 2017 \u00e0 Maurecourt - AlterTour<\/title>\n<meta name=\"robots\" content=\"index, follow, max-snippet:-1, max-image-preview:large, max-video-preview:-1\" \/>\n<link rel=\"canonical\" href=\"https:\/\/www.altercampagne.net\/?p=6557\" \/>\n<meta property=\"og:locale\" content=\"fr_FR\" \/>\n<meta property=\"og:type\" content=\"article\" \/>\n<meta property=\"og:title\" content=\"R\u00e9union de pr\u00e9paration de l&#039;AlterTour, les 4 et 5 f\u00e9vrier 2017 \u00e0 Maurecourt - AlterTour\" \/>\n<meta property=\"og:description\" content=\"Rendez-vous \u00e0 l&rsquo;Auberge du Port : 14 Quai Boubou Dado, \u00e0 Maurecourt (78) &#8211; RER A : Conflans Fin d&rsquo;Oise + 12 min \u00e0 pied Samedi matin 09h00 &#8211; 09h30 : Accueil, petit dej 09h30 &#8211; 10h00 : Brise glace, pr\u00e9sentation planning 10h00 &#8211; 10h30 : Th\u00e8me de l&rsquo;AlterTour 2017 ... Read More\" \/>\n<meta property=\"og:url\" content=\"https:\/\/www.altercampagne.net\/?p=6557\" \/>\n<meta property=\"og:site_name\" content=\"AlterTour\" \/>\n<meta property=\"article:published_time\" content=\"2017-01-20T17:09:12+00:00\" \/>\n<meta property=\"article:modified_time\" content=\"2020-02-24T13:58:25+00:00\" \/>\n<meta name=\"author\" content=\"Mathieu\" \/>\n<meta name=\"twitter:card\" content=\"summary_large_image\" \/>\n<meta name=\"twitter:label1\" content=\"\u00c9crit par\" \/>\n\t<meta name=\"twitter:data1\" content=\"Mathieu\" \/>\n\t<meta name=\"twitter:label2\" content=\"Dur\u00e9e de lecture estim\u00e9e\" \/>\n\t<meta name=\"twitter:data2\" content=\"2 minutes\" \/>\n<script type=\"application\/ld+json\" class=\"yoast-schema-graph\">{\"@context\":\"https:\\\/\\\/schema.org\",\"@graph\":[{\"@type\":\"Article\",\"@id\":\"https:\\\/\\\/www.altercampagne.net\\\/?p=6557#article\",\"isPartOf\":{\"@id\":\"https:\\\/\\\/www.altercampagne.net\\\/?p=6557\"},\"author\":{\"name\":\"Mathieu\",\"@id\":\"https:\\\/\\\/www.altercampagne.net\\\/#\\\/schema\\\/person\\\/0f261460c09e430caa0f9bcffa319109\"},\"headline\":\"R\u00e9union de pr\u00e9paration de l&rsquo;AlterTour, les 4 et 5 f\u00e9vrier 2017 \u00e0 Maurecourt\",\"datePublished\":\"2017-01-20T17:09:12+00:00\",\"dateModified\":\"2020-02-24T13:58:25+00:00\",\"mainEntityOfPage\":{\"@id\":\"https:\\\/\\\/www.altercampagne.net\\\/?p=6557\"},\"wordCount\":349,\"keywords\":[\"pl\u00e9ni\u00e8re\",\"r\u00e9union\",\"AlterTour 2017\",\"f\u00e9vrier 2017\",\"maurecourt\",\"auberge du port\",\"slogan\",\"ordre du jour\"],\"articleSection\":[\"WE de pr\u00e9paration\"],\"inLanguage\":\"fr-FR\"},{\"@type\":\"WebPage\",\"@id\":\"https:\\\/\\\/www.altercampagne.net\\\/?p=6557\",\"url\":\"https:\\\/\\\/www.altercampagne.net\\\/?p=6557\",\"name\":\"R\u00e9union de pr\u00e9paration de l'AlterTour, les 4 et 5 f\u00e9vrier 2017 \u00e0 Maurecourt - AlterTour\",\"isPartOf\":{\"@id\":\"https:\\\/\\\/www.altercampagne.net\\\/#website\"},\"datePublished\":\"2017-01-20T17:09:12+00:00\",\"dateModified\":\"2020-02-24T13:58:25+00:00\",\"author\":{\"@id\":\"https:\\\/\\\/www.altercampagne.net\\\/#\\\/schema\\\/person\\\/0f261460c09e430caa0f9bcffa319109\"},\"breadcrumb\":{\"@id\":\"https:\\\/\\\/www.altercampagne.net\\\/?p=6557#breadcrumb\"},\"inLanguage\":\"fr-FR\",\"potentialAction\":[{\"@type\":\"ReadAction\",\"target\":[\"https:\\\/\\\/www.altercampagne.net\\\/?p=6557\"]}]},{\"@type\":\"BreadcrumbList\",\"@id\":\"https:\\\/\\\/www.altercampagne.net\\\/?p=6557#breadcrumb\",\"itemListElement\":[{\"@type\":\"ListItem\",\"position\":1,\"name\":\"Accueil\",\"item\":\"https:\\\/\\\/www.altercampagne.net\\\/\"},{\"@type\":\"ListItem\",\"position\":2,\"name\":\"R\u00e9union de pr\u00e9paration de l&rsquo;AlterTour, les 4 et 5 f\u00e9vrier 2017 \u00e0 Maurecourt\"}]},{\"@type\":\"WebSite\",\"@id\":\"https:\\\/\\\/www.altercampagne.net\\\/#website\",\"url\":\"https:\\\/\\\/www.altercampagne.net\\\/\",\"name\":\"AlterTour\",\"description\":\"Reliez les Alternatives \u00e0 v\u00e9lo\",\"potentialAction\":[{\"@type\":\"SearchAction\",\"target\":{\"@type\":\"EntryPoint\",\"urlTemplate\":\"https:\\\/\\\/www.altercampagne.net\\\/?s={search_term_string}\"},\"query-input\":{\"@type\":\"PropertyValueSpecification\",\"valueRequired\":true,\"valueName\":\"search_term_string\"}}],\"inLanguage\":\"fr-FR\"},{\"@type\":\"Person\",\"@id\":\"https:\\\/\\\/www.altercampagne.net\\\/#\\\/schema\\\/person\\\/0f261460c09e430caa0f9bcffa319109\",\"name\":\"Mathieu\",\"image\":{\"@type\":\"ImageObject\",\"inLanguage\":\"fr-FR\",\"@id\":\"https:\\\/\\\/secure.gravatar.com\\\/avatar\\\/aa9d3d24c83f2141e5e2709d0f63d09a99f6be6bb7a50abc4915838d9f54501a?s=96&d=mm&r=g\",\"url\":\"https:\\\/\\\/secure.gravatar.com\\\/avatar\\\/aa9d3d24c83f2141e5e2709d0f63d09a99f6be6bb7a50abc4915838d9f54501a?s=96&d=mm&r=g\",\"contentUrl\":\"https:\\\/\\\/secure.gravatar.com\\\/avatar\\\/aa9d3d24c83f2141e5e2709d0f63d09a99f6be6bb7a50abc4915838d9f54501a?s=96&d=mm&r=g\",\"caption\":\"Mathieu\"},\"url\":\"https:\\\/\\\/www.altercampagne.net\\\/?author=214\"}]}<\/script>\n<!-- \/ Yoast SEO plugin. -->","yoast_head_json":{"title":"R\u00e9union de pr\u00e9paration de l'AlterTour, les 4 et 5 f\u00e9vrier 2017 \u00e0 Maurecourt - AlterTour","robots":{"index":"index","follow":"follow","max-snippet":"max-snippet:-1","max-image-preview":"max-image-preview:large","max-video-preview":"max-video-preview:-1"},"canonical":"https:\/\/www.altercampagne.net\/?p=6557","og_locale":"fr_FR","og_type":"article","og_title":"R\u00e9union de pr\u00e9paration de l'AlterTour, les 4 et 5 f\u00e9vrier 2017 \u00e0 Maurecourt - AlterTour","og_description":"Rendez-vous \u00e0 l&rsquo;Auberge du Port : 14 Quai Boubou Dado, \u00e0 Maurecourt (78) &#8211; RER A : Conflans Fin d&rsquo;Oise + 12 min \u00e0 pied Samedi matin 09h00 &#8211; 09h30 : Accueil, petit dej 09h30 &#8211; 10h00 : Brise glace, pr\u00e9sentation planning 10h00 &#8211; 10h30 : Th\u00e8me de l&rsquo;AlterTour 2017 ... Read More","og_url":"https:\/\/www.altercampagne.net\/?p=6557","og_site_name":"AlterTour","article_published_time":"2017-01-20T17:09:12+00:00","article_modified_time":"2020-02-24T13:58:25+00:00","author":"Mathieu","twitter_card":"summary_large_image","twitter_misc":{"\u00c9crit par":"Mathieu","Dur\u00e9e de lecture estim\u00e9e":"2 minutes"},"schema":{"@context":"https:\/\/schema.org","@graph":[{"@type":"Article","@id":"https:\/\/www.altercampagne.net\/?p=6557#article","isPartOf":{"@id":"https:\/\/www.altercampagne.net\/?p=6557"},"author":{"name":"Mathieu","@id":"https:\/\/www.altercampagne.net\/#\/schema\/person\/0f261460c09e430caa0f9bcffa319109"},"headline":"R\u00e9union de pr\u00e9paration de l&rsquo;AlterTour, les 4 et 5 f\u00e9vrier 2017 \u00e0 Maurecourt","datePublished":"2017-01-20T17:09:12+00:00","dateModified":"2020-02-24T13:58:25+00:00","mainEntityOfPage":{"@id":"https:\/\/www.altercampagne.net\/?p=6557"},"wordCount":349,"keywords":["pl\u00e9ni\u00e8re","r\u00e9union","AlterTour 2017","f\u00e9vrier 2017","maurecourt","auberge du port","slogan","ordre du jour"],"articleSection":["WE de pr\u00e9paration"],"inLanguage":"fr-FR"},{"@type":"WebPage","@id":"https:\/\/www.altercampagne.net\/?p=6557","url":"https:\/\/www.altercampagne.net\/?p=6557","name":"R\u00e9union de pr\u00e9paration de l'AlterTour, les 4 et 5 f\u00e9vrier 2017 \u00e0 Maurecourt - AlterTour","isPartOf":{"@id":"https:\/\/www.altercampagne.net\/#website"},"datePublished":"2017-01-20T17:09:12+00:00","dateModified":"2020-02-24T13:58:25+00:00","author":{"@id":"https:\/\/www.altercampagne.net\/#\/schema\/person\/0f261460c09e430caa0f9bcffa319109"},"breadcrumb":{"@id":"https:\/\/www.altercampagne.net\/?p=6557#breadcrumb"},"inLanguage":"fr-FR","potentialAction":[{"@type":"ReadAction","target":["https:\/\/www.altercampagne.net\/?p=6557"]}]},{"@type":"BreadcrumbList","@id":"https:\/\/www.altercampagne.net\/?p=6557#breadcrumb","itemListElement":[{"@type":"ListItem","position":1,"name":"Accueil","item":"https:\/\/www.altercampagne.net\/"},{"@type":"ListItem","position":2,"name":"R\u00e9union de pr\u00e9paration de l&rsquo;AlterTour, les 4 et 5 f\u00e9vrier 2017 \u00e0 Maurecourt"}]},{"@type":"WebSite","@id":"https:\/\/www.altercampagne.net\/#website","url":"https:\/\/www.altercampagne.net\/","name":"AlterTour","description":"Reliez les Alternatives \u00e0 v\u00e9lo","potentialAction":[{"@type":"SearchAction","target":{"@type":"EntryPoint","urlTemplate":"https:\/\/www.altercampagne.net\/?s={search_term_string}"},"query-input":{"@type":"PropertyValueSpecification","valueRequired":true,"valueName":"search_term_string"}}],"inLanguage":"fr-FR"},{"@type":"Person","@id":"https:\/\/www.altercampagne.net\/#\/schema\/person\/0f261460c09e430caa0f9bcffa319109","name":"Mathieu","image":{"@type":"ImageObject","inLanguage":"fr-FR","@id":"https:\/\/secure.gravatar.com\/avatar\/aa9d3d24c83f2141e5e2709d0f63d09a99f6be6bb7a50abc4915838d9f54501a?s=96&d=mm&r=g","url":"https:\/\/secure.gravatar.com\/avatar\/aa9d3d24c83f2141e5e2709d0f63d09a99f6be6bb7a50abc4915838d9f54501a?s=96&d=mm&r=g","contentUrl":"https:\/\/secure.gravatar.com\/avatar\/aa9d3d24c83f2141e5e2709d0f63d09a99f6be6bb7a50abc4915838d9f54501a?s=96&d=mm&r=g","caption":"Mathieu"},"url":"https:\/\/www.altercampagne.net\/?author=214"}]}},"_links":{"self":[{"href":"https:\/\/www.altercampagne.net\/index.php?rest_route=\/wp\/v2\/posts\/6557","targetHints":{"allow":["GET"]}}],"collection":[{"href":"https:\/\/www.altercampagne.net\/index.php?rest_route=\/wp\/v2\/posts"}],"about":[{"href":"https:\/\/www.altercampagne.net\/index.php?rest_route=\/wp\/v2\/types\/post"}],"author":[{"embeddable":true,"href":"https:\/\/www.altercampagne.net\/index.php?rest_route=\/wp\/v2\/users\/214"}],"replies":[{"embeddable":true,"href":"https:\/\/www.altercampagne.net\/index.php?rest_route=%2Fwp%2Fv2%2Fcomments&post=6557"}],"version-history":[{"count":1,"href":"https:\/\/www.altercampagne.net\/index.php?rest_route=\/wp\/v2\/posts\/6557\/revisions"}],"predecessor-version":[{"id":17316,"href":"https:\/\/www.altercampagne.net\/index.php?rest_route=\/wp\/v2\/posts\/6557\/revisions\/17316"}],"wp:attachment":[{"href":"https:\/\/www.altercampagne.net\/index.php?rest_route=%2Fwp%2Fv2%2Fmedia&parent=6557"}],"wp:term":[{"taxonomy":"category","embeddable":true,"href":"https:\/\/www.altercampagne.net\/index.php?rest_route=%2Fwp%2Fv2%2Fcategories&post=6557"},{"taxonomy":"post_tag","embeddable":true,"href":"https:\/\/www.altercampagne.net\/index.php?rest_route=%2Fwp%2Fv2%2Ftags&post=6557"}],"curies":[{"name":"wp","href":"https:\/\/api.w.org\/{rel}","templated":true}]}}