{"id":6565,"date":"2015-12-25T16:41:37","date_gmt":"2015-12-25T15:41:37","guid":{"rendered":"http:\/\/www.altercampagne.net\/?p=6565"},"modified":"2020-02-24T15:06:12","modified_gmt":"2020-02-24T14:06:12","slug":"reunion-de-preparation-de-laltertour-les-9-et-10-janvier-2016-a-lorient","status":"publish","type":"post","link":"https:\/\/www.altercampagne.net\/?p=6565","title":{"rendered":"R\u00e9union de pr\u00e9paration de l&rsquo;AlterTour, les 9 et 10 janvier 2016 \u00e0 Lorient"},"content":{"rendered":"<p>Rendez-vous \u00e0 la Cit\u00e9 Allende, 10 rue Colbert \u00e0 Lorient<\/p>\n<p><strong>Samedi<\/strong><br \/>\n09h00 &#8211; 09h30 : Retrouvailles et pti d\u00e9j co<br \/>\n09h30 &#8211; 10h00 : Brise glace, pr\u00e9sentation du week-end et r\u00e9partition des r\u00f4les<br \/>\n10h00 &#8211; 12h30 : Travail collectif dont 20\u2019 de pause<br \/>\n&gt; Parcours + reliefs<br \/>\n&gt; D\u00e9marche contact accueillants<\/p>\n<p>12h30 &#8211; 14h00 : Repas partag\u00e9 au bord de la Rade s\u2019il fait beau. Avec \u201csalades espagnoles\u201d chacun ram\u00e8ne des plats froids \/ fromages \/ desserts<\/p>\n<p>14h00 &#8211; 15h00 : Temps ouvert aux accueillants<br \/>\n15h00 &#8211; 17h00 : Ateliers de travail et r\u00e9flexion dont pause 20\u2019 en fonction du nombre de pr\u00e9sents<br \/>\n&gt; Groupe de R\u00e9flexion : D\u00e9doublement bouclettes<br \/>\n&gt; Groupe Action : \u00ab\u00a0Mail de nouvelles AT trimestriel\u201d<br \/>\n&gt; Groupe de R\u00e9flexion : BeforeTour ?<br \/>\n&gt; Groupe de R\u00e9flexion : 10 ans d\u2019Altercampagne<br \/>\n&gt; Groupe de R\u00e9flexion : R\u00e9flexion \u00e9duc pop<br \/>\n&gt; Groupe de R\u00e9flexion : AT 2017 ?<br \/>\n17h00 &#8211; 18h00 : Restitutions<\/p>\n<p><strong>Dimanche<\/strong><br \/>\n09h00 &#8211; 09h30 : Retrouvailles et pti d\u00e9j co + pr\u00e9paration salon<br \/>\n09h45 &#8211; 12h30 : Moment des pti points infos (\u00e0 encadrer par un animateur \/ gardien du temps pour ne pas d\u00e9passer le timing)<br \/>\n&gt; Point com\u2019: Affiche\/Flyer : pr\u00e9sentation des id\u00e9es du groupe mis en image par Yome<br \/>\nRecueil des Alternatives de l&rsquo;AlterTour 2016 : Choix d\u2019une dizaine d\u2019Alternatives<br \/>\n&gt; Point CCI sur le festival cyclo camping qui se d\u00e9roulera le 17 janvier \u00e0 Paris<br \/>\n&gt; Point mini AT : Yome et Mathieu<br \/>\n&gt; Point dossier financement d\u00e9pos\u00e9<br \/>\n&gt; Compte rendu des Rencontres du R\u00e9seau REPAS<br \/>\n&gt; Les suites d\u2019Alternatiba en 2016 : info<br \/>\n&gt; Site internet : \u00e9volution, Fouad a fait 2 propositions (pas de d\u00e9bats, juste info et suite par mail, \u00e7a ne presse pas)<br \/>\n10h45 : Militantisme \/ Mixit\u00e9 \/ Autogestion : GRODEBAT (1h30)<br \/>\n&gt; 45\u2019 Trois Groupe de R\u00e9flexion<br \/>\n&gt; 45\u2019 Restitution + 3 pers dans la cuisine accol\u00e9e pour lancer la popote du midi<br \/>\n12h30 &#8211; 14h00 : Repas partag\u00e9<br \/>\n14h00 &#8211; 14h15 : Petite r\u00e9flexion sur l\u2019animation des r\u00e9unions et nos \u201cfonctionnements naturels\u201d<br \/>\n14h15 &#8211; 15h30 : Place pour points non finis (\u00c9ventuellement : Point visuel Affiche\/Flyer suite aux propositions du matin ?)<\/p>\n","protected":false},"excerpt":{"rendered":"<p>Rendez-vous \u00e0 la Cit\u00e9 Allende, 10 rue Colbert \u00e0 Lorient Samedi 09h00 &#8211; 09h30 : Retrouvailles et pti d\u00e9j co 09h30 &#8211; 10h00 : Brise glace, pr\u00e9sentation du week-end et r\u00e9partition des r\u00f4les 10h00 &#8211; 12h30 : Travail collectif dont 20\u2019 de pause &gt; Parcours + reliefs &gt; D\u00e9marche contact &#8230; <\/p>\n<div><a href=\"https:\/\/www.altercampagne.net\/?p=6565\" class=\"more-link\">Read More<\/a><\/div>\n","protected":false},"author":214,"featured_media":0,"comment_status":"closed","ping_status":"closed","sticky":false,"template":"","format":"standard","meta":{"footnotes":""},"categories":[3539],"tags":[383,434,476,712,1304,1652,2839],"class_list":["post-6565","post","type-post","status-publish","format-standard","hentry","category-we-de-preparation","tag-altertour-2016","tag-pleniere","tag-reunion","tag-janvier-2016","tag-lorient","tag-1652","tag-ordre-du-jour","no-post-thumbnail"],"yoast_head":"<!-- This site is optimized with the Yoast SEO plugin v27.3 - https:\/\/yoast.com\/product\/yoast-seo-wordpress\/ -->\n<title>R\u00e9union de pr\u00e9paration de l&#039;AlterTour, les 9 et 10 janvier 2016 \u00e0 Lorient - AlterTour<\/title>\n<meta name=\"robots\" content=\"index, follow, max-snippet:-1, max-image-preview:large, max-video-preview:-1\" \/>\n<link rel=\"canonical\" href=\"https:\/\/www.altercampagne.net\/?p=6565\" \/>\n<meta property=\"og:locale\" content=\"fr_FR\" \/>\n<meta property=\"og:type\" content=\"article\" \/>\n<meta property=\"og:title\" content=\"R\u00e9union de pr\u00e9paration de l&#039;AlterTour, les 9 et 10 janvier 2016 \u00e0 Lorient - AlterTour\" \/>\n<meta property=\"og:description\" content=\"Rendez-vous \u00e0 la Cit\u00e9 Allende, 10 rue Colbert \u00e0 Lorient Samedi 09h00 &#8211; 09h30 : Retrouvailles et pti d\u00e9j co 09h30 &#8211; 10h00 : Brise glace, pr\u00e9sentation du week-end et r\u00e9partition des r\u00f4les 10h00 &#8211; 12h30 : Travail collectif dont 20\u2019 de pause &gt; Parcours + reliefs &gt; D\u00e9marche contact ... Read More\" \/>\n<meta property=\"og:url\" content=\"https:\/\/www.altercampagne.net\/?p=6565\" \/>\n<meta property=\"og:site_name\" content=\"AlterTour\" \/>\n<meta property=\"article:published_time\" content=\"2015-12-25T15:41:37+00:00\" \/>\n<meta property=\"article:modified_time\" content=\"2020-02-24T14:06:12+00:00\" \/>\n<meta name=\"author\" content=\"Mathieu\" \/>\n<meta name=\"twitter:card\" content=\"summary_large_image\" \/>\n<meta name=\"twitter:label1\" content=\"\u00c9crit par\" \/>\n\t<meta name=\"twitter:data1\" content=\"Mathieu\" \/>\n\t<meta name=\"twitter:label2\" content=\"Dur\u00e9e de lecture estim\u00e9e\" \/>\n\t<meta name=\"twitter:data2\" content=\"2 minutes\" \/>\n<script type=\"application\/ld+json\" class=\"yoast-schema-graph\">{\"@context\":\"https:\\\/\\\/schema.org\",\"@graph\":[{\"@type\":\"Article\",\"@id\":\"https:\\\/\\\/www.altercampagne.net\\\/?p=6565#article\",\"isPartOf\":{\"@id\":\"https:\\\/\\\/www.altercampagne.net\\\/?p=6565\"},\"author\":{\"name\":\"Mathieu\",\"@id\":\"https:\\\/\\\/www.altercampagne.net\\\/#\\\/schema\\\/person\\\/0f261460c09e430caa0f9bcffa319109\"},\"headline\":\"R\u00e9union de pr\u00e9paration de l&rsquo;AlterTour, les 9 et 10 janvier 2016 \u00e0 Lorient\",\"datePublished\":\"2015-12-25T15:41:37+00:00\",\"dateModified\":\"2020-02-24T14:06:12+00:00\",\"mainEntityOfPage\":{\"@id\":\"https:\\\/\\\/www.altercampagne.net\\\/?p=6565\"},\"wordCount\":354,\"keywords\":[\"AlterTour 2016\",\"pl\u00e9ni\u00e8re\",\"r\u00e9union\",\"janvier 2016\",\"Lorient\",\"2016\",\"ordre du jour\"],\"articleSection\":[\"WE de pr\u00e9paration\"],\"inLanguage\":\"fr-FR\"},{\"@type\":\"WebPage\",\"@id\":\"https:\\\/\\\/www.altercampagne.net\\\/?p=6565\",\"url\":\"https:\\\/\\\/www.altercampagne.net\\\/?p=6565\",\"name\":\"R\u00e9union de pr\u00e9paration de l'AlterTour, les 9 et 10 janvier 2016 \u00e0 Lorient - AlterTour\",\"isPartOf\":{\"@id\":\"https:\\\/\\\/www.altercampagne.net\\\/#website\"},\"datePublished\":\"2015-12-25T15:41:37+00:00\",\"dateModified\":\"2020-02-24T14:06:12+00:00\",\"author\":{\"@id\":\"https:\\\/\\\/www.altercampagne.net\\\/#\\\/schema\\\/person\\\/0f261460c09e430caa0f9bcffa319109\"},\"breadcrumb\":{\"@id\":\"https:\\\/\\\/www.altercampagne.net\\\/?p=6565#breadcrumb\"},\"inLanguage\":\"fr-FR\",\"potentialAction\":[{\"@type\":\"ReadAction\",\"target\":[\"https:\\\/\\\/www.altercampagne.net\\\/?p=6565\"]}]},{\"@type\":\"BreadcrumbList\",\"@id\":\"https:\\\/\\\/www.altercampagne.net\\\/?p=6565#breadcrumb\",\"itemListElement\":[{\"@type\":\"ListItem\",\"position\":1,\"name\":\"Accueil\",\"item\":\"https:\\\/\\\/www.altercampagne.net\\\/\"},{\"@type\":\"ListItem\",\"position\":2,\"name\":\"R\u00e9union de pr\u00e9paration de l&rsquo;AlterTour, les 9 et 10 janvier 2016 \u00e0 Lorient\"}]},{\"@type\":\"WebSite\",\"@id\":\"https:\\\/\\\/www.altercampagne.net\\\/#website\",\"url\":\"https:\\\/\\\/www.altercampagne.net\\\/\",\"name\":\"AlterTour\",\"description\":\"Reliez les Alternatives \u00e0 v\u00e9lo\",\"potentialAction\":[{\"@type\":\"SearchAction\",\"target\":{\"@type\":\"EntryPoint\",\"urlTemplate\":\"https:\\\/\\\/www.altercampagne.net\\\/?s={search_term_string}\"},\"query-input\":{\"@type\":\"PropertyValueSpecification\",\"valueRequired\":true,\"valueName\":\"search_term_string\"}}],\"inLanguage\":\"fr-FR\"},{\"@type\":\"Person\",\"@id\":\"https:\\\/\\\/www.altercampagne.net\\\/#\\\/schema\\\/person\\\/0f261460c09e430caa0f9bcffa319109\",\"name\":\"Mathieu\",\"image\":{\"@type\":\"ImageObject\",\"inLanguage\":\"fr-FR\",\"@id\":\"https:\\\/\\\/secure.gravatar.com\\\/avatar\\\/aa9d3d24c83f2141e5e2709d0f63d09a99f6be6bb7a50abc4915838d9f54501a?s=96&d=mm&r=g\",\"url\":\"https:\\\/\\\/secure.gravatar.com\\\/avatar\\\/aa9d3d24c83f2141e5e2709d0f63d09a99f6be6bb7a50abc4915838d9f54501a?s=96&d=mm&r=g\",\"contentUrl\":\"https:\\\/\\\/secure.gravatar.com\\\/avatar\\\/aa9d3d24c83f2141e5e2709d0f63d09a99f6be6bb7a50abc4915838d9f54501a?s=96&d=mm&r=g\",\"caption\":\"Mathieu\"},\"url\":\"https:\\\/\\\/www.altercampagne.net\\\/?author=214\"}]}<\/script>\n<!-- \/ Yoast SEO plugin. -->","yoast_head_json":{"title":"R\u00e9union de pr\u00e9paration de l'AlterTour, les 9 et 10 janvier 2016 \u00e0 Lorient - AlterTour","robots":{"index":"index","follow":"follow","max-snippet":"max-snippet:-1","max-image-preview":"max-image-preview:large","max-video-preview":"max-video-preview:-1"},"canonical":"https:\/\/www.altercampagne.net\/?p=6565","og_locale":"fr_FR","og_type":"article","og_title":"R\u00e9union de pr\u00e9paration de l'AlterTour, les 9 et 10 janvier 2016 \u00e0 Lorient - AlterTour","og_description":"Rendez-vous \u00e0 la Cit\u00e9 Allende, 10 rue Colbert \u00e0 Lorient Samedi 09h00 &#8211; 09h30 : Retrouvailles et pti d\u00e9j co 09h30 &#8211; 10h00 : Brise glace, pr\u00e9sentation du week-end et r\u00e9partition des r\u00f4les 10h00 &#8211; 12h30 : Travail collectif dont 20\u2019 de pause &gt; Parcours + reliefs &gt; D\u00e9marche contact ... Read More","og_url":"https:\/\/www.altercampagne.net\/?p=6565","og_site_name":"AlterTour","article_published_time":"2015-12-25T15:41:37+00:00","article_modified_time":"2020-02-24T14:06:12+00:00","author":"Mathieu","twitter_card":"summary_large_image","twitter_misc":{"\u00c9crit par":"Mathieu","Dur\u00e9e de lecture estim\u00e9e":"2 minutes"},"schema":{"@context":"https:\/\/schema.org","@graph":[{"@type":"Article","@id":"https:\/\/www.altercampagne.net\/?p=6565#article","isPartOf":{"@id":"https:\/\/www.altercampagne.net\/?p=6565"},"author":{"name":"Mathieu","@id":"https:\/\/www.altercampagne.net\/#\/schema\/person\/0f261460c09e430caa0f9bcffa319109"},"headline":"R\u00e9union de pr\u00e9paration de l&rsquo;AlterTour, les 9 et 10 janvier 2016 \u00e0 Lorient","datePublished":"2015-12-25T15:41:37+00:00","dateModified":"2020-02-24T14:06:12+00:00","mainEntityOfPage":{"@id":"https:\/\/www.altercampagne.net\/?p=6565"},"wordCount":354,"keywords":["AlterTour 2016","pl\u00e9ni\u00e8re","r\u00e9union","janvier 2016","Lorient","2016","ordre du jour"],"articleSection":["WE de pr\u00e9paration"],"inLanguage":"fr-FR"},{"@type":"WebPage","@id":"https:\/\/www.altercampagne.net\/?p=6565","url":"https:\/\/www.altercampagne.net\/?p=6565","name":"R\u00e9union de pr\u00e9paration de l'AlterTour, les 9 et 10 janvier 2016 \u00e0 Lorient - AlterTour","isPartOf":{"@id":"https:\/\/www.altercampagne.net\/#website"},"datePublished":"2015-12-25T15:41:37+00:00","dateModified":"2020-02-24T14:06:12+00:00","author":{"@id":"https:\/\/www.altercampagne.net\/#\/schema\/person\/0f261460c09e430caa0f9bcffa319109"},"breadcrumb":{"@id":"https:\/\/www.altercampagne.net\/?p=6565#breadcrumb"},"inLanguage":"fr-FR","potentialAction":[{"@type":"ReadAction","target":["https:\/\/www.altercampagne.net\/?p=6565"]}]},{"@type":"BreadcrumbList","@id":"https:\/\/www.altercampagne.net\/?p=6565#breadcrumb","itemListElement":[{"@type":"ListItem","position":1,"name":"Accueil","item":"https:\/\/www.altercampagne.net\/"},{"@type":"ListItem","position":2,"name":"R\u00e9union de pr\u00e9paration de l&rsquo;AlterTour, les 9 et 10 janvier 2016 \u00e0 Lorient"}]},{"@type":"WebSite","@id":"https:\/\/www.altercampagne.net\/#website","url":"https:\/\/www.altercampagne.net\/","name":"AlterTour","description":"Reliez les Alternatives \u00e0 v\u00e9lo","potentialAction":[{"@type":"SearchAction","target":{"@type":"EntryPoint","urlTemplate":"https:\/\/www.altercampagne.net\/?s={search_term_string}"},"query-input":{"@type":"PropertyValueSpecification","valueRequired":true,"valueName":"search_term_string"}}],"inLanguage":"fr-FR"},{"@type":"Person","@id":"https:\/\/www.altercampagne.net\/#\/schema\/person\/0f261460c09e430caa0f9bcffa319109","name":"Mathieu","image":{"@type":"ImageObject","inLanguage":"fr-FR","@id":"https:\/\/secure.gravatar.com\/avatar\/aa9d3d24c83f2141e5e2709d0f63d09a99f6be6bb7a50abc4915838d9f54501a?s=96&d=mm&r=g","url":"https:\/\/secure.gravatar.com\/avatar\/aa9d3d24c83f2141e5e2709d0f63d09a99f6be6bb7a50abc4915838d9f54501a?s=96&d=mm&r=g","contentUrl":"https:\/\/secure.gravatar.com\/avatar\/aa9d3d24c83f2141e5e2709d0f63d09a99f6be6bb7a50abc4915838d9f54501a?s=96&d=mm&r=g","caption":"Mathieu"},"url":"https:\/\/www.altercampagne.net\/?author=214"}]}},"_links":{"self":[{"href":"https:\/\/www.altercampagne.net\/index.php?rest_route=\/wp\/v2\/posts\/6565","targetHints":{"allow":["GET"]}}],"collection":[{"href":"https:\/\/www.altercampagne.net\/index.php?rest_route=\/wp\/v2\/posts"}],"about":[{"href":"https:\/\/www.altercampagne.net\/index.php?rest_route=\/wp\/v2\/types\/post"}],"author":[{"embeddable":true,"href":"https:\/\/www.altercampagne.net\/index.php?rest_route=\/wp\/v2\/users\/214"}],"replies":[{"embeddable":true,"href":"https:\/\/www.altercampagne.net\/index.php?rest_route=%2Fwp%2Fv2%2Fcomments&post=6565"}],"version-history":[{"count":1,"href":"https:\/\/www.altercampagne.net\/index.php?rest_route=\/wp\/v2\/posts\/6565\/revisions"}],"predecessor-version":[{"id":17334,"href":"https:\/\/www.altercampagne.net\/index.php?rest_route=\/wp\/v2\/posts\/6565\/revisions\/17334"}],"wp:attachment":[{"href":"https:\/\/www.altercampagne.net\/index.php?rest_route=%2Fwp%2Fv2%2Fmedia&parent=6565"}],"wp:term":[{"taxonomy":"category","embeddable":true,"href":"https:\/\/www.altercampagne.net\/index.php?rest_route=%2Fwp%2Fv2%2Fcategories&post=6565"},{"taxonomy":"post_tag","embeddable":true,"href":"https:\/\/www.altercampagne.net\/index.php?rest_route=%2Fwp%2Fv2%2Ftags&post=6565"}],"curies":[{"name":"wp","href":"https:\/\/api.w.org\/{rel}","templated":true}]}}