{"id":6570,"date":"2016-01-13T10:00:13","date_gmt":"2016-01-13T09:00:13","guid":{"rendered":"http:\/\/www.altercampagne.net\/?p=6570"},"modified":"2020-02-24T15:05:56","modified_gmt":"2020-02-24T14:05:56","slug":"releve-de-decision-de-la-reunion-des-9-et-10-janvier-2016","status":"publish","type":"post","link":"https:\/\/www.altercampagne.net\/?p=6570","title":{"rendered":"Relev\u00e9 de d\u00e9cision de la r\u00e9union des 9 et 10 janvier 2016"},"content":{"rendered":"<p><strong>Ce qui concerne tout le monde<\/strong><br \/>\nR\u00e9daction d\u2019un texte sur gestion participative, autogestion d\u2019ici pl\u00e9ni\u00e8re de f\u00e9vrier : Mawi, Nadjejda, Viri et Coline<\/p>\n<p>Projet d\u2019affiche : on envoie \u00e0 Yome les 2 dessins r\u00e9alis\u00e9s ce week-end avec des commentaires pour le guider sur le sc\u00e9nario (Romain)<\/p>\n<p>Proposition de nouvelle arborescence pour le menu du site internet : d\u00e9bat \u00e0 poursuivre en groupe de r\u00e9flexion<\/p>\n<p>Choix de 11 alternatives pour le Recueil + 1 alternative \u00e0 demander \u00e0 Genevi\u00e8ve et Michel qui n\u2019\u00e9taient pas pr\u00e9sents (Yome)<\/p>\n<p>Echapp\u00e9es Belles : pour l\u2019instant on part sur deux \u201cbouclettes\u201d : autour de Saint-Brieuc et Tr\u00e9margat &#8211; Plogoff, \u00e0 voir pour la suite si on en fait une suppl\u00e9mentaire<\/p>\n<p>Mixit\u00e9, nouer des partenariats avec des structures comme les centres sociaux etc.<\/p>\n<p>D\u00e9finir les organisateur-rice-s de la prochaine r\u00e9union pl\u00e9ni\u00e8re le samedi plut\u00f4t que le dimanche apr\u00e8s-midi \/ Tester \u00e0 nouveau le principe de journ\u00e9e continu le dimanche afin de terminer plus t\u00f4t et de permettre \u00e0 tous les participants, quelque soit leur temps de trajet de participer \u00e0 l&rsquo;ensemble de la r\u00e9union \/ pour la pr\u00e9paration des pl\u00e9ni\u00e8res : s\u2019assurer qu\u2019on g\u00e8re chacun-e le temps dont on a besoin pour tel ou tel sujet<\/p>\n<p><strong>Ce qui concerne les pr\u00e9parateur-rice-s d&rsquo;\u00e9tapes<\/strong><br \/>\nRep\u00e9rer des structures pour faire des actions de d\u00e9sob\u00e9issance civile type anti-pub,<br \/>\nidentifier les lieux de lutte sur le parcours pour se greffer a une action vers l&rsquo;ext\u00e9rieur (touche la population), ou voir avec eux si on peut faire des actions<br \/>\ndans le programme des journ\u00e9es, voir si possible et envie de faire un d\u00e9bat mouvant sur l\u2019auto-gestion (pour se former \u00e0 cette th\u00e9matique)<\/p>\n<p>Mathieu envoie un framadate pour une r\u00e9union skype sp\u00e9cial Pr\u00e9pa Etapes &#8211; lire le doc pr\u00e9pa d\u2019\u00e9tapes pour pouvoir le commenter \/ am\u00e9liorer<\/p>\n<p>Commencer \u00e0 remplir les fiches \u00e9tapes (liens dispo dans l\u2019agenda des \u00e9tapes)<\/p>\n<p>Commencer \u00e0 discuter avec accueillants des publics \u00e0 toucher potentiellement dans leur coin pour participer \u00e0 l\u2019AlterTour, et aussi structures qui peuvent \u00eatre relais<\/p>\n","protected":false},"excerpt":{"rendered":"<p>Ce qui concerne tout le monde R\u00e9daction d\u2019un texte sur gestion participative, autogestion d\u2019ici pl\u00e9ni\u00e8re de f\u00e9vrier : Mawi, Nadjejda, Viri et Coline Projet d\u2019affiche : on envoie \u00e0 Yome les 2 dessins r\u00e9alis\u00e9s ce week-end avec des commentaires pour le guider sur le sc\u00e9nario (Romain) Proposition de nouvelle arborescence &#8230; <\/p>\n<div><a href=\"https:\/\/www.altercampagne.net\/?p=6570\" class=\"more-link\">Read More<\/a><\/div>\n","protected":false},"author":214,"featured_media":0,"comment_status":"closed","ping_status":"closed","sticky":false,"template":"","format":"standard","meta":{"footnotes":""},"categories":[3539],"tags":[383,434,476,712,1652,2831],"class_list":["post-6570","post","type-post","status-publish","format-standard","hentry","category-we-de-preparation","tag-altertour-2016","tag-pleniere","tag-reunion","tag-janvier-2016","tag-1652","tag-releve-de-decision","no-post-thumbnail"],"yoast_head":"<!-- This site is optimized with the Yoast SEO plugin v27.3 - https:\/\/yoast.com\/product\/yoast-seo-wordpress\/ -->\n<title>Relev\u00e9 de d\u00e9cision de la r\u00e9union des 9 et 10 janvier 2016 - AlterTour<\/title>\n<meta name=\"robots\" content=\"index, follow, max-snippet:-1, max-image-preview:large, max-video-preview:-1\" \/>\n<link rel=\"canonical\" href=\"https:\/\/www.altercampagne.net\/?p=6570\" \/>\n<meta property=\"og:locale\" content=\"fr_FR\" \/>\n<meta property=\"og:type\" content=\"article\" \/>\n<meta property=\"og:title\" content=\"Relev\u00e9 de d\u00e9cision de la r\u00e9union des 9 et 10 janvier 2016 - AlterTour\" \/>\n<meta property=\"og:description\" content=\"Ce qui concerne tout le monde R\u00e9daction d\u2019un texte sur gestion participative, autogestion d\u2019ici pl\u00e9ni\u00e8re de f\u00e9vrier : Mawi, Nadjejda, Viri et Coline Projet d\u2019affiche : on envoie \u00e0 Yome les 2 dessins r\u00e9alis\u00e9s ce week-end avec des commentaires pour le guider sur le sc\u00e9nario (Romain) Proposition de nouvelle arborescence ... Read More\" \/>\n<meta property=\"og:url\" content=\"https:\/\/www.altercampagne.net\/?p=6570\" \/>\n<meta property=\"og:site_name\" content=\"AlterTour\" \/>\n<meta property=\"article:published_time\" content=\"2016-01-13T09:00:13+00:00\" \/>\n<meta property=\"article:modified_time\" content=\"2020-02-24T14:05:56+00:00\" \/>\n<meta name=\"author\" content=\"Mathieu\" \/>\n<meta name=\"twitter:card\" content=\"summary_large_image\" \/>\n<meta name=\"twitter:label1\" content=\"\u00c9crit par\" \/>\n\t<meta name=\"twitter:data1\" content=\"Mathieu\" \/>\n\t<meta name=\"twitter:label2\" content=\"Dur\u00e9e de lecture estim\u00e9e\" \/>\n\t<meta name=\"twitter:data2\" content=\"2 minutes\" \/>\n<script type=\"application\/ld+json\" class=\"yoast-schema-graph\">{\"@context\":\"https:\\\/\\\/schema.org\",\"@graph\":[{\"@type\":\"Article\",\"@id\":\"https:\\\/\\\/www.altercampagne.net\\\/?p=6570#article\",\"isPartOf\":{\"@id\":\"https:\\\/\\\/www.altercampagne.net\\\/?p=6570\"},\"author\":{\"name\":\"Mathieu\",\"@id\":\"https:\\\/\\\/www.altercampagne.net\\\/#\\\/schema\\\/person\\\/0f261460c09e430caa0f9bcffa319109\"},\"headline\":\"Relev\u00e9 de d\u00e9cision de la r\u00e9union des 9 et 10 janvier 2016\",\"datePublished\":\"2016-01-13T09:00:13+00:00\",\"dateModified\":\"2020-02-24T14:05:56+00:00\",\"mainEntityOfPage\":{\"@id\":\"https:\\\/\\\/www.altercampagne.net\\\/?p=6570\"},\"wordCount\":367,\"keywords\":[\"AlterTour 2016\",\"pl\u00e9ni\u00e8re\",\"r\u00e9union\",\"janvier 2016\",\"2016\",\"relev\u00e9 de d\u00e9cision\"],\"articleSection\":[\"WE de pr\u00e9paration\"],\"inLanguage\":\"fr-FR\"},{\"@type\":\"WebPage\",\"@id\":\"https:\\\/\\\/www.altercampagne.net\\\/?p=6570\",\"url\":\"https:\\\/\\\/www.altercampagne.net\\\/?p=6570\",\"name\":\"Relev\u00e9 de d\u00e9cision de la r\u00e9union des 9 et 10 janvier 2016 - AlterTour\",\"isPartOf\":{\"@id\":\"https:\\\/\\\/www.altercampagne.net\\\/#website\"},\"datePublished\":\"2016-01-13T09:00:13+00:00\",\"dateModified\":\"2020-02-24T14:05:56+00:00\",\"author\":{\"@id\":\"https:\\\/\\\/www.altercampagne.net\\\/#\\\/schema\\\/person\\\/0f261460c09e430caa0f9bcffa319109\"},\"breadcrumb\":{\"@id\":\"https:\\\/\\\/www.altercampagne.net\\\/?p=6570#breadcrumb\"},\"inLanguage\":\"fr-FR\",\"potentialAction\":[{\"@type\":\"ReadAction\",\"target\":[\"https:\\\/\\\/www.altercampagne.net\\\/?p=6570\"]}]},{\"@type\":\"BreadcrumbList\",\"@id\":\"https:\\\/\\\/www.altercampagne.net\\\/?p=6570#breadcrumb\",\"itemListElement\":[{\"@type\":\"ListItem\",\"position\":1,\"name\":\"Accueil\",\"item\":\"https:\\\/\\\/www.altercampagne.net\\\/\"},{\"@type\":\"ListItem\",\"position\":2,\"name\":\"Relev\u00e9 de d\u00e9cision de la r\u00e9union des 9 et 10 janvier 2016\"}]},{\"@type\":\"WebSite\",\"@id\":\"https:\\\/\\\/www.altercampagne.net\\\/#website\",\"url\":\"https:\\\/\\\/www.altercampagne.net\\\/\",\"name\":\"AlterTour\",\"description\":\"Reliez les Alternatives \u00e0 v\u00e9lo\",\"potentialAction\":[{\"@type\":\"SearchAction\",\"target\":{\"@type\":\"EntryPoint\",\"urlTemplate\":\"https:\\\/\\\/www.altercampagne.net\\\/?s={search_term_string}\"},\"query-input\":{\"@type\":\"PropertyValueSpecification\",\"valueRequired\":true,\"valueName\":\"search_term_string\"}}],\"inLanguage\":\"fr-FR\"},{\"@type\":\"Person\",\"@id\":\"https:\\\/\\\/www.altercampagne.net\\\/#\\\/schema\\\/person\\\/0f261460c09e430caa0f9bcffa319109\",\"name\":\"Mathieu\",\"image\":{\"@type\":\"ImageObject\",\"inLanguage\":\"fr-FR\",\"@id\":\"https:\\\/\\\/secure.gravatar.com\\\/avatar\\\/aa9d3d24c83f2141e5e2709d0f63d09a99f6be6bb7a50abc4915838d9f54501a?s=96&d=mm&r=g\",\"url\":\"https:\\\/\\\/secure.gravatar.com\\\/avatar\\\/aa9d3d24c83f2141e5e2709d0f63d09a99f6be6bb7a50abc4915838d9f54501a?s=96&d=mm&r=g\",\"contentUrl\":\"https:\\\/\\\/secure.gravatar.com\\\/avatar\\\/aa9d3d24c83f2141e5e2709d0f63d09a99f6be6bb7a50abc4915838d9f54501a?s=96&d=mm&r=g\",\"caption\":\"Mathieu\"},\"url\":\"https:\\\/\\\/www.altercampagne.net\\\/?author=214\"}]}<\/script>\n<!-- \/ Yoast SEO plugin. -->","yoast_head_json":{"title":"Relev\u00e9 de d\u00e9cision de la r\u00e9union des 9 et 10 janvier 2016 - AlterTour","robots":{"index":"index","follow":"follow","max-snippet":"max-snippet:-1","max-image-preview":"max-image-preview:large","max-video-preview":"max-video-preview:-1"},"canonical":"https:\/\/www.altercampagne.net\/?p=6570","og_locale":"fr_FR","og_type":"article","og_title":"Relev\u00e9 de d\u00e9cision de la r\u00e9union des 9 et 10 janvier 2016 - AlterTour","og_description":"Ce qui concerne tout le monde R\u00e9daction d\u2019un texte sur gestion participative, autogestion d\u2019ici pl\u00e9ni\u00e8re de f\u00e9vrier : Mawi, Nadjejda, Viri et Coline Projet d\u2019affiche : on envoie \u00e0 Yome les 2 dessins r\u00e9alis\u00e9s ce week-end avec des commentaires pour le guider sur le sc\u00e9nario (Romain) Proposition de nouvelle arborescence ... Read More","og_url":"https:\/\/www.altercampagne.net\/?p=6570","og_site_name":"AlterTour","article_published_time":"2016-01-13T09:00:13+00:00","article_modified_time":"2020-02-24T14:05:56+00:00","author":"Mathieu","twitter_card":"summary_large_image","twitter_misc":{"\u00c9crit par":"Mathieu","Dur\u00e9e de lecture estim\u00e9e":"2 minutes"},"schema":{"@context":"https:\/\/schema.org","@graph":[{"@type":"Article","@id":"https:\/\/www.altercampagne.net\/?p=6570#article","isPartOf":{"@id":"https:\/\/www.altercampagne.net\/?p=6570"},"author":{"name":"Mathieu","@id":"https:\/\/www.altercampagne.net\/#\/schema\/person\/0f261460c09e430caa0f9bcffa319109"},"headline":"Relev\u00e9 de d\u00e9cision de la r\u00e9union des 9 et 10 janvier 2016","datePublished":"2016-01-13T09:00:13+00:00","dateModified":"2020-02-24T14:05:56+00:00","mainEntityOfPage":{"@id":"https:\/\/www.altercampagne.net\/?p=6570"},"wordCount":367,"keywords":["AlterTour 2016","pl\u00e9ni\u00e8re","r\u00e9union","janvier 2016","2016","relev\u00e9 de d\u00e9cision"],"articleSection":["WE de pr\u00e9paration"],"inLanguage":"fr-FR"},{"@type":"WebPage","@id":"https:\/\/www.altercampagne.net\/?p=6570","url":"https:\/\/www.altercampagne.net\/?p=6570","name":"Relev\u00e9 de d\u00e9cision de la r\u00e9union des 9 et 10 janvier 2016 - AlterTour","isPartOf":{"@id":"https:\/\/www.altercampagne.net\/#website"},"datePublished":"2016-01-13T09:00:13+00:00","dateModified":"2020-02-24T14:05:56+00:00","author":{"@id":"https:\/\/www.altercampagne.net\/#\/schema\/person\/0f261460c09e430caa0f9bcffa319109"},"breadcrumb":{"@id":"https:\/\/www.altercampagne.net\/?p=6570#breadcrumb"},"inLanguage":"fr-FR","potentialAction":[{"@type":"ReadAction","target":["https:\/\/www.altercampagne.net\/?p=6570"]}]},{"@type":"BreadcrumbList","@id":"https:\/\/www.altercampagne.net\/?p=6570#breadcrumb","itemListElement":[{"@type":"ListItem","position":1,"name":"Accueil","item":"https:\/\/www.altercampagne.net\/"},{"@type":"ListItem","position":2,"name":"Relev\u00e9 de d\u00e9cision de la r\u00e9union des 9 et 10 janvier 2016"}]},{"@type":"WebSite","@id":"https:\/\/www.altercampagne.net\/#website","url":"https:\/\/www.altercampagne.net\/","name":"AlterTour","description":"Reliez les Alternatives \u00e0 v\u00e9lo","potentialAction":[{"@type":"SearchAction","target":{"@type":"EntryPoint","urlTemplate":"https:\/\/www.altercampagne.net\/?s={search_term_string}"},"query-input":{"@type":"PropertyValueSpecification","valueRequired":true,"valueName":"search_term_string"}}],"inLanguage":"fr-FR"},{"@type":"Person","@id":"https:\/\/www.altercampagne.net\/#\/schema\/person\/0f261460c09e430caa0f9bcffa319109","name":"Mathieu","image":{"@type":"ImageObject","inLanguage":"fr-FR","@id":"https:\/\/secure.gravatar.com\/avatar\/aa9d3d24c83f2141e5e2709d0f63d09a99f6be6bb7a50abc4915838d9f54501a?s=96&d=mm&r=g","url":"https:\/\/secure.gravatar.com\/avatar\/aa9d3d24c83f2141e5e2709d0f63d09a99f6be6bb7a50abc4915838d9f54501a?s=96&d=mm&r=g","contentUrl":"https:\/\/secure.gravatar.com\/avatar\/aa9d3d24c83f2141e5e2709d0f63d09a99f6be6bb7a50abc4915838d9f54501a?s=96&d=mm&r=g","caption":"Mathieu"},"url":"https:\/\/www.altercampagne.net\/?author=214"}]}},"_links":{"self":[{"href":"https:\/\/www.altercampagne.net\/index.php?rest_route=\/wp\/v2\/posts\/6570","targetHints":{"allow":["GET"]}}],"collection":[{"href":"https:\/\/www.altercampagne.net\/index.php?rest_route=\/wp\/v2\/posts"}],"about":[{"href":"https:\/\/www.altercampagne.net\/index.php?rest_route=\/wp\/v2\/types\/post"}],"author":[{"embeddable":true,"href":"https:\/\/www.altercampagne.net\/index.php?rest_route=\/wp\/v2\/users\/214"}],"replies":[{"embeddable":true,"href":"https:\/\/www.altercampagne.net\/index.php?rest_route=%2Fwp%2Fv2%2Fcomments&post=6570"}],"version-history":[{"count":1,"href":"https:\/\/www.altercampagne.net\/index.php?rest_route=\/wp\/v2\/posts\/6570\/revisions"}],"predecessor-version":[{"id":17333,"href":"https:\/\/www.altercampagne.net\/index.php?rest_route=\/wp\/v2\/posts\/6570\/revisions\/17333"}],"wp:attachment":[{"href":"https:\/\/www.altercampagne.net\/index.php?rest_route=%2Fwp%2Fv2%2Fmedia&parent=6570"}],"wp:term":[{"taxonomy":"category","embeddable":true,"href":"https:\/\/www.altercampagne.net\/index.php?rest_route=%2Fwp%2Fv2%2Fcategories&post=6570"},{"taxonomy":"post_tag","embeddable":true,"href":"https:\/\/www.altercampagne.net\/index.php?rest_route=%2Fwp%2Fv2%2Ftags&post=6570"}],"curies":[{"name":"wp","href":"https:\/\/api.w.org\/{rel}","templated":true}]}}