{"id":6573,"date":"2015-12-09T10:11:32","date_gmt":"2015-12-09T09:11:32","guid":{"rendered":"http:\/\/www.altercampagne.net\/?p=6573"},"modified":"2020-02-24T15:07:14","modified_gmt":"2020-02-24T14:07:14","slug":"releve-de-decision-de-la-reunion-des-5-et-6-decembre-2015","status":"publish","type":"post","link":"https:\/\/www.altercampagne.net\/?p=6573","title":{"rendered":"Relev\u00e9 de d\u00e9cision de la r\u00e9union des 5 et 6 d\u00e9cembre 2015"},"content":{"rendered":"<p>L&rsquo;AlterTour 2016 d\u00e9marrera de Notre-Dame-Des-Landes, o\u00f9 le rassemblement annuel est le 9 et 10 juillet<br \/>\nCr\u00e9er un Groupe d&rsquo;Action pour le BeforeTour<\/p>\n<p>Groupe pour r\u00e9fl\u00e9chir aux sp\u00e9cificit\u00e9s du groupe en autonomie : celui qui est en place apr\u00e8s la pl\u00e9ni\u00e8re de novembre r\u00e9fl\u00e9chit d\u00e8s maintenant au QUAND et COMMENT &gt; Baptiste motiv\u00e9 pour remotiver, Herv\u00e9 s\u2019ajoute, Fred, Mat, aussi, Marie, Genevi\u00e8ve<\/p>\n<p>(informer les gens qu\u2019ils vont \u00eatre inscrits sur une liste quand ils s\u2019inscrivent \u00e0 l\u2019AT)<br \/>\nSylvie : on n\u2019a pas d\u00e9cid\u00e9 ca mais : on laisse la liste info vivre avec ce qu\u2019envoient les gens, on mod\u00e8re uniquement les r\u00e9ponses, et on ouvre une nouvelle liste large avec 3 mails par an qui concernent l\u2019AlterTour uniquement<\/p>\n<p>Contacter cell-eux qui s\u2019\u00e9taient positionn\u00e9s sur orga locale, et cell-eux qui \u00e9taient motiv\u00e9s pour donner aussi coups de main dans l\u2019ann\u00e9e, pour orga d\u2019\u00e9tapes<\/p>\n<p>R\u00e9unions skype des organisateur-rice-s d\u2019\u00e9tape :  le mercredi 9\/12 \u00e0 20h et mardi 15\/12 \u00e0 20h<\/p>\n","protected":false},"excerpt":{"rendered":"<p>L&rsquo;AlterTour 2016 d\u00e9marrera de Notre-Dame-Des-Landes, o\u00f9 le rassemblement annuel est le 9 et 10 juillet Cr\u00e9er un Groupe d&rsquo;Action pour le BeforeTour Groupe pour r\u00e9fl\u00e9chir aux sp\u00e9cificit\u00e9s du groupe en autonomie : celui qui est en place apr\u00e8s la pl\u00e9ni\u00e8re de novembre r\u00e9fl\u00e9chit d\u00e8s maintenant au QUAND et COMMENT &gt; &#8230; <\/p>\n<div><a href=\"https:\/\/www.altercampagne.net\/?p=6573\" class=\"more-link\">Read More<\/a><\/div>\n","protected":false},"author":214,"featured_media":0,"comment_status":"closed","ping_status":"closed","sticky":false,"template":"","format":"standard","meta":{"footnotes":""},"categories":[3539],"tags":[383,434,476,713,2831],"class_list":["post-6573","post","type-post","status-publish","format-standard","hentry","category-we-de-preparation","tag-altertour-2016","tag-pleniere","tag-reunion","tag-decembre-2015","tag-releve-de-decision","no-post-thumbnail"],"yoast_head":"<!-- This site is optimized with the Yoast SEO plugin v27.3 - https:\/\/yoast.com\/product\/yoast-seo-wordpress\/ -->\n<title>Relev\u00e9 de d\u00e9cision de la r\u00e9union des 5 et 6 d\u00e9cembre 2015 - AlterTour<\/title>\n<meta name=\"robots\" content=\"index, follow, max-snippet:-1, max-image-preview:large, max-video-preview:-1\" \/>\n<link rel=\"canonical\" href=\"https:\/\/www.altercampagne.net\/?p=6573\" \/>\n<meta property=\"og:locale\" content=\"fr_FR\" \/>\n<meta property=\"og:type\" content=\"article\" \/>\n<meta property=\"og:title\" content=\"Relev\u00e9 de d\u00e9cision de la r\u00e9union des 5 et 6 d\u00e9cembre 2015 - AlterTour\" \/>\n<meta property=\"og:description\" content=\"L&rsquo;AlterTour 2016 d\u00e9marrera de Notre-Dame-Des-Landes, o\u00f9 le rassemblement annuel est le 9 et 10 juillet Cr\u00e9er un Groupe d&rsquo;Action pour le BeforeTour Groupe pour r\u00e9fl\u00e9chir aux sp\u00e9cificit\u00e9s du groupe en autonomie : celui qui est en place apr\u00e8s la pl\u00e9ni\u00e8re de novembre r\u00e9fl\u00e9chit d\u00e8s maintenant au QUAND et COMMENT &gt; ... Read More\" \/>\n<meta property=\"og:url\" content=\"https:\/\/www.altercampagne.net\/?p=6573\" \/>\n<meta property=\"og:site_name\" content=\"AlterTour\" \/>\n<meta property=\"article:published_time\" content=\"2015-12-09T09:11:32+00:00\" \/>\n<meta property=\"article:modified_time\" content=\"2020-02-24T14:07:14+00:00\" \/>\n<meta name=\"author\" content=\"Mathieu\" \/>\n<meta name=\"twitter:card\" content=\"summary_large_image\" \/>\n<meta name=\"twitter:label1\" content=\"\u00c9crit par\" \/>\n\t<meta name=\"twitter:data1\" content=\"Mathieu\" \/>\n\t<meta name=\"twitter:label2\" content=\"Dur\u00e9e de lecture estim\u00e9e\" \/>\n\t<meta name=\"twitter:data2\" content=\"1 minute\" \/>\n<script type=\"application\/ld+json\" class=\"yoast-schema-graph\">{\"@context\":\"https:\\\/\\\/schema.org\",\"@graph\":[{\"@type\":\"Article\",\"@id\":\"https:\\\/\\\/www.altercampagne.net\\\/?p=6573#article\",\"isPartOf\":{\"@id\":\"https:\\\/\\\/www.altercampagne.net\\\/?p=6573\"},\"author\":{\"name\":\"Mathieu\",\"@id\":\"https:\\\/\\\/www.altercampagne.net\\\/#\\\/schema\\\/person\\\/0f261460c09e430caa0f9bcffa319109\"},\"headline\":\"Relev\u00e9 de d\u00e9cision de la r\u00e9union des 5 et 6 d\u00e9cembre 2015\",\"datePublished\":\"2015-12-09T09:11:32+00:00\",\"dateModified\":\"2020-02-24T14:07:14+00:00\",\"mainEntityOfPage\":{\"@id\":\"https:\\\/\\\/www.altercampagne.net\\\/?p=6573\"},\"wordCount\":189,\"keywords\":[\"AlterTour 2016\",\"pl\u00e9ni\u00e8re\",\"r\u00e9union\",\"d\u00e9cembre 2015\",\"relev\u00e9 de d\u00e9cision\"],\"articleSection\":[\"WE de pr\u00e9paration\"],\"inLanguage\":\"fr-FR\"},{\"@type\":\"WebPage\",\"@id\":\"https:\\\/\\\/www.altercampagne.net\\\/?p=6573\",\"url\":\"https:\\\/\\\/www.altercampagne.net\\\/?p=6573\",\"name\":\"Relev\u00e9 de d\u00e9cision de la r\u00e9union des 5 et 6 d\u00e9cembre 2015 - AlterTour\",\"isPartOf\":{\"@id\":\"https:\\\/\\\/www.altercampagne.net\\\/#website\"},\"datePublished\":\"2015-12-09T09:11:32+00:00\",\"dateModified\":\"2020-02-24T14:07:14+00:00\",\"author\":{\"@id\":\"https:\\\/\\\/www.altercampagne.net\\\/#\\\/schema\\\/person\\\/0f261460c09e430caa0f9bcffa319109\"},\"breadcrumb\":{\"@id\":\"https:\\\/\\\/www.altercampagne.net\\\/?p=6573#breadcrumb\"},\"inLanguage\":\"fr-FR\",\"potentialAction\":[{\"@type\":\"ReadAction\",\"target\":[\"https:\\\/\\\/www.altercampagne.net\\\/?p=6573\"]}]},{\"@type\":\"BreadcrumbList\",\"@id\":\"https:\\\/\\\/www.altercampagne.net\\\/?p=6573#breadcrumb\",\"itemListElement\":[{\"@type\":\"ListItem\",\"position\":1,\"name\":\"Accueil\",\"item\":\"https:\\\/\\\/www.altercampagne.net\\\/\"},{\"@type\":\"ListItem\",\"position\":2,\"name\":\"Relev\u00e9 de d\u00e9cision de la r\u00e9union des 5 et 6 d\u00e9cembre 2015\"}]},{\"@type\":\"WebSite\",\"@id\":\"https:\\\/\\\/www.altercampagne.net\\\/#website\",\"url\":\"https:\\\/\\\/www.altercampagne.net\\\/\",\"name\":\"AlterTour\",\"description\":\"Reliez les Alternatives \u00e0 v\u00e9lo\",\"potentialAction\":[{\"@type\":\"SearchAction\",\"target\":{\"@type\":\"EntryPoint\",\"urlTemplate\":\"https:\\\/\\\/www.altercampagne.net\\\/?s={search_term_string}\"},\"query-input\":{\"@type\":\"PropertyValueSpecification\",\"valueRequired\":true,\"valueName\":\"search_term_string\"}}],\"inLanguage\":\"fr-FR\"},{\"@type\":\"Person\",\"@id\":\"https:\\\/\\\/www.altercampagne.net\\\/#\\\/schema\\\/person\\\/0f261460c09e430caa0f9bcffa319109\",\"name\":\"Mathieu\",\"image\":{\"@type\":\"ImageObject\",\"inLanguage\":\"fr-FR\",\"@id\":\"https:\\\/\\\/secure.gravatar.com\\\/avatar\\\/aa9d3d24c83f2141e5e2709d0f63d09a99f6be6bb7a50abc4915838d9f54501a?s=96&d=mm&r=g\",\"url\":\"https:\\\/\\\/secure.gravatar.com\\\/avatar\\\/aa9d3d24c83f2141e5e2709d0f63d09a99f6be6bb7a50abc4915838d9f54501a?s=96&d=mm&r=g\",\"contentUrl\":\"https:\\\/\\\/secure.gravatar.com\\\/avatar\\\/aa9d3d24c83f2141e5e2709d0f63d09a99f6be6bb7a50abc4915838d9f54501a?s=96&d=mm&r=g\",\"caption\":\"Mathieu\"},\"url\":\"https:\\\/\\\/www.altercampagne.net\\\/?author=214\"}]}<\/script>\n<!-- \/ Yoast SEO plugin. -->","yoast_head_json":{"title":"Relev\u00e9 de d\u00e9cision de la r\u00e9union des 5 et 6 d\u00e9cembre 2015 - AlterTour","robots":{"index":"index","follow":"follow","max-snippet":"max-snippet:-1","max-image-preview":"max-image-preview:large","max-video-preview":"max-video-preview:-1"},"canonical":"https:\/\/www.altercampagne.net\/?p=6573","og_locale":"fr_FR","og_type":"article","og_title":"Relev\u00e9 de d\u00e9cision de la r\u00e9union des 5 et 6 d\u00e9cembre 2015 - AlterTour","og_description":"L&rsquo;AlterTour 2016 d\u00e9marrera de Notre-Dame-Des-Landes, o\u00f9 le rassemblement annuel est le 9 et 10 juillet Cr\u00e9er un Groupe d&rsquo;Action pour le BeforeTour Groupe pour r\u00e9fl\u00e9chir aux sp\u00e9cificit\u00e9s du groupe en autonomie : celui qui est en place apr\u00e8s la pl\u00e9ni\u00e8re de novembre r\u00e9fl\u00e9chit d\u00e8s maintenant au QUAND et COMMENT &gt; ... Read More","og_url":"https:\/\/www.altercampagne.net\/?p=6573","og_site_name":"AlterTour","article_published_time":"2015-12-09T09:11:32+00:00","article_modified_time":"2020-02-24T14:07:14+00:00","author":"Mathieu","twitter_card":"summary_large_image","twitter_misc":{"\u00c9crit par":"Mathieu","Dur\u00e9e de lecture estim\u00e9e":"1 minute"},"schema":{"@context":"https:\/\/schema.org","@graph":[{"@type":"Article","@id":"https:\/\/www.altercampagne.net\/?p=6573#article","isPartOf":{"@id":"https:\/\/www.altercampagne.net\/?p=6573"},"author":{"name":"Mathieu","@id":"https:\/\/www.altercampagne.net\/#\/schema\/person\/0f261460c09e430caa0f9bcffa319109"},"headline":"Relev\u00e9 de d\u00e9cision de la r\u00e9union des 5 et 6 d\u00e9cembre 2015","datePublished":"2015-12-09T09:11:32+00:00","dateModified":"2020-02-24T14:07:14+00:00","mainEntityOfPage":{"@id":"https:\/\/www.altercampagne.net\/?p=6573"},"wordCount":189,"keywords":["AlterTour 2016","pl\u00e9ni\u00e8re","r\u00e9union","d\u00e9cembre 2015","relev\u00e9 de d\u00e9cision"],"articleSection":["WE de pr\u00e9paration"],"inLanguage":"fr-FR"},{"@type":"WebPage","@id":"https:\/\/www.altercampagne.net\/?p=6573","url":"https:\/\/www.altercampagne.net\/?p=6573","name":"Relev\u00e9 de d\u00e9cision de la r\u00e9union des 5 et 6 d\u00e9cembre 2015 - AlterTour","isPartOf":{"@id":"https:\/\/www.altercampagne.net\/#website"},"datePublished":"2015-12-09T09:11:32+00:00","dateModified":"2020-02-24T14:07:14+00:00","author":{"@id":"https:\/\/www.altercampagne.net\/#\/schema\/person\/0f261460c09e430caa0f9bcffa319109"},"breadcrumb":{"@id":"https:\/\/www.altercampagne.net\/?p=6573#breadcrumb"},"inLanguage":"fr-FR","potentialAction":[{"@type":"ReadAction","target":["https:\/\/www.altercampagne.net\/?p=6573"]}]},{"@type":"BreadcrumbList","@id":"https:\/\/www.altercampagne.net\/?p=6573#breadcrumb","itemListElement":[{"@type":"ListItem","position":1,"name":"Accueil","item":"https:\/\/www.altercampagne.net\/"},{"@type":"ListItem","position":2,"name":"Relev\u00e9 de d\u00e9cision de la r\u00e9union des 5 et 6 d\u00e9cembre 2015"}]},{"@type":"WebSite","@id":"https:\/\/www.altercampagne.net\/#website","url":"https:\/\/www.altercampagne.net\/","name":"AlterTour","description":"Reliez les Alternatives \u00e0 v\u00e9lo","potentialAction":[{"@type":"SearchAction","target":{"@type":"EntryPoint","urlTemplate":"https:\/\/www.altercampagne.net\/?s={search_term_string}"},"query-input":{"@type":"PropertyValueSpecification","valueRequired":true,"valueName":"search_term_string"}}],"inLanguage":"fr-FR"},{"@type":"Person","@id":"https:\/\/www.altercampagne.net\/#\/schema\/person\/0f261460c09e430caa0f9bcffa319109","name":"Mathieu","image":{"@type":"ImageObject","inLanguage":"fr-FR","@id":"https:\/\/secure.gravatar.com\/avatar\/aa9d3d24c83f2141e5e2709d0f63d09a99f6be6bb7a50abc4915838d9f54501a?s=96&d=mm&r=g","url":"https:\/\/secure.gravatar.com\/avatar\/aa9d3d24c83f2141e5e2709d0f63d09a99f6be6bb7a50abc4915838d9f54501a?s=96&d=mm&r=g","contentUrl":"https:\/\/secure.gravatar.com\/avatar\/aa9d3d24c83f2141e5e2709d0f63d09a99f6be6bb7a50abc4915838d9f54501a?s=96&d=mm&r=g","caption":"Mathieu"},"url":"https:\/\/www.altercampagne.net\/?author=214"}]}},"_links":{"self":[{"href":"https:\/\/www.altercampagne.net\/index.php?rest_route=\/wp\/v2\/posts\/6573","targetHints":{"allow":["GET"]}}],"collection":[{"href":"https:\/\/www.altercampagne.net\/index.php?rest_route=\/wp\/v2\/posts"}],"about":[{"href":"https:\/\/www.altercampagne.net\/index.php?rest_route=\/wp\/v2\/types\/post"}],"author":[{"embeddable":true,"href":"https:\/\/www.altercampagne.net\/index.php?rest_route=\/wp\/v2\/users\/214"}],"replies":[{"embeddable":true,"href":"https:\/\/www.altercampagne.net\/index.php?rest_route=%2Fwp%2Fv2%2Fcomments&post=6573"}],"version-history":[{"count":1,"href":"https:\/\/www.altercampagne.net\/index.php?rest_route=\/wp\/v2\/posts\/6573\/revisions"}],"predecessor-version":[{"id":17337,"href":"https:\/\/www.altercampagne.net\/index.php?rest_route=\/wp\/v2\/posts\/6573\/revisions\/17337"}],"wp:attachment":[{"href":"https:\/\/www.altercampagne.net\/index.php?rest_route=%2Fwp%2Fv2%2Fmedia&parent=6573"}],"wp:term":[{"taxonomy":"category","embeddable":true,"href":"https:\/\/www.altercampagne.net\/index.php?rest_route=%2Fwp%2Fv2%2Fcategories&post=6573"},{"taxonomy":"post_tag","embeddable":true,"href":"https:\/\/www.altercampagne.net\/index.php?rest_route=%2Fwp%2Fv2%2Ftags&post=6573"}],"curies":[{"name":"wp","href":"https:\/\/api.w.org\/{rel}","templated":true}]}}