{"id":6585,"date":"2015-06-05T11:32:16","date_gmt":"2015-06-05T09:32:16","guid":{"rendered":"http:\/\/www.altercampagne.net\/?p=6585"},"modified":"2020-02-24T17:26:35","modified_gmt":"2020-02-24T16:26:35","slug":"reunion-de-preparation-de-laltertour-les-20-et-21-juin-2015-au-jardin-dalice","status":"publish","type":"post","link":"https:\/\/www.altercampagne.net\/?p=6585","title":{"rendered":"R\u00e9union de pr\u00e9paration de l\u2019AlterTour, les 20 et 21 juin 2015 au Jardin d\u2019Alice"},"content":{"rendered":"<p>Rendez-vous au Jardin d&rsquo;Alice : 20 rue de Reuilly, 75012 Paris<\/p>\n<p><strong>Samedi matin<\/strong><br \/>\n09h00 &#8211; 09h30 : Accueil<br \/>\n09h30 &#8211; 09h45 : Ordre du jour + Tableau des t\u00e2ches &#8211; Baptiste et Nadjejda<br \/>\n09h45 &#8211; 10h00 : Retour sur la r\u00e9union Coll\u00e8ge solidaire<br \/>\n10h00 &#8211; 10h15 : Bilan inscription &#8211; Baptiste<br \/>\n10h15 &#8211; 10h40 : Before et AfterTour (ravitaillement de base, \u00e9tiquetage v\u00e9los, tableau des taches) &#8211; Juliette, Julien<br \/>\n10h40 &#8211; 11h15 : Point parcours : (activit\u00e9s, com, ravito, \u00e9quilibre d\u00e9penses) &#8211; Mathieu<br \/>\n11h15 &#8211; 11h30 : Pause<br \/>\n11h30 &#8211; 12h30 : Suite point parcours<\/p>\n<p><strong>Samedi apr\u00e8s-midi<\/strong><br \/>\n14h00 &#8211; 14h45 : T-shirt &#8211; Yome<br \/>\n14h45 &#8211; 15h00 : R\u00e9 impression flyers &#8211; Yome<br \/>\n15h00 &#8211; 15h15 : Rubrique \u00ab\u00a0A la une\u00a0\u00bb du site internet &#8211; Mathieu<br \/>\n15h15 &#8211; 15h45 : Noms des v\u00e9los pas fait liste pas \u00e0 jour<br \/>\n15h45 &#8211; 16h00 : Pause<br \/>\n16h00 &#8211; 16h30 : Tableau des t\u00e2ches &#8211; Julien<br \/>\n16h30 &#8211; 17h00 : Gestes ecotidiens &#8211; Philippe H<\/p>\n<p><strong>Dimanche matin<\/strong><br \/>\n09h30 &#8211; 11h15 : Bilan de l\u2019orga AT (accueil des nouveaux, etc) &#8211; Baptiste<br \/>\n11h15 &#8211; 11H30 : Pause<br \/>\n11h30 &#8211; 12h30 : Bilan mini AT (MFR + Bretons) &#8211; Mathieu et Romain<\/p>\n<p><strong>Dimanche apr\u00e8s-midi<\/strong><br \/>\n14h00 &#8211; 14h45 : Organisation pl\u00e9ni\u00e8res de l\u2019automne<br \/>\n14H45 &#8211; 15h15 : Point film<br \/>\n15h15 &#8211; 16h00 : Texte AT sur le site<\/p>\n","protected":false},"excerpt":{"rendered":"<p>Rendez-vous au Jardin d&rsquo;Alice : 20 rue de Reuilly, 75012 Paris Samedi matin 09h00 &#8211; 09h30 : Accueil 09h30 &#8211; 09h45 : Ordre du jour + Tableau des t\u00e2ches &#8211; Baptiste et Nadjejda 09h45 &#8211; 10h00 : Retour sur la r\u00e9union Coll\u00e8ge solidaire 10h00 &#8211; 10h15 : Bilan inscription &#8211; &#8230; <\/p>\n<div><a href=\"https:\/\/www.altercampagne.net\/?p=6585\" class=\"more-link\">Read More<\/a><\/div>\n","protected":false},"author":214,"featured_media":0,"comment_status":"closed","ping_status":"closed","sticky":false,"template":"","format":"standard","meta":{"footnotes":""},"categories":[3539],"tags":[192,434,476,1491,2839,2845],"class_list":["post-6585","post","type-post","status-publish","format-standard","hentry","category-we-de-preparation","tag-altertour-2015","tag-pleniere","tag-reunion","tag-jardin-dalice","tag-ordre-du-jour","tag-juin-2015","no-post-thumbnail"],"yoast_head":"<!-- This site is optimized with the Yoast SEO plugin v27.3 - https:\/\/yoast.com\/product\/yoast-seo-wordpress\/ -->\n<title>R\u00e9union de pr\u00e9paration de l\u2019AlterTour, les 20 et 21 juin 2015 au Jardin d\u2019Alice - AlterTour<\/title>\n<meta name=\"robots\" content=\"index, follow, max-snippet:-1, max-image-preview:large, max-video-preview:-1\" \/>\n<link rel=\"canonical\" href=\"https:\/\/www.altercampagne.net\/?p=6585\" \/>\n<meta property=\"og:locale\" content=\"fr_FR\" \/>\n<meta property=\"og:type\" content=\"article\" \/>\n<meta property=\"og:title\" content=\"R\u00e9union de pr\u00e9paration de l\u2019AlterTour, les 20 et 21 juin 2015 au Jardin d\u2019Alice - AlterTour\" \/>\n<meta property=\"og:description\" content=\"Rendez-vous au Jardin d&rsquo;Alice : 20 rue de Reuilly, 75012 Paris Samedi matin 09h00 &#8211; 09h30 : Accueil 09h30 &#8211; 09h45 : Ordre du jour + Tableau des t\u00e2ches &#8211; Baptiste et Nadjejda 09h45 &#8211; 10h00 : Retour sur la r\u00e9union Coll\u00e8ge solidaire 10h00 &#8211; 10h15 : Bilan inscription &#8211; ... Read More\" \/>\n<meta property=\"og:url\" content=\"https:\/\/www.altercampagne.net\/?p=6585\" \/>\n<meta property=\"og:site_name\" content=\"AlterTour\" \/>\n<meta property=\"article:published_time\" content=\"2015-06-05T09:32:16+00:00\" \/>\n<meta property=\"article:modified_time\" content=\"2020-02-24T16:26:35+00:00\" \/>\n<meta name=\"author\" content=\"Mathieu\" \/>\n<meta name=\"twitter:card\" content=\"summary_large_image\" \/>\n<meta name=\"twitter:label1\" content=\"\u00c9crit par\" \/>\n\t<meta name=\"twitter:data1\" content=\"Mathieu\" \/>\n\t<meta name=\"twitter:label2\" content=\"Dur\u00e9e de lecture estim\u00e9e\" \/>\n\t<meta name=\"twitter:data2\" content=\"1 minute\" \/>\n<script type=\"application\/ld+json\" class=\"yoast-schema-graph\">{\"@context\":\"https:\\\/\\\/schema.org\",\"@graph\":[{\"@type\":\"Article\",\"@id\":\"https:\\\/\\\/www.altercampagne.net\\\/?p=6585#article\",\"isPartOf\":{\"@id\":\"https:\\\/\\\/www.altercampagne.net\\\/?p=6585\"},\"author\":{\"name\":\"Mathieu\",\"@id\":\"https:\\\/\\\/www.altercampagne.net\\\/#\\\/schema\\\/person\\\/0f261460c09e430caa0f9bcffa319109\"},\"headline\":\"R\u00e9union de pr\u00e9paration de l\u2019AlterTour, les 20 et 21 juin 2015 au Jardin d\u2019Alice\",\"datePublished\":\"2015-06-05T09:32:16+00:00\",\"dateModified\":\"2020-02-24T16:26:35+00:00\",\"mainEntityOfPage\":{\"@id\":\"https:\\\/\\\/www.altercampagne.net\\\/?p=6585\"},\"wordCount\":224,\"keywords\":[\"AlterTour 2015\",\"pl\u00e9ni\u00e8re\",\"r\u00e9union\",\"jardin d'alice\",\"ordre du jour\",\"juin 2015\"],\"articleSection\":[\"WE de pr\u00e9paration\"],\"inLanguage\":\"fr-FR\"},{\"@type\":\"WebPage\",\"@id\":\"https:\\\/\\\/www.altercampagne.net\\\/?p=6585\",\"url\":\"https:\\\/\\\/www.altercampagne.net\\\/?p=6585\",\"name\":\"R\u00e9union de pr\u00e9paration de l\u2019AlterTour, les 20 et 21 juin 2015 au Jardin d\u2019Alice - AlterTour\",\"isPartOf\":{\"@id\":\"https:\\\/\\\/www.altercampagne.net\\\/#website\"},\"datePublished\":\"2015-06-05T09:32:16+00:00\",\"dateModified\":\"2020-02-24T16:26:35+00:00\",\"author\":{\"@id\":\"https:\\\/\\\/www.altercampagne.net\\\/#\\\/schema\\\/person\\\/0f261460c09e430caa0f9bcffa319109\"},\"breadcrumb\":{\"@id\":\"https:\\\/\\\/www.altercampagne.net\\\/?p=6585#breadcrumb\"},\"inLanguage\":\"fr-FR\",\"potentialAction\":[{\"@type\":\"ReadAction\",\"target\":[\"https:\\\/\\\/www.altercampagne.net\\\/?p=6585\"]}]},{\"@type\":\"BreadcrumbList\",\"@id\":\"https:\\\/\\\/www.altercampagne.net\\\/?p=6585#breadcrumb\",\"itemListElement\":[{\"@type\":\"ListItem\",\"position\":1,\"name\":\"Accueil\",\"item\":\"https:\\\/\\\/www.altercampagne.net\\\/\"},{\"@type\":\"ListItem\",\"position\":2,\"name\":\"R\u00e9union de pr\u00e9paration de l\u2019AlterTour, les 20 et 21 juin 2015 au Jardin d\u2019Alice\"}]},{\"@type\":\"WebSite\",\"@id\":\"https:\\\/\\\/www.altercampagne.net\\\/#website\",\"url\":\"https:\\\/\\\/www.altercampagne.net\\\/\",\"name\":\"AlterTour\",\"description\":\"Reliez les Alternatives \u00e0 v\u00e9lo\",\"potentialAction\":[{\"@type\":\"SearchAction\",\"target\":{\"@type\":\"EntryPoint\",\"urlTemplate\":\"https:\\\/\\\/www.altercampagne.net\\\/?s={search_term_string}\"},\"query-input\":{\"@type\":\"PropertyValueSpecification\",\"valueRequired\":true,\"valueName\":\"search_term_string\"}}],\"inLanguage\":\"fr-FR\"},{\"@type\":\"Person\",\"@id\":\"https:\\\/\\\/www.altercampagne.net\\\/#\\\/schema\\\/person\\\/0f261460c09e430caa0f9bcffa319109\",\"name\":\"Mathieu\",\"image\":{\"@type\":\"ImageObject\",\"inLanguage\":\"fr-FR\",\"@id\":\"https:\\\/\\\/secure.gravatar.com\\\/avatar\\\/aa9d3d24c83f2141e5e2709d0f63d09a99f6be6bb7a50abc4915838d9f54501a?s=96&d=mm&r=g\",\"url\":\"https:\\\/\\\/secure.gravatar.com\\\/avatar\\\/aa9d3d24c83f2141e5e2709d0f63d09a99f6be6bb7a50abc4915838d9f54501a?s=96&d=mm&r=g\",\"contentUrl\":\"https:\\\/\\\/secure.gravatar.com\\\/avatar\\\/aa9d3d24c83f2141e5e2709d0f63d09a99f6be6bb7a50abc4915838d9f54501a?s=96&d=mm&r=g\",\"caption\":\"Mathieu\"},\"url\":\"https:\\\/\\\/www.altercampagne.net\\\/?author=214\"}]}<\/script>\n<!-- \/ Yoast SEO plugin. -->","yoast_head_json":{"title":"R\u00e9union de pr\u00e9paration de l\u2019AlterTour, les 20 et 21 juin 2015 au Jardin d\u2019Alice - AlterTour","robots":{"index":"index","follow":"follow","max-snippet":"max-snippet:-1","max-image-preview":"max-image-preview:large","max-video-preview":"max-video-preview:-1"},"canonical":"https:\/\/www.altercampagne.net\/?p=6585","og_locale":"fr_FR","og_type":"article","og_title":"R\u00e9union de pr\u00e9paration de l\u2019AlterTour, les 20 et 21 juin 2015 au Jardin d\u2019Alice - AlterTour","og_description":"Rendez-vous au Jardin d&rsquo;Alice : 20 rue de Reuilly, 75012 Paris Samedi matin 09h00 &#8211; 09h30 : Accueil 09h30 &#8211; 09h45 : Ordre du jour + Tableau des t\u00e2ches &#8211; Baptiste et Nadjejda 09h45 &#8211; 10h00 : Retour sur la r\u00e9union Coll\u00e8ge solidaire 10h00 &#8211; 10h15 : Bilan inscription &#8211; ... Read More","og_url":"https:\/\/www.altercampagne.net\/?p=6585","og_site_name":"AlterTour","article_published_time":"2015-06-05T09:32:16+00:00","article_modified_time":"2020-02-24T16:26:35+00:00","author":"Mathieu","twitter_card":"summary_large_image","twitter_misc":{"\u00c9crit par":"Mathieu","Dur\u00e9e de lecture estim\u00e9e":"1 minute"},"schema":{"@context":"https:\/\/schema.org","@graph":[{"@type":"Article","@id":"https:\/\/www.altercampagne.net\/?p=6585#article","isPartOf":{"@id":"https:\/\/www.altercampagne.net\/?p=6585"},"author":{"name":"Mathieu","@id":"https:\/\/www.altercampagne.net\/#\/schema\/person\/0f261460c09e430caa0f9bcffa319109"},"headline":"R\u00e9union de pr\u00e9paration de l\u2019AlterTour, les 20 et 21 juin 2015 au Jardin d\u2019Alice","datePublished":"2015-06-05T09:32:16+00:00","dateModified":"2020-02-24T16:26:35+00:00","mainEntityOfPage":{"@id":"https:\/\/www.altercampagne.net\/?p=6585"},"wordCount":224,"keywords":["AlterTour 2015","pl\u00e9ni\u00e8re","r\u00e9union","jardin d'alice","ordre du jour","juin 2015"],"articleSection":["WE de pr\u00e9paration"],"inLanguage":"fr-FR"},{"@type":"WebPage","@id":"https:\/\/www.altercampagne.net\/?p=6585","url":"https:\/\/www.altercampagne.net\/?p=6585","name":"R\u00e9union de pr\u00e9paration de l\u2019AlterTour, les 20 et 21 juin 2015 au Jardin d\u2019Alice - AlterTour","isPartOf":{"@id":"https:\/\/www.altercampagne.net\/#website"},"datePublished":"2015-06-05T09:32:16+00:00","dateModified":"2020-02-24T16:26:35+00:00","author":{"@id":"https:\/\/www.altercampagne.net\/#\/schema\/person\/0f261460c09e430caa0f9bcffa319109"},"breadcrumb":{"@id":"https:\/\/www.altercampagne.net\/?p=6585#breadcrumb"},"inLanguage":"fr-FR","potentialAction":[{"@type":"ReadAction","target":["https:\/\/www.altercampagne.net\/?p=6585"]}]},{"@type":"BreadcrumbList","@id":"https:\/\/www.altercampagne.net\/?p=6585#breadcrumb","itemListElement":[{"@type":"ListItem","position":1,"name":"Accueil","item":"https:\/\/www.altercampagne.net\/"},{"@type":"ListItem","position":2,"name":"R\u00e9union de pr\u00e9paration de l\u2019AlterTour, les 20 et 21 juin 2015 au Jardin d\u2019Alice"}]},{"@type":"WebSite","@id":"https:\/\/www.altercampagne.net\/#website","url":"https:\/\/www.altercampagne.net\/","name":"AlterTour","description":"Reliez les Alternatives \u00e0 v\u00e9lo","potentialAction":[{"@type":"SearchAction","target":{"@type":"EntryPoint","urlTemplate":"https:\/\/www.altercampagne.net\/?s={search_term_string}"},"query-input":{"@type":"PropertyValueSpecification","valueRequired":true,"valueName":"search_term_string"}}],"inLanguage":"fr-FR"},{"@type":"Person","@id":"https:\/\/www.altercampagne.net\/#\/schema\/person\/0f261460c09e430caa0f9bcffa319109","name":"Mathieu","image":{"@type":"ImageObject","inLanguage":"fr-FR","@id":"https:\/\/secure.gravatar.com\/avatar\/aa9d3d24c83f2141e5e2709d0f63d09a99f6be6bb7a50abc4915838d9f54501a?s=96&d=mm&r=g","url":"https:\/\/secure.gravatar.com\/avatar\/aa9d3d24c83f2141e5e2709d0f63d09a99f6be6bb7a50abc4915838d9f54501a?s=96&d=mm&r=g","contentUrl":"https:\/\/secure.gravatar.com\/avatar\/aa9d3d24c83f2141e5e2709d0f63d09a99f6be6bb7a50abc4915838d9f54501a?s=96&d=mm&r=g","caption":"Mathieu"},"url":"https:\/\/www.altercampagne.net\/?author=214"}]}},"_links":{"self":[{"href":"https:\/\/www.altercampagne.net\/index.php?rest_route=\/wp\/v2\/posts\/6585","targetHints":{"allow":["GET"]}}],"collection":[{"href":"https:\/\/www.altercampagne.net\/index.php?rest_route=\/wp\/v2\/posts"}],"about":[{"href":"https:\/\/www.altercampagne.net\/index.php?rest_route=\/wp\/v2\/types\/post"}],"author":[{"embeddable":true,"href":"https:\/\/www.altercampagne.net\/index.php?rest_route=\/wp\/v2\/users\/214"}],"replies":[{"embeddable":true,"href":"https:\/\/www.altercampagne.net\/index.php?rest_route=%2Fwp%2Fv2%2Fcomments&post=6585"}],"version-history":[{"count":1,"href":"https:\/\/www.altercampagne.net\/index.php?rest_route=\/wp\/v2\/posts\/6585\/revisions"}],"predecessor-version":[{"id":17455,"href":"https:\/\/www.altercampagne.net\/index.php?rest_route=\/wp\/v2\/posts\/6585\/revisions\/17455"}],"wp:attachment":[{"href":"https:\/\/www.altercampagne.net\/index.php?rest_route=%2Fwp%2Fv2%2Fmedia&parent=6585"}],"wp:term":[{"taxonomy":"category","embeddable":true,"href":"https:\/\/www.altercampagne.net\/index.php?rest_route=%2Fwp%2Fv2%2Fcategories&post=6585"},{"taxonomy":"post_tag","embeddable":true,"href":"https:\/\/www.altercampagne.net\/index.php?rest_route=%2Fwp%2Fv2%2Ftags&post=6585"}],"curies":[{"name":"wp","href":"https:\/\/api.w.org\/{rel}","templated":true}]}}