{"id":6587,"date":"2015-06-24T11:40:55","date_gmt":"2015-06-24T09:40:55","guid":{"rendered":"http:\/\/www.altercampagne.net\/?p=6587"},"modified":"2020-02-24T15:18:25","modified_gmt":"2020-02-24T14:18:25","slug":"releve-de-decision-de-la-reunion-des-20-et-21-juin-2015","status":"publish","type":"post","link":"https:\/\/www.altercampagne.net\/?p=6587","title":{"rendered":"Relev\u00e9 de d\u00e9cision de la r\u00e9union des 20 et 21 juin 2015"},"content":{"rendered":"<p>Changement de l&rsquo;assurance v\u00e9hicule des v\u00e9hicules<\/p>\n<p>V\u00e9hicules: Si plus d\u2019enfants veulent monter (que le nombre de si\u00e8ges enfants disponible) c\u2019est dans ce cas la responsabilit\u00e9 des parents qui prennent alors le volant.<\/p>\n<p>Le Before-Preparation commence le 16.07 \u00e0 14h au camping de Bar-le-Duc, les camions seront arriv\u00e9s avant (Guillaume, Julien et Mathieu) &#8211;<br \/>\nCourses seront faite sur le trajet (Lons-le-Saunier ou Dijon). Une commande sera pass\u00e9e dans le magasin bio choisit<\/p>\n<p>Choix des coupes et couleurs T-shirts, et sur implantation logo etc.<\/p>\n<p>3500 flyers mill\u00e9sim\u00e9s \u00e0 remettre \u00e0 l\u2019impression<\/p>\n<p>Texte de Guillaume sur Altercampagne valid\u00e9, mais volont\u00e9 d\u2019expliquer la notion de dopage. Que les personnes impliqu\u00e9es dans l\u2019orga puissent se l\u2019approprier et l\u2019expliquer<\/p>\n<p>Pour cette ann\u00e9e : maintien du seuil de 55 participants par jour, mais les organisateurs qui le souhaitent peuvent valider un d\u00e9passement jusqu\u2019\u00e0 70 participant-e-s avec les accueillante-s. En plus des weekend et de la convergence avec Alternatiba.<\/p>\n<p>Prochaines dates de r\u00e9union :<br \/>\n&#8211; 26\/27 septembre \u00e0 Paris : pl\u00e9ni\u00e8re<br \/>\n&#8211; 17\/18 octobre : weekend r\u00e9flexion avenir association<br \/>\n&#8211; 14 \/15 novembre : AG + 3e pl\u00e9ni\u00e8re \u00e0 Bagnolet \u00e0 la conf\u2019,<br \/>\n&#8211; D\u00e9cembre : 5 \/ 6 ou 12 \/ 13 d\u00e9cembre<\/p>\n<p>R\u00e9duction de l\u2019impact climatique pendant l\u2019AT : se concentrer sur le poids des bagages (encourager une limitation \u00e0 12 kg\/pers dans le mail aux participants) et sur la nourriture en informant des \u00e9qu.CO2 contenus dans les principaux produits de consommation courants<\/p>\n","protected":false},"excerpt":{"rendered":"<p>Changement de l&rsquo;assurance v\u00e9hicule des v\u00e9hicules V\u00e9hicules: Si plus d\u2019enfants veulent monter (que le nombre de si\u00e8ges enfants disponible) c\u2019est dans ce cas la responsabilit\u00e9 des parents qui prennent alors le volant. Le Before-Preparation commence le 16.07 \u00e0 14h au camping de Bar-le-Duc, les camions seront arriv\u00e9s avant (Guillaume, Julien &#8230; <\/p>\n<div><a href=\"https:\/\/www.altercampagne.net\/?p=6587\" class=\"more-link\">Read More<\/a><\/div>\n","protected":false},"author":214,"featured_media":0,"comment_status":"closed","ping_status":"closed","sticky":false,"template":"","format":"standard","meta":{"footnotes":""},"categories":[3539],"tags":[192,434,476,2831,2845],"class_list":["post-6587","post","type-post","status-publish","format-standard","hentry","category-we-de-preparation","tag-altertour-2015","tag-pleniere","tag-reunion","tag-releve-de-decision","tag-juin-2015","no-post-thumbnail"],"yoast_head":"<!-- This site is optimized with the Yoast SEO plugin v27.3 - https:\/\/yoast.com\/product\/yoast-seo-wordpress\/ -->\n<title>Relev\u00e9 de d\u00e9cision de la r\u00e9union des 20 et 21 juin 2015 - AlterTour<\/title>\n<meta name=\"robots\" content=\"index, follow, max-snippet:-1, max-image-preview:large, max-video-preview:-1\" \/>\n<link rel=\"canonical\" href=\"https:\/\/www.altercampagne.net\/?p=6587\" \/>\n<meta property=\"og:locale\" content=\"fr_FR\" \/>\n<meta property=\"og:type\" content=\"article\" \/>\n<meta property=\"og:title\" content=\"Relev\u00e9 de d\u00e9cision de la r\u00e9union des 20 et 21 juin 2015 - AlterTour\" \/>\n<meta property=\"og:description\" content=\"Changement de l&rsquo;assurance v\u00e9hicule des v\u00e9hicules V\u00e9hicules: Si plus d\u2019enfants veulent monter (que le nombre de si\u00e8ges enfants disponible) c\u2019est dans ce cas la responsabilit\u00e9 des parents qui prennent alors le volant. Le Before-Preparation commence le 16.07 \u00e0 14h au camping de Bar-le-Duc, les camions seront arriv\u00e9s avant (Guillaume, Julien ... Read More\" \/>\n<meta property=\"og:url\" content=\"https:\/\/www.altercampagne.net\/?p=6587\" \/>\n<meta property=\"og:site_name\" content=\"AlterTour\" \/>\n<meta property=\"article:published_time\" content=\"2015-06-24T09:40:55+00:00\" \/>\n<meta property=\"article:modified_time\" content=\"2020-02-24T14:18:25+00:00\" \/>\n<meta name=\"author\" content=\"Mathieu\" \/>\n<meta name=\"twitter:card\" content=\"summary_large_image\" \/>\n<meta name=\"twitter:label1\" content=\"\u00c9crit par\" \/>\n\t<meta name=\"twitter:data1\" content=\"Mathieu\" \/>\n\t<meta name=\"twitter:label2\" content=\"Dur\u00e9e de lecture estim\u00e9e\" \/>\n\t<meta name=\"twitter:data2\" content=\"1 minute\" \/>\n<script type=\"application\/ld+json\" class=\"yoast-schema-graph\">{\"@context\":\"https:\\\/\\\/schema.org\",\"@graph\":[{\"@type\":\"Article\",\"@id\":\"https:\\\/\\\/www.altercampagne.net\\\/?p=6587#article\",\"isPartOf\":{\"@id\":\"https:\\\/\\\/www.altercampagne.net\\\/?p=6587\"},\"author\":{\"name\":\"Mathieu\",\"@id\":\"https:\\\/\\\/www.altercampagne.net\\\/#\\\/schema\\\/person\\\/0f261460c09e430caa0f9bcffa319109\"},\"headline\":\"Relev\u00e9 de d\u00e9cision de la r\u00e9union des 20 et 21 juin 2015\",\"datePublished\":\"2015-06-24T09:40:55+00:00\",\"dateModified\":\"2020-02-24T14:18:25+00:00\",\"mainEntityOfPage\":{\"@id\":\"https:\\\/\\\/www.altercampagne.net\\\/?p=6587\"},\"wordCount\":250,\"keywords\":[\"AlterTour 2015\",\"pl\u00e9ni\u00e8re\",\"r\u00e9union\",\"relev\u00e9 de d\u00e9cision\",\"juin 2015\"],\"articleSection\":[\"WE de pr\u00e9paration\"],\"inLanguage\":\"fr-FR\"},{\"@type\":\"WebPage\",\"@id\":\"https:\\\/\\\/www.altercampagne.net\\\/?p=6587\",\"url\":\"https:\\\/\\\/www.altercampagne.net\\\/?p=6587\",\"name\":\"Relev\u00e9 de d\u00e9cision de la r\u00e9union des 20 et 21 juin 2015 - AlterTour\",\"isPartOf\":{\"@id\":\"https:\\\/\\\/www.altercampagne.net\\\/#website\"},\"datePublished\":\"2015-06-24T09:40:55+00:00\",\"dateModified\":\"2020-02-24T14:18:25+00:00\",\"author\":{\"@id\":\"https:\\\/\\\/www.altercampagne.net\\\/#\\\/schema\\\/person\\\/0f261460c09e430caa0f9bcffa319109\"},\"breadcrumb\":{\"@id\":\"https:\\\/\\\/www.altercampagne.net\\\/?p=6587#breadcrumb\"},\"inLanguage\":\"fr-FR\",\"potentialAction\":[{\"@type\":\"ReadAction\",\"target\":[\"https:\\\/\\\/www.altercampagne.net\\\/?p=6587\"]}]},{\"@type\":\"BreadcrumbList\",\"@id\":\"https:\\\/\\\/www.altercampagne.net\\\/?p=6587#breadcrumb\",\"itemListElement\":[{\"@type\":\"ListItem\",\"position\":1,\"name\":\"Accueil\",\"item\":\"https:\\\/\\\/www.altercampagne.net\\\/\"},{\"@type\":\"ListItem\",\"position\":2,\"name\":\"Relev\u00e9 de d\u00e9cision de la r\u00e9union des 20 et 21 juin 2015\"}]},{\"@type\":\"WebSite\",\"@id\":\"https:\\\/\\\/www.altercampagne.net\\\/#website\",\"url\":\"https:\\\/\\\/www.altercampagne.net\\\/\",\"name\":\"AlterTour\",\"description\":\"Reliez les Alternatives \u00e0 v\u00e9lo\",\"potentialAction\":[{\"@type\":\"SearchAction\",\"target\":{\"@type\":\"EntryPoint\",\"urlTemplate\":\"https:\\\/\\\/www.altercampagne.net\\\/?s={search_term_string}\"},\"query-input\":{\"@type\":\"PropertyValueSpecification\",\"valueRequired\":true,\"valueName\":\"search_term_string\"}}],\"inLanguage\":\"fr-FR\"},{\"@type\":\"Person\",\"@id\":\"https:\\\/\\\/www.altercampagne.net\\\/#\\\/schema\\\/person\\\/0f261460c09e430caa0f9bcffa319109\",\"name\":\"Mathieu\",\"image\":{\"@type\":\"ImageObject\",\"inLanguage\":\"fr-FR\",\"@id\":\"https:\\\/\\\/secure.gravatar.com\\\/avatar\\\/aa9d3d24c83f2141e5e2709d0f63d09a99f6be6bb7a50abc4915838d9f54501a?s=96&d=mm&r=g\",\"url\":\"https:\\\/\\\/secure.gravatar.com\\\/avatar\\\/aa9d3d24c83f2141e5e2709d0f63d09a99f6be6bb7a50abc4915838d9f54501a?s=96&d=mm&r=g\",\"contentUrl\":\"https:\\\/\\\/secure.gravatar.com\\\/avatar\\\/aa9d3d24c83f2141e5e2709d0f63d09a99f6be6bb7a50abc4915838d9f54501a?s=96&d=mm&r=g\",\"caption\":\"Mathieu\"},\"url\":\"https:\\\/\\\/www.altercampagne.net\\\/?author=214\"}]}<\/script>\n<!-- \/ Yoast SEO plugin. -->","yoast_head_json":{"title":"Relev\u00e9 de d\u00e9cision de la r\u00e9union des 20 et 21 juin 2015 - AlterTour","robots":{"index":"index","follow":"follow","max-snippet":"max-snippet:-1","max-image-preview":"max-image-preview:large","max-video-preview":"max-video-preview:-1"},"canonical":"https:\/\/www.altercampagne.net\/?p=6587","og_locale":"fr_FR","og_type":"article","og_title":"Relev\u00e9 de d\u00e9cision de la r\u00e9union des 20 et 21 juin 2015 - AlterTour","og_description":"Changement de l&rsquo;assurance v\u00e9hicule des v\u00e9hicules V\u00e9hicules: Si plus d\u2019enfants veulent monter (que le nombre de si\u00e8ges enfants disponible) c\u2019est dans ce cas la responsabilit\u00e9 des parents qui prennent alors le volant. Le Before-Preparation commence le 16.07 \u00e0 14h au camping de Bar-le-Duc, les camions seront arriv\u00e9s avant (Guillaume, Julien ... Read More","og_url":"https:\/\/www.altercampagne.net\/?p=6587","og_site_name":"AlterTour","article_published_time":"2015-06-24T09:40:55+00:00","article_modified_time":"2020-02-24T14:18:25+00:00","author":"Mathieu","twitter_card":"summary_large_image","twitter_misc":{"\u00c9crit par":"Mathieu","Dur\u00e9e de lecture estim\u00e9e":"1 minute"},"schema":{"@context":"https:\/\/schema.org","@graph":[{"@type":"Article","@id":"https:\/\/www.altercampagne.net\/?p=6587#article","isPartOf":{"@id":"https:\/\/www.altercampagne.net\/?p=6587"},"author":{"name":"Mathieu","@id":"https:\/\/www.altercampagne.net\/#\/schema\/person\/0f261460c09e430caa0f9bcffa319109"},"headline":"Relev\u00e9 de d\u00e9cision de la r\u00e9union des 20 et 21 juin 2015","datePublished":"2015-06-24T09:40:55+00:00","dateModified":"2020-02-24T14:18:25+00:00","mainEntityOfPage":{"@id":"https:\/\/www.altercampagne.net\/?p=6587"},"wordCount":250,"keywords":["AlterTour 2015","pl\u00e9ni\u00e8re","r\u00e9union","relev\u00e9 de d\u00e9cision","juin 2015"],"articleSection":["WE de pr\u00e9paration"],"inLanguage":"fr-FR"},{"@type":"WebPage","@id":"https:\/\/www.altercampagne.net\/?p=6587","url":"https:\/\/www.altercampagne.net\/?p=6587","name":"Relev\u00e9 de d\u00e9cision de la r\u00e9union des 20 et 21 juin 2015 - AlterTour","isPartOf":{"@id":"https:\/\/www.altercampagne.net\/#website"},"datePublished":"2015-06-24T09:40:55+00:00","dateModified":"2020-02-24T14:18:25+00:00","author":{"@id":"https:\/\/www.altercampagne.net\/#\/schema\/person\/0f261460c09e430caa0f9bcffa319109"},"breadcrumb":{"@id":"https:\/\/www.altercampagne.net\/?p=6587#breadcrumb"},"inLanguage":"fr-FR","potentialAction":[{"@type":"ReadAction","target":["https:\/\/www.altercampagne.net\/?p=6587"]}]},{"@type":"BreadcrumbList","@id":"https:\/\/www.altercampagne.net\/?p=6587#breadcrumb","itemListElement":[{"@type":"ListItem","position":1,"name":"Accueil","item":"https:\/\/www.altercampagne.net\/"},{"@type":"ListItem","position":2,"name":"Relev\u00e9 de d\u00e9cision de la r\u00e9union des 20 et 21 juin 2015"}]},{"@type":"WebSite","@id":"https:\/\/www.altercampagne.net\/#website","url":"https:\/\/www.altercampagne.net\/","name":"AlterTour","description":"Reliez les Alternatives \u00e0 v\u00e9lo","potentialAction":[{"@type":"SearchAction","target":{"@type":"EntryPoint","urlTemplate":"https:\/\/www.altercampagne.net\/?s={search_term_string}"},"query-input":{"@type":"PropertyValueSpecification","valueRequired":true,"valueName":"search_term_string"}}],"inLanguage":"fr-FR"},{"@type":"Person","@id":"https:\/\/www.altercampagne.net\/#\/schema\/person\/0f261460c09e430caa0f9bcffa319109","name":"Mathieu","image":{"@type":"ImageObject","inLanguage":"fr-FR","@id":"https:\/\/secure.gravatar.com\/avatar\/aa9d3d24c83f2141e5e2709d0f63d09a99f6be6bb7a50abc4915838d9f54501a?s=96&d=mm&r=g","url":"https:\/\/secure.gravatar.com\/avatar\/aa9d3d24c83f2141e5e2709d0f63d09a99f6be6bb7a50abc4915838d9f54501a?s=96&d=mm&r=g","contentUrl":"https:\/\/secure.gravatar.com\/avatar\/aa9d3d24c83f2141e5e2709d0f63d09a99f6be6bb7a50abc4915838d9f54501a?s=96&d=mm&r=g","caption":"Mathieu"},"url":"https:\/\/www.altercampagne.net\/?author=214"}]}},"_links":{"self":[{"href":"https:\/\/www.altercampagne.net\/index.php?rest_route=\/wp\/v2\/posts\/6587","targetHints":{"allow":["GET"]}}],"collection":[{"href":"https:\/\/www.altercampagne.net\/index.php?rest_route=\/wp\/v2\/posts"}],"about":[{"href":"https:\/\/www.altercampagne.net\/index.php?rest_route=\/wp\/v2\/types\/post"}],"author":[{"embeddable":true,"href":"https:\/\/www.altercampagne.net\/index.php?rest_route=\/wp\/v2\/users\/214"}],"replies":[{"embeddable":true,"href":"https:\/\/www.altercampagne.net\/index.php?rest_route=%2Fwp%2Fv2%2Fcomments&post=6587"}],"version-history":[{"count":1,"href":"https:\/\/www.altercampagne.net\/index.php?rest_route=\/wp\/v2\/posts\/6587\/revisions"}],"predecessor-version":[{"id":17354,"href":"https:\/\/www.altercampagne.net\/index.php?rest_route=\/wp\/v2\/posts\/6587\/revisions\/17354"}],"wp:attachment":[{"href":"https:\/\/www.altercampagne.net\/index.php?rest_route=%2Fwp%2Fv2%2Fmedia&parent=6587"}],"wp:term":[{"taxonomy":"category","embeddable":true,"href":"https:\/\/www.altercampagne.net\/index.php?rest_route=%2Fwp%2Fv2%2Fcategories&post=6587"},{"taxonomy":"post_tag","embeddable":true,"href":"https:\/\/www.altercampagne.net\/index.php?rest_route=%2Fwp%2Fv2%2Ftags&post=6587"}],"curies":[{"name":"wp","href":"https:\/\/api.w.org\/{rel}","templated":true}]}}