{"id":660,"date":"2014-07-30T15:52:11","date_gmt":"2014-07-30T13:52:11","guid":{"rendered":"http:\/\/www.altercampagne.net\/?p=660"},"modified":"2019-09-16T11:21:34","modified_gmt":"2019-09-16T09:21:34","slug":"660","status":"publish","type":"post","link":"https:\/\/www.altercampagne.net\/?p=660","title":{"rendered":"Arriv\u00e9e d&rsquo;une petite famille sur l&rsquo;AlterTour"},"content":{"rendered":"<p class=\"Style271 Style138 Style152\" align=\"justify\">Un train qui arrive en retard d\u2019une heure en gare de Clermont-Ferrand. Les altercyclistes ont attendu et nous accueillent : Garance, dix ans, Nathana\u00ebl six ans et Rafa\u00ebl leur papa de 43. La balade collective en banlieue de Clermont en devient joyeuse.<\/p>\n<p class=\"Style271 Style138 Style152\" align=\"justify\">Au matin, se faire r\u00e9veiller \u00e0 6h30 par la bonne humeur d\u2019une flute enchanteresse qui r\u00e9ussit \u00e0 chasser la pluie.<\/p>\n<p class=\"Style271 Style138 Style152\" align=\"justify\">Retrouver des ch\u00f4meurs actifs qui font converger lutte sociale et \u00e9cologie. Enfourcher les bicyclettes pour une c\u00f4te harassante ; Garance et Nathana\u00ebl heureux d\u2019y \u00e9chapper dans le minibus.<\/p>\n<p class=\"Style271 Style138 Style152\" align=\"justify\">A notre arriv\u00e9e le d\u00e9licieux ragout de l\u00e9gumes est d\u00e9j\u00e0 pr\u00eat. Une mini sieste et je retrouve Nathana\u00ebl ravi de p\u00e9daler en solitaire, lib\u00e9r\u00e9 du syst\u00e8me qui relie son v\u00e9lo au mien ; Garance trouvant son autonomie au sein du groupe.<\/p>\n<p class=\"Style271 Style138 Style152\" align=\"justify\">De la fatigue et la rencontre avec les artisans de Tralalart m\u2019\u00e9chappe quelque peu : sentiment que nous avons tous envie et besoin de nous \u00e9panouir manuellement et intellectuellement.<\/p>\n<p class=\"Style271 Style138 Style152\" align=\"justify\">Retour \u00e0 v\u00e9lo dans la nuit sans Garance et Nathana\u00ebl qui ont encore profit\u00e9 de la f\u00e9e p\u00e9trole. A mon retour Candice les a aid\u00e9 \u00e0 se coucher. Nous en sommes \u00e0 la 625e nuit de la longue s\u00e9rie de conte que je leur lis quand l\u2019aube chasse la nuit et que la clarinette remplace la flute.<\/p>\n<p class=\"Style271 Style138 Style152\" align=\"right\"><strong>Rafa\u00ebl n\u00e9o altercycliste<\/strong><\/p>\n","protected":false},"excerpt":{"rendered":"<p>Un train qui arrive en retard d\u2019une heure en gare de Clermont-Ferrand. Les altercyclistes ont attendu et nous accueillent : Garance, dix ans, Nathana\u00ebl six ans et Rafa\u00ebl leur papa de 43. La balade collective en banlieue de Clermont en devient joyeuse. Au matin, se faire r\u00e9veiller \u00e0 6h30 par &#8230; <\/p>\n<div><a href=\"https:\/\/www.altercampagne.net\/?p=660\" class=\"more-link\">Read More<\/a><\/div>\n","protected":false},"author":214,"featured_media":15672,"comment_status":"closed","ping_status":"closed","sticky":false,"template":"","format":"standard","meta":{"footnotes":""},"categories":[3471,3461],"tags":[122,123,124,319],"class_list":["post-660","post","type-post","status-publish","format-standard","has-post-thumbnail","hentry","category-auvergne-rhone-alpes","category-edition-2014","tag-famille","tag-clermont-ferrand","tag-tralalart","tag-altertour-2014"],"yoast_head":"<!-- This site is optimized with the Yoast SEO plugin v27.3 - https:\/\/yoast.com\/product\/yoast-seo-wordpress\/ -->\n<title>Arriv\u00e9e d&#039;une petite famille sur l&#039;AlterTour - AlterTour<\/title>\n<meta name=\"robots\" content=\"index, follow, max-snippet:-1, max-image-preview:large, max-video-preview:-1\" \/>\n<link rel=\"canonical\" href=\"https:\/\/www.altercampagne.net\/?p=660\" \/>\n<meta property=\"og:locale\" content=\"fr_FR\" \/>\n<meta property=\"og:type\" content=\"article\" \/>\n<meta property=\"og:title\" content=\"Arriv\u00e9e d&#039;une petite famille sur l&#039;AlterTour - AlterTour\" \/>\n<meta property=\"og:description\" content=\"Un train qui arrive en retard d\u2019une heure en gare de Clermont-Ferrand. Les altercyclistes ont attendu et nous accueillent : Garance, dix ans, Nathana\u00ebl six ans et Rafa\u00ebl leur papa de 43. La balade collective en banlieue de Clermont en devient joyeuse. Au matin, se faire r\u00e9veiller \u00e0 6h30 par ... Read More\" \/>\n<meta property=\"og:url\" content=\"https:\/\/www.altercampagne.net\/?p=660\" \/>\n<meta property=\"og:site_name\" content=\"AlterTour\" \/>\n<meta property=\"article:published_time\" content=\"2014-07-30T13:52:11+00:00\" \/>\n<meta property=\"article:modified_time\" content=\"2019-09-16T09:21:34+00:00\" \/>\n<meta property=\"og:image\" content=\"https:\/\/www.altercampagne.net\/wp-content\/uploads\/2014\/07\/2014-07-30_15.16.jpg\" \/>\n\t<meta property=\"og:image:width\" content=\"907\" \/>\n\t<meta property=\"og:image:height\" content=\"474\" \/>\n\t<meta property=\"og:image:type\" content=\"image\/jpeg\" \/>\n<meta name=\"author\" content=\"Mathieu\" \/>\n<meta name=\"twitter:card\" content=\"summary_large_image\" \/>\n<meta name=\"twitter:label1\" content=\"\u00c9crit par\" \/>\n\t<meta name=\"twitter:data1\" content=\"Mathieu\" \/>\n\t<meta name=\"twitter:label2\" content=\"Dur\u00e9e de lecture estim\u00e9e\" \/>\n\t<meta name=\"twitter:data2\" content=\"1 minute\" \/>\n<script type=\"application\/ld+json\" class=\"yoast-schema-graph\">{\"@context\":\"https:\\\/\\\/schema.org\",\"@graph\":[{\"@type\":\"Article\",\"@id\":\"https:\\\/\\\/www.altercampagne.net\\\/?p=660#article\",\"isPartOf\":{\"@id\":\"https:\\\/\\\/www.altercampagne.net\\\/?p=660\"},\"author\":{\"name\":\"Mathieu\",\"@id\":\"https:\\\/\\\/www.altercampagne.net\\\/#\\\/schema\\\/person\\\/0f261460c09e430caa0f9bcffa319109\"},\"headline\":\"Arriv\u00e9e d&rsquo;une petite famille sur l&rsquo;AlterTour\",\"datePublished\":\"2014-07-30T13:52:11+00:00\",\"dateModified\":\"2019-09-16T09:21:34+00:00\",\"mainEntityOfPage\":{\"@id\":\"https:\\\/\\\/www.altercampagne.net\\\/?p=660\"},\"wordCount\":248,\"image\":{\"@id\":\"https:\\\/\\\/www.altercampagne.net\\\/?p=660#primaryimage\"},\"thumbnailUrl\":\"https:\\\/\\\/www.altercampagne.net\\\/wp-content\\\/uploads\\\/2014\\\/07\\\/2014-07-30_15.16.jpg\",\"keywords\":[\"famille\",\"Clermont-Ferrand\",\"Tralalart\",\"altertour 2014\"],\"articleSection\":[\"Auvergne-Rh\u00f4ne-Alpes\",\"\u00c9dition 2014\"],\"inLanguage\":\"fr-FR\"},{\"@type\":\"WebPage\",\"@id\":\"https:\\\/\\\/www.altercampagne.net\\\/?p=660\",\"url\":\"https:\\\/\\\/www.altercampagne.net\\\/?p=660\",\"name\":\"Arriv\u00e9e d'une petite famille sur l'AlterTour - AlterTour\",\"isPartOf\":{\"@id\":\"https:\\\/\\\/www.altercampagne.net\\\/#website\"},\"primaryImageOfPage\":{\"@id\":\"https:\\\/\\\/www.altercampagne.net\\\/?p=660#primaryimage\"},\"image\":{\"@id\":\"https:\\\/\\\/www.altercampagne.net\\\/?p=660#primaryimage\"},\"thumbnailUrl\":\"https:\\\/\\\/www.altercampagne.net\\\/wp-content\\\/uploads\\\/2014\\\/07\\\/2014-07-30_15.16.jpg\",\"datePublished\":\"2014-07-30T13:52:11+00:00\",\"dateModified\":\"2019-09-16T09:21:34+00:00\",\"author\":{\"@id\":\"https:\\\/\\\/www.altercampagne.net\\\/#\\\/schema\\\/person\\\/0f261460c09e430caa0f9bcffa319109\"},\"breadcrumb\":{\"@id\":\"https:\\\/\\\/www.altercampagne.net\\\/?p=660#breadcrumb\"},\"inLanguage\":\"fr-FR\",\"potentialAction\":[{\"@type\":\"ReadAction\",\"target\":[\"https:\\\/\\\/www.altercampagne.net\\\/?p=660\"]}]},{\"@type\":\"ImageObject\",\"inLanguage\":\"fr-FR\",\"@id\":\"https:\\\/\\\/www.altercampagne.net\\\/?p=660#primaryimage\",\"url\":\"https:\\\/\\\/www.altercampagne.net\\\/wp-content\\\/uploads\\\/2014\\\/07\\\/2014-07-30_15.16.jpg\",\"contentUrl\":\"https:\\\/\\\/www.altercampagne.net\\\/wp-content\\\/uploads\\\/2014\\\/07\\\/2014-07-30_15.16.jpg\",\"width\":907,\"height\":474},{\"@type\":\"BreadcrumbList\",\"@id\":\"https:\\\/\\\/www.altercampagne.net\\\/?p=660#breadcrumb\",\"itemListElement\":[{\"@type\":\"ListItem\",\"position\":1,\"name\":\"Accueil\",\"item\":\"https:\\\/\\\/www.altercampagne.net\\\/\"},{\"@type\":\"ListItem\",\"position\":2,\"name\":\"Arriv\u00e9e d&rsquo;une petite famille sur l&rsquo;AlterTour\"}]},{\"@type\":\"WebSite\",\"@id\":\"https:\\\/\\\/www.altercampagne.net\\\/#website\",\"url\":\"https:\\\/\\\/www.altercampagne.net\\\/\",\"name\":\"AlterTour\",\"description\":\"Reliez les Alternatives \u00e0 v\u00e9lo\",\"potentialAction\":[{\"@type\":\"SearchAction\",\"target\":{\"@type\":\"EntryPoint\",\"urlTemplate\":\"https:\\\/\\\/www.altercampagne.net\\\/?s={search_term_string}\"},\"query-input\":{\"@type\":\"PropertyValueSpecification\",\"valueRequired\":true,\"valueName\":\"search_term_string\"}}],\"inLanguage\":\"fr-FR\"},{\"@type\":\"Person\",\"@id\":\"https:\\\/\\\/www.altercampagne.net\\\/#\\\/schema\\\/person\\\/0f261460c09e430caa0f9bcffa319109\",\"name\":\"Mathieu\",\"image\":{\"@type\":\"ImageObject\",\"inLanguage\":\"fr-FR\",\"@id\":\"https:\\\/\\\/secure.gravatar.com\\\/avatar\\\/aa9d3d24c83f2141e5e2709d0f63d09a99f6be6bb7a50abc4915838d9f54501a?s=96&d=mm&r=g\",\"url\":\"https:\\\/\\\/secure.gravatar.com\\\/avatar\\\/aa9d3d24c83f2141e5e2709d0f63d09a99f6be6bb7a50abc4915838d9f54501a?s=96&d=mm&r=g\",\"contentUrl\":\"https:\\\/\\\/secure.gravatar.com\\\/avatar\\\/aa9d3d24c83f2141e5e2709d0f63d09a99f6be6bb7a50abc4915838d9f54501a?s=96&d=mm&r=g\",\"caption\":\"Mathieu\"},\"url\":\"https:\\\/\\\/www.altercampagne.net\\\/?author=214\"}]}<\/script>\n<!-- \/ Yoast SEO plugin. -->","yoast_head_json":{"title":"Arriv\u00e9e d'une petite famille sur l'AlterTour - AlterTour","robots":{"index":"index","follow":"follow","max-snippet":"max-snippet:-1","max-image-preview":"max-image-preview:large","max-video-preview":"max-video-preview:-1"},"canonical":"https:\/\/www.altercampagne.net\/?p=660","og_locale":"fr_FR","og_type":"article","og_title":"Arriv\u00e9e d'une petite famille sur l'AlterTour - AlterTour","og_description":"Un train qui arrive en retard d\u2019une heure en gare de Clermont-Ferrand. Les altercyclistes ont attendu et nous accueillent : Garance, dix ans, Nathana\u00ebl six ans et Rafa\u00ebl leur papa de 43. La balade collective en banlieue de Clermont en devient joyeuse. Au matin, se faire r\u00e9veiller \u00e0 6h30 par ... Read More","og_url":"https:\/\/www.altercampagne.net\/?p=660","og_site_name":"AlterTour","article_published_time":"2014-07-30T13:52:11+00:00","article_modified_time":"2019-09-16T09:21:34+00:00","og_image":[{"width":907,"height":474,"url":"https:\/\/www.altercampagne.net\/wp-content\/uploads\/2014\/07\/2014-07-30_15.16.jpg","type":"image\/jpeg"}],"author":"Mathieu","twitter_card":"summary_large_image","twitter_misc":{"\u00c9crit par":"Mathieu","Dur\u00e9e de lecture estim\u00e9e":"1 minute"},"schema":{"@context":"https:\/\/schema.org","@graph":[{"@type":"Article","@id":"https:\/\/www.altercampagne.net\/?p=660#article","isPartOf":{"@id":"https:\/\/www.altercampagne.net\/?p=660"},"author":{"name":"Mathieu","@id":"https:\/\/www.altercampagne.net\/#\/schema\/person\/0f261460c09e430caa0f9bcffa319109"},"headline":"Arriv\u00e9e d&rsquo;une petite famille sur l&rsquo;AlterTour","datePublished":"2014-07-30T13:52:11+00:00","dateModified":"2019-09-16T09:21:34+00:00","mainEntityOfPage":{"@id":"https:\/\/www.altercampagne.net\/?p=660"},"wordCount":248,"image":{"@id":"https:\/\/www.altercampagne.net\/?p=660#primaryimage"},"thumbnailUrl":"https:\/\/www.altercampagne.net\/wp-content\/uploads\/2014\/07\/2014-07-30_15.16.jpg","keywords":["famille","Clermont-Ferrand","Tralalart","altertour 2014"],"articleSection":["Auvergne-Rh\u00f4ne-Alpes","\u00c9dition 2014"],"inLanguage":"fr-FR"},{"@type":"WebPage","@id":"https:\/\/www.altercampagne.net\/?p=660","url":"https:\/\/www.altercampagne.net\/?p=660","name":"Arriv\u00e9e d'une petite famille sur l'AlterTour - AlterTour","isPartOf":{"@id":"https:\/\/www.altercampagne.net\/#website"},"primaryImageOfPage":{"@id":"https:\/\/www.altercampagne.net\/?p=660#primaryimage"},"image":{"@id":"https:\/\/www.altercampagne.net\/?p=660#primaryimage"},"thumbnailUrl":"https:\/\/www.altercampagne.net\/wp-content\/uploads\/2014\/07\/2014-07-30_15.16.jpg","datePublished":"2014-07-30T13:52:11+00:00","dateModified":"2019-09-16T09:21:34+00:00","author":{"@id":"https:\/\/www.altercampagne.net\/#\/schema\/person\/0f261460c09e430caa0f9bcffa319109"},"breadcrumb":{"@id":"https:\/\/www.altercampagne.net\/?p=660#breadcrumb"},"inLanguage":"fr-FR","potentialAction":[{"@type":"ReadAction","target":["https:\/\/www.altercampagne.net\/?p=660"]}]},{"@type":"ImageObject","inLanguage":"fr-FR","@id":"https:\/\/www.altercampagne.net\/?p=660#primaryimage","url":"https:\/\/www.altercampagne.net\/wp-content\/uploads\/2014\/07\/2014-07-30_15.16.jpg","contentUrl":"https:\/\/www.altercampagne.net\/wp-content\/uploads\/2014\/07\/2014-07-30_15.16.jpg","width":907,"height":474},{"@type":"BreadcrumbList","@id":"https:\/\/www.altercampagne.net\/?p=660#breadcrumb","itemListElement":[{"@type":"ListItem","position":1,"name":"Accueil","item":"https:\/\/www.altercampagne.net\/"},{"@type":"ListItem","position":2,"name":"Arriv\u00e9e d&rsquo;une petite famille sur l&rsquo;AlterTour"}]},{"@type":"WebSite","@id":"https:\/\/www.altercampagne.net\/#website","url":"https:\/\/www.altercampagne.net\/","name":"AlterTour","description":"Reliez les Alternatives \u00e0 v\u00e9lo","potentialAction":[{"@type":"SearchAction","target":{"@type":"EntryPoint","urlTemplate":"https:\/\/www.altercampagne.net\/?s={search_term_string}"},"query-input":{"@type":"PropertyValueSpecification","valueRequired":true,"valueName":"search_term_string"}}],"inLanguage":"fr-FR"},{"@type":"Person","@id":"https:\/\/www.altercampagne.net\/#\/schema\/person\/0f261460c09e430caa0f9bcffa319109","name":"Mathieu","image":{"@type":"ImageObject","inLanguage":"fr-FR","@id":"https:\/\/secure.gravatar.com\/avatar\/aa9d3d24c83f2141e5e2709d0f63d09a99f6be6bb7a50abc4915838d9f54501a?s=96&d=mm&r=g","url":"https:\/\/secure.gravatar.com\/avatar\/aa9d3d24c83f2141e5e2709d0f63d09a99f6be6bb7a50abc4915838d9f54501a?s=96&d=mm&r=g","contentUrl":"https:\/\/secure.gravatar.com\/avatar\/aa9d3d24c83f2141e5e2709d0f63d09a99f6be6bb7a50abc4915838d9f54501a?s=96&d=mm&r=g","caption":"Mathieu"},"url":"https:\/\/www.altercampagne.net\/?author=214"}]}},"_links":{"self":[{"href":"https:\/\/www.altercampagne.net\/index.php?rest_route=\/wp\/v2\/posts\/660","targetHints":{"allow":["GET"]}}],"collection":[{"href":"https:\/\/www.altercampagne.net\/index.php?rest_route=\/wp\/v2\/posts"}],"about":[{"href":"https:\/\/www.altercampagne.net\/index.php?rest_route=\/wp\/v2\/types\/post"}],"author":[{"embeddable":true,"href":"https:\/\/www.altercampagne.net\/index.php?rest_route=\/wp\/v2\/users\/214"}],"replies":[{"embeddable":true,"href":"https:\/\/www.altercampagne.net\/index.php?rest_route=%2Fwp%2Fv2%2Fcomments&post=660"}],"version-history":[{"count":0,"href":"https:\/\/www.altercampagne.net\/index.php?rest_route=\/wp\/v2\/posts\/660\/revisions"}],"wp:featuredmedia":[{"embeddable":true,"href":"https:\/\/www.altercampagne.net\/index.php?rest_route=\/wp\/v2\/media\/15672"}],"wp:attachment":[{"href":"https:\/\/www.altercampagne.net\/index.php?rest_route=%2Fwp%2Fv2%2Fmedia&parent=660"}],"wp:term":[{"taxonomy":"category","embeddable":true,"href":"https:\/\/www.altercampagne.net\/index.php?rest_route=%2Fwp%2Fv2%2Fcategories&post=660"},{"taxonomy":"post_tag","embeddable":true,"href":"https:\/\/www.altercampagne.net\/index.php?rest_route=%2Fwp%2Fv2%2Ftags&post=660"}],"curies":[{"name":"wp","href":"https:\/\/api.w.org\/{rel}","templated":true}]}}