{"id":6609,"date":"2017-01-09T10:51:47","date_gmt":"2017-01-09T09:51:47","guid":{"rendered":"http:\/\/www.altercampagne.net\/?p=6609"},"modified":"2020-02-24T14:59:06","modified_gmt":"2020-02-24T13:59:06","slug":"parcours-previsionnel-de-laltertour-2017-2","status":"publish","type":"post","link":"https:\/\/www.altercampagne.net\/?p=6609","title":{"rendered":"Parcours pr\u00e9visionnel de l&rsquo;AlterTour 2017"},"content":{"rendered":"<p>L&rsquo;AlterTour 2017 partira de Toulouse le 9 juillet et se terminera \u00e0 Valence le 20 ao\u00fbt. Les Altercyclistes iront \u00e0 la rencontre des Alternatives en Occitanie Catalogne et Rh\u00f4ne-Alpes. Une \u00c9chapp\u00e9e Belle* de l&rsquo;AlterTour est d\u00e9j\u00e0 pr\u00e9vue entre G\u00e9rone et Narbonne, 3 autres sont \u00e0 l&rsquo;\u00e9tude entre Montpellier et Valence. Voici une partie du programme pr\u00e9visionnel :<\/p>\n<p><a href=\"http:\/\/www.altercampagne.net\/wp-content\/uploads\/2016\/12\/2016-12-22-parcours-france.jpg\"><img loading=\"lazy\" decoding=\"async\" class=\" wp-image-6365 size-large alignright\" src=\"http:\/\/www.altercampagne.net\/wp-content\/uploads\/2016\/12\/2016-12-22-parcours-france-890x1024.jpg\" alt=\"2016-12-22-parcours-france\" width=\"640\" height=\"736\" srcset=\"https:\/\/www.altercampagne.net\/wp-content\/uploads\/2016\/12\/2016-12-22-parcours-france-890x1024.jpg 890w, https:\/\/www.altercampagne.net\/wp-content\/uploads\/2016\/12\/2016-12-22-parcours-france-261x300.jpg 261w\" sizes=\"auto, (max-width: 640px) 100vw, 640px\" \/><\/a>Samedi 8 juillet : Accueil des Altercyclistes \u00e0 Toulouse (31), rencontre avec <a href=\"http:\/\/velorutiontoulouse.free.fr\/doku.php\" target=\"_blank\" rel=\"noopener noreferrer\">V\u00e9lorution Toulouse<\/a>, L&rsquo;<a href=\"http:\/\/www.atelierideal.lautre.net\/index.php\" target=\"_blank\" rel=\"noopener noreferrer\">atelier id\u00e9al<\/a><br \/>\nDimanche 9 juillet \u00e0 Montaigut sur save (31) : <a href=\"http:\/\/www.fermebouzigue.com\" target=\"_blank\" rel=\"noopener noreferrer\">Ferme \u00e9co-citoyenne de la Bouzigue<\/a><br \/>\nMardi 11 juillet \u00e0 Beaumont-Sur-L\u00e8ze (31) : <a href=\"http:\/\/www.mascoop.org\/index.php\" target=\"_blank\" rel=\"noopener noreferrer\">Mas Coop<\/a><br \/>\nMercredi 12 et mardi 13 juillet \u00e0 Caz\u00e8res (31) : <a href=\"http:\/\/www.habitatparticipatif.eu\/habitat\/an01\/\" target=\"_blank\" rel=\"noopener noreferrer\">Coop\u00e9rative d&rsquo;habitant l&rsquo;an 01<\/a>, <a href=\"http:\/\/www.recobrada.org\/\" target=\"_blank\" rel=\"noopener noreferrer\">Ressourcerie Recobrada<\/a><br \/>\nVendredi 14 juillet \u00e0 Montbrun Bocage (31) : <a href=\"http:\/\/www.nomadesland.org\" target=\"_blank\" rel=\"noopener noreferrer\">Nomade&rsquo;s land<\/a><br \/>\nLundi 17 juillet \u00e0 Puivert (11) : <a href=\"http:\/\/nonmarchand.org\/pmwiki\/Utilisateurs\/NMaisonDePuivert\" target=\"_blank\" rel=\"noopener noreferrer\">La maison non marchande de Puivert<\/a><br \/>\nMardi 18 juillet \u00e0 Rennes le Ch\u00e2teau (11) : Association <a href=\"http:\/\/terradelutz.org\/\" target=\"_blank\" rel=\"noopener noreferrer\">T\u00e8rra De Lutz<\/a> et <a href=\"https:\/\/www.biomonde.fr\/terre-mere,3,276\" target=\"_blank\" rel=\"noopener noreferrer\">Terre m\u00e8re<\/a><br \/>\nJeudi 20 juillet \u00e0 Limoux (11) : <a href=\"http:\/\/www.np11.org\/\" target=\"_blank\" rel=\"noopener noreferrer\">Nature &amp; Progr\u00e8s Aude<\/a><br \/>\nDimanche 23 juillet \u00e0&nbsp;Narbonne (11) :&nbsp;L&rsquo;<a href=\"http:\/\/lassocepicee.com\/\" target=\"_blank\" rel=\"noopener noreferrer\">assoc&rsquo;\u00e9pic\u00e9e<\/a>, <a href=\"https:\/\/velocitenarbonne.wordpress.com\/\" target=\"_blank\" rel=\"noopener noreferrer\">V\u00e9locit\u00e9 Narbonne<\/a>, l&rsquo;<a href=\"http:\/\/olivettedelangel.fr\/\" target=\"_blank\" rel=\"noopener noreferrer\">Olivette et jardin de Langel<\/a><br \/>\nLundi 24 et mardi 25 juillet \u00e0 B\u00e9ziers (34) : Le <a href=\"https:\/\/www.fermesdavenir.org\/\" target=\"_blank\" rel=\"noopener noreferrer\">Ferme d&rsquo;Avenir Tour<\/a><br \/>\nVendredi 28 juillet \u00e0 Montpellier (34) : <a href=\"http:\/\/ecocultureethorizon.blogspot.fr\/\" target=\"_blank\" rel=\"noopener noreferrer\">Eco Culture &amp; Horizon<\/a><br \/>\nSamedi 29 juillet \u00e0 Vauvert (30) : <a href=\"http:\/\/www.altereco30.com\/\" target=\"_blank\" rel=\"noopener noreferrer\">Alter&rsquo;Eco 30<\/a><br \/>\nLundi 31 juillet \u00e0 Anduze (30) : <a href=\"http:\/\/www.objecteursdecroissance-lr.fr\/-Actualite-\" target=\"_blank\" rel=\"noopener noreferrer\">Objecteurs de Croissance Gard \/ Loz\u00e8re<\/a><br \/>\nSamedi 5 ao\u00fbt \u00e0 Lablach\u00e8re (07) : <a href=\"http:\/\/la-ferme-des-enfants.com\/\" target=\"_blank\" rel=\"noopener noreferrer\">Le hameau des buis et la ferme des enfants<\/a><br \/>\nLundi 7 ao\u00fbt \u00e0 Saint Pierreville(07)&nbsp; : <a href=\"http:\/\/www.ardelaine.fr\/\" target=\"_blank\" rel=\"noopener noreferrer\">Ardelaine <\/a><br \/>\nJeudi 10 ao\u00fbt \u00e0 Crest (26) : <a href=\"http:\/\/www.biovallee.fr\/\" target=\"_blank\" rel=\"noopener noreferrer\">Biovall\u00e9e<\/a>, <a href=\"https:\/\/autourducycle.wordpress.com\/\" target=\"_blank\" rel=\"noopener noreferrer\">Au Tour du Cycle<\/a> et L\u2019<a href=\"http:\/\/www.usinevivante.org\/#section6\" target=\"_blank\" rel=\"noopener noreferrer\">Usine Vivante<\/a><br \/>\nVendredi 11 et samedi 12 ao\u00fbt \u00e0 Saillans (26) : La <a href=\"http:\/\/www.mairiedesaillans26.fr\/\" target=\"_blank\" rel=\"noopener noreferrer\">Commune de Saillans<\/a><br \/>\nDimanche 13 ao\u00fbt \u00e0 Die (26) : <a href=\"http:\/\/www.rdwa.fr\/\" target=\"_blank\" rel=\"noopener noreferrer\">R-Dwa<\/a><br \/>\nLundi 14 ao\u00fbt \u00e0 Vassieux-en-Vercors : <a href=\"http:\/\/www.basenaturevercors.info\/\" target=\"_blank\" rel=\"noopener noreferrer\">Base Nature Vercors<\/a><br \/>\nMercredi 16 ao\u00fbt \u00e0 Saint-Antoine-l&rsquo;Abbaye (38) : L&rsquo;<a href=\"http:\/\/www.arche-de-st-antoine.com\/\" target=\"_blank\" rel=\"noopener noreferrer\">Arche<\/a><br \/>\nSamedi 19 et dimanche 20 ao\u00fbt \u00e0 Valence (26) : <a href=\"http:\/\/vatelier.fr\/\" target=\"_blank\" rel=\"noopener noreferrer\">Valence Atelier Libre (VAL)<\/a><\/p>\n<p>Sur l&rsquo;Echapp\u00e9e Belle G\u00e9rone &#8211; Narbonne :<\/p>\n<p>Mercredi 19 juillet \u00e0 Cerbere (66) : <a href=\"http:\/\/candecreix.cat\/fr\/home-2\/\" target=\"_blank\" rel=\"noopener noreferrer\">Can Decreix<\/a><br \/>\nVendredi 21 juillet \u00e0 Opoul Perillos (66) : <a href=\"http:\/\/www.labelleauriole.fr\/index.php?page=accueil\" target=\"_blank\" rel=\"noopener noreferrer\">La Belle Auriole<\/a><\/p>\n<p>N&rsquo;h\u00e9sitez pas \u00e0 diffuser l&rsquo;info !<\/p>\n<p>* \u00c9chapp\u00e9e Belle : Une \u00c9chapp\u00e9e Belle de l&rsquo;AlterTour est un parcours parall\u00e8le en petit groupe (maximum 25 personnes) sans v\u00e9hicule. Elles peuvent \u00eatre divergentes ou convergentes sur le parcours de l&rsquo;AlterTour. Quand elles sont convergentes, un temps est pr\u00e9vu pour que les deux groupes (AlterTour + \u00c9chapp\u00e9e Belle de l&rsquo;AlterTour) \u00e9changent sur les Alternatives rencontr\u00e9es.<\/p>\n","protected":false},"excerpt":{"rendered":"<p>L&rsquo;AlterTour 2017 partira de Toulouse le 9 juillet et se terminera \u00e0 Valence le 20 ao\u00fbt. Les Altercyclistes iront \u00e0 la rencontre des Alternatives en Occitanie Catalogne et Rh\u00f4ne-Alpes. Une \u00c9chapp\u00e9e Belle* de l&rsquo;AlterTour est d\u00e9j\u00e0 pr\u00e9vue entre G\u00e9rone et Narbonne, 3 autres sont \u00e0 l&rsquo;\u00e9tude entre Montpellier et Valence. &#8230; <\/p>\n<div><a href=\"https:\/\/www.altercampagne.net\/?p=6609\" class=\"more-link\">Read More<\/a><\/div>\n","protected":false},"author":214,"featured_media":0,"comment_status":"closed","ping_status":"closed","sticky":false,"template":"","format":"standard","meta":{"footnotes":""},"categories":[3457,3469],"tags":[2810,2864,2863,2862,2816,2815,2814,2813,2812,2811,2865,2809,2808,2807,2806,2805,2804,2803,2802,2929,2937,2936,2935,2934,2933,2932,2931,2930,2801,2928,2927,2926,2925,2871,2870,2869,2868,827,2738,2460,1991,1982,1972,1812,1092,1091,1075,2783,679,660,659,524,523,253,252,85,2792,2800,2799,2798,2797,2796,2795,2794,2793,46,2791,2790,2789,2788,2787,2786,2785,2784],"class_list":["post-6609","post","type-post","status-publish","format-standard","hentry","category-edition-2017","category-programmes","tag-commune-de-saillans","tag-tour-velo-ecolo","tag-parcours-2017","tag-la-belle-auriole","tag-can-decreix","tag-valence-atelier-libre","tag-arche","tag-base-nature-vercors","tag-r-dwa","tag-saillans","tag-tour-velo-ecologique","tag-usine-vivante","tag-au-tour-du-cycle","tag-ardelaine","tag-ferme-des-enfants","tag-hameau-des-buis","tag-objecteurs-de-croissance-gard-lozere","tag-altereco-30","tag-eco-culture-horizon","tag-tour-de-france-ecolieux","tag-tour-de-france-micro-brasserie","tag-relions-les-alternatives-a-velo","tag-relier-les-alternatives-a-velo","tag-tour-de-france-alternatives","tag-tour-de-france-bio","tag-tour-de-france-climat","tag-tour-de-france-ecologie","tag-tour-de-france-permaculture","tag-ferme-davenir-tour","tag-tour-de-france-transition","tag-tour-de-france-agroecologie","tag-tour-de-france-ecologique","tag-tour-de-france-ecolo","tag-ecolo","tag-tour-a-velo-ecologique","tag-tour-a-velo-ecolo","tag-tour-a-velo","tag-velo","tag-ardeche","tag-echappee-belle","tag-bouches-du-rhone","tag-isere","tag-herault","tag-tour-de-france-des-alternatives","tag-biovallee","tag-drome","tag-gard","tag-altertour-2017","tag-ecologique","tag-tour-de-france","tag-anti-tour-de-france","tag-pyrenees-orientales","tag-aude","tag-autre-tour-de-france","tag-reliez-les-alternatives-a-velo","tag-haute-garonne","tag-ressourcerie-recobrada","tag-lolivette-et-jardin-de-langel","tag-velocite-narbonne","tag-assocepicee","tag-nature-progres-aude","tag-terre-mere","tag-terra-de-lutz","tag-maison-non-marchande-de-puivert","tag-nomades-land","tag-tour","tag-cooperative-dhabitant-lan-01","tag-mas-coop","tag-ferme-eco-citoyenne-de-la-bouzigue","tag-latelier-ideal","tag-velorution-toulouse","tag-catalogne","tag-occitanie","tag-2784","no-post-thumbnail"],"yoast_head":"<!-- This site is optimized with the Yoast SEO plugin v27.3 - https:\/\/yoast.com\/product\/yoast-seo-wordpress\/ -->\n<title>Parcours pr\u00e9visionnel de l&#039;AlterTour 2017 - AlterTour<\/title>\n<meta name=\"robots\" content=\"index, follow, max-snippet:-1, max-image-preview:large, max-video-preview:-1\" \/>\n<link rel=\"canonical\" href=\"https:\/\/www.altercampagne.net\/?p=6609\" \/>\n<meta property=\"og:locale\" content=\"fr_FR\" \/>\n<meta property=\"og:type\" content=\"article\" \/>\n<meta property=\"og:title\" content=\"Parcours pr\u00e9visionnel de l&#039;AlterTour 2017 - AlterTour\" \/>\n<meta property=\"og:description\" content=\"L&rsquo;AlterTour 2017 partira de Toulouse le 9 juillet et se terminera \u00e0 Valence le 20 ao\u00fbt. Les Altercyclistes iront \u00e0 la rencontre des Alternatives en Occitanie Catalogne et Rh\u00f4ne-Alpes. Une \u00c9chapp\u00e9e Belle* de l&rsquo;AlterTour est d\u00e9j\u00e0 pr\u00e9vue entre G\u00e9rone et Narbonne, 3 autres sont \u00e0 l&rsquo;\u00e9tude entre Montpellier et Valence. ... Read More\" \/>\n<meta property=\"og:url\" content=\"https:\/\/www.altercampagne.net\/?p=6609\" \/>\n<meta property=\"og:site_name\" content=\"AlterTour\" \/>\n<meta property=\"article:published_time\" content=\"2017-01-09T09:51:47+00:00\" \/>\n<meta property=\"article:modified_time\" content=\"2020-02-24T13:59:06+00:00\" \/>\n<meta property=\"og:image\" content=\"http:\/\/www.altercampagne.net\/wp-content\/uploads\/2016\/12\/2016-12-22-parcours-france-890x1024.jpg\" \/>\n<meta name=\"author\" content=\"Mathieu\" \/>\n<meta name=\"twitter:card\" content=\"summary_large_image\" \/>\n<meta name=\"twitter:label1\" content=\"\u00c9crit par\" \/>\n\t<meta name=\"twitter:data1\" content=\"Mathieu\" \/>\n\t<meta name=\"twitter:label2\" content=\"Dur\u00e9e de lecture estim\u00e9e\" \/>\n\t<meta name=\"twitter:data2\" content=\"2 minutes\" \/>\n<script type=\"application\/ld+json\" class=\"yoast-schema-graph\">{\"@context\":\"https:\\\/\\\/schema.org\",\"@graph\":[{\"@type\":\"Article\",\"@id\":\"https:\\\/\\\/www.altercampagne.net\\\/?p=6609#article\",\"isPartOf\":{\"@id\":\"https:\\\/\\\/www.altercampagne.net\\\/?p=6609\"},\"author\":{\"name\":\"Mathieu\",\"@id\":\"https:\\\/\\\/www.altercampagne.net\\\/#\\\/schema\\\/person\\\/0f261460c09e430caa0f9bcffa319109\"},\"headline\":\"Parcours pr\u00e9visionnel de l&rsquo;AlterTour 2017\",\"datePublished\":\"2017-01-09T09:51:47+00:00\",\"dateModified\":\"2020-02-24T13:59:06+00:00\",\"mainEntityOfPage\":{\"@id\":\"https:\\\/\\\/www.altercampagne.net\\\/?p=6609\"},\"wordCount\":363,\"image\":{\"@id\":\"https:\\\/\\\/www.altercampagne.net\\\/?p=6609#primaryimage\"},\"thumbnailUrl\":\"http:\\\/\\\/www.altercampagne.net\\\/wp-content\\\/uploads\\\/2016\\\/12\\\/2016-12-22-parcours-france-890x1024.jpg\",\"keywords\":[\"Commune de Saillans\",\"tour v\u00e9lo \u00e9colo\",\"parcours 2017\",\"la Belle Auriole\",\"Can Decreix\",\"Valence Atelier Libre\",\"Arche\",\"Base Nature Vercors\",\"R-Dwa\",\"Saillans\",\"tour v\u00e9lo \u00e9cologique\",\"Usine Vivante\",\"Au Tour du Cycle\",\"Ardelaine\",\"ferme des enfants\",\"hameau des buis\",\"Objecteurs de Croissance Gard \\\/ Loz\u00e8re\",\"Alter'Eco 30\",\"Eco Culture &amp; Horizon\",\"tour de france \u00e9colieux\",\"tour de France micro-brasserie\",\"relions les alternatives \u00e0 v\u00e9lo\",\"relier les alternatives \u00e0 v\u00e9lo\",\"tour de France alternatives\",\"tour de France bio\",\"tour de france climat\",\"tour de france \u00e9cologie\",\"tour de france permaculture\",\"Ferme d'Avenir Tour\",\"tour de france transition\",\"tour de france agro\u00e9cologie\",\"tour de france \u00e9cologique\",\"tour de france \u00e9colo\",\"\u00e9colo\",\"tour \u00e0 v\u00e9lo \u00e9cologique\",\"tour \u00e0 v\u00e9lo \u00e9colo\",\"tour \u00e0 v\u00e9lo\",\"v\u00e9lo\",\"Ard\u00e8che\",\"Echapp\u00e9e Belle\",\"bouches-du-rh\u00f4ne\",\"Is\u00e8re\",\"h\u00e9rault\",\"tour de France des Alternatives\",\"Biovall\u00e9e\",\"Dr\u00f4me\",\"Gard\",\"AlterTour 2017\",\"\u00e9cologique\",\"Tour de France\",\"anti-Tour de France\",\"Pyr\u00e9n\u00e9es-Orientales\",\"Aude\",\"autre tour de France\",\"reliez les alternatives \u00e0 v\u00e9lo\",\"Haute-Garonne\",\"Ressourcerie Recobrada\",\"l'Olivette et jardin de Langel\",\"V\u00e9locit\u00e9 Narbonne\",\"assoc'\u00e9pic\u00e9e\",\"Nature &amp; Progr\u00e8s Aude\",\"Terre m\u00e8re\",\"T\u00e8rra De Lutz\",\"maison non marchande de Puivert\",\"Nomade's land\",\"tour\",\"Coop\u00e9rative d'habitant l'an 01\",\"Mas Coop\",\"Ferme \u00e9co-citoyenne de la Bouzigue\",\"L'atelier id\u00e9al\",\"V\u00e9lorution Toulouse\",\"Catalogne\",\"Occitanie\",\"2017\"],\"articleSection\":[\"\u00c9dition 2017\",\"Programmes\"],\"inLanguage\":\"fr-FR\"},{\"@type\":\"WebPage\",\"@id\":\"https:\\\/\\\/www.altercampagne.net\\\/?p=6609\",\"url\":\"https:\\\/\\\/www.altercampagne.net\\\/?p=6609\",\"name\":\"Parcours pr\u00e9visionnel de l'AlterTour 2017 - AlterTour\",\"isPartOf\":{\"@id\":\"https:\\\/\\\/www.altercampagne.net\\\/#website\"},\"primaryImageOfPage\":{\"@id\":\"https:\\\/\\\/www.altercampagne.net\\\/?p=6609#primaryimage\"},\"image\":{\"@id\":\"https:\\\/\\\/www.altercampagne.net\\\/?p=6609#primaryimage\"},\"thumbnailUrl\":\"http:\\\/\\\/www.altercampagne.net\\\/wp-content\\\/uploads\\\/2016\\\/12\\\/2016-12-22-parcours-france-890x1024.jpg\",\"datePublished\":\"2017-01-09T09:51:47+00:00\",\"dateModified\":\"2020-02-24T13:59:06+00:00\",\"author\":{\"@id\":\"https:\\\/\\\/www.altercampagne.net\\\/#\\\/schema\\\/person\\\/0f261460c09e430caa0f9bcffa319109\"},\"breadcrumb\":{\"@id\":\"https:\\\/\\\/www.altercampagne.net\\\/?p=6609#breadcrumb\"},\"inLanguage\":\"fr-FR\",\"potentialAction\":[{\"@type\":\"ReadAction\",\"target\":[\"https:\\\/\\\/www.altercampagne.net\\\/?p=6609\"]}]},{\"@type\":\"ImageObject\",\"inLanguage\":\"fr-FR\",\"@id\":\"https:\\\/\\\/www.altercampagne.net\\\/?p=6609#primaryimage\",\"url\":\"https:\\\/\\\/www.altercampagne.net\\\/wp-content\\\/uploads\\\/2016\\\/12\\\/2016-12-22-parcours-france.jpg\",\"contentUrl\":\"https:\\\/\\\/www.altercampagne.net\\\/wp-content\\\/uploads\\\/2016\\\/12\\\/2016-12-22-parcours-france.jpg\",\"width\":2500,\"height\":2875},{\"@type\":\"BreadcrumbList\",\"@id\":\"https:\\\/\\\/www.altercampagne.net\\\/?p=6609#breadcrumb\",\"itemListElement\":[{\"@type\":\"ListItem\",\"position\":1,\"name\":\"Accueil\",\"item\":\"https:\\\/\\\/www.altercampagne.net\\\/\"},{\"@type\":\"ListItem\",\"position\":2,\"name\":\"Parcours pr\u00e9visionnel de l&rsquo;AlterTour 2017\"}]},{\"@type\":\"WebSite\",\"@id\":\"https:\\\/\\\/www.altercampagne.net\\\/#website\",\"url\":\"https:\\\/\\\/www.altercampagne.net\\\/\",\"name\":\"AlterTour\",\"description\":\"Reliez les Alternatives \u00e0 v\u00e9lo\",\"potentialAction\":[{\"@type\":\"SearchAction\",\"target\":{\"@type\":\"EntryPoint\",\"urlTemplate\":\"https:\\\/\\\/www.altercampagne.net\\\/?s={search_term_string}\"},\"query-input\":{\"@type\":\"PropertyValueSpecification\",\"valueRequired\":true,\"valueName\":\"search_term_string\"}}],\"inLanguage\":\"fr-FR\"},{\"@type\":\"Person\",\"@id\":\"https:\\\/\\\/www.altercampagne.net\\\/#\\\/schema\\\/person\\\/0f261460c09e430caa0f9bcffa319109\",\"name\":\"Mathieu\",\"image\":{\"@type\":\"ImageObject\",\"inLanguage\":\"fr-FR\",\"@id\":\"https:\\\/\\\/secure.gravatar.com\\\/avatar\\\/aa9d3d24c83f2141e5e2709d0f63d09a99f6be6bb7a50abc4915838d9f54501a?s=96&d=mm&r=g\",\"url\":\"https:\\\/\\\/secure.gravatar.com\\\/avatar\\\/aa9d3d24c83f2141e5e2709d0f63d09a99f6be6bb7a50abc4915838d9f54501a?s=96&d=mm&r=g\",\"contentUrl\":\"https:\\\/\\\/secure.gravatar.com\\\/avatar\\\/aa9d3d24c83f2141e5e2709d0f63d09a99f6be6bb7a50abc4915838d9f54501a?s=96&d=mm&r=g\",\"caption\":\"Mathieu\"},\"url\":\"https:\\\/\\\/www.altercampagne.net\\\/?author=214\"}]}<\/script>\n<!-- \/ Yoast SEO plugin. -->","yoast_head_json":{"title":"Parcours pr\u00e9visionnel de l'AlterTour 2017 - AlterTour","robots":{"index":"index","follow":"follow","max-snippet":"max-snippet:-1","max-image-preview":"max-image-preview:large","max-video-preview":"max-video-preview:-1"},"canonical":"https:\/\/www.altercampagne.net\/?p=6609","og_locale":"fr_FR","og_type":"article","og_title":"Parcours pr\u00e9visionnel de l'AlterTour 2017 - AlterTour","og_description":"L&rsquo;AlterTour 2017 partira de Toulouse le 9 juillet et se terminera \u00e0 Valence le 20 ao\u00fbt. Les Altercyclistes iront \u00e0 la rencontre des Alternatives en Occitanie Catalogne et Rh\u00f4ne-Alpes. Une \u00c9chapp\u00e9e Belle* de l&rsquo;AlterTour est d\u00e9j\u00e0 pr\u00e9vue entre G\u00e9rone et Narbonne, 3 autres sont \u00e0 l&rsquo;\u00e9tude entre Montpellier et Valence. ... Read More","og_url":"https:\/\/www.altercampagne.net\/?p=6609","og_site_name":"AlterTour","article_published_time":"2017-01-09T09:51:47+00:00","article_modified_time":"2020-02-24T13:59:06+00:00","og_image":[{"url":"http:\/\/www.altercampagne.net\/wp-content\/uploads\/2016\/12\/2016-12-22-parcours-france-890x1024.jpg","type":"","width":"","height":""}],"author":"Mathieu","twitter_card":"summary_large_image","twitter_misc":{"\u00c9crit par":"Mathieu","Dur\u00e9e de lecture estim\u00e9e":"2 minutes"},"schema":{"@context":"https:\/\/schema.org","@graph":[{"@type":"Article","@id":"https:\/\/www.altercampagne.net\/?p=6609#article","isPartOf":{"@id":"https:\/\/www.altercampagne.net\/?p=6609"},"author":{"name":"Mathieu","@id":"https:\/\/www.altercampagne.net\/#\/schema\/person\/0f261460c09e430caa0f9bcffa319109"},"headline":"Parcours pr\u00e9visionnel de l&rsquo;AlterTour 2017","datePublished":"2017-01-09T09:51:47+00:00","dateModified":"2020-02-24T13:59:06+00:00","mainEntityOfPage":{"@id":"https:\/\/www.altercampagne.net\/?p=6609"},"wordCount":363,"image":{"@id":"https:\/\/www.altercampagne.net\/?p=6609#primaryimage"},"thumbnailUrl":"http:\/\/www.altercampagne.net\/wp-content\/uploads\/2016\/12\/2016-12-22-parcours-france-890x1024.jpg","keywords":["Commune de Saillans","tour v\u00e9lo \u00e9colo","parcours 2017","la Belle Auriole","Can Decreix","Valence Atelier Libre","Arche","Base Nature Vercors","R-Dwa","Saillans","tour v\u00e9lo \u00e9cologique","Usine Vivante","Au Tour du Cycle","Ardelaine","ferme des enfants","hameau des buis","Objecteurs de Croissance Gard \/ Loz\u00e8re","Alter'Eco 30","Eco Culture &amp; Horizon","tour de france \u00e9colieux","tour de France micro-brasserie","relions les alternatives \u00e0 v\u00e9lo","relier les alternatives \u00e0 v\u00e9lo","tour de France alternatives","tour de France bio","tour de france climat","tour de france \u00e9cologie","tour de france permaculture","Ferme d'Avenir Tour","tour de france transition","tour de france agro\u00e9cologie","tour de france \u00e9cologique","tour de france \u00e9colo","\u00e9colo","tour \u00e0 v\u00e9lo \u00e9cologique","tour \u00e0 v\u00e9lo \u00e9colo","tour \u00e0 v\u00e9lo","v\u00e9lo","Ard\u00e8che","Echapp\u00e9e Belle","bouches-du-rh\u00f4ne","Is\u00e8re","h\u00e9rault","tour de France des Alternatives","Biovall\u00e9e","Dr\u00f4me","Gard","AlterTour 2017","\u00e9cologique","Tour de France","anti-Tour de France","Pyr\u00e9n\u00e9es-Orientales","Aude","autre tour de France","reliez les alternatives \u00e0 v\u00e9lo","Haute-Garonne","Ressourcerie Recobrada","l'Olivette et jardin de Langel","V\u00e9locit\u00e9 Narbonne","assoc'\u00e9pic\u00e9e","Nature &amp; Progr\u00e8s Aude","Terre m\u00e8re","T\u00e8rra De Lutz","maison non marchande de Puivert","Nomade's land","tour","Coop\u00e9rative d'habitant l'an 01","Mas Coop","Ferme \u00e9co-citoyenne de la Bouzigue","L'atelier id\u00e9al","V\u00e9lorution Toulouse","Catalogne","Occitanie","2017"],"articleSection":["\u00c9dition 2017","Programmes"],"inLanguage":"fr-FR"},{"@type":"WebPage","@id":"https:\/\/www.altercampagne.net\/?p=6609","url":"https:\/\/www.altercampagne.net\/?p=6609","name":"Parcours pr\u00e9visionnel de l'AlterTour 2017 - AlterTour","isPartOf":{"@id":"https:\/\/www.altercampagne.net\/#website"},"primaryImageOfPage":{"@id":"https:\/\/www.altercampagne.net\/?p=6609#primaryimage"},"image":{"@id":"https:\/\/www.altercampagne.net\/?p=6609#primaryimage"},"thumbnailUrl":"http:\/\/www.altercampagne.net\/wp-content\/uploads\/2016\/12\/2016-12-22-parcours-france-890x1024.jpg","datePublished":"2017-01-09T09:51:47+00:00","dateModified":"2020-02-24T13:59:06+00:00","author":{"@id":"https:\/\/www.altercampagne.net\/#\/schema\/person\/0f261460c09e430caa0f9bcffa319109"},"breadcrumb":{"@id":"https:\/\/www.altercampagne.net\/?p=6609#breadcrumb"},"inLanguage":"fr-FR","potentialAction":[{"@type":"ReadAction","target":["https:\/\/www.altercampagne.net\/?p=6609"]}]},{"@type":"ImageObject","inLanguage":"fr-FR","@id":"https:\/\/www.altercampagne.net\/?p=6609#primaryimage","url":"https:\/\/www.altercampagne.net\/wp-content\/uploads\/2016\/12\/2016-12-22-parcours-france.jpg","contentUrl":"https:\/\/www.altercampagne.net\/wp-content\/uploads\/2016\/12\/2016-12-22-parcours-france.jpg","width":2500,"height":2875},{"@type":"BreadcrumbList","@id":"https:\/\/www.altercampagne.net\/?p=6609#breadcrumb","itemListElement":[{"@type":"ListItem","position":1,"name":"Accueil","item":"https:\/\/www.altercampagne.net\/"},{"@type":"ListItem","position":2,"name":"Parcours pr\u00e9visionnel de l&rsquo;AlterTour 2017"}]},{"@type":"WebSite","@id":"https:\/\/www.altercampagne.net\/#website","url":"https:\/\/www.altercampagne.net\/","name":"AlterTour","description":"Reliez les Alternatives \u00e0 v\u00e9lo","potentialAction":[{"@type":"SearchAction","target":{"@type":"EntryPoint","urlTemplate":"https:\/\/www.altercampagne.net\/?s={search_term_string}"},"query-input":{"@type":"PropertyValueSpecification","valueRequired":true,"valueName":"search_term_string"}}],"inLanguage":"fr-FR"},{"@type":"Person","@id":"https:\/\/www.altercampagne.net\/#\/schema\/person\/0f261460c09e430caa0f9bcffa319109","name":"Mathieu","image":{"@type":"ImageObject","inLanguage":"fr-FR","@id":"https:\/\/secure.gravatar.com\/avatar\/aa9d3d24c83f2141e5e2709d0f63d09a99f6be6bb7a50abc4915838d9f54501a?s=96&d=mm&r=g","url":"https:\/\/secure.gravatar.com\/avatar\/aa9d3d24c83f2141e5e2709d0f63d09a99f6be6bb7a50abc4915838d9f54501a?s=96&d=mm&r=g","contentUrl":"https:\/\/secure.gravatar.com\/avatar\/aa9d3d24c83f2141e5e2709d0f63d09a99f6be6bb7a50abc4915838d9f54501a?s=96&d=mm&r=g","caption":"Mathieu"},"url":"https:\/\/www.altercampagne.net\/?author=214"}]}},"_links":{"self":[{"href":"https:\/\/www.altercampagne.net\/index.php?rest_route=\/wp\/v2\/posts\/6609","targetHints":{"allow":["GET"]}}],"collection":[{"href":"https:\/\/www.altercampagne.net\/index.php?rest_route=\/wp\/v2\/posts"}],"about":[{"href":"https:\/\/www.altercampagne.net\/index.php?rest_route=\/wp\/v2\/types\/post"}],"author":[{"embeddable":true,"href":"https:\/\/www.altercampagne.net\/index.php?rest_route=\/wp\/v2\/users\/214"}],"replies":[{"embeddable":true,"href":"https:\/\/www.altercampagne.net\/index.php?rest_route=%2Fwp%2Fv2%2Fcomments&post=6609"}],"version-history":[{"count":1,"href":"https:\/\/www.altercampagne.net\/index.php?rest_route=\/wp\/v2\/posts\/6609\/revisions"}],"predecessor-version":[{"id":17318,"href":"https:\/\/www.altercampagne.net\/index.php?rest_route=\/wp\/v2\/posts\/6609\/revisions\/17318"}],"wp:attachment":[{"href":"https:\/\/www.altercampagne.net\/index.php?rest_route=%2Fwp%2Fv2%2Fmedia&parent=6609"}],"wp:term":[{"taxonomy":"category","embeddable":true,"href":"https:\/\/www.altercampagne.net\/index.php?rest_route=%2Fwp%2Fv2%2Fcategories&post=6609"},{"taxonomy":"post_tag","embeddable":true,"href":"https:\/\/www.altercampagne.net\/index.php?rest_route=%2Fwp%2Fv2%2Ftags&post=6609"}],"curies":[{"name":"wp","href":"https:\/\/api.w.org\/{rel}","templated":true}]}}