{"id":6626,"date":"2014-01-18T10:01:19","date_gmt":"2014-01-18T09:01:19","guid":{"rendered":"http:\/\/www.altercampagne.net\/?p=6626"},"modified":"2020-02-24T16:47:12","modified_gmt":"2020-02-24T15:47:12","slug":"parcours-de-laltertour-2014","status":"publish","type":"post","link":"https:\/\/www.altercampagne.net\/?p=6626","title":{"rendered":"Parcours de l&rsquo;AlterTour 2014"},"content":{"rendered":"<p>En 2014, l&rsquo;AlterTour s&rsquo;\u00e9lancera de Saint-Etienne le 12 juillet pour se terminer \u00e0 La Rochelle le 17 ao\u00fbt. Il passera par la Haute-Loire, le Puy-de-D\u00f4me, le Cantal, la Corr\u00e8ze, la Haute Vienne, la Creuse, la Dordogne, la Charente, la Vienne, les Deux-S\u00e8vres et la Charente-Maritime.<\/p>\n<p>Voici un tableau r\u00e9capitulatif des \u00e9tapes, cliquez sur les \u00ab\u00a0Liens fiche \u00e9tape\u00a0\u00bb pour d\u00e9couvrir les d\u00e9tails des journ\u00e9es :<\/p>\n<p><a href=\"http:\/\/www.altercampagne.net\/wp-content\/uploads\/2017\/02\/AT2014-Parcours.jpg\"><img loading=\"lazy\" decoding=\"async\" class=\" size-full wp-image-6627 alignright\" src=\"http:\/\/www.altercampagne.net\/wp-content\/uploads\/2017\/02\/AT2014-Parcours.jpg\" alt=\"AT2014-Parcours\" width=\"550\" height=\"554\" srcset=\"https:\/\/www.altercampagne.net\/wp-content\/uploads\/2017\/02\/AT2014-Parcours.jpg 550w, https:\/\/www.altercampagne.net\/wp-content\/uploads\/2017\/02\/AT2014-Parcours-150x150.jpg 150w, https:\/\/www.altercampagne.net\/wp-content\/uploads\/2017\/02\/AT2014-Parcours-298x300.jpg 298w\" sizes=\"auto, (max-width: 550px) 100vw, 550px\" \/><\/a>Samedi 12 juillet : Accueil des Altercyclistes \u00e0 Saint Etienne : Oci V\u00e9lo, Loire Amont Vivante<br \/>\nDimanche 13 juillet : Saint-Etienne &#8211; Saint-Genest-Malifaux (21 km) &#8211; Loire Amont Vivante, Big Jump, Gaec de Montravel<br \/>\nLundi 14 juillet : Saint-Genest-Malifaux &#8211; St Bonnet le froid &#8211; Le Chambon-sur-Lignon (54 km) &#8211; Plateau Asile Solidarit\u00e9 (PAS), CIMADE<br \/>\nMardi 15 juillet : Journ\u00e9e au Chambon-sur-Lignon : CADA, PAS, CIMADE<br \/>\nMercredi 16 juillet : Chambon-sur-Lignon &#8211; St Julien en Chapteuil &#8211; Agizoux (58 km) &#8211; SOS Loire vivante, Observatoire du Betz<br \/>\nJeudi 17 juillet : Agizoux &#8211; Monlet &#8211; Arlanc (75 km) &#8211; Talent Rural (soir\u00e9e n\u00e9gawatt)<br \/>\nVendredi 18 juillet : Arlanc &#8211; Fournol &#8211; Saint Jean des Ollieres (44 km) &#8211; Anachronique, Centre d&rsquo;Ailleurs<br \/>\nSamedi 19 juillet : Journ\u00e9e \u00e0 Saint Jean des Ollieres : Centre d&rsquo;Ailleurs, ATTAC, UPC\u2026<br \/>\nDimanche 20 juillet : Saint Jean des Ollieres &#8211; Clermont-Ferrand &#8211; Gerzat (38 km) &#8211; Airpur, Hotel de Vils, Habitat et humanisme, Ferme des Raux (Gaec), Terre de Liens<br \/>\nLundi 21 juillet : Gerzat &#8211; Clermont-Ferrand &#8211; Aydat (Phialeix) (29 km) &#8211; Chom&rsquo;actif, Tralart, AMAP locale Aydat<br \/>\nMardi 22 juillet : Aydat (Phialeix) &#8211; Serre Haut (Besse) (25 km) &#8211; Ecosite de La Palfichade, Nature &amp; Progr\u00e8s Auvergne, La Grange \u00e0 Ludo, Les p&rsquo;tits liens du tout<br \/>\nMercredi 23 juillet : Journ\u00e9e \u00e0 Serre Haut : Ecosite de La Palfichade, La Grange \u00e0 Ludo, Les p&rsquo;tits liens du tout<br \/>\nJeudi 24 juillet : Serre Haut (Besse) &#8211; Menet (54 km) &#8211; Commune de Menet (le Couvent), Les Bruy\u00e8res<br \/>\nVendredi 25 juillet : Menet &#8211; Lac de Neuvic &#8211; Lamazi\u00e8re-Basse (49 km) &#8211; Le Chaudron des Bordes<br \/>\nSamedi 26 juillet : Lamazi\u00e8re-Basse &#8211; les Cascades de Gimel &#8211; Cornil (57 km) &#8211; Le Battement d&rsquo;Ailes<br \/>\nDimanche 27 juillet : Cornil &#8211; Saint-Viance (proche de Brive) &#8211; Ayen (45 km) : Mairie d&rsquo;Ayen, Collectif d&rsquo;Ayen<br \/>\nLundi 28 juillet : Journ\u00e9e \u00e0 Ayen : Mairie d&rsquo;Ayen, Collectif d&rsquo;Ayen, CENL et associations naturalistes<br \/>\nMardi 29 juillet : Ayen &#8211; Uzerche (38 km) : P\u2019tite Fabrique Solidaire<br \/>\nMercredi 30 juillet : Uzerche &#8211; Domps &#8211; Eymoutiers (48 km) &#8211; Le Monde Allant Vers (ressourcerie), Le temps des cerises (\u00e9picerie ambulante), La Courte \u00e9chelle (le caf\u00e9 des enfants), Radio Vassivi\u00e8re, T\u00e9l\u00e9 1000 vaches<br \/>\nJeudi 31 juillet : Eymoutiers &#8211; lac de Vassivi\u00e8re &#8211; Faux-la-Montagne (21 km) &#8211; Ambiance bois, Les Plateaux du Limousin, Court Circuit<br \/>\nVendredi 1er ao\u00fbt : Journ\u00e9e \u00e0 Faux la montagne &#8211; Ambiance bois, De Fil en R\u00e9seau, T\u00e9l\u00e9 Milesvaches, Les Plateaux du Limousin&#8230;<br \/>\nSamedi 2 ao\u00fbt : Faux la montagne &#8211; La for\u00eat Belleville (28 km) &#8211; Vasi jeune, De Fil en R\u00e9seau<br \/>\nDimanche 3 ao\u00fbt : La for\u00eat Belleville &#8211; Pont du Martineix &#8211; Le Bost (Roy\u00e8res) (50 km) &#8211; Collectif r\u00e9seau ferroviaire, repas avec plusieurs associations.<br \/>\nLundi 4 ao\u00fbt : Le Bost (Roy\u00e8res) &#8211; Jourgnac &#8211; Ladignac-le-Long (55 km) &#8211; Moulin de Busseix, Inf&rsquo;OGM<br \/>\nMardi 5 ao\u00fbt : Ladignac-le-Long &#8211; Ch\u00e2lus (15 km) &#8211; R\u00e9novation d&rsquo;un village abandonn\u00e9 en Eco-hameau<br \/>\nMercredi 6 ao\u00fbt : Ch\u00e2lus &#8211; Pi\u00e9gut-Pluviers (25 km) &#8211; March\u00e9 de Pi\u00e9gut, La Scierie<br \/>\nJeudi 7 ao\u00fbt : Pi\u00e9gut-Pluviers &#8211; Lussac &#8211; Bioussac (72 km) &#8211; Ferme de la m\u00e9tairie d\u2019Oyez, intervention de Christophe Bonneuil sur l&rsquo;\u00e9venement anthropocene<br \/>\nVendredi 8 ao\u00fbt : Bioussac &#8211; Gen\u00e7ay &#8211; Poitiers (70 km) &#8211; La Gibbeuse, Le Petit Plateau<br \/>\nSamedi 9 ao\u00fbt : Journ\u00e9e \u00e0 Poitiers &#8211; La Gibbeuse, Habitat Partag\u00e9, Le Petit Plateau, JardiNature, Incroyable Comestible, Fanzinoth\u00e8que, Compost&rsquo;age<br \/>\nDimanche 10 ao\u00fbt : Poitiers &#8211; Vasles (35 km) &#8211; Jardin de Verrine, Ferme de l&rsquo;Ortie, Mouton Village, couveuse agricole, commune de Vasles (agenda 21)<br \/>\nLundi 11 ao\u00fbt : Vasles &#8211; Argenton les Vall\u00e9es (65 km) &#8211; La Colporteuse, On loge \u00e0 pied, Terre de R\u00eaves, la Tour d&rsquo;Auzay, 3A<br \/>\nMardi 12 ao\u00fbt : Journ\u00e9e \u00e0 Argenton les Vall\u00e9es &#8211; La Colporteuse, On loge \u00e0 pied, Terre de R\u00eaves, la Tour d&rsquo;Auzay, 3A<br \/>\nMercredi 13 ao\u00fbt : Argenton les Vall\u00e9es &#8211; Pougne-H\u00e9risson (42 km) &#8211; Le Nombril du Monde<br \/>\nJeudi 14 ao\u00fbt : Pougne-H\u00e9risson &#8211; La-Gr\u00e8ve-sur-Mignon (73 km) &#8211; Locibelle, La Fr\u00eanaie<br \/>\nVendredi 15 ao\u00fbt : Journ\u00e9e \u00e0 La-Gr\u00e8ve-sur-Mignon &#8211; La Fr\u00eanaie, la Briqueterie, Vincent Liegey<br \/>\nSamedi 16 ao\u00fbt : La-Gr\u00e8ve-sur-Mignon &#8211; St Xandre (28 km) &#8211; La Ch\u00e8vre rit, concert<br \/>\nDimanche 17 ao\u00fbt : Saint Xandre &#8211; La Rochelle (20 km) &#8211; La Ch\u00e8vre Rit, Transition citoyenne, Collectif de La Rochelle Initiative Catering, Incroyables comestibles<\/p>\n","protected":false},"excerpt":{"rendered":"<p>En 2014, l&rsquo;AlterTour s&rsquo;\u00e9lancera de Saint-Etienne le 12 juillet pour se terminer \u00e0 La Rochelle le 17 ao\u00fbt. Il passera par la Haute-Loire, le Puy-de-D\u00f4me, le Cantal, la Corr\u00e8ze, la Haute Vienne, la Creuse, la Dordogne, la Charente, la Vienne, les Deux-S\u00e8vres et la Charente-Maritime. Voici un tableau r\u00e9capitulatif des &#8230; <\/p>\n<div><a href=\"https:\/\/www.altercampagne.net\/?p=6626\" class=\"more-link\">Read More<\/a><\/div>\n","protected":false},"author":214,"featured_media":0,"comment_status":"closed","ping_status":"closed","sticky":false,"template":"","format":"standard","meta":{"footnotes":""},"categories":[3469,3461],"tags":[46,50,73,90,104,116,131,139,140,142,145,146,156,157,184,223,252,253,294,319,358,429,547,575,585,587,589,590,591,592,594,622,627,628,629,631,632,635,636,659,660,667,679,685,827,911,985,1008,1102,1647,1668,1812,2351,2586,2764,2820,2864,2865,2866,2867,2869,2870,2871,2874,2875,2876,2877,2878,2879,2880,2881,2882,2883,2884,2885,2886,2887,2888,2889,2890,2891,2892,2893,2894,2895,2896,2897,2898,2899,2900,2901,2902,2903,2904,2905,2906,2907,2908,2909,2910,2911,2912,2913,2914,2915,2916,2917,2918,2919,2920,2921,2922,2923,2924,2925,2926,2927,2928,2929,2930,2931,2932,2933,2934,2935,2936,2937],"class_list":["post-6626","post","type-post","status-publish","format-standard","hentry","category-programmes","category-edition-2014","tag-tour","tag-50","tag-transition","tag-ayen","tag-la-colporteuse","tag-la-scierie","tag-centre-dailleurs","tag-haute-loire","tag-sos-loire-vivante","tag-observatoire-du-betz","tag-plateau-asile-solidarite","tag-cada","tag-big-jump","tag-loire-amont-vivante","tag-parcours-2014","tag-incroyables-comestibles","tag-reliez-les-alternatives-a-velo","tag-autre-tour-de-france","tag-permaculture","tag-altertour-2014","tag-altertour","tag-terre-de-liens","tag-tour-cyclo-militant","tag-gaec-de-montravel","tag-talent-rural","tag-ecosite-de-la-palfichade","tag-le-battement-dailes","tag-le-monde-allant-vers","tag-la-frenaie","tag-la-gibbeuse","tag-le-nombril-du-monde","tag-christophe-bonneuil","tag-chomactif","tag-infogm","tag-moulin-de-busseix","tag-ambiance-bois","tag-terre-de-reves","tag-cimade","tag-pas","tag-anti-tour-de-france","tag-tour-de-france","tag-vasi-jeune","tag-ecologique","tag-vincent-liegey","tag-velo","tag-aftertour","tag-negawatt","tag-attac","tag-court-circuit","tag-menet","tag-cyclo-militant","tag-tour-de-france-des-alternatives","tag-habitat-et-humanisme","tag-alliance-citoyenne-pour-une-transition-ecologique-et-sociale","tag-ferme-de-lortie","tag-transition-citoyenne","tag-tour-velo-ecolo","tag-tour-velo-ecologique","tag-tour-cyclomilitant","tag-cyclomilitant","tag-tour-a-velo-ecolo","tag-tour-a-velo-ecologique","tag-ecolo","tag-agrecologie","tag-oci-velo","tag-anachronique","tag-upc","tag-airpur","tag-hotel-de-vils","tag-ferme-des-raux","tag-tralart","tag-amap-locale-aydat","tag-nature-progres-auvergne","tag-la-grange-a-ludo","tag-les-ptits-liens-du-tout","tag-les-bruyeres","tag-le-chaudron-des-bordes","tag-collectif-dayen","tag-cenl","tag-ptite-fabrique-solidaire","tag-radio-vassiviere","tag-tele-1000-vaches","tag-la-courte-echelle","tag-le-temps-des-cerises","tag-les-plateaux-du-limousin","tag-de-fil-en-reseau","tag-tele-milesvaches","tag-collectif-reseau-ferroviaire","tag-ferme-de-la-metairie-doyez","tag-le-petit-plateau","tag-jardinature","tag-incroyable-comestible","tag-fanzinotheque","tag-compostage","tag-jardin-de-verrine","tag-mouton-village","tag-couveuse-agricole","tag-commune-de-vasles","tag-on-loge-a-pied","tag-la-tour-dauzay","tag-locibelle","tag-la-briqueterie","tag-la-chevre-rit","tag-collectif-de-la-rochelle-initiative-catering","tag-le-puy-de-dome","tag-le-cantal","tag-la-correze","tag-la-haute-vienne","tag-la-creuse","tag-la-dordogne","tag-la-charente","tag-la-vienne","tag-les-deux-sevres","tag-la-charente-maritime","tag-tour-de-france-ecolo","tag-tour-de-france-ecologique","tag-tour-de-france-agroecologie","tag-tour-de-france-transition","tag-tour-de-france-ecolieux","tag-tour-de-france-permaculture","tag-tour-de-france-ecologie","tag-tour-de-france-climat","tag-tour-de-france-bio","tag-tour-de-france-alternatives","tag-relier-les-alternatives-a-velo","tag-relions-les-alternatives-a-velo","tag-tour-de-france-micro-brasserie","no-post-thumbnail"],"yoast_head":"<!-- This site is optimized with the Yoast SEO plugin v27.3 - https:\/\/yoast.com\/product\/yoast-seo-wordpress\/ -->\n<title>Parcours de l&#039;AlterTour 2014 - AlterTour<\/title>\n<meta name=\"robots\" content=\"index, follow, max-snippet:-1, max-image-preview:large, max-video-preview:-1\" \/>\n<link rel=\"canonical\" href=\"https:\/\/www.altercampagne.net\/?p=6626\" \/>\n<meta property=\"og:locale\" content=\"fr_FR\" \/>\n<meta property=\"og:type\" content=\"article\" \/>\n<meta property=\"og:title\" content=\"Parcours de l&#039;AlterTour 2014 - AlterTour\" \/>\n<meta property=\"og:description\" content=\"En 2014, l&rsquo;AlterTour s&rsquo;\u00e9lancera de Saint-Etienne le 12 juillet pour se terminer \u00e0 La Rochelle le 17 ao\u00fbt. Il passera par la Haute-Loire, le Puy-de-D\u00f4me, le Cantal, la Corr\u00e8ze, la Haute Vienne, la Creuse, la Dordogne, la Charente, la Vienne, les Deux-S\u00e8vres et la Charente-Maritime. Voici un tableau r\u00e9capitulatif des ... Read More\" \/>\n<meta property=\"og:url\" content=\"https:\/\/www.altercampagne.net\/?p=6626\" \/>\n<meta property=\"og:site_name\" content=\"AlterTour\" \/>\n<meta property=\"article:published_time\" content=\"2014-01-18T09:01:19+00:00\" \/>\n<meta property=\"article:modified_time\" content=\"2020-02-24T15:47:12+00:00\" \/>\n<meta property=\"og:image\" content=\"http:\/\/www.altercampagne.net\/wp-content\/uploads\/2017\/02\/AT2014-Parcours.jpg\" \/>\n<meta name=\"author\" content=\"Mathieu\" \/>\n<meta name=\"twitter:card\" content=\"summary_large_image\" \/>\n<meta name=\"twitter:label1\" content=\"\u00c9crit par\" \/>\n\t<meta name=\"twitter:data1\" content=\"Mathieu\" \/>\n\t<meta name=\"twitter:label2\" content=\"Dur\u00e9e de lecture estim\u00e9e\" \/>\n\t<meta name=\"twitter:data2\" content=\"4 minutes\" \/>\n<script type=\"application\/ld+json\" class=\"yoast-schema-graph\">{\"@context\":\"https:\\\/\\\/schema.org\",\"@graph\":[{\"@type\":\"Article\",\"@id\":\"https:\\\/\\\/www.altercampagne.net\\\/?p=6626#article\",\"isPartOf\":{\"@id\":\"https:\\\/\\\/www.altercampagne.net\\\/?p=6626\"},\"author\":{\"name\":\"Mathieu\",\"@id\":\"https:\\\/\\\/www.altercampagne.net\\\/#\\\/schema\\\/person\\\/0f261460c09e430caa0f9bcffa319109\"},\"headline\":\"Parcours de l&rsquo;AlterTour 2014\",\"datePublished\":\"2014-01-18T09:01:19+00:00\",\"dateModified\":\"2020-02-24T15:47:12+00:00\",\"mainEntityOfPage\":{\"@id\":\"https:\\\/\\\/www.altercampagne.net\\\/?p=6626\"},\"wordCount\":764,\"image\":{\"@id\":\"https:\\\/\\\/www.altercampagne.net\\\/?p=6626#primaryimage\"},\"thumbnailUrl\":\"http:\\\/\\\/www.altercampagne.net\\\/wp-content\\\/uploads\\\/2017\\\/02\\\/AT2014-Parcours.jpg\",\"keywords\":[\"tour\",\"2014\",\"Transition\",\"Ayen\",\"la Colporteuse\",\"la scierie\",\"centre d'ailleurs\",\"Haute-Loire\",\"SOS Loire Vivante\",\"observatoire du Betz\",\"Plateau Asile Solidarit\u00e9\",\"cada\",\"Big Jump\",\"Loire Amont Vivante\",\"parcours 2014\",\"Incroyables comestibles\",\"reliez les alternatives \u00e0 v\u00e9lo\",\"autre tour de France\",\"permaculture\",\"altertour 2014\",\"AlterTour\",\"terre de liens\",\"tour cyclo-militant\",\"GAEC de Montravel\",\"Talent rural\",\"\u00e9cosite de la Palfichade\",\"le battement d'ailes\",\"le monde allant vers\",\"la Fr\u00eanaie\",\"la Gibbeuse\",\"le nombril du monde\",\"Christophe BONNEUIL\",\"Chom\u2019Actif\",\"Inf\u2019OGM\",\"Moulin de Busseix\",\"Ambiance bois\",\"Terre de R\u00eaves\",\"CIMADE\",\"PAS\",\"anti-Tour de France\",\"Tour de France\",\"Vasi Jeune\",\"\u00e9cologique\",\"Vincent Liegey\",\"v\u00e9lo\",\"AfterTour\",\"N\u00e9gawatt\",\"Attac\",\"court-circuit\",\"Menet\",\"cyclo-militant\",\"tour de France des Alternatives\",\"Habitat et Humanisme\",\"Alliance citoyenne pour une transition \u00e9cologique et sociale\",\"Ferme de l'Ortie\",\"Transition citoyenne\",\"tour v\u00e9lo \u00e9colo\",\"tour v\u00e9lo \u00e9cologique\",\"tour cyclomilitant\",\"cyclomilitant\",\"tour \u00e0 v\u00e9lo \u00e9colo\",\"tour \u00e0 v\u00e9lo \u00e9cologique\",\"\u00e9colo\",\"agr\u00e9cologie\",\"Oci V\u00e9lo\",\"Anachronique\",\"UPC\",\"Airpur\",\"Hotel de Vils\",\"Ferme des Raux\",\"Tralart\",\"AMAP locale Aydat\",\"Nature &amp; Progr\u00e8s Auvergne\",\"La Grange \u00e0 Ludo\",\"Les p'tits liens du tout\",\"Les Bruy\u00e8res\",\"Le Chaudron des Bordes\",\"Collectif d'Ayen\",\"CENL\",\"P\u2019tite Fabrique Solidaire\",\"Radio Vassivi\u00e8re\",\"T\u00e9l\u00e9 1000 vaches\",\"La Courte \u00e9chelle\",\"Le temps des cerises\",\"Les Plateaux du Limousin\",\"De Fil en R\u00e9seau\",\"T\u00e9l\u00e9 Milesvaches\",\"Collectif r\u00e9seau ferroviaire\",\"Ferme de la m\u00e9tairie d\u2019Oyez\",\"Le Petit Plateau\",\"JardiNature\",\"Incroyable Comestible\",\"Fanzinoth\u00e8que\",\"Compost'age\",\"Jardin de Verrine\",\"Mouton Village\",\"couveuse agricole\",\"commune de Vasles\",\"On loge \u00e0 pied\",\"la Tour d'Auzay\",\"Locibelle\",\"la Briqueterie\",\"La Ch\u00e8vre Rit\",\"Collectif de La Rochelle Initiative Catering\",\"le Puy-de-D\u00f4me\",\"le Cantal\",\"la Corr\u00e8ze\",\"la Haute Vienne\",\"la Creuse\",\"la Dordogne\",\"la Charente\",\"la Vienne\",\"les Deux-S\u00e8vres\",\"la Charente-Maritime\",\"tour de france \u00e9colo\",\"tour de france \u00e9cologique\",\"tour de france agro\u00e9cologie\",\"tour de france transition\",\"tour de france \u00e9colieux\",\"tour de france permaculture\",\"tour de france \u00e9cologie\",\"tour de france climat\",\"tour de France bio\",\"tour de France alternatives\",\"relier les alternatives \u00e0 v\u00e9lo\",\"relions les alternatives \u00e0 v\u00e9lo\",\"tour de France micro-brasserie\"],\"articleSection\":[\"Programmes\",\"\u00c9dition 2014\"],\"inLanguage\":\"fr-FR\"},{\"@type\":\"WebPage\",\"@id\":\"https:\\\/\\\/www.altercampagne.net\\\/?p=6626\",\"url\":\"https:\\\/\\\/www.altercampagne.net\\\/?p=6626\",\"name\":\"Parcours de l'AlterTour 2014 - AlterTour\",\"isPartOf\":{\"@id\":\"https:\\\/\\\/www.altercampagne.net\\\/#website\"},\"primaryImageOfPage\":{\"@id\":\"https:\\\/\\\/www.altercampagne.net\\\/?p=6626#primaryimage\"},\"image\":{\"@id\":\"https:\\\/\\\/www.altercampagne.net\\\/?p=6626#primaryimage\"},\"thumbnailUrl\":\"http:\\\/\\\/www.altercampagne.net\\\/wp-content\\\/uploads\\\/2017\\\/02\\\/AT2014-Parcours.jpg\",\"datePublished\":\"2014-01-18T09:01:19+00:00\",\"dateModified\":\"2020-02-24T15:47:12+00:00\",\"author\":{\"@id\":\"https:\\\/\\\/www.altercampagne.net\\\/#\\\/schema\\\/person\\\/0f261460c09e430caa0f9bcffa319109\"},\"breadcrumb\":{\"@id\":\"https:\\\/\\\/www.altercampagne.net\\\/?p=6626#breadcrumb\"},\"inLanguage\":\"fr-FR\",\"potentialAction\":[{\"@type\":\"ReadAction\",\"target\":[\"https:\\\/\\\/www.altercampagne.net\\\/?p=6626\"]}]},{\"@type\":\"ImageObject\",\"inLanguage\":\"fr-FR\",\"@id\":\"https:\\\/\\\/www.altercampagne.net\\\/?p=6626#primaryimage\",\"url\":\"http:\\\/\\\/www.altercampagne.net\\\/wp-content\\\/uploads\\\/2017\\\/02\\\/AT2014-Parcours.jpg\",\"contentUrl\":\"http:\\\/\\\/www.altercampagne.net\\\/wp-content\\\/uploads\\\/2017\\\/02\\\/AT2014-Parcours.jpg\"},{\"@type\":\"BreadcrumbList\",\"@id\":\"https:\\\/\\\/www.altercampagne.net\\\/?p=6626#breadcrumb\",\"itemListElement\":[{\"@type\":\"ListItem\",\"position\":1,\"name\":\"Accueil\",\"item\":\"https:\\\/\\\/www.altercampagne.net\\\/\"},{\"@type\":\"ListItem\",\"position\":2,\"name\":\"Parcours de l&rsquo;AlterTour 2014\"}]},{\"@type\":\"WebSite\",\"@id\":\"https:\\\/\\\/www.altercampagne.net\\\/#website\",\"url\":\"https:\\\/\\\/www.altercampagne.net\\\/\",\"name\":\"AlterTour\",\"description\":\"Reliez les Alternatives \u00e0 v\u00e9lo\",\"potentialAction\":[{\"@type\":\"SearchAction\",\"target\":{\"@type\":\"EntryPoint\",\"urlTemplate\":\"https:\\\/\\\/www.altercampagne.net\\\/?s={search_term_string}\"},\"query-input\":{\"@type\":\"PropertyValueSpecification\",\"valueRequired\":true,\"valueName\":\"search_term_string\"}}],\"inLanguage\":\"fr-FR\"},{\"@type\":\"Person\",\"@id\":\"https:\\\/\\\/www.altercampagne.net\\\/#\\\/schema\\\/person\\\/0f261460c09e430caa0f9bcffa319109\",\"name\":\"Mathieu\",\"image\":{\"@type\":\"ImageObject\",\"inLanguage\":\"fr-FR\",\"@id\":\"https:\\\/\\\/secure.gravatar.com\\\/avatar\\\/aa9d3d24c83f2141e5e2709d0f63d09a99f6be6bb7a50abc4915838d9f54501a?s=96&d=mm&r=g\",\"url\":\"https:\\\/\\\/secure.gravatar.com\\\/avatar\\\/aa9d3d24c83f2141e5e2709d0f63d09a99f6be6bb7a50abc4915838d9f54501a?s=96&d=mm&r=g\",\"contentUrl\":\"https:\\\/\\\/secure.gravatar.com\\\/avatar\\\/aa9d3d24c83f2141e5e2709d0f63d09a99f6be6bb7a50abc4915838d9f54501a?s=96&d=mm&r=g\",\"caption\":\"Mathieu\"},\"url\":\"https:\\\/\\\/www.altercampagne.net\\\/?author=214\"}]}<\/script>\n<!-- \/ Yoast SEO plugin. -->","yoast_head_json":{"title":"Parcours de l'AlterTour 2014 - AlterTour","robots":{"index":"index","follow":"follow","max-snippet":"max-snippet:-1","max-image-preview":"max-image-preview:large","max-video-preview":"max-video-preview:-1"},"canonical":"https:\/\/www.altercampagne.net\/?p=6626","og_locale":"fr_FR","og_type":"article","og_title":"Parcours de l'AlterTour 2014 - AlterTour","og_description":"En 2014, l&rsquo;AlterTour s&rsquo;\u00e9lancera de Saint-Etienne le 12 juillet pour se terminer \u00e0 La Rochelle le 17 ao\u00fbt. Il passera par la Haute-Loire, le Puy-de-D\u00f4me, le Cantal, la Corr\u00e8ze, la Haute Vienne, la Creuse, la Dordogne, la Charente, la Vienne, les Deux-S\u00e8vres et la Charente-Maritime. Voici un tableau r\u00e9capitulatif des ... Read More","og_url":"https:\/\/www.altercampagne.net\/?p=6626","og_site_name":"AlterTour","article_published_time":"2014-01-18T09:01:19+00:00","article_modified_time":"2020-02-24T15:47:12+00:00","og_image":[{"url":"http:\/\/www.altercampagne.net\/wp-content\/uploads\/2017\/02\/AT2014-Parcours.jpg","type":"","width":"","height":""}],"author":"Mathieu","twitter_card":"summary_large_image","twitter_misc":{"\u00c9crit par":"Mathieu","Dur\u00e9e de lecture estim\u00e9e":"4 minutes"},"schema":{"@context":"https:\/\/schema.org","@graph":[{"@type":"Article","@id":"https:\/\/www.altercampagne.net\/?p=6626#article","isPartOf":{"@id":"https:\/\/www.altercampagne.net\/?p=6626"},"author":{"name":"Mathieu","@id":"https:\/\/www.altercampagne.net\/#\/schema\/person\/0f261460c09e430caa0f9bcffa319109"},"headline":"Parcours de l&rsquo;AlterTour 2014","datePublished":"2014-01-18T09:01:19+00:00","dateModified":"2020-02-24T15:47:12+00:00","mainEntityOfPage":{"@id":"https:\/\/www.altercampagne.net\/?p=6626"},"wordCount":764,"image":{"@id":"https:\/\/www.altercampagne.net\/?p=6626#primaryimage"},"thumbnailUrl":"http:\/\/www.altercampagne.net\/wp-content\/uploads\/2017\/02\/AT2014-Parcours.jpg","keywords":["tour","2014","Transition","Ayen","la Colporteuse","la scierie","centre d'ailleurs","Haute-Loire","SOS Loire Vivante","observatoire du Betz","Plateau Asile Solidarit\u00e9","cada","Big Jump","Loire Amont Vivante","parcours 2014","Incroyables comestibles","reliez les alternatives \u00e0 v\u00e9lo","autre tour de France","permaculture","altertour 2014","AlterTour","terre de liens","tour cyclo-militant","GAEC de Montravel","Talent rural","\u00e9cosite de la Palfichade","le battement d'ailes","le monde allant vers","la Fr\u00eanaie","la Gibbeuse","le nombril du monde","Christophe BONNEUIL","Chom\u2019Actif","Inf\u2019OGM","Moulin de Busseix","Ambiance bois","Terre de R\u00eaves","CIMADE","PAS","anti-Tour de France","Tour de France","Vasi Jeune","\u00e9cologique","Vincent Liegey","v\u00e9lo","AfterTour","N\u00e9gawatt","Attac","court-circuit","Menet","cyclo-militant","tour de France des Alternatives","Habitat et Humanisme","Alliance citoyenne pour une transition \u00e9cologique et sociale","Ferme de l'Ortie","Transition citoyenne","tour v\u00e9lo \u00e9colo","tour v\u00e9lo \u00e9cologique","tour cyclomilitant","cyclomilitant","tour \u00e0 v\u00e9lo \u00e9colo","tour \u00e0 v\u00e9lo \u00e9cologique","\u00e9colo","agr\u00e9cologie","Oci V\u00e9lo","Anachronique","UPC","Airpur","Hotel de Vils","Ferme des Raux","Tralart","AMAP locale Aydat","Nature &amp; Progr\u00e8s Auvergne","La Grange \u00e0 Ludo","Les p'tits liens du tout","Les Bruy\u00e8res","Le Chaudron des Bordes","Collectif d'Ayen","CENL","P\u2019tite Fabrique Solidaire","Radio Vassivi\u00e8re","T\u00e9l\u00e9 1000 vaches","La Courte \u00e9chelle","Le temps des cerises","Les Plateaux du Limousin","De Fil en R\u00e9seau","T\u00e9l\u00e9 Milesvaches","Collectif r\u00e9seau ferroviaire","Ferme de la m\u00e9tairie d\u2019Oyez","Le Petit Plateau","JardiNature","Incroyable Comestible","Fanzinoth\u00e8que","Compost'age","Jardin de Verrine","Mouton Village","couveuse agricole","commune de Vasles","On loge \u00e0 pied","la Tour d'Auzay","Locibelle","la Briqueterie","La Ch\u00e8vre Rit","Collectif de La Rochelle Initiative Catering","le Puy-de-D\u00f4me","le Cantal","la Corr\u00e8ze","la Haute Vienne","la Creuse","la Dordogne","la Charente","la Vienne","les Deux-S\u00e8vres","la Charente-Maritime","tour de france \u00e9colo","tour de france \u00e9cologique","tour de france agro\u00e9cologie","tour de france transition","tour de france \u00e9colieux","tour de france permaculture","tour de france \u00e9cologie","tour de france climat","tour de France bio","tour de France alternatives","relier les alternatives \u00e0 v\u00e9lo","relions les alternatives \u00e0 v\u00e9lo","tour de France micro-brasserie"],"articleSection":["Programmes","\u00c9dition 2014"],"inLanguage":"fr-FR"},{"@type":"WebPage","@id":"https:\/\/www.altercampagne.net\/?p=6626","url":"https:\/\/www.altercampagne.net\/?p=6626","name":"Parcours de l'AlterTour 2014 - AlterTour","isPartOf":{"@id":"https:\/\/www.altercampagne.net\/#website"},"primaryImageOfPage":{"@id":"https:\/\/www.altercampagne.net\/?p=6626#primaryimage"},"image":{"@id":"https:\/\/www.altercampagne.net\/?p=6626#primaryimage"},"thumbnailUrl":"http:\/\/www.altercampagne.net\/wp-content\/uploads\/2017\/02\/AT2014-Parcours.jpg","datePublished":"2014-01-18T09:01:19+00:00","dateModified":"2020-02-24T15:47:12+00:00","author":{"@id":"https:\/\/www.altercampagne.net\/#\/schema\/person\/0f261460c09e430caa0f9bcffa319109"},"breadcrumb":{"@id":"https:\/\/www.altercampagne.net\/?p=6626#breadcrumb"},"inLanguage":"fr-FR","potentialAction":[{"@type":"ReadAction","target":["https:\/\/www.altercampagne.net\/?p=6626"]}]},{"@type":"ImageObject","inLanguage":"fr-FR","@id":"https:\/\/www.altercampagne.net\/?p=6626#primaryimage","url":"http:\/\/www.altercampagne.net\/wp-content\/uploads\/2017\/02\/AT2014-Parcours.jpg","contentUrl":"http:\/\/www.altercampagne.net\/wp-content\/uploads\/2017\/02\/AT2014-Parcours.jpg"},{"@type":"BreadcrumbList","@id":"https:\/\/www.altercampagne.net\/?p=6626#breadcrumb","itemListElement":[{"@type":"ListItem","position":1,"name":"Accueil","item":"https:\/\/www.altercampagne.net\/"},{"@type":"ListItem","position":2,"name":"Parcours de l&rsquo;AlterTour 2014"}]},{"@type":"WebSite","@id":"https:\/\/www.altercampagne.net\/#website","url":"https:\/\/www.altercampagne.net\/","name":"AlterTour","description":"Reliez les Alternatives \u00e0 v\u00e9lo","potentialAction":[{"@type":"SearchAction","target":{"@type":"EntryPoint","urlTemplate":"https:\/\/www.altercampagne.net\/?s={search_term_string}"},"query-input":{"@type":"PropertyValueSpecification","valueRequired":true,"valueName":"search_term_string"}}],"inLanguage":"fr-FR"},{"@type":"Person","@id":"https:\/\/www.altercampagne.net\/#\/schema\/person\/0f261460c09e430caa0f9bcffa319109","name":"Mathieu","image":{"@type":"ImageObject","inLanguage":"fr-FR","@id":"https:\/\/secure.gravatar.com\/avatar\/aa9d3d24c83f2141e5e2709d0f63d09a99f6be6bb7a50abc4915838d9f54501a?s=96&d=mm&r=g","url":"https:\/\/secure.gravatar.com\/avatar\/aa9d3d24c83f2141e5e2709d0f63d09a99f6be6bb7a50abc4915838d9f54501a?s=96&d=mm&r=g","contentUrl":"https:\/\/secure.gravatar.com\/avatar\/aa9d3d24c83f2141e5e2709d0f63d09a99f6be6bb7a50abc4915838d9f54501a?s=96&d=mm&r=g","caption":"Mathieu"},"url":"https:\/\/www.altercampagne.net\/?author=214"}]}},"_links":{"self":[{"href":"https:\/\/www.altercampagne.net\/index.php?rest_route=\/wp\/v2\/posts\/6626","targetHints":{"allow":["GET"]}}],"collection":[{"href":"https:\/\/www.altercampagne.net\/index.php?rest_route=\/wp\/v2\/posts"}],"about":[{"href":"https:\/\/www.altercampagne.net\/index.php?rest_route=\/wp\/v2\/types\/post"}],"author":[{"embeddable":true,"href":"https:\/\/www.altercampagne.net\/index.php?rest_route=\/wp\/v2\/users\/214"}],"replies":[{"embeddable":true,"href":"https:\/\/www.altercampagne.net\/index.php?rest_route=%2Fwp%2Fv2%2Fcomments&post=6626"}],"version-history":[{"count":1,"href":"https:\/\/www.altercampagne.net\/index.php?rest_route=\/wp\/v2\/posts\/6626\/revisions"}],"predecessor-version":[{"id":17390,"href":"https:\/\/www.altercampagne.net\/index.php?rest_route=\/wp\/v2\/posts\/6626\/revisions\/17390"}],"wp:attachment":[{"href":"https:\/\/www.altercampagne.net\/index.php?rest_route=%2Fwp%2Fv2%2Fmedia&parent=6626"}],"wp:term":[{"taxonomy":"category","embeddable":true,"href":"https:\/\/www.altercampagne.net\/index.php?rest_route=%2Fwp%2Fv2%2Fcategories&post=6626"},{"taxonomy":"post_tag","embeddable":true,"href":"https:\/\/www.altercampagne.net\/index.php?rest_route=%2Fwp%2Fv2%2Ftags&post=6626"}],"curies":[{"name":"wp","href":"https:\/\/api.w.org\/{rel}","templated":true}]}}