{"id":6637,"date":"2017-03-10T20:44:48","date_gmt":"2017-03-10T19:44:48","guid":{"rendered":"http:\/\/www.altercampagne.net\/?p=6637"},"modified":"2020-02-24T14:57:12","modified_gmt":"2020-02-24T13:57:12","slug":"reunion-de-preparation-de-laltertour-les-18-et-19-mars-2017-a-toulouse","status":"publish","type":"post","link":"https:\/\/www.altercampagne.net\/?p=6637","title":{"rendered":"R\u00e9union de pr\u00e9paration de l\u2019AlterTour, les 18 et 19 mars 2017 \u00e0 Toulouse"},"content":{"rendered":"<p>Samedi : rendez-vous \u00e0 la Maison de l&rsquo;Economie Solidaire (MES) : 73 Chemin Mange-pommes &#8211; 31520 Ramonville Saint-Agne<br \/>\nDimanche : Centre Autog\u00e9r\u00e9 Social et Culturel (CASC) de Toulouse : 10bis rue du Colonel Driant, 31400 Toulouse<\/p>\n<p>Samedi \u00e0 la MES<br \/>\n09h00 : Accueil caf\u00e9 &#8211; Brise-glace<br \/>\n09h30 &#8211; 10h00 : AG Extraordinaire<br \/>\n10h00 &#8211; 11h30 : Pr\u00e9sentation de l\u2019AlterTour \/ \u00c9changes avec V\u00e9lorution Toulouse, la Ferme de la Bouzigue et Mascoop<br \/>\n11h30 &#8211; 11h45 : Pause<br \/>\n11h45 &#8211; 12h45 : Recueil + T-shirt + Affiche 2017<br \/>\n12h45 &#8211; 14h00 : Repas partag\u00e9<br \/>\n14h00 &#8211; 15h00 : Pr\u00e9sentation de l\u2019AlterTour \/ \u00c9changes avec le R\u00e9zo Ecolo Libertaire et le Collectif Cr\u00e9atif du Castellas<br \/>\n15h00 &#8211; 16h00 : Parcours<br \/>\n16h00 &#8211; 16h15 : Pause<br \/>\n16h15 &#8211; 17h00 : Groupe de travail<br \/>\n&#8211; Organisation du festival itin\u00e9rant<br \/>\n&#8211; Tableau des t\u00e2ches<br \/>\n&#8211; WE Iv\u00e9co<br \/>\n17h00 &#8211; 17h45 : Groupe de travail<\/p>\n<p>Dimanche 19 mars au CASC<br \/>\n09h00 : Accueil &#8211; Brise glace<br \/>\nAdministratif (Inscriptions\/Courrier) &#8211; ou dimanche apr\u00e8s-midi selon sondage samedi matin (45 min)<br \/>\nPr\u00e9sentation AT \/ rencontre avec Val Tolosa, l&rsquo;an 01 et Via Branchy (1h30 \u00e0 2h)<br \/>\n12h00 &#8211; 13h30 : Repas partag\u00e9<br \/>\nLocation des v\u00e9los \u00e0 la MFR + Renouvellement des v\u00e9los ?<br \/>\nWE de l\u2019agriculture urbaine<\/p>\n","protected":false},"excerpt":{"rendered":"<p>Samedi : rendez-vous \u00e0 la Maison de l&rsquo;Economie Solidaire (MES) : 73 Chemin Mange-pommes &#8211; 31520 Ramonville Saint-Agne Dimanche : Centre Autog\u00e9r\u00e9 Social et Culturel (CASC) de Toulouse : 10bis rue du Colonel Driant, 31400 Toulouse Samedi \u00e0 la MES 09h00 : Accueil caf\u00e9 &#8211; Brise-glace 09h30 &#8211; 10h00 : &#8230; <\/p>\n<div><a href=\"https:\/\/www.altercampagne.net\/?p=6637\" class=\"more-link\">Read More<\/a><\/div>\n","protected":false},"author":214,"featured_media":0,"comment_status":"closed","ping_status":"closed","sticky":false,"template":"","format":"standard","meta":{"footnotes":""},"categories":[3539],"tags":[2938,2947,2946,2945,2944,2943,2942,2941,2940,2939,88,2839,2787,2784,2783,1858,1856,1851,476,434],"class_list":["post-6637","post","type-post","status-publish","format-standard","hentry","category-we-de-preparation","tag-centre-autogere-social-et-culturel","tag-mars-2017","tag-via-branchy","tag-lan-01","tag-val-tolosa","tag-le-collectif-creatif-du-castellas","tag-rezo-ecolo-libertaire","tag-mascoop","tag-la-ferme-de-la-bouzigue","tag-casc","tag-toulouse","tag-ordre-du-jour","tag-velorution-toulouse","tag-2784","tag-altertour-2017","tag-ramonville-saint-agne","tag-mes","tag-maison-de-leconomie-solidaire","tag-reunion","tag-pleniere","no-post-thumbnail"],"yoast_head":"<!-- This site is optimized with the Yoast SEO plugin v27.3 - https:\/\/yoast.com\/product\/yoast-seo-wordpress\/ -->\n<title>R\u00e9union de pr\u00e9paration de l\u2019AlterTour, les 18 et 19 mars 2017 \u00e0 Toulouse - AlterTour<\/title>\n<meta name=\"robots\" content=\"index, follow, max-snippet:-1, max-image-preview:large, max-video-preview:-1\" \/>\n<link rel=\"canonical\" href=\"https:\/\/www.altercampagne.net\/?p=6637\" \/>\n<meta property=\"og:locale\" content=\"fr_FR\" \/>\n<meta property=\"og:type\" content=\"article\" \/>\n<meta property=\"og:title\" content=\"R\u00e9union de pr\u00e9paration de l\u2019AlterTour, les 18 et 19 mars 2017 \u00e0 Toulouse - AlterTour\" \/>\n<meta property=\"og:description\" content=\"Samedi : rendez-vous \u00e0 la Maison de l&rsquo;Economie Solidaire (MES) : 73 Chemin Mange-pommes &#8211; 31520 Ramonville Saint-Agne Dimanche : Centre Autog\u00e9r\u00e9 Social et Culturel (CASC) de Toulouse : 10bis rue du Colonel Driant, 31400 Toulouse Samedi \u00e0 la MES 09h00 : Accueil caf\u00e9 &#8211; Brise-glace 09h30 &#8211; 10h00 : ... Read More\" \/>\n<meta property=\"og:url\" content=\"https:\/\/www.altercampagne.net\/?p=6637\" \/>\n<meta property=\"og:site_name\" content=\"AlterTour\" \/>\n<meta property=\"article:published_time\" content=\"2017-03-10T19:44:48+00:00\" \/>\n<meta property=\"article:modified_time\" content=\"2020-02-24T13:57:12+00:00\" \/>\n<meta name=\"author\" content=\"Mathieu\" \/>\n<meta name=\"twitter:card\" content=\"summary_large_image\" \/>\n<meta name=\"twitter:label1\" content=\"\u00c9crit par\" \/>\n\t<meta name=\"twitter:data1\" content=\"Mathieu\" \/>\n\t<meta name=\"twitter:label2\" content=\"Dur\u00e9e de lecture estim\u00e9e\" \/>\n\t<meta name=\"twitter:data2\" content=\"1 minute\" \/>\n<script type=\"application\/ld+json\" class=\"yoast-schema-graph\">{\"@context\":\"https:\\\/\\\/schema.org\",\"@graph\":[{\"@type\":\"Article\",\"@id\":\"https:\\\/\\\/www.altercampagne.net\\\/?p=6637#article\",\"isPartOf\":{\"@id\":\"https:\\\/\\\/www.altercampagne.net\\\/?p=6637\"},\"author\":{\"name\":\"Mathieu\",\"@id\":\"https:\\\/\\\/www.altercampagne.net\\\/#\\\/schema\\\/person\\\/0f261460c09e430caa0f9bcffa319109\"},\"headline\":\"R\u00e9union de pr\u00e9paration de l\u2019AlterTour, les 18 et 19 mars 2017 \u00e0 Toulouse\",\"datePublished\":\"2017-03-10T19:44:48+00:00\",\"dateModified\":\"2020-02-24T13:57:12+00:00\",\"mainEntityOfPage\":{\"@id\":\"https:\\\/\\\/www.altercampagne.net\\\/?p=6637\"},\"wordCount\":203,\"keywords\":[\"Centre Autog\u00e9r\u00e9 Social et Culturel\",\"mars 2017\",\"Via Branchy\",\"l'an 01\",\"Val Tolosa\",\"le Collectif Cr\u00e9atif du Castellas\",\"R\u00e9zo Ecolo Libertaire\",\"Mascoop\",\"la Ferme de la Bouzigue\",\"CASC\",\"Toulouse\",\"ordre du jour\",\"V\u00e9lorution Toulouse\",\"2017\",\"AlterTour 2017\",\"Ramonville-Saint-Agne\",\"MES\",\"Maison de l\u2019Economie Solidaire\",\"r\u00e9union\",\"pl\u00e9ni\u00e8re\"],\"articleSection\":[\"WE de pr\u00e9paration\"],\"inLanguage\":\"fr-FR\"},{\"@type\":\"WebPage\",\"@id\":\"https:\\\/\\\/www.altercampagne.net\\\/?p=6637\",\"url\":\"https:\\\/\\\/www.altercampagne.net\\\/?p=6637\",\"name\":\"R\u00e9union de pr\u00e9paration de l\u2019AlterTour, les 18 et 19 mars 2017 \u00e0 Toulouse - AlterTour\",\"isPartOf\":{\"@id\":\"https:\\\/\\\/www.altercampagne.net\\\/#website\"},\"datePublished\":\"2017-03-10T19:44:48+00:00\",\"dateModified\":\"2020-02-24T13:57:12+00:00\",\"author\":{\"@id\":\"https:\\\/\\\/www.altercampagne.net\\\/#\\\/schema\\\/person\\\/0f261460c09e430caa0f9bcffa319109\"},\"breadcrumb\":{\"@id\":\"https:\\\/\\\/www.altercampagne.net\\\/?p=6637#breadcrumb\"},\"inLanguage\":\"fr-FR\",\"potentialAction\":[{\"@type\":\"ReadAction\",\"target\":[\"https:\\\/\\\/www.altercampagne.net\\\/?p=6637\"]}]},{\"@type\":\"BreadcrumbList\",\"@id\":\"https:\\\/\\\/www.altercampagne.net\\\/?p=6637#breadcrumb\",\"itemListElement\":[{\"@type\":\"ListItem\",\"position\":1,\"name\":\"Accueil\",\"item\":\"https:\\\/\\\/www.altercampagne.net\\\/\"},{\"@type\":\"ListItem\",\"position\":2,\"name\":\"R\u00e9union de pr\u00e9paration de l\u2019AlterTour, les 18 et 19 mars 2017 \u00e0 Toulouse\"}]},{\"@type\":\"WebSite\",\"@id\":\"https:\\\/\\\/www.altercampagne.net\\\/#website\",\"url\":\"https:\\\/\\\/www.altercampagne.net\\\/\",\"name\":\"AlterTour\",\"description\":\"Reliez les Alternatives \u00e0 v\u00e9lo\",\"potentialAction\":[{\"@type\":\"SearchAction\",\"target\":{\"@type\":\"EntryPoint\",\"urlTemplate\":\"https:\\\/\\\/www.altercampagne.net\\\/?s={search_term_string}\"},\"query-input\":{\"@type\":\"PropertyValueSpecification\",\"valueRequired\":true,\"valueName\":\"search_term_string\"}}],\"inLanguage\":\"fr-FR\"},{\"@type\":\"Person\",\"@id\":\"https:\\\/\\\/www.altercampagne.net\\\/#\\\/schema\\\/person\\\/0f261460c09e430caa0f9bcffa319109\",\"name\":\"Mathieu\",\"image\":{\"@type\":\"ImageObject\",\"inLanguage\":\"fr-FR\",\"@id\":\"https:\\\/\\\/secure.gravatar.com\\\/avatar\\\/aa9d3d24c83f2141e5e2709d0f63d09a99f6be6bb7a50abc4915838d9f54501a?s=96&d=mm&r=g\",\"url\":\"https:\\\/\\\/secure.gravatar.com\\\/avatar\\\/aa9d3d24c83f2141e5e2709d0f63d09a99f6be6bb7a50abc4915838d9f54501a?s=96&d=mm&r=g\",\"contentUrl\":\"https:\\\/\\\/secure.gravatar.com\\\/avatar\\\/aa9d3d24c83f2141e5e2709d0f63d09a99f6be6bb7a50abc4915838d9f54501a?s=96&d=mm&r=g\",\"caption\":\"Mathieu\"},\"url\":\"https:\\\/\\\/www.altercampagne.net\\\/?author=214\"}]}<\/script>\n<!-- \/ Yoast SEO plugin. -->","yoast_head_json":{"title":"R\u00e9union de pr\u00e9paration de l\u2019AlterTour, les 18 et 19 mars 2017 \u00e0 Toulouse - AlterTour","robots":{"index":"index","follow":"follow","max-snippet":"max-snippet:-1","max-image-preview":"max-image-preview:large","max-video-preview":"max-video-preview:-1"},"canonical":"https:\/\/www.altercampagne.net\/?p=6637","og_locale":"fr_FR","og_type":"article","og_title":"R\u00e9union de pr\u00e9paration de l\u2019AlterTour, les 18 et 19 mars 2017 \u00e0 Toulouse - AlterTour","og_description":"Samedi : rendez-vous \u00e0 la Maison de l&rsquo;Economie Solidaire (MES) : 73 Chemin Mange-pommes &#8211; 31520 Ramonville Saint-Agne Dimanche : Centre Autog\u00e9r\u00e9 Social et Culturel (CASC) de Toulouse : 10bis rue du Colonel Driant, 31400 Toulouse Samedi \u00e0 la MES 09h00 : Accueil caf\u00e9 &#8211; Brise-glace 09h30 &#8211; 10h00 : ... Read More","og_url":"https:\/\/www.altercampagne.net\/?p=6637","og_site_name":"AlterTour","article_published_time":"2017-03-10T19:44:48+00:00","article_modified_time":"2020-02-24T13:57:12+00:00","author":"Mathieu","twitter_card":"summary_large_image","twitter_misc":{"\u00c9crit par":"Mathieu","Dur\u00e9e de lecture estim\u00e9e":"1 minute"},"schema":{"@context":"https:\/\/schema.org","@graph":[{"@type":"Article","@id":"https:\/\/www.altercampagne.net\/?p=6637#article","isPartOf":{"@id":"https:\/\/www.altercampagne.net\/?p=6637"},"author":{"name":"Mathieu","@id":"https:\/\/www.altercampagne.net\/#\/schema\/person\/0f261460c09e430caa0f9bcffa319109"},"headline":"R\u00e9union de pr\u00e9paration de l\u2019AlterTour, les 18 et 19 mars 2017 \u00e0 Toulouse","datePublished":"2017-03-10T19:44:48+00:00","dateModified":"2020-02-24T13:57:12+00:00","mainEntityOfPage":{"@id":"https:\/\/www.altercampagne.net\/?p=6637"},"wordCount":203,"keywords":["Centre Autog\u00e9r\u00e9 Social et Culturel","mars 2017","Via Branchy","l'an 01","Val Tolosa","le Collectif Cr\u00e9atif du Castellas","R\u00e9zo Ecolo Libertaire","Mascoop","la Ferme de la Bouzigue","CASC","Toulouse","ordre du jour","V\u00e9lorution Toulouse","2017","AlterTour 2017","Ramonville-Saint-Agne","MES","Maison de l\u2019Economie Solidaire","r\u00e9union","pl\u00e9ni\u00e8re"],"articleSection":["WE de pr\u00e9paration"],"inLanguage":"fr-FR"},{"@type":"WebPage","@id":"https:\/\/www.altercampagne.net\/?p=6637","url":"https:\/\/www.altercampagne.net\/?p=6637","name":"R\u00e9union de pr\u00e9paration de l\u2019AlterTour, les 18 et 19 mars 2017 \u00e0 Toulouse - AlterTour","isPartOf":{"@id":"https:\/\/www.altercampagne.net\/#website"},"datePublished":"2017-03-10T19:44:48+00:00","dateModified":"2020-02-24T13:57:12+00:00","author":{"@id":"https:\/\/www.altercampagne.net\/#\/schema\/person\/0f261460c09e430caa0f9bcffa319109"},"breadcrumb":{"@id":"https:\/\/www.altercampagne.net\/?p=6637#breadcrumb"},"inLanguage":"fr-FR","potentialAction":[{"@type":"ReadAction","target":["https:\/\/www.altercampagne.net\/?p=6637"]}]},{"@type":"BreadcrumbList","@id":"https:\/\/www.altercampagne.net\/?p=6637#breadcrumb","itemListElement":[{"@type":"ListItem","position":1,"name":"Accueil","item":"https:\/\/www.altercampagne.net\/"},{"@type":"ListItem","position":2,"name":"R\u00e9union de pr\u00e9paration de l\u2019AlterTour, les 18 et 19 mars 2017 \u00e0 Toulouse"}]},{"@type":"WebSite","@id":"https:\/\/www.altercampagne.net\/#website","url":"https:\/\/www.altercampagne.net\/","name":"AlterTour","description":"Reliez les Alternatives \u00e0 v\u00e9lo","potentialAction":[{"@type":"SearchAction","target":{"@type":"EntryPoint","urlTemplate":"https:\/\/www.altercampagne.net\/?s={search_term_string}"},"query-input":{"@type":"PropertyValueSpecification","valueRequired":true,"valueName":"search_term_string"}}],"inLanguage":"fr-FR"},{"@type":"Person","@id":"https:\/\/www.altercampagne.net\/#\/schema\/person\/0f261460c09e430caa0f9bcffa319109","name":"Mathieu","image":{"@type":"ImageObject","inLanguage":"fr-FR","@id":"https:\/\/secure.gravatar.com\/avatar\/aa9d3d24c83f2141e5e2709d0f63d09a99f6be6bb7a50abc4915838d9f54501a?s=96&d=mm&r=g","url":"https:\/\/secure.gravatar.com\/avatar\/aa9d3d24c83f2141e5e2709d0f63d09a99f6be6bb7a50abc4915838d9f54501a?s=96&d=mm&r=g","contentUrl":"https:\/\/secure.gravatar.com\/avatar\/aa9d3d24c83f2141e5e2709d0f63d09a99f6be6bb7a50abc4915838d9f54501a?s=96&d=mm&r=g","caption":"Mathieu"},"url":"https:\/\/www.altercampagne.net\/?author=214"}]}},"_links":{"self":[{"href":"https:\/\/www.altercampagne.net\/index.php?rest_route=\/wp\/v2\/posts\/6637","targetHints":{"allow":["GET"]}}],"collection":[{"href":"https:\/\/www.altercampagne.net\/index.php?rest_route=\/wp\/v2\/posts"}],"about":[{"href":"https:\/\/www.altercampagne.net\/index.php?rest_route=\/wp\/v2\/types\/post"}],"author":[{"embeddable":true,"href":"https:\/\/www.altercampagne.net\/index.php?rest_route=\/wp\/v2\/users\/214"}],"replies":[{"embeddable":true,"href":"https:\/\/www.altercampagne.net\/index.php?rest_route=%2Fwp%2Fv2%2Fcomments&post=6637"}],"version-history":[{"count":1,"href":"https:\/\/www.altercampagne.net\/index.php?rest_route=\/wp\/v2\/posts\/6637\/revisions"}],"predecessor-version":[{"id":17313,"href":"https:\/\/www.altercampagne.net\/index.php?rest_route=\/wp\/v2\/posts\/6637\/revisions\/17313"}],"wp:attachment":[{"href":"https:\/\/www.altercampagne.net\/index.php?rest_route=%2Fwp%2Fv2%2Fmedia&parent=6637"}],"wp:term":[{"taxonomy":"category","embeddable":true,"href":"https:\/\/www.altercampagne.net\/index.php?rest_route=%2Fwp%2Fv2%2Fcategories&post=6637"},{"taxonomy":"post_tag","embeddable":true,"href":"https:\/\/www.altercampagne.net\/index.php?rest_route=%2Fwp%2Fv2%2Ftags&post=6637"}],"curies":[{"name":"wp","href":"https:\/\/api.w.org\/{rel}","templated":true}]}}