{"id":6707,"date":"2016-05-01T23:11:35","date_gmt":"2016-05-01T21:11:35","guid":{"rendered":"http:\/\/www.altercampagne.net\/?p=6707"},"modified":"2020-02-24T17:21:21","modified_gmt":"2020-02-24T16:21:21","slug":"parcours-de-laltertour-2016-2","status":"publish","type":"post","link":"https:\/\/www.altercampagne.net\/?p=6707","title":{"rendered":"Parcours de l&rsquo;AlterTour 2016"},"content":{"rendered":"<map name=\"etapes\">\n<area coords=\"672,55,20\" shape=\"circle\" href=\"?p=172&amp;route=1\"><\/map>\n<p>&nbsp;<\/p>\n<p><a href=\"http:\/\/www.altercampagne.net\/?page_id=172\"><img loading=\"lazy\" decoding=\"async\" class=\" wp-image-5007 size-full alignleft\" src=\"http:\/\/www.altercampagne.net\/wp-content\/uploads\/2014\/11\/2015-05-10-Parcours-2016-Bretagne-vignette-bd.jpg\" alt=\"Parcours 2016\" width=\"400\" height=\"305\" srcset=\"https:\/\/www.altercampagne.net\/wp-content\/uploads\/2014\/11\/2015-05-10-Parcours-2016-Bretagne-vignette-bd.jpg 400w, https:\/\/www.altercampagne.net\/wp-content\/uploads\/2014\/11\/2015-05-10-Parcours-2016-Bretagne-vignette-bd-300x229.jpg 300w\" sizes=\"auto, (max-width: 400px) 100vw, 400px\" \/><\/a><a href=\"http:\/\/www.altercampagne.net\/?page_id=4917\"><img loading=\"lazy\" decoding=\"async\" class=\" wp-image-5095 size-full alignleft\" src=\"http:\/\/www.altercampagne.net\/wp-content\/uploads\/2016\/05\/2015-05-10-Parcours-2016-EB-vignette-bd.jpg\" alt=\"Parcours 2016 Echapp\u00e9e Belle\" width=\"400\" height=\"305\" srcset=\"https:\/\/www.altercampagne.net\/wp-content\/uploads\/2016\/05\/2015-05-10-Parcours-2016-EB-vignette-bd.jpg 400w, https:\/\/www.altercampagne.net\/wp-content\/uploads\/2016\/05\/2015-05-10-Parcours-2016-EB-vignette-bd-300x229.jpg 300w\" sizes=\"auto, (max-width: 400px) 100vw, 400px\" \/><\/a><\/p>\n<p>&nbsp;<\/p>\n<p>&nbsp;<\/p>\n<p>&nbsp;<\/p>\n<p>&nbsp;<\/p>\n<p>&nbsp;<\/p>\n<p>&nbsp;<\/p>\n<p>&nbsp;<\/p>\n<p>&nbsp;<\/p>\n<p>&nbsp;<\/p>\n<p>&nbsp;<\/p>\n<p>&nbsp;<\/p>\n<p>Cette ann\u00e9e nous exp\u00e9rimentons les \u00e9chapp\u00e9es Belles. Du 23 (Saint- Brieuc) au 26 juillet (Tr\u00e9margat) et du 1er (Plomeur) au 6 ao\u00fbt (Pl\u00e9vin) un petit groupe d&rsquo;une vingtaine d&rsquo;Altercycliste quittera le groupe de l&rsquo;AlterTour sur un parcours bis sans v\u00e9hicule. Sur l&rsquo;\u00c9chapp\u00e9es Belles il est conseiller de venir avec des sacoches imperm\u00e9ables et une tente facilement transportable sur un v\u00e9lo.<\/p>\n<p>Cliquez sur l&rsquo;onglet <a href=\"http:\/\/www.altercampagne.net\/?page_id=172\">Parcours &amp; Programme<\/a> pour d\u00e9couvrir le programme de l&rsquo;AlterTour 2016 !<\/p>\n<p>Toutes les \u00e9tapes sont en cours de pr\u00e9paration, le programme est susceptible d&rsquo;\u00e9voluer d&rsquo;ici \u00e0 l&rsquo;AlterTour&#8230; Pensez \u00e0 revenir faire un tour sur les pages des \u00e9tapes auxquelles vous participez !<\/p>\n<p><span style=\"color: #ff0000;\">Dimanche 10 juillet : Notre-Dame-des-Landes &#8211; Jou\u00e9 sur Erdre &#8211; 20 km &#8211; <a style=\"color: #ff0000;\" href=\"http:\/\/www.altercampagne.net\/?page_id=172&amp;route=51\">ACIPA, Copain 44 et FDCIVAM<\/a> -Ferm\u00e9e aux inscriptions<\/span><br \/>\n<span style=\"color: #ff0000;\"> Lundi 11 juillet : Jou\u00e9 sur Erdre &#8211; Soulvache &#8211; 46 km &#8211; <a style=\"color: #ff0000;\" href=\"http:\/\/www.altercampagne.net\/?page_id=172&amp;route=54\">Le Manoir de la Gr\u00e9e<\/a> -Ferm\u00e9e aux inscriptions<\/span><br \/>\n<span style=\"color: #ff0000;\"> Mardi 12 juillet : Soulvache &#8211; 0 km &#8211; <a style=\"color: #ff0000;\" href=\"http:\/\/www.altercampagne.net\/?page_id=172&amp;route=55\">Le Manoir de la Gr\u00e9e <\/a> -Ferm\u00e9e aux inscriptions<\/span><br \/>\n<span style=\"color: #ff0000;\"> Mercredi 13 juillet : Soulvache &#8211; M\u00e9ral &#8211; 45 km &#8211; <a style=\"color: #ff0000;\" href=\"http:\/\/www.altercampagne.net\/?page_id=172&amp;route=56\">La Ferme Brasserie de l&rsquo;Oudon <\/a>&#8211; Ferm\u00e9e aux inscriptions<\/span><br \/>\n<span style=\"color: #ff0000;\"> Jeudi 14 juillet : M\u00e9ral &#8211; Laval &#8211; Montflours &#8211; 42 km &#8211; <a style=\"color: #ff0000;\" href=\"http:\/\/www.altercampagne.net\/?page_id=172&amp;route=57\">L&rsquo;Amap les Resses de la Semaine, Mayenne en Transition et le GAEC Radis &amp; Co <\/a> &#8211; Ferm\u00e9e aux inscriptions<\/span><br \/>\n<span style=\"color: #ff0000;\"> Vendredi 15 juillet : Montflours &#8211; 0 km &#8211; <a style=\"color: #ff0000;\" href=\"http:\/\/www.altercampagne.net\/?page_id=172&amp;route=58\">Le GAEC Radis &amp; Co et la Brasserie Associative de Montflours<\/a> &#8211; Ferm\u00e9e aux inscriptions<\/span><br \/>\n<span style=\"color: #ff0000;\"> Samedi 16 juillet : Montflours &#8211;&nbsp;Fontaine Daniel &#8211; 18 km &#8211; <a style=\"color: #ff0000;\" href=\"http:\/\/www.altercampagne.net\/?page_id=172&amp;route=59\">L&rsquo;Epicerie coop\u00e9rative de Fontaine-Daniel et la Monnaie locale le Sou <\/a>&#8211; Ferm\u00e9e aux inscriptions<\/span><br \/>\n<span style=\"color: #ff0000;\"> Dimanche 17 juillet : Fontaine Daniel &#8211; Laignelet &#8211; 44 km &#8211; <a style=\"color: #ff0000;\" href=\"http:\/\/www.altercampagne.net\/?page_id=172&amp;route=60\">La Ch\u00e8vrerie de la Hubaudi\u00e8re<\/a> &#8211; Ferm\u00e9e aux inscriptions<\/span><br \/>\n<span style=\"color: #ff0000;\"> Lundi 18 juillet : Laignelet &#8211; Foug\u00e8res &#8211; Chauvign\u00e9 &#8211; 30 km &#8211; <a style=\"color: #ff0000;\" href=\"http:\/\/www.altercampagne.net\/?page_id=172&amp;route=61\">Passiflore, REEPF, la caravane main verte, Calendula et l&rsquo;Auberge la Maison Neuve<\/a> &#8211; Ferm\u00e9e aux inscriptions<\/span><br \/>\n<span style=\"color: #ff0000;\"> Mardi 19 juillet : Chauvign\u00e9 &#8211; H\u00e9d\u00e9-Bazouges &#8211; Saint Pern &#8211; 51 km &#8211; <a style=\"color: #ff0000;\" href=\"http:\/\/www.altercampagne.net\/?page_id=172&amp;route=62\">Le Bar&rsquo;zouges, BRUDED et la Ferme du Pressoir <\/a>&#8211; Ferm\u00e9e aux inscriptions<\/span><br \/>\n<span style=\"color: #ff0000;\"> Mercredi 20 juillet : Saint Pern &#8211; 0 km &#8211; <a style=\"color: #ff0000;\" href=\"http:\/\/www.altercampagne.net\/?page_id=172&amp;route=63\">La Ferme du Pressoir<\/a> &#8211; Ferm\u00e9e aux inscriptions<\/span><br \/>\n<span style=\"color: #ff0000;\"> Jeudi 21 juillet : Saint Pern &#8211; Lanvallay &#8211; 24 km &#8211; <a style=\"color: #ff0000;\" href=\"http:\/\/www.altercampagne.net\/?page_id=172&amp;route=64\">Les Incroyables Comestibles<\/a> &#8211; Ferm\u00e9e aux inscriptions<\/span><br \/>\n<span style=\"color: #ff0000;\"> Vendredi 22 juillet : Lanvallay &#8211; Langu\u00e9dias &#8211; Planguenoual &#8211; 54 km &#8211; <a style=\"color: #ff0000;\" href=\"http:\/\/www.altercampagne.net\/?page_id=172&amp;route=65\">Le Petit Jardin des \u00c9coliers et Herbarius<\/a> &#8211; Ferm\u00e9e aux inscriptions<\/span><br \/>\n<span style=\"color: #ff0000;\"> Samedi 23 juillet : Planguenoual &#8211; Saint-Brieuc &#8211; Landebe\u00e4ron &#8211; 63 km &#8211; <a style=\"color: #ff0000;\" href=\"http:\/\/www.altercampagne.net\/?page_id=172&amp;route=66\">La Ferme de Penn Ar crec&rsquo;h <\/a>&#8211; Ferm\u00e9e aux inscriptions<\/span><br \/>\n<span style=\"color: #ff0000;\"> Dimanche 24 juillet : Landebe\u00e4ron &#8211; Cavan &#8211; Pleumeur-Bodou &#8211; 36 km &#8211; <a style=\"color: #ff0000;\" href=\"http:\/\/www.altercampagne.net\/?page_id=172&amp;route=67\">L\u2019\u00c9cocentre du Tr\u00e9gor<\/a> &#8211; Ferm\u00e9e aux inscriptions<\/span><br \/>\n<span style=\"color: #ff0000;\"> Lundi 25 juillet : Pleumeur-Bodou &#8211; 0 km &#8211; <a style=\"color: #ff0000;\" href=\"http:\/\/www.altercampagne.net\/?page_id=172&amp;route=68\">L\u2019\u00c9cocentre du Tr\u00e9gor <\/a>&#8211; Ferm\u00e9e aux inscriptions <\/span><br \/>\n<span style=\"color: #ff0000;\"> Mardi 26 juillet : Pleumeur-Bodou &#8211; Plufur &#8211; Loc Envel &#8211; 49 km &#8211; <a style=\"color: #ff0000;\" href=\"http:\/\/www.altercampagne.net\/?page_id=172&amp;route=69\">L&rsquo;Association Dynamie et la Dessin&rsquo;Acteurs<\/a> &#8211; Ferm\u00e9e aux inscriptions<\/span><br \/>\n<span style=\"color: #ff0000;\"> Mercredi 27 juillet : Loc Envel &#8211; Kergrist-Mo\u00eblou &#8211; Tr\u00e9margat &#8211; 29 km &#8211; <a style=\"color: #ff0000;\" href=\"http:\/\/www.altercampagne.net\/?page_id=172&amp;route=70\">L&rsquo;Oasis de Pen An Hoat et les habitants de Tr\u00e9margat<\/a> &#8211; COMPLET<\/span><br \/>\n<span style=\"color: #ff0000;\"> Jeudi 28 juillet : Tr\u00e9margat &#8211; Priziac &#8211; Querrien &#8211; 62 km &#8211; <a style=\"color: #ff0000;\" href=\"http:\/\/www.altercampagne.net\/?page_id=172&amp;route=71\">Les temps forts<\/a> &#8211; Pr\u00e9sence de l&rsquo;Association Olmo et de son V\u00e9lo cargo &#8211; Ferm\u00e9e aux inscriptions <\/span><br \/>\n<span style=\"color: #ff0000;\"> Vendredi 29 juillet : Querrien &#8211; 0 km &#8211; <a style=\"color: #ff0000;\" href=\"http:\/\/www.altercampagne.net\/?page_id=172&amp;route=72\">La Ferme du Boudiguen et les temps forts<\/a> &#8211; Pr\u00e9sence de l&rsquo;Association Olmo et de son V\u00e9lo cargo &#8211; Ferm\u00e9e aux inscriptions<\/span><br \/>\n<span style=\"color: #ff0000;\"> Samedi 30 juillet : Querrien &#8211; Concarneau &#8211; 49 km &#8211; <a style=\"color: #ff0000;\" href=\"http:\/\/www.altercampagne.net\/?page_id=172&amp;route=73\">La Brasserie Tri Martolod et le CRADE<\/a> &#8211; Pr\u00e9sence de l&rsquo;Association Olmo et de son V\u00e9lo cargo &#8211; &#8211; Ferm\u00e9e aux inscriptions <\/span><br \/>\n<span style=\"color: #ff0000;\"> Dimanche 31 juillet : Concarneau &#8211; Plomeur &#8211; 44 km &#8211; <a style=\"color: #ff0000;\" href=\"http:\/\/www.altercampagne.net\/?page_id=172&amp;route=74\">Les Kerterre<\/a> &#8211; COMPLET<\/span><br \/>\n<span style=\"color: #ff0000;\"> Lundi 1er ao\u00fbt : Plomeur &#8211; Quimper &#8211; Quemeneven &#8211; 45 km &#8211; <a style=\"color: #ff0000;\" href=\"http:\/\/www.altercampagne.net\/?page_id=172&amp;route=75\">Keryang \/ Paysages vivants<\/a> &#8211; COMPLET<\/span><br \/>\n<span style=\"color: #ff0000;\"> Mardi 2 ao\u00fbt : Quemeneven &#8211; Argol &#8211; 33 km &#8211; <a style=\"color: #ff0000;\" href=\"http:\/\/www.altercampagne.net\/?page_id=172&amp;route=76\">La maison du cidre<\/a> &#8211; COMPLET<\/span><br \/>\n<span style=\"color: #ff0000;\"> Mercredi 3 ao\u00fbt : Argol &#8211; Logonna-Daoulas &#8211; 26 km &#8211; <a style=\"color: #ff0000;\" href=\"http:\/\/www.altercampagne.net\/?page_id=172&amp;route=77\">KILT\/ribine, le caf\u00e9 associatif, le magasin de producteurs de Goasven et Ti R\u00e9cup<\/a> &#8211; Ferm\u00e9e aux inscriptions<\/span><br \/>\n<span style=\"color: #ff0000;\"> Jeudi 4 ao\u00fbt : Logonna-Daoulas &#8211; Brest et retour &#8211; 52 km &#8211; <a style=\"color: #ff0000;\" href=\"http:\/\/www.altercampagne.net\/?page_id=172&amp;route=78\">La Ferme de Traon Bihan, <\/a><a style=\"color: #ff0000;\" href=\"http:\/\/www.altercampagne.net\/?page_id=172&amp;route=78\">Vivre la rue, Vert le Jardin <\/a><a style=\"color: #ff0000;\" href=\"http:\/\/www.altercampagne.net\/?page_id=172&amp;route=78\">et Brest \u00e0 pied \u00e0 v\u00e9lo<\/a> &#8211; Ferm\u00e9e aux inscriptions<\/span><br \/>\n<span style=\"color: #ff0000;\"> Vendredi 5 ao\u00fbt : Logonna-Daoulas &#8211; la Feuill\u00e9e &#8211; 40 km &#8211; <a style=\"color: #ff0000;\" href=\"http:\/\/www.altercampagne.net\/?page_id=172&amp;route=79\">Nomad Yo, Brasserie An Alac&rsquo;h et Terre Feuillantine <\/a>&#8211; Ferm\u00e9e aux inscriptions<\/span><br \/>\n<span style=\"color: #ff0000;\"> Samedi 6 ao\u00fbt : La Feuill\u00e9e &#8211; Carhaix &#8211; Pl\u00e9vin &#8211; 45 km &#8211; <a style=\"color: #ff0000;\" href=\"http:\/\/www.altercampagne.net\/?page_id=172&amp;route=80\">Ti Lipouz<\/a> &#8211; Ferm\u00e9e aux inscriptions<\/span><br \/>\n<span style=\"color: #ff0000;\"> Dimanche 7 ao\u00fbt : Pl\u00e9vin &#8211; 0 km &#8211; <a style=\"color: #ff0000;\" href=\"http:\/\/www.altercampagne.net\/?page_id=172&amp;route=81\">Ti Lipouz<\/a> &#8211; Ferm\u00e9e aux inscriptions<\/span><br \/>\n<span style=\"color: #ff0000;\"> Lundi 8 ao\u00fbt : Pl\u00e9vin &#8211; Plelauff &#8211; 29 km &#8211; <a style=\"color: #ff0000;\" href=\"http:\/\/www.altercampagne.net\/?page_id=172&amp;route=82\">L&rsquo;Oasis Kerlanic et l&rsquo;Association Esp\u00e9rance <\/a>&#8211; Ferm\u00e9e aux inscriptions<\/span><br \/>\n<span style=\"color: #ff0000;\"> Mardi 9 ao\u00fbt : Plelauff &#8211; Silfiac &#8211; 10 km &#8211; <a style=\"color: #ff0000;\" href=\"http:\/\/www.altercampagne.net\/?page_id=172&amp;route=83\">L&rsquo;Atelier nomade<\/a> &#8211; Ferm\u00e9e aux inscriptions<\/span><br \/>\n<span style=\"color: #ff0000;\"> Mercredi 10 ao\u00fbt : Silfiac &#8211; Inguiniel &#8211; 30 km &#8211; <a style=\"color: #ff0000;\" href=\"http:\/\/www.altercampagne.net\/?page_id=172&amp;route=84\">Quilombo et de Cercle en Cercle <\/a> &#8211; COMPLET <\/span><br \/>\n<span style=\"color: #ff0000;\"> Jeudi 11 ao\u00fbt : Inguiniel &#8211; Lorient &#8211; 25 km &#8211; <a style=\"color: #ff0000;\" href=\"http:\/\/www.altercampagne.net\/?page_id=172&amp;route=85\">Terre Adelys<\/a> &#8211; COMPLET<\/span><br \/>\n<span style=\"color: #ff0000;\"> Vendredi 12 ao\u00fbt : Lorient &#8211; 0 km &#8211; <a style=\"color: #ff0000;\" href=\"http:\/\/www.altercampagne.net\/?page_id=172&amp;route=86\">Terre Adelys <\/a>&#8212; Ferm\u00e9e aux inscriptions<\/span><br \/>\n<span style=\"color: #ff0000;\"> Samedi 13 ao\u00fbt : Lorient &#8211; Etel &#8211; 26 km &#8211; <a style=\"color: #ff0000;\" href=\"http:\/\/www.altercampagne.net\/?page_id=172&amp;route=87\">Les Lucioles <\/a>&#8211; COMPLET<\/span><br \/>\n<span style=\"color: #ff0000;\"> Dimanche 14 ao\u00fbt : Etel &#8211; Arradon &#8211; 32 km &#8211; <a style=\"color: #ff0000;\" href=\"http:\/\/www.altercampagne.net\/?page_id=172&amp;route=88\">La Cidredie du golfe <\/a>&#8211; Ferm\u00e9e aux inscriptions<\/span><br \/>\n<span style=\"color: #ff9900;\">Lundi 15 ao\u00fbt : Arradon &#8211; Larr\u00e9 &#8211; 45 km &#8211; <a style=\"color: #ff9900;\" href=\"http:\/\/www.altercampagne.net\/?page_id=172&amp;route=89\">La r.O.n.c.e<\/a> &#8211; reste quelques places<\/span><br \/>\n<span style=\"color: #ff9900;\">Mardi 16 ao\u00fbt : Larr\u00e9 &#8211; Saint-Marcel &#8211; Augan &#8211; 37 km &#8211; <a style=\"color: #ff9900;\" href=\"http:\/\/www.altercampagne.net\/?page_id=172&amp;route=90\">Champ Commun<\/a> &#8211; reste quelques places<\/span><br \/>\n<span style=\"color: #ff9900;\">Mercredi 17 ao\u00fbt : Augan &#8211; 0 km &#8211; <a style=\"color: #ff9900;\" href=\"http:\/\/www.altercampagne.net\/?page_id=172&amp;route=91\">Champ Commun <\/a>&#8211; reste quelques places<\/span><br \/>\nJeudi 18 ao\u00fbt : Augan &#8211; Guichen &#8211; 43 km &#8211; <a href=\"http:\/\/www.altercampagne.net\/?page_id=172&amp;route=92\">Culture bio<\/a><br \/>\nVendredi 19 ao\u00fbt : Guichen &#8211; Rennes &#8211; 19 km &#8211; <a href=\"http:\/\/www.altercampagne.net\/?page_id=172&amp;route=110\">Le Jardin des Mille Pas<\/a><br \/>\nSamedi 20 ao\u00fbt : Rennes &#8211; 0 km &#8211; <a href=\"http:\/\/www.altercampagne.net\/?page_id=172&amp;route=108\">Le Jardin des Mille Pas<\/a><br \/>\nDimanche 21 ao\u00fbt : Rennes &#8211; 0 km &#8211; <a href=\"http:\/\/www.altercampagne.net\/?page_id=172&amp;route=95\">Le Jardin des Mille Pas<\/a><\/p>\n","protected":false},"excerpt":{"rendered":"<p>&nbsp; &nbsp; &nbsp; &nbsp; &nbsp; &nbsp; &nbsp; &nbsp; &nbsp; &nbsp; &nbsp; &nbsp; Cette ann\u00e9e nous exp\u00e9rimentons les \u00e9chapp\u00e9es Belles. Du 23 (Saint- Brieuc) au 26 juillet (Tr\u00e9margat) et du 1er (Plomeur) au 6 ao\u00fbt (Pl\u00e9vin) un petit groupe d&rsquo;une vingtaine d&rsquo;Altercycliste quittera le groupe de l&rsquo;AlterTour sur un parcours bis &#8230; <\/p>\n<div><a href=\"https:\/\/www.altercampagne.net\/?p=6707\" class=\"more-link\">Read More<\/a><\/div>\n","protected":false},"author":214,"featured_media":0,"comment_status":"closed","ping_status":"closed","sticky":false,"template":"","format":"standard","meta":{"footnotes":""},"categories":[3459,3469],"tags":[2418,2618,2548,2529,2516,2512,2510,2500,2469,2953,2416,2412,2411,2409,2408,2406,2405,2401,2954,2955,2956,2957,2958,2959,2960,2961,2962,2963,2964,2965,2966,2967,2968,1315,144,383,396,485,489,490,492,493,496,498,506,521,807,822,894,78,1574,1652,2151,2152,2158,2186,2308,2321,2329,2377,2387,2390,2392,2393,2396],"class_list":["post-6707","post","type-post","status-publish","format-standard","hentry","category-edition-2016","category-programmes","tag-barzouges","tag-plufur","tag-lanvallay","tag-ferme-du-pressoir","tag-laignelet","tag-saint-pern","tag-copain-44","tag-montflours","tag-brasserie-tri-martolod","tag-fdcivam","tag-hede-bazouges","tag-meral","tag-ferme-brasserie-de-loudon","tag-ferme-du-boudiguen","tag-les-temps-forts","tag-loc-envel","tag-saint-brieuc","tag-pleumeur-bodou","tag-joue-sur-erdre","tag-resses-de-la-semaine","tag-chevrerie-de-la-hubaudiere","tag-passiflore","tag-la-caravane-main-verte","tag-calendula","tag-incroyables-comestibles-lanvallay","tag-landebearon","tag-ferme-de-penn-ar-crech","tag-cavan","tag-association-dynamie","tag-habitants-de-tremargat","tag-priziac","tag-association-olmo","tag-le-crade","tag-acipa","tag-notre-dame-des-landes","tag-altertour-2016","tag-tremargat","tag-manoir-de-la-gree","tag-gaec-radis-co","tag-brasserie-associative-de-montflours","tag-mayenne-en-transition","tag-epicerie-cooperative-de-fontaine-daniel","tag-herbarius","tag-ecocentre-du-tregor","tag-dessinacteurs","tag-bien-vivre","tag-monnaie-locale-le-sou","tag-biens-communs","tag-pays-de-la-loire","tag-bain-de-bretagne","tag-querrien","tag-1652","tag-auberge-la-maison-neuve","tag-chauvigne","tag-planguenoual","tag-concarneau","tag-bruded","tag-oasis-de-pen-an-hoat","tag-kergrist-moelou","tag-soulvache","tag-fontaine-daniel","tag-reepf","tag-fougeres","tag-languedias","tag-petit-jardin-des-ecoliers","no-post-thumbnail"],"yoast_head":"<!-- This site is optimized with the Yoast SEO plugin v27.3 - https:\/\/yoast.com\/product\/yoast-seo-wordpress\/ -->\n<title>Parcours de l&#039;AlterTour 2016 - AlterTour<\/title>\n<meta name=\"robots\" content=\"index, follow, max-snippet:-1, max-image-preview:large, max-video-preview:-1\" \/>\n<link rel=\"canonical\" href=\"https:\/\/www.altercampagne.net\/?p=6707\" \/>\n<meta property=\"og:locale\" content=\"fr_FR\" \/>\n<meta property=\"og:type\" content=\"article\" \/>\n<meta property=\"og:title\" content=\"Parcours de l&#039;AlterTour 2016 - AlterTour\" \/>\n<meta property=\"og:description\" content=\"&nbsp; &nbsp; &nbsp; &nbsp; &nbsp; &nbsp; &nbsp; &nbsp; &nbsp; &nbsp; &nbsp; &nbsp; Cette ann\u00e9e nous exp\u00e9rimentons les \u00e9chapp\u00e9es Belles. Du 23 (Saint- Brieuc) au 26 juillet (Tr\u00e9margat) et du 1er (Plomeur) au 6 ao\u00fbt (Pl\u00e9vin) un petit groupe d&rsquo;une vingtaine d&rsquo;Altercycliste quittera le groupe de l&rsquo;AlterTour sur un parcours bis ... Read More\" \/>\n<meta property=\"og:url\" content=\"https:\/\/www.altercampagne.net\/?p=6707\" \/>\n<meta property=\"og:site_name\" content=\"AlterTour\" \/>\n<meta property=\"article:published_time\" content=\"2016-05-01T21:11:35+00:00\" \/>\n<meta property=\"article:modified_time\" content=\"2020-02-24T16:21:21+00:00\" \/>\n<meta property=\"og:image\" content=\"http:\/\/www.altercampagne.net\/wp-content\/uploads\/2014\/11\/2015-05-10-Parcours-2016-Bretagne-vignette-bd.jpg\" \/>\n<meta name=\"author\" content=\"Mathieu\" \/>\n<meta name=\"twitter:card\" content=\"summary_large_image\" \/>\n<meta name=\"twitter:label1\" content=\"\u00c9crit par\" \/>\n\t<meta name=\"twitter:data1\" content=\"Mathieu\" \/>\n\t<meta name=\"twitter:label2\" content=\"Dur\u00e9e de lecture estim\u00e9e\" \/>\n\t<meta name=\"twitter:data2\" content=\"5 minutes\" \/>\n<script type=\"application\/ld+json\" class=\"yoast-schema-graph\">{\"@context\":\"https:\\\/\\\/schema.org\",\"@graph\":[{\"@type\":\"Article\",\"@id\":\"https:\\\/\\\/www.altercampagne.net\\\/?p=6707#article\",\"isPartOf\":{\"@id\":\"https:\\\/\\\/www.altercampagne.net\\\/?p=6707\"},\"author\":{\"name\":\"Mathieu\",\"@id\":\"https:\\\/\\\/www.altercampagne.net\\\/#\\\/schema\\\/person\\\/0f261460c09e430caa0f9bcffa319109\"},\"headline\":\"Parcours de l&rsquo;AlterTour 2016\",\"datePublished\":\"2016-05-01T21:11:35+00:00\",\"dateModified\":\"2020-02-24T16:21:21+00:00\",\"mainEntityOfPage\":{\"@id\":\"https:\\\/\\\/www.altercampagne.net\\\/?p=6707\"},\"wordCount\":1009,\"image\":{\"@id\":\"https:\\\/\\\/www.altercampagne.net\\\/?p=6707#primaryimage\"},\"thumbnailUrl\":\"http:\\\/\\\/www.altercampagne.net\\\/wp-content\\\/uploads\\\/2014\\\/11\\\/2015-05-10-Parcours-2016-Bretagne-vignette-bd.jpg\",\"keywords\":[\"Bar\u2019Zouges\",\"Plufur\",\"Lanvallay\",\"ferme du pressoir\",\"Laignelet\",\"Saint pern\",\"Copain 44\",\"Montflours\",\"Brasserie Tri Martolod\",\"FDCIVAM\",\"H\u00e9d\u00e9-Bazouges\",\"M\u00e9ral\",\"ferme brasserie de l'oudon\",\"ferme du Boudiguen\",\"Les Temps Forts\",\"Loc Envel\",\"Saint-Brieuc\",\"Pleumeur-Bodou\",\"Jou\u00e9 sur Erdre\",\"Resses de la Semaine\",\"Ch\u00e8vrerie de la Hubaudi\u00e8re\",\"Passiflore\",\"la caravane main verte\",\"Calendula\",\"Incroyables Comestibles Lanvallay\",\"Landebe\u00e4ron\",\"Ferme de Penn Ar crec'h\",\"Cavan\",\"Association Dynamie\",\"habitants de Tr\u00e9margat\",\"Priziac\",\"Association Olmo\",\"le CRADE\",\"ACIPA\",\"Notre Dame des Landes\",\"AlterTour 2016\",\"tr\u00e9margat\",\"manoir de la gr\u00e9e\",\"gaec radis &amp; co\",\"brasserie associative de montflours\",\"mayenne en transition\",\"\u00e9picerie coop\u00e9rative de fontaine daniel\",\"herbarius\",\"ecocentre du tr\u00e9gor\",\"dessin'acteurs\",\"bien vivre\",\"monnaie locale le sou\",\"biens communs\",\"Pays de la Loire\",\"Bain de Bretagne\",\"Querrien\",\"2016\",\"Auberge La Maison Neuve\",\"Chauvign\u00e9\",\"Planguenoual\",\"Concarneau\",\"BRUDED\",\"Oasis de Pen an Hoat\",\"Kergrist-Mo\u00eblou\",\"Soulvache\",\"Fontaine-Daniel\",\"REEPF\",\"Foug\u00e8res\",\"langu\u00e9dias\",\"Petit Jardin des \u00c9coliers\"],\"articleSection\":[\"\u00c9dition 2016\",\"Programmes\"],\"inLanguage\":\"fr-FR\"},{\"@type\":\"WebPage\",\"@id\":\"https:\\\/\\\/www.altercampagne.net\\\/?p=6707\",\"url\":\"https:\\\/\\\/www.altercampagne.net\\\/?p=6707\",\"name\":\"Parcours de l'AlterTour 2016 - AlterTour\",\"isPartOf\":{\"@id\":\"https:\\\/\\\/www.altercampagne.net\\\/#website\"},\"primaryImageOfPage\":{\"@id\":\"https:\\\/\\\/www.altercampagne.net\\\/?p=6707#primaryimage\"},\"image\":{\"@id\":\"https:\\\/\\\/www.altercampagne.net\\\/?p=6707#primaryimage\"},\"thumbnailUrl\":\"http:\\\/\\\/www.altercampagne.net\\\/wp-content\\\/uploads\\\/2014\\\/11\\\/2015-05-10-Parcours-2016-Bretagne-vignette-bd.jpg\",\"datePublished\":\"2016-05-01T21:11:35+00:00\",\"dateModified\":\"2020-02-24T16:21:21+00:00\",\"author\":{\"@id\":\"https:\\\/\\\/www.altercampagne.net\\\/#\\\/schema\\\/person\\\/0f261460c09e430caa0f9bcffa319109\"},\"breadcrumb\":{\"@id\":\"https:\\\/\\\/www.altercampagne.net\\\/?p=6707#breadcrumb\"},\"inLanguage\":\"fr-FR\",\"potentialAction\":[{\"@type\":\"ReadAction\",\"target\":[\"https:\\\/\\\/www.altercampagne.net\\\/?p=6707\"]}]},{\"@type\":\"ImageObject\",\"inLanguage\":\"fr-FR\",\"@id\":\"https:\\\/\\\/www.altercampagne.net\\\/?p=6707#primaryimage\",\"url\":\"https:\\\/\\\/www.altercampagne.net\\\/wp-content\\\/uploads\\\/2014\\\/11\\\/2015-05-10-Parcours-2016-Bretagne-vignette-bd.jpg\",\"contentUrl\":\"https:\\\/\\\/www.altercampagne.net\\\/wp-content\\\/uploads\\\/2014\\\/11\\\/2015-05-10-Parcours-2016-Bretagne-vignette-bd.jpg\",\"width\":400,\"height\":305},{\"@type\":\"BreadcrumbList\",\"@id\":\"https:\\\/\\\/www.altercampagne.net\\\/?p=6707#breadcrumb\",\"itemListElement\":[{\"@type\":\"ListItem\",\"position\":1,\"name\":\"Accueil\",\"item\":\"https:\\\/\\\/www.altercampagne.net\\\/\"},{\"@type\":\"ListItem\",\"position\":2,\"name\":\"Parcours de l&rsquo;AlterTour 2016\"}]},{\"@type\":\"WebSite\",\"@id\":\"https:\\\/\\\/www.altercampagne.net\\\/#website\",\"url\":\"https:\\\/\\\/www.altercampagne.net\\\/\",\"name\":\"AlterTour\",\"description\":\"Reliez les Alternatives \u00e0 v\u00e9lo\",\"potentialAction\":[{\"@type\":\"SearchAction\",\"target\":{\"@type\":\"EntryPoint\",\"urlTemplate\":\"https:\\\/\\\/www.altercampagne.net\\\/?s={search_term_string}\"},\"query-input\":{\"@type\":\"PropertyValueSpecification\",\"valueRequired\":true,\"valueName\":\"search_term_string\"}}],\"inLanguage\":\"fr-FR\"},{\"@type\":\"Person\",\"@id\":\"https:\\\/\\\/www.altercampagne.net\\\/#\\\/schema\\\/person\\\/0f261460c09e430caa0f9bcffa319109\",\"name\":\"Mathieu\",\"image\":{\"@type\":\"ImageObject\",\"inLanguage\":\"fr-FR\",\"@id\":\"https:\\\/\\\/secure.gravatar.com\\\/avatar\\\/aa9d3d24c83f2141e5e2709d0f63d09a99f6be6bb7a50abc4915838d9f54501a?s=96&d=mm&r=g\",\"url\":\"https:\\\/\\\/secure.gravatar.com\\\/avatar\\\/aa9d3d24c83f2141e5e2709d0f63d09a99f6be6bb7a50abc4915838d9f54501a?s=96&d=mm&r=g\",\"contentUrl\":\"https:\\\/\\\/secure.gravatar.com\\\/avatar\\\/aa9d3d24c83f2141e5e2709d0f63d09a99f6be6bb7a50abc4915838d9f54501a?s=96&d=mm&r=g\",\"caption\":\"Mathieu\"},\"url\":\"https:\\\/\\\/www.altercampagne.net\\\/?author=214\"}]}<\/script>\n<!-- \/ Yoast SEO plugin. -->","yoast_head_json":{"title":"Parcours de l'AlterTour 2016 - AlterTour","robots":{"index":"index","follow":"follow","max-snippet":"max-snippet:-1","max-image-preview":"max-image-preview:large","max-video-preview":"max-video-preview:-1"},"canonical":"https:\/\/www.altercampagne.net\/?p=6707","og_locale":"fr_FR","og_type":"article","og_title":"Parcours de l'AlterTour 2016 - AlterTour","og_description":"&nbsp; &nbsp; &nbsp; &nbsp; &nbsp; &nbsp; &nbsp; &nbsp; &nbsp; &nbsp; &nbsp; &nbsp; Cette ann\u00e9e nous exp\u00e9rimentons les \u00e9chapp\u00e9es Belles. Du 23 (Saint- Brieuc) au 26 juillet (Tr\u00e9margat) et du 1er (Plomeur) au 6 ao\u00fbt (Pl\u00e9vin) un petit groupe d&rsquo;une vingtaine d&rsquo;Altercycliste quittera le groupe de l&rsquo;AlterTour sur un parcours bis ... Read More","og_url":"https:\/\/www.altercampagne.net\/?p=6707","og_site_name":"AlterTour","article_published_time":"2016-05-01T21:11:35+00:00","article_modified_time":"2020-02-24T16:21:21+00:00","og_image":[{"url":"http:\/\/www.altercampagne.net\/wp-content\/uploads\/2014\/11\/2015-05-10-Parcours-2016-Bretagne-vignette-bd.jpg","type":"","width":"","height":""}],"author":"Mathieu","twitter_card":"summary_large_image","twitter_misc":{"\u00c9crit par":"Mathieu","Dur\u00e9e de lecture estim\u00e9e":"5 minutes"},"schema":{"@context":"https:\/\/schema.org","@graph":[{"@type":"Article","@id":"https:\/\/www.altercampagne.net\/?p=6707#article","isPartOf":{"@id":"https:\/\/www.altercampagne.net\/?p=6707"},"author":{"name":"Mathieu","@id":"https:\/\/www.altercampagne.net\/#\/schema\/person\/0f261460c09e430caa0f9bcffa319109"},"headline":"Parcours de l&rsquo;AlterTour 2016","datePublished":"2016-05-01T21:11:35+00:00","dateModified":"2020-02-24T16:21:21+00:00","mainEntityOfPage":{"@id":"https:\/\/www.altercampagne.net\/?p=6707"},"wordCount":1009,"image":{"@id":"https:\/\/www.altercampagne.net\/?p=6707#primaryimage"},"thumbnailUrl":"http:\/\/www.altercampagne.net\/wp-content\/uploads\/2014\/11\/2015-05-10-Parcours-2016-Bretagne-vignette-bd.jpg","keywords":["Bar\u2019Zouges","Plufur","Lanvallay","ferme du pressoir","Laignelet","Saint pern","Copain 44","Montflours","Brasserie Tri Martolod","FDCIVAM","H\u00e9d\u00e9-Bazouges","M\u00e9ral","ferme brasserie de l'oudon","ferme du Boudiguen","Les Temps Forts","Loc Envel","Saint-Brieuc","Pleumeur-Bodou","Jou\u00e9 sur Erdre","Resses de la Semaine","Ch\u00e8vrerie de la Hubaudi\u00e8re","Passiflore","la caravane main verte","Calendula","Incroyables Comestibles Lanvallay","Landebe\u00e4ron","Ferme de Penn Ar crec'h","Cavan","Association Dynamie","habitants de Tr\u00e9margat","Priziac","Association Olmo","le CRADE","ACIPA","Notre Dame des Landes","AlterTour 2016","tr\u00e9margat","manoir de la gr\u00e9e","gaec radis &amp; co","brasserie associative de montflours","mayenne en transition","\u00e9picerie coop\u00e9rative de fontaine daniel","herbarius","ecocentre du tr\u00e9gor","dessin'acteurs","bien vivre","monnaie locale le sou","biens communs","Pays de la Loire","Bain de Bretagne","Querrien","2016","Auberge La Maison Neuve","Chauvign\u00e9","Planguenoual","Concarneau","BRUDED","Oasis de Pen an Hoat","Kergrist-Mo\u00eblou","Soulvache","Fontaine-Daniel","REEPF","Foug\u00e8res","langu\u00e9dias","Petit Jardin des \u00c9coliers"],"articleSection":["\u00c9dition 2016","Programmes"],"inLanguage":"fr-FR"},{"@type":"WebPage","@id":"https:\/\/www.altercampagne.net\/?p=6707","url":"https:\/\/www.altercampagne.net\/?p=6707","name":"Parcours de l'AlterTour 2016 - AlterTour","isPartOf":{"@id":"https:\/\/www.altercampagne.net\/#website"},"primaryImageOfPage":{"@id":"https:\/\/www.altercampagne.net\/?p=6707#primaryimage"},"image":{"@id":"https:\/\/www.altercampagne.net\/?p=6707#primaryimage"},"thumbnailUrl":"http:\/\/www.altercampagne.net\/wp-content\/uploads\/2014\/11\/2015-05-10-Parcours-2016-Bretagne-vignette-bd.jpg","datePublished":"2016-05-01T21:11:35+00:00","dateModified":"2020-02-24T16:21:21+00:00","author":{"@id":"https:\/\/www.altercampagne.net\/#\/schema\/person\/0f261460c09e430caa0f9bcffa319109"},"breadcrumb":{"@id":"https:\/\/www.altercampagne.net\/?p=6707#breadcrumb"},"inLanguage":"fr-FR","potentialAction":[{"@type":"ReadAction","target":["https:\/\/www.altercampagne.net\/?p=6707"]}]},{"@type":"ImageObject","inLanguage":"fr-FR","@id":"https:\/\/www.altercampagne.net\/?p=6707#primaryimage","url":"https:\/\/www.altercampagne.net\/wp-content\/uploads\/2014\/11\/2015-05-10-Parcours-2016-Bretagne-vignette-bd.jpg","contentUrl":"https:\/\/www.altercampagne.net\/wp-content\/uploads\/2014\/11\/2015-05-10-Parcours-2016-Bretagne-vignette-bd.jpg","width":400,"height":305},{"@type":"BreadcrumbList","@id":"https:\/\/www.altercampagne.net\/?p=6707#breadcrumb","itemListElement":[{"@type":"ListItem","position":1,"name":"Accueil","item":"https:\/\/www.altercampagne.net\/"},{"@type":"ListItem","position":2,"name":"Parcours de l&rsquo;AlterTour 2016"}]},{"@type":"WebSite","@id":"https:\/\/www.altercampagne.net\/#website","url":"https:\/\/www.altercampagne.net\/","name":"AlterTour","description":"Reliez les Alternatives \u00e0 v\u00e9lo","potentialAction":[{"@type":"SearchAction","target":{"@type":"EntryPoint","urlTemplate":"https:\/\/www.altercampagne.net\/?s={search_term_string}"},"query-input":{"@type":"PropertyValueSpecification","valueRequired":true,"valueName":"search_term_string"}}],"inLanguage":"fr-FR"},{"@type":"Person","@id":"https:\/\/www.altercampagne.net\/#\/schema\/person\/0f261460c09e430caa0f9bcffa319109","name":"Mathieu","image":{"@type":"ImageObject","inLanguage":"fr-FR","@id":"https:\/\/secure.gravatar.com\/avatar\/aa9d3d24c83f2141e5e2709d0f63d09a99f6be6bb7a50abc4915838d9f54501a?s=96&d=mm&r=g","url":"https:\/\/secure.gravatar.com\/avatar\/aa9d3d24c83f2141e5e2709d0f63d09a99f6be6bb7a50abc4915838d9f54501a?s=96&d=mm&r=g","contentUrl":"https:\/\/secure.gravatar.com\/avatar\/aa9d3d24c83f2141e5e2709d0f63d09a99f6be6bb7a50abc4915838d9f54501a?s=96&d=mm&r=g","caption":"Mathieu"},"url":"https:\/\/www.altercampagne.net\/?author=214"}]}},"_links":{"self":[{"href":"https:\/\/www.altercampagne.net\/index.php?rest_route=\/wp\/v2\/posts\/6707","targetHints":{"allow":["GET"]}}],"collection":[{"href":"https:\/\/www.altercampagne.net\/index.php?rest_route=\/wp\/v2\/posts"}],"about":[{"href":"https:\/\/www.altercampagne.net\/index.php?rest_route=\/wp\/v2\/types\/post"}],"author":[{"embeddable":true,"href":"https:\/\/www.altercampagne.net\/index.php?rest_route=\/wp\/v2\/users\/214"}],"replies":[{"embeddable":true,"href":"https:\/\/www.altercampagne.net\/index.php?rest_route=%2Fwp%2Fv2%2Fcomments&post=6707"}],"version-history":[{"count":1,"href":"https:\/\/www.altercampagne.net\/index.php?rest_route=\/wp\/v2\/posts\/6707\/revisions"}],"predecessor-version":[{"id":17442,"href":"https:\/\/www.altercampagne.net\/index.php?rest_route=\/wp\/v2\/posts\/6707\/revisions\/17442"}],"wp:attachment":[{"href":"https:\/\/www.altercampagne.net\/index.php?rest_route=%2Fwp%2Fv2%2Fmedia&parent=6707"}],"wp:term":[{"taxonomy":"category","embeddable":true,"href":"https:\/\/www.altercampagne.net\/index.php?rest_route=%2Fwp%2Fv2%2Fcategories&post=6707"},{"taxonomy":"post_tag","embeddable":true,"href":"https:\/\/www.altercampagne.net\/index.php?rest_route=%2Fwp%2Fv2%2Ftags&post=6707"}],"curies":[{"name":"wp","href":"https:\/\/api.w.org\/{rel}","templated":true}]}}