{"id":671,"date":"2014-07-15T16:11:25","date_gmt":"2014-07-15T14:11:25","guid":{"rendered":"http:\/\/www.altercampagne.net\/?p=671"},"modified":"2019-09-16T13:00:27","modified_gmt":"2019-09-16T11:00:27","slug":"plateau-asile-solidarite-et-cada-du-chambon-sur-lignon","status":"publish","type":"post","link":"https:\/\/www.altercampagne.net\/?p=671","title":{"rendered":"Plateau Asile Solidarit\u00e9 et Cada du Chambon sur Lignon"},"content":{"rendered":"<p class=\"Style271 Style138 Style152\" align=\"justify\">Visite du lieu de m\u00e9moire : terre d\u2019accueil pour les protestants lors de la contre r\u00e9forme (XVI\u00b0 si\u00e8cle) puis avec l\u2019h\u00e9bergement d\u2019enfants st\u00e9phanois pendant les \u00e9t\u00e9s dans des structures appropri\u00e9es, de r\u00e9fugi\u00e9s espagnols d\u00e8s 1939, les habitants du plateau de Chambon se sont mobilis\u00e9s pour cacher des personnes juives et des r\u00e9fractaires au STO.<\/p>\n<p class=\"Style271 Style138 Style152\" align=\"justify\">Les pasteurs Trocm\u00e9 et Theis, objecteurs de conscience \u00e9clair\u00e9s, n\u2019h\u00e9sitaient pas \u00e0 critiquer le caract\u00e8re inhumain de la s\u00e9gr\u00e9gation. Dans leur pr\u00eache, ils exhortaient la population \u00e0 \u00ab opposer \u00e0 la violence les armes de l\u2019esprit, sans crainte, orgueil ou haine \u00bb. Albert Camus a \u00e9crit sur ces terres La Peste, o\u00f9 les protagonistes pr\u00e9f\u00e8rent combattre le mal que le fuir.<\/p>\n<p class=\"Style271 Style138 Style152\" align=\"justify\">L\u2019\u00e9loignement des grandes villes, la lutte arm\u00e9e, l\u2019accueil \u0153cum\u00e9nique auraient contribu\u00e9, selon les chiffres avanc\u00e9s, \u00e0 sauver de 800 a 5000 personnes du g\u00e9nocide ; Chambon et son plateau ont re\u00e7u la distinction collective par Isra\u00ebl de juste (personne qui a sauv\u00e9 un juif au p\u00e9ril de sa vie).<\/p>\n<p class=\"Style271 Style138 Style152\" align=\"justify\">D\u00e9jeuner au Centre d\u2019Accueil des Demandeurs d\u2019Asile (CADA) autour de plats traditionnels pr\u00e9par\u00e9s par les r\u00e9sidents. Ils vivent ici dans l\u2019attente d\u2019une nouvelle vie.<\/p>\n<p class=\"Style271 Style138 Style152\" align=\"justify\">Ils viennent d\u2019Albanie, d\u2019Arm\u00e9nie, du Congo ou encore de G\u00e9orgie. L\u2019\u00e9change se noue autant que la langue le permet. Certains sont r\u00e9sidents depuis quelques semaines, d\u2019autres depuis plusieurs ann\u00e9es.<\/p>\n<p class=\"Style271 Style138 Style152\" align=\"justify\">Les enfants vont \u00e0 l\u2019\u00e9cole et apprennent vite le fran\u00e7ais. Les adultes b\u00e9n\u00e9ficient de cours de fran\u00e7ais dans le CADA mais n\u2019ont droit \u00e0 aucune activit\u00e9 r\u00e9mun\u00e9r\u00e9e ni formation professionnelle. En moyenne, le d\u00e9lai d\u2019attente pour l\u2019aboutissement des demandes d\u2019asile est de 19 mois.<\/p>\n<p class=\"Style271 Style138 Style152\" align=\"justify\"><a href=\"http:\/\/www.solidarite.asso.fr\/-Francais-\" target=\"_blank\" rel=\"noopener noreferrer\"><strong>Plateau Asile Solidarit\u00e9<\/strong><\/a> (PAS) f\u00e9d\u00e8re les associations locales d\u2019aide aux r\u00e9fugi\u00e9s, fid\u00e8le \u00e0 l\u2019histoire d\u2019accueil du plateau. Le parcours du combattant administratif v\u00e9cu par les migrants demandeurs d\u2019asile est illustr\u00e9 par un jeu de l\u2019oie : les r\u00e8gles ne sont pas les m\u00eames pour tous et le hasard joue un grand r\u00f4le dans l\u2019aboutissement du parcours<\/p>\n<p class=\"Style271 Style138 Style152\" align=\"right\"><strong>Franck et Manuel<\/strong><\/p>\n","protected":false},"excerpt":{"rendered":"<p>Visite du lieu de m\u00e9moire : terre d\u2019accueil pour les protestants lors de la contre r\u00e9forme (XVI\u00b0 si\u00e8cle) puis avec l\u2019h\u00e9bergement d\u2019enfants st\u00e9phanois pendant les \u00e9t\u00e9s dans des structures appropri\u00e9es, de r\u00e9fugi\u00e9s espagnols d\u00e8s 1939, les habitants du plateau de Chambon se sont mobilis\u00e9s pour cacher des personnes juives et &#8230; <\/p>\n<div><a href=\"https:\/\/www.altercampagne.net\/?p=671\" class=\"more-link\">Read More<\/a><\/div>\n","protected":false},"author":214,"featured_media":15699,"comment_status":"closed","ping_status":"closed","sticky":false,"template":"","format":"standard","meta":{"footnotes":""},"categories":[3471,3461,3488],"tags":[145,146,147,148,319],"class_list":["post-671","post","type-post","status-publish","format-standard","has-post-thumbnail","hentry","category-auvergne-rhone-alpes","category-edition-2014","category-social","tag-plateau-asile-solidarite","tag-cada","tag-chambon-sur-lignon","tag-centre-daccueil-des-demandeurs-dasile","tag-altertour-2014"],"yoast_head":"<!-- This site is optimized with the Yoast SEO plugin v27.3 - https:\/\/yoast.com\/product\/yoast-seo-wordpress\/ -->\n<title>Plateau Asile Solidarit\u00e9 et Cada du Chambon sur Lignon - AlterTour<\/title>\n<meta name=\"robots\" content=\"index, follow, max-snippet:-1, max-image-preview:large, max-video-preview:-1\" \/>\n<link rel=\"canonical\" href=\"https:\/\/www.altercampagne.net\/?p=671\" \/>\n<meta property=\"og:locale\" content=\"fr_FR\" \/>\n<meta property=\"og:type\" content=\"article\" \/>\n<meta property=\"og:title\" content=\"Plateau Asile Solidarit\u00e9 et Cada du Chambon sur Lignon - AlterTour\" \/>\n<meta property=\"og:description\" content=\"Visite du lieu de m\u00e9moire : terre d\u2019accueil pour les protestants lors de la contre r\u00e9forme (XVI\u00b0 si\u00e8cle) puis avec l\u2019h\u00e9bergement d\u2019enfants st\u00e9phanois pendant les \u00e9t\u00e9s dans des structures appropri\u00e9es, de r\u00e9fugi\u00e9s espagnols d\u00e8s 1939, les habitants du plateau de Chambon se sont mobilis\u00e9s pour cacher des personnes juives et ... Read More\" \/>\n<meta property=\"og:url\" content=\"https:\/\/www.altercampagne.net\/?p=671\" \/>\n<meta property=\"og:site_name\" content=\"AlterTour\" \/>\n<meta property=\"article:published_time\" content=\"2014-07-15T14:11:25+00:00\" \/>\n<meta property=\"article:modified_time\" content=\"2019-09-16T11:00:27+00:00\" \/>\n<meta property=\"og:image\" content=\"https:\/\/www.altercampagne.net\/wp-content\/uploads\/2014\/07\/2014-07-15_12.53.jpg\" \/>\n\t<meta property=\"og:image:width\" content=\"907\" \/>\n\t<meta property=\"og:image:height\" content=\"474\" \/>\n\t<meta property=\"og:image:type\" content=\"image\/jpeg\" \/>\n<meta name=\"author\" content=\"Mathieu\" \/>\n<meta name=\"twitter:card\" content=\"summary_large_image\" \/>\n<meta name=\"twitter:label1\" content=\"\u00c9crit par\" \/>\n\t<meta name=\"twitter:data1\" content=\"Mathieu\" \/>\n\t<meta name=\"twitter:label2\" content=\"Dur\u00e9e de lecture estim\u00e9e\" \/>\n\t<meta name=\"twitter:data2\" content=\"2 minutes\" \/>\n<script type=\"application\/ld+json\" class=\"yoast-schema-graph\">{\"@context\":\"https:\\\/\\\/schema.org\",\"@graph\":[{\"@type\":\"Article\",\"@id\":\"https:\\\/\\\/www.altercampagne.net\\\/?p=671#article\",\"isPartOf\":{\"@id\":\"https:\\\/\\\/www.altercampagne.net\\\/?p=671\"},\"author\":{\"name\":\"Mathieu\",\"@id\":\"https:\\\/\\\/www.altercampagne.net\\\/#\\\/schema\\\/person\\\/0f261460c09e430caa0f9bcffa319109\"},\"headline\":\"Plateau Asile Solidarit\u00e9 et Cada du Chambon sur Lignon\",\"datePublished\":\"2014-07-15T14:11:25+00:00\",\"dateModified\":\"2019-09-16T11:00:27+00:00\",\"mainEntityOfPage\":{\"@id\":\"https:\\\/\\\/www.altercampagne.net\\\/?p=671\"},\"wordCount\":391,\"image\":{\"@id\":\"https:\\\/\\\/www.altercampagne.net\\\/?p=671#primaryimage\"},\"thumbnailUrl\":\"https:\\\/\\\/www.altercampagne.net\\\/wp-content\\\/uploads\\\/2014\\\/07\\\/2014-07-15_12.53.jpg\",\"keywords\":[\"Plateau Asile Solidarit\u00e9\",\"cada\",\"Chambon sur Lignon\",\"Centre d\u2019Accueil des Demandeurs d\u2019Asile\",\"altertour 2014\"],\"articleSection\":[\"Auvergne-Rh\u00f4ne-Alpes\",\"\u00c9dition 2014\",\"Social\"],\"inLanguage\":\"fr-FR\"},{\"@type\":\"WebPage\",\"@id\":\"https:\\\/\\\/www.altercampagne.net\\\/?p=671\",\"url\":\"https:\\\/\\\/www.altercampagne.net\\\/?p=671\",\"name\":\"Plateau Asile Solidarit\u00e9 et Cada du Chambon sur Lignon - AlterTour\",\"isPartOf\":{\"@id\":\"https:\\\/\\\/www.altercampagne.net\\\/#website\"},\"primaryImageOfPage\":{\"@id\":\"https:\\\/\\\/www.altercampagne.net\\\/?p=671#primaryimage\"},\"image\":{\"@id\":\"https:\\\/\\\/www.altercampagne.net\\\/?p=671#primaryimage\"},\"thumbnailUrl\":\"https:\\\/\\\/www.altercampagne.net\\\/wp-content\\\/uploads\\\/2014\\\/07\\\/2014-07-15_12.53.jpg\",\"datePublished\":\"2014-07-15T14:11:25+00:00\",\"dateModified\":\"2019-09-16T11:00:27+00:00\",\"author\":{\"@id\":\"https:\\\/\\\/www.altercampagne.net\\\/#\\\/schema\\\/person\\\/0f261460c09e430caa0f9bcffa319109\"},\"breadcrumb\":{\"@id\":\"https:\\\/\\\/www.altercampagne.net\\\/?p=671#breadcrumb\"},\"inLanguage\":\"fr-FR\",\"potentialAction\":[{\"@type\":\"ReadAction\",\"target\":[\"https:\\\/\\\/www.altercampagne.net\\\/?p=671\"]}]},{\"@type\":\"ImageObject\",\"inLanguage\":\"fr-FR\",\"@id\":\"https:\\\/\\\/www.altercampagne.net\\\/?p=671#primaryimage\",\"url\":\"https:\\\/\\\/www.altercampagne.net\\\/wp-content\\\/uploads\\\/2014\\\/07\\\/2014-07-15_12.53.jpg\",\"contentUrl\":\"https:\\\/\\\/www.altercampagne.net\\\/wp-content\\\/uploads\\\/2014\\\/07\\\/2014-07-15_12.53.jpg\",\"width\":907,\"height\":474},{\"@type\":\"BreadcrumbList\",\"@id\":\"https:\\\/\\\/www.altercampagne.net\\\/?p=671#breadcrumb\",\"itemListElement\":[{\"@type\":\"ListItem\",\"position\":1,\"name\":\"Accueil\",\"item\":\"https:\\\/\\\/www.altercampagne.net\\\/\"},{\"@type\":\"ListItem\",\"position\":2,\"name\":\"Plateau Asile Solidarit\u00e9 et Cada du Chambon sur Lignon\"}]},{\"@type\":\"WebSite\",\"@id\":\"https:\\\/\\\/www.altercampagne.net\\\/#website\",\"url\":\"https:\\\/\\\/www.altercampagne.net\\\/\",\"name\":\"AlterTour\",\"description\":\"Reliez les Alternatives \u00e0 v\u00e9lo\",\"potentialAction\":[{\"@type\":\"SearchAction\",\"target\":{\"@type\":\"EntryPoint\",\"urlTemplate\":\"https:\\\/\\\/www.altercampagne.net\\\/?s={search_term_string}\"},\"query-input\":{\"@type\":\"PropertyValueSpecification\",\"valueRequired\":true,\"valueName\":\"search_term_string\"}}],\"inLanguage\":\"fr-FR\"},{\"@type\":\"Person\",\"@id\":\"https:\\\/\\\/www.altercampagne.net\\\/#\\\/schema\\\/person\\\/0f261460c09e430caa0f9bcffa319109\",\"name\":\"Mathieu\",\"image\":{\"@type\":\"ImageObject\",\"inLanguage\":\"fr-FR\",\"@id\":\"https:\\\/\\\/secure.gravatar.com\\\/avatar\\\/aa9d3d24c83f2141e5e2709d0f63d09a99f6be6bb7a50abc4915838d9f54501a?s=96&d=mm&r=g\",\"url\":\"https:\\\/\\\/secure.gravatar.com\\\/avatar\\\/aa9d3d24c83f2141e5e2709d0f63d09a99f6be6bb7a50abc4915838d9f54501a?s=96&d=mm&r=g\",\"contentUrl\":\"https:\\\/\\\/secure.gravatar.com\\\/avatar\\\/aa9d3d24c83f2141e5e2709d0f63d09a99f6be6bb7a50abc4915838d9f54501a?s=96&d=mm&r=g\",\"caption\":\"Mathieu\"},\"url\":\"https:\\\/\\\/www.altercampagne.net\\\/?author=214\"}]}<\/script>\n<!-- \/ Yoast SEO plugin. -->","yoast_head_json":{"title":"Plateau Asile Solidarit\u00e9 et Cada du Chambon sur Lignon - AlterTour","robots":{"index":"index","follow":"follow","max-snippet":"max-snippet:-1","max-image-preview":"max-image-preview:large","max-video-preview":"max-video-preview:-1"},"canonical":"https:\/\/www.altercampagne.net\/?p=671","og_locale":"fr_FR","og_type":"article","og_title":"Plateau Asile Solidarit\u00e9 et Cada du Chambon sur Lignon - AlterTour","og_description":"Visite du lieu de m\u00e9moire : terre d\u2019accueil pour les protestants lors de la contre r\u00e9forme (XVI\u00b0 si\u00e8cle) puis avec l\u2019h\u00e9bergement d\u2019enfants st\u00e9phanois pendant les \u00e9t\u00e9s dans des structures appropri\u00e9es, de r\u00e9fugi\u00e9s espagnols d\u00e8s 1939, les habitants du plateau de Chambon se sont mobilis\u00e9s pour cacher des personnes juives et ... Read More","og_url":"https:\/\/www.altercampagne.net\/?p=671","og_site_name":"AlterTour","article_published_time":"2014-07-15T14:11:25+00:00","article_modified_time":"2019-09-16T11:00:27+00:00","og_image":[{"width":907,"height":474,"url":"https:\/\/www.altercampagne.net\/wp-content\/uploads\/2014\/07\/2014-07-15_12.53.jpg","type":"image\/jpeg"}],"author":"Mathieu","twitter_card":"summary_large_image","twitter_misc":{"\u00c9crit par":"Mathieu","Dur\u00e9e de lecture estim\u00e9e":"2 minutes"},"schema":{"@context":"https:\/\/schema.org","@graph":[{"@type":"Article","@id":"https:\/\/www.altercampagne.net\/?p=671#article","isPartOf":{"@id":"https:\/\/www.altercampagne.net\/?p=671"},"author":{"name":"Mathieu","@id":"https:\/\/www.altercampagne.net\/#\/schema\/person\/0f261460c09e430caa0f9bcffa319109"},"headline":"Plateau Asile Solidarit\u00e9 et Cada du Chambon sur Lignon","datePublished":"2014-07-15T14:11:25+00:00","dateModified":"2019-09-16T11:00:27+00:00","mainEntityOfPage":{"@id":"https:\/\/www.altercampagne.net\/?p=671"},"wordCount":391,"image":{"@id":"https:\/\/www.altercampagne.net\/?p=671#primaryimage"},"thumbnailUrl":"https:\/\/www.altercampagne.net\/wp-content\/uploads\/2014\/07\/2014-07-15_12.53.jpg","keywords":["Plateau Asile Solidarit\u00e9","cada","Chambon sur Lignon","Centre d\u2019Accueil des Demandeurs d\u2019Asile","altertour 2014"],"articleSection":["Auvergne-Rh\u00f4ne-Alpes","\u00c9dition 2014","Social"],"inLanguage":"fr-FR"},{"@type":"WebPage","@id":"https:\/\/www.altercampagne.net\/?p=671","url":"https:\/\/www.altercampagne.net\/?p=671","name":"Plateau Asile Solidarit\u00e9 et Cada du Chambon sur Lignon - AlterTour","isPartOf":{"@id":"https:\/\/www.altercampagne.net\/#website"},"primaryImageOfPage":{"@id":"https:\/\/www.altercampagne.net\/?p=671#primaryimage"},"image":{"@id":"https:\/\/www.altercampagne.net\/?p=671#primaryimage"},"thumbnailUrl":"https:\/\/www.altercampagne.net\/wp-content\/uploads\/2014\/07\/2014-07-15_12.53.jpg","datePublished":"2014-07-15T14:11:25+00:00","dateModified":"2019-09-16T11:00:27+00:00","author":{"@id":"https:\/\/www.altercampagne.net\/#\/schema\/person\/0f261460c09e430caa0f9bcffa319109"},"breadcrumb":{"@id":"https:\/\/www.altercampagne.net\/?p=671#breadcrumb"},"inLanguage":"fr-FR","potentialAction":[{"@type":"ReadAction","target":["https:\/\/www.altercampagne.net\/?p=671"]}]},{"@type":"ImageObject","inLanguage":"fr-FR","@id":"https:\/\/www.altercampagne.net\/?p=671#primaryimage","url":"https:\/\/www.altercampagne.net\/wp-content\/uploads\/2014\/07\/2014-07-15_12.53.jpg","contentUrl":"https:\/\/www.altercampagne.net\/wp-content\/uploads\/2014\/07\/2014-07-15_12.53.jpg","width":907,"height":474},{"@type":"BreadcrumbList","@id":"https:\/\/www.altercampagne.net\/?p=671#breadcrumb","itemListElement":[{"@type":"ListItem","position":1,"name":"Accueil","item":"https:\/\/www.altercampagne.net\/"},{"@type":"ListItem","position":2,"name":"Plateau Asile Solidarit\u00e9 et Cada du Chambon sur Lignon"}]},{"@type":"WebSite","@id":"https:\/\/www.altercampagne.net\/#website","url":"https:\/\/www.altercampagne.net\/","name":"AlterTour","description":"Reliez les Alternatives \u00e0 v\u00e9lo","potentialAction":[{"@type":"SearchAction","target":{"@type":"EntryPoint","urlTemplate":"https:\/\/www.altercampagne.net\/?s={search_term_string}"},"query-input":{"@type":"PropertyValueSpecification","valueRequired":true,"valueName":"search_term_string"}}],"inLanguage":"fr-FR"},{"@type":"Person","@id":"https:\/\/www.altercampagne.net\/#\/schema\/person\/0f261460c09e430caa0f9bcffa319109","name":"Mathieu","image":{"@type":"ImageObject","inLanguage":"fr-FR","@id":"https:\/\/secure.gravatar.com\/avatar\/aa9d3d24c83f2141e5e2709d0f63d09a99f6be6bb7a50abc4915838d9f54501a?s=96&d=mm&r=g","url":"https:\/\/secure.gravatar.com\/avatar\/aa9d3d24c83f2141e5e2709d0f63d09a99f6be6bb7a50abc4915838d9f54501a?s=96&d=mm&r=g","contentUrl":"https:\/\/secure.gravatar.com\/avatar\/aa9d3d24c83f2141e5e2709d0f63d09a99f6be6bb7a50abc4915838d9f54501a?s=96&d=mm&r=g","caption":"Mathieu"},"url":"https:\/\/www.altercampagne.net\/?author=214"}]}},"_links":{"self":[{"href":"https:\/\/www.altercampagne.net\/index.php?rest_route=\/wp\/v2\/posts\/671","targetHints":{"allow":["GET"]}}],"collection":[{"href":"https:\/\/www.altercampagne.net\/index.php?rest_route=\/wp\/v2\/posts"}],"about":[{"href":"https:\/\/www.altercampagne.net\/index.php?rest_route=\/wp\/v2\/types\/post"}],"author":[{"embeddable":true,"href":"https:\/\/www.altercampagne.net\/index.php?rest_route=\/wp\/v2\/users\/214"}],"replies":[{"embeddable":true,"href":"https:\/\/www.altercampagne.net\/index.php?rest_route=%2Fwp%2Fv2%2Fcomments&post=671"}],"version-history":[{"count":0,"href":"https:\/\/www.altercampagne.net\/index.php?rest_route=\/wp\/v2\/posts\/671\/revisions"}],"wp:featuredmedia":[{"embeddable":true,"href":"https:\/\/www.altercampagne.net\/index.php?rest_route=\/wp\/v2\/media\/15699"}],"wp:attachment":[{"href":"https:\/\/www.altercampagne.net\/index.php?rest_route=%2Fwp%2Fv2%2Fmedia&parent=671"}],"wp:term":[{"taxonomy":"category","embeddable":true,"href":"https:\/\/www.altercampagne.net\/index.php?rest_route=%2Fwp%2Fv2%2Fcategories&post=671"},{"taxonomy":"post_tag","embeddable":true,"href":"https:\/\/www.altercampagne.net\/index.php?rest_route=%2Fwp%2Fv2%2Ftags&post=671"}],"curies":[{"name":"wp","href":"https:\/\/api.w.org\/{rel}","templated":true}]}}