{"id":6713,"date":"2019-01-20T13:01:40","date_gmt":"2019-01-20T12:01:40","guid":{"rendered":"http:\/\/www.altercampagne.net\/?p=6713"},"modified":"2019-03-21T00:52:31","modified_gmt":"2019-03-20T23:52:31","slug":"le-beforetour-2017","status":"publish","type":"post","link":"https:\/\/www.altercampagne.net\/?p=6713","title":{"rendered":"Le BeforeTour"},"content":{"rendered":"<div id=\"magicdomid14\" class=\"\"><\/div>\n\n\n<p class=\"has-medium-font-size\">Qu&rsquo;est-ce que c&rsquo;est ?<\/p>\n\n\n\n<p>Le Before Tour ce sont quelques jours o\u00f9 celles et ceux qui ont envie, et un peu de temps, peuvent&nbsp;participer \u00e0 la mise en route du BiereTour, notamment la pr\u00e9paration logistique.<\/p>\n\n\n\n<p class=\"has-medium-font-size\">Cliquez \u00ab\u00a0non\u00a0\u00bb pour cette ann\u00e9e !<\/p>\n\n\n\n<p>Cette ann\u00e9e il n&rsquo;y a pas de BeforeTour pour le Bi\u00e8reTour ! R\u00e9pondez NON \u00e0 la question \u00ab\u00a0Souhaitez vous participer au BeforeTour\u00a0\u00bb<\/p>\n","protected":false},"excerpt":{"rendered":"<p>Qu&rsquo;est-ce que c&rsquo;est ? Le Before Tour ce sont quelques jours o\u00f9 celles et ceux qui ont envie, et un peu de temps, peuvent&nbsp;participer \u00e0 la mise en route du BiereTour, notamment la pr\u00e9paration logistique. Cliquez \u00ab\u00a0non\u00a0\u00bb pour cette ann\u00e9e ! Cette ann\u00e9e il n&rsquo;y a pas de BeforeTour pour &#8230; <\/p>\n<div><a href=\"https:\/\/www.altercampagne.net\/?p=6713\" class=\"more-link\">Read More<\/a><\/div>\n","protected":false},"author":192,"featured_media":11023,"comment_status":"closed","ping_status":"closed","sticky":false,"template":"","format":"standard","meta":{"footnotes":""},"categories":[3574],"tags":[35,3564,3636],"class_list":["post-6713","post","type-post","status-publish","format-standard","has-post-thumbnail","hentry","category-bieretour","tag-autogestion","tag-reparation-des-velos","tag-before"],"yoast_head":"<!-- This site is optimized with the Yoast SEO plugin v27.3 - https:\/\/yoast.com\/product\/yoast-seo-wordpress\/ -->\n<title>Le BeforeTour - AlterTour<\/title>\n<meta name=\"description\" content=\"Ce sont quelques jours juste avant le d\u00e9part, pour participer \u00e0 la mise en route de l&#039;AlterTour, notamment la pr\u00e9paration logistique.\u00a0\" \/>\n<meta name=\"robots\" content=\"index, follow, max-snippet:-1, max-image-preview:large, max-video-preview:-1\" \/>\n<link rel=\"canonical\" href=\"https:\/\/www.altercampagne.net\/?p=6713\" \/>\n<meta property=\"og:locale\" content=\"fr_FR\" \/>\n<meta property=\"og:type\" content=\"article\" \/>\n<meta property=\"og:title\" content=\"Le BeforeTour - AlterTour\" \/>\n<meta property=\"og:description\" content=\"Ce sont quelques jours juste avant le d\u00e9part, pour participer \u00e0 la mise en route de l&#039;AlterTour, notamment la pr\u00e9paration logistique.\u00a0\" \/>\n<meta property=\"og:url\" content=\"https:\/\/www.altercampagne.net\/?p=6713\" \/>\n<meta property=\"og:site_name\" content=\"AlterTour\" \/>\n<meta property=\"article:published_time\" content=\"2019-01-20T12:01:40+00:00\" \/>\n<meta property=\"article:modified_time\" content=\"2019-03-20T23:52:31+00:00\" \/>\n<meta property=\"og:image\" content=\"https:\/\/www.altercampagne.net\/wp-content\/uploads\/2018\/05\/BeforeTour_12-07-21-e1601458407953.jpg\" \/>\n\t<meta property=\"og:image:width\" content=\"638\" \/>\n\t<meta property=\"og:image:height\" content=\"334\" \/>\n\t<meta property=\"og:image:type\" content=\"image\/jpeg\" \/>\n<meta name=\"author\" content=\"Julie\" \/>\n<meta name=\"twitter:card\" content=\"summary_large_image\" \/>\n<meta name=\"twitter:label1\" content=\"\u00c9crit par\" \/>\n\t<meta name=\"twitter:data1\" content=\"Julie\" \/>\n<script type=\"application\/ld+json\" class=\"yoast-schema-graph\">{\"@context\":\"https:\\\/\\\/schema.org\",\"@graph\":[{\"@type\":\"Article\",\"@id\":\"https:\\\/\\\/www.altercampagne.net\\\/?p=6713#article\",\"isPartOf\":{\"@id\":\"https:\\\/\\\/www.altercampagne.net\\\/?p=6713\"},\"author\":{\"name\":\"Julie\",\"@id\":\"https:\\\/\\\/www.altercampagne.net\\\/#\\\/schema\\\/person\\\/ea52458af5ca10d56e01a1b53249ddc4\"},\"headline\":\"Le BeforeTour\",\"datePublished\":\"2019-01-20T12:01:40+00:00\",\"dateModified\":\"2019-03-20T23:52:31+00:00\",\"mainEntityOfPage\":{\"@id\":\"https:\\\/\\\/www.altercampagne.net\\\/?p=6713\"},\"wordCount\":70,\"image\":{\"@id\":\"https:\\\/\\\/www.altercampagne.net\\\/?p=6713#primaryimage\"},\"thumbnailUrl\":\"https:\\\/\\\/www.altercampagne.net\\\/wp-content\\\/uploads\\\/2018\\\/05\\\/BeforeTour_12-07-21-e1601458407953.jpg\",\"keywords\":[\"autogestion\",\"r\u00e9paration des v\u00e9los\",\"Before\"],\"articleSection\":[\"Bi\u00e8reTour\"],\"inLanguage\":\"fr-FR\"},{\"@type\":\"WebPage\",\"@id\":\"https:\\\/\\\/www.altercampagne.net\\\/?p=6713\",\"url\":\"https:\\\/\\\/www.altercampagne.net\\\/?p=6713\",\"name\":\"Le BeforeTour - AlterTour\",\"isPartOf\":{\"@id\":\"https:\\\/\\\/www.altercampagne.net\\\/#website\"},\"primaryImageOfPage\":{\"@id\":\"https:\\\/\\\/www.altercampagne.net\\\/?p=6713#primaryimage\"},\"image\":{\"@id\":\"https:\\\/\\\/www.altercampagne.net\\\/?p=6713#primaryimage\"},\"thumbnailUrl\":\"https:\\\/\\\/www.altercampagne.net\\\/wp-content\\\/uploads\\\/2018\\\/05\\\/BeforeTour_12-07-21-e1601458407953.jpg\",\"datePublished\":\"2019-01-20T12:01:40+00:00\",\"dateModified\":\"2019-03-20T23:52:31+00:00\",\"author\":{\"@id\":\"https:\\\/\\\/www.altercampagne.net\\\/#\\\/schema\\\/person\\\/ea52458af5ca10d56e01a1b53249ddc4\"},\"description\":\"Ce sont quelques jours juste avant le d\u00e9part, pour participer \u00e0 la mise en route de l'AlterTour, notamment la pr\u00e9paration logistique.\u00a0\",\"breadcrumb\":{\"@id\":\"https:\\\/\\\/www.altercampagne.net\\\/?p=6713#breadcrumb\"},\"inLanguage\":\"fr-FR\",\"potentialAction\":[{\"@type\":\"ReadAction\",\"target\":[\"https:\\\/\\\/www.altercampagne.net\\\/?p=6713\"]}]},{\"@type\":\"ImageObject\",\"inLanguage\":\"fr-FR\",\"@id\":\"https:\\\/\\\/www.altercampagne.net\\\/?p=6713#primaryimage\",\"url\":\"https:\\\/\\\/www.altercampagne.net\\\/wp-content\\\/uploads\\\/2018\\\/05\\\/BeforeTour_12-07-21-e1601458407953.jpg\",\"contentUrl\":\"https:\\\/\\\/www.altercampagne.net\\\/wp-content\\\/uploads\\\/2018\\\/05\\\/BeforeTour_12-07-21-e1601458407953.jpg\",\"width\":638,\"height\":334},{\"@type\":\"BreadcrumbList\",\"@id\":\"https:\\\/\\\/www.altercampagne.net\\\/?p=6713#breadcrumb\",\"itemListElement\":[{\"@type\":\"ListItem\",\"position\":1,\"name\":\"Accueil\",\"item\":\"https:\\\/\\\/www.altercampagne.net\\\/\"},{\"@type\":\"ListItem\",\"position\":2,\"name\":\"Le BeforeTour\"}]},{\"@type\":\"WebSite\",\"@id\":\"https:\\\/\\\/www.altercampagne.net\\\/#website\",\"url\":\"https:\\\/\\\/www.altercampagne.net\\\/\",\"name\":\"AlterTour\",\"description\":\"Reliez les Alternatives \u00e0 v\u00e9lo\",\"potentialAction\":[{\"@type\":\"SearchAction\",\"target\":{\"@type\":\"EntryPoint\",\"urlTemplate\":\"https:\\\/\\\/www.altercampagne.net\\\/?s={search_term_string}\"},\"query-input\":{\"@type\":\"PropertyValueSpecification\",\"valueRequired\":true,\"valueName\":\"search_term_string\"}}],\"inLanguage\":\"fr-FR\"},{\"@type\":\"Person\",\"@id\":\"https:\\\/\\\/www.altercampagne.net\\\/#\\\/schema\\\/person\\\/ea52458af5ca10d56e01a1b53249ddc4\",\"name\":\"Julie\",\"image\":{\"@type\":\"ImageObject\",\"inLanguage\":\"fr-FR\",\"@id\":\"https:\\\/\\\/secure.gravatar.com\\\/avatar\\\/33c4c11c34e0f9cccad9f436c1a60f900028dcdb26df84756951418faf70fa39?s=96&d=mm&r=g\",\"url\":\"https:\\\/\\\/secure.gravatar.com\\\/avatar\\\/33c4c11c34e0f9cccad9f436c1a60f900028dcdb26df84756951418faf70fa39?s=96&d=mm&r=g\",\"contentUrl\":\"https:\\\/\\\/secure.gravatar.com\\\/avatar\\\/33c4c11c34e0f9cccad9f436c1a60f900028dcdb26df84756951418faf70fa39?s=96&d=mm&r=g\",\"caption\":\"Julie\"},\"url\":\"https:\\\/\\\/www.altercampagne.net\\\/?author=192\"}]}<\/script>\n<!-- \/ Yoast SEO plugin. -->","yoast_head_json":{"title":"Le BeforeTour - AlterTour","description":"Ce sont quelques jours juste avant le d\u00e9part, pour participer \u00e0 la mise en route de l'AlterTour, notamment la pr\u00e9paration logistique.\u00a0","robots":{"index":"index","follow":"follow","max-snippet":"max-snippet:-1","max-image-preview":"max-image-preview:large","max-video-preview":"max-video-preview:-1"},"canonical":"https:\/\/www.altercampagne.net\/?p=6713","og_locale":"fr_FR","og_type":"article","og_title":"Le BeforeTour - AlterTour","og_description":"Ce sont quelques jours juste avant le d\u00e9part, pour participer \u00e0 la mise en route de l'AlterTour, notamment la pr\u00e9paration logistique.\u00a0","og_url":"https:\/\/www.altercampagne.net\/?p=6713","og_site_name":"AlterTour","article_published_time":"2019-01-20T12:01:40+00:00","article_modified_time":"2019-03-20T23:52:31+00:00","og_image":[{"width":638,"height":334,"url":"https:\/\/www.altercampagne.net\/wp-content\/uploads\/2018\/05\/BeforeTour_12-07-21-e1601458407953.jpg","type":"image\/jpeg"}],"author":"Julie","twitter_card":"summary_large_image","twitter_misc":{"\u00c9crit par":"Julie"},"schema":{"@context":"https:\/\/schema.org","@graph":[{"@type":"Article","@id":"https:\/\/www.altercampagne.net\/?p=6713#article","isPartOf":{"@id":"https:\/\/www.altercampagne.net\/?p=6713"},"author":{"name":"Julie","@id":"https:\/\/www.altercampagne.net\/#\/schema\/person\/ea52458af5ca10d56e01a1b53249ddc4"},"headline":"Le BeforeTour","datePublished":"2019-01-20T12:01:40+00:00","dateModified":"2019-03-20T23:52:31+00:00","mainEntityOfPage":{"@id":"https:\/\/www.altercampagne.net\/?p=6713"},"wordCount":70,"image":{"@id":"https:\/\/www.altercampagne.net\/?p=6713#primaryimage"},"thumbnailUrl":"https:\/\/www.altercampagne.net\/wp-content\/uploads\/2018\/05\/BeforeTour_12-07-21-e1601458407953.jpg","keywords":["autogestion","r\u00e9paration des v\u00e9los","Before"],"articleSection":["Bi\u00e8reTour"],"inLanguage":"fr-FR"},{"@type":"WebPage","@id":"https:\/\/www.altercampagne.net\/?p=6713","url":"https:\/\/www.altercampagne.net\/?p=6713","name":"Le BeforeTour - AlterTour","isPartOf":{"@id":"https:\/\/www.altercampagne.net\/#website"},"primaryImageOfPage":{"@id":"https:\/\/www.altercampagne.net\/?p=6713#primaryimage"},"image":{"@id":"https:\/\/www.altercampagne.net\/?p=6713#primaryimage"},"thumbnailUrl":"https:\/\/www.altercampagne.net\/wp-content\/uploads\/2018\/05\/BeforeTour_12-07-21-e1601458407953.jpg","datePublished":"2019-01-20T12:01:40+00:00","dateModified":"2019-03-20T23:52:31+00:00","author":{"@id":"https:\/\/www.altercampagne.net\/#\/schema\/person\/ea52458af5ca10d56e01a1b53249ddc4"},"description":"Ce sont quelques jours juste avant le d\u00e9part, pour participer \u00e0 la mise en route de l'AlterTour, notamment la pr\u00e9paration logistique.\u00a0","breadcrumb":{"@id":"https:\/\/www.altercampagne.net\/?p=6713#breadcrumb"},"inLanguage":"fr-FR","potentialAction":[{"@type":"ReadAction","target":["https:\/\/www.altercampagne.net\/?p=6713"]}]},{"@type":"ImageObject","inLanguage":"fr-FR","@id":"https:\/\/www.altercampagne.net\/?p=6713#primaryimage","url":"https:\/\/www.altercampagne.net\/wp-content\/uploads\/2018\/05\/BeforeTour_12-07-21-e1601458407953.jpg","contentUrl":"https:\/\/www.altercampagne.net\/wp-content\/uploads\/2018\/05\/BeforeTour_12-07-21-e1601458407953.jpg","width":638,"height":334},{"@type":"BreadcrumbList","@id":"https:\/\/www.altercampagne.net\/?p=6713#breadcrumb","itemListElement":[{"@type":"ListItem","position":1,"name":"Accueil","item":"https:\/\/www.altercampagne.net\/"},{"@type":"ListItem","position":2,"name":"Le BeforeTour"}]},{"@type":"WebSite","@id":"https:\/\/www.altercampagne.net\/#website","url":"https:\/\/www.altercampagne.net\/","name":"AlterTour","description":"Reliez les Alternatives \u00e0 v\u00e9lo","potentialAction":[{"@type":"SearchAction","target":{"@type":"EntryPoint","urlTemplate":"https:\/\/www.altercampagne.net\/?s={search_term_string}"},"query-input":{"@type":"PropertyValueSpecification","valueRequired":true,"valueName":"search_term_string"}}],"inLanguage":"fr-FR"},{"@type":"Person","@id":"https:\/\/www.altercampagne.net\/#\/schema\/person\/ea52458af5ca10d56e01a1b53249ddc4","name":"Julie","image":{"@type":"ImageObject","inLanguage":"fr-FR","@id":"https:\/\/secure.gravatar.com\/avatar\/33c4c11c34e0f9cccad9f436c1a60f900028dcdb26df84756951418faf70fa39?s=96&d=mm&r=g","url":"https:\/\/secure.gravatar.com\/avatar\/33c4c11c34e0f9cccad9f436c1a60f900028dcdb26df84756951418faf70fa39?s=96&d=mm&r=g","contentUrl":"https:\/\/secure.gravatar.com\/avatar\/33c4c11c34e0f9cccad9f436c1a60f900028dcdb26df84756951418faf70fa39?s=96&d=mm&r=g","caption":"Julie"},"url":"https:\/\/www.altercampagne.net\/?author=192"}]}},"_links":{"self":[{"href":"https:\/\/www.altercampagne.net\/index.php?rest_route=\/wp\/v2\/posts\/6713","targetHints":{"allow":["GET"]}}],"collection":[{"href":"https:\/\/www.altercampagne.net\/index.php?rest_route=\/wp\/v2\/posts"}],"about":[{"href":"https:\/\/www.altercampagne.net\/index.php?rest_route=\/wp\/v2\/types\/post"}],"author":[{"embeddable":true,"href":"https:\/\/www.altercampagne.net\/index.php?rest_route=\/wp\/v2\/users\/192"}],"replies":[{"embeddable":true,"href":"https:\/\/www.altercampagne.net\/index.php?rest_route=%2Fwp%2Fv2%2Fcomments&post=6713"}],"version-history":[{"count":0,"href":"https:\/\/www.altercampagne.net\/index.php?rest_route=\/wp\/v2\/posts\/6713\/revisions"}],"wp:featuredmedia":[{"embeddable":true,"href":"https:\/\/www.altercampagne.net\/index.php?rest_route=\/wp\/v2\/media\/11023"}],"wp:attachment":[{"href":"https:\/\/www.altercampagne.net\/index.php?rest_route=%2Fwp%2Fv2%2Fmedia&parent=6713"}],"wp:term":[{"taxonomy":"category","embeddable":true,"href":"https:\/\/www.altercampagne.net\/index.php?rest_route=%2Fwp%2Fv2%2Fcategories&post=6713"},{"taxonomy":"post_tag","embeddable":true,"href":"https:\/\/www.altercampagne.net\/index.php?rest_route=%2Fwp%2Fv2%2Ftags&post=6713"}],"curies":[{"name":"wp","href":"https:\/\/api.w.org\/{rel}","templated":true}]}}