{"id":674,"date":"2014-07-13T16:17:24","date_gmt":"2014-07-13T14:17:24","guid":{"rendered":"http:\/\/www.altercampagne.net\/?p=674"},"modified":"2020-03-09T17:23:01","modified_gmt":"2020-03-09T16:23:01","slug":"dire-non-a-la-construction-du-barrage-des-plats","status":"publish","type":"post","link":"https:\/\/www.altercampagne.net\/?p=674","title":{"rendered":"Dire NON ! \u00e0 la construction du Barrage des plats"},"content":{"rendered":"<p class=\"Style271 Style138 Style152\" align=\"justify\">Apr\u00e8s une nuit au superbe parc Couriot du mus\u00e9e de la Mine \u00e0 Saint-Etienne, la troupe a enfourch\u00e9 les v\u00e9los \u00e0 9h15 pour une randonn\u00e9e de 20 km avec un d\u00e9nivel\u00e9 certain : +600 m. Arriv\u00e9e au col de la R\u00e9publique en fin de matin\u00e9e, puis descente sur le village de Saint-Genest-Malifaux (42).<\/p>\n<p class=\"Style271 Style138 Style152\" align=\"justify\"><a href=\"http:\/\/www.loireamontvivante.fr\/\" target=\"_blank\" rel=\"noopener noreferrer\"><img loading=\"lazy\" decoding=\"async\" class=\"aligncenter wp-image-675 size-full\" src=\"http:\/\/www.altercampagne.net\/wp-content\/uploads\/2015\/02\/2014-07-13.jpg\" alt=\"2014-07-13\" width=\"450\" height=\"600\" srcset=\"https:\/\/www.altercampagne.net\/wp-content\/uploads\/2015\/02\/2014-07-13.jpg 450w, https:\/\/www.altercampagne.net\/wp-content\/uploads\/2015\/02\/2014-07-13-225x300.jpg 225w\" sizes=\"auto, (max-width: 450px) 100vw, 450px\" \/><\/a><\/p>\n<p class=\"Style271 Style138 Style152\" align=\"justify\"><strong>Dire NON ! \u00e0 la construction du Barrage des plats sur la Sem\u00e8ne :<\/strong> manifestation anim\u00e9e par Martin Arnould de WWF. La Sem\u00e8ne est une des rares rivi\u00e8res sauvages de France. Faut-il reconstruire en 2014 un barrage qui avait \u00e9t\u00e9 construit en 1950 \u00e0 une p\u00e9riode d\u2019apr\u00e8s guerre sans conscience \u00e9cologique ? Faut-il redonner aux lieux leur cachet de carte postale avec son lac ? La commune de Firminy avec ses 17000 habitants manque-t-elle d\u2019eau potable ? La r\u00e9ponse est NON ! De plus, <strong>le projet concerne un r\u00e9servoir biologique, il est situ\u00e9 dans le Parc r\u00e9gional du Pilat et l\u2019ensemble des acteurs engag\u00e9s dans la r\u00e9flexion environnementale s\u2019y sont oppos\u00e9s<\/strong>. En novembre 2013, les associations sont parvenues \u00e0 faire stopper le chantier par un recours administratif, mais le pr\u00e9fet a pass\u00e9 outre et relanc\u00e9 l\u2019ouvrage. La rencontre avec l\u2019AlterTour est l\u2019occasion de donner de la voix aux opposants. Et aussi d\u2019aller se rafraichir les pieds dans la rivi\u00e8re de la Sem\u00e8ne en participant au <strong>Big Jump<\/strong> ! un \u00e9v\u00e9nement europ\u00e9en pour d\u00e9fendre les rivi\u00e8res sauvages, en allant s\u2019y baigner, tous ensemble, le m\u00eame jour.. . ce 13 juillet 2014 ! Pour agir contre le barrage : <a href=\"http:\/\/www.loireamontvivante.fr\/\" target=\"_blank\" rel=\"noopener noreferrer\">www.loireamontvivante.fr<\/a><\/p>\n<p class=\"Style271 Style138 Style152\" align=\"justify\"><strong>Soir\u00e9e : accueil et h\u00e9bergement \u00e0 la Bergerie, chez Yves et Blandine ODOUART-DREVET<\/strong>, \u00e9leveurs de brebis, producteurs de lait, yaourt, et fromage : Marloux, Tomme, Brebis doux, Mozzarella\u2026<\/p>\n<p class=\"Style271 Style138 Style152\" style=\"text-align: right;\" align=\"justify\"><strong>Jean-Yves<\/strong><\/p>\n","protected":false},"excerpt":{"rendered":"<p>Apr\u00e8s une nuit au superbe parc Couriot du mus\u00e9e de la Mine \u00e0 Saint-Etienne, la troupe a enfourch\u00e9 les v\u00e9los \u00e0 9h15 pour une randonn\u00e9e de 20 km avec un d\u00e9nivel\u00e9 certain : +600 m. Arriv\u00e9e au col de la R\u00e9publique en fin de matin\u00e9e, puis descente sur le village &#8230; <\/p>\n<div><a href=\"https:\/\/www.altercampagne.net\/?p=674\" class=\"more-link\">Read More<\/a><\/div>\n","protected":false},"author":214,"featured_media":17705,"comment_status":"closed","ping_status":"closed","sticky":false,"template":"","format":"standard","meta":{"footnotes":""},"categories":[3471,3486,3542,3461],"tags":[149,150,151,152,153,154,155,156,157,158,319,1488,1650],"class_list":["post-674","post","type-post","status-publish","format-standard","has-post-thumbnail","hentry","category-auvergne-rhone-alpes","category-environnement","category-lutte","category-edition-2014","tag-barrage-des-plats","tag-saint-etienne","tag-saint-genest-malifaux","tag-semene","tag-martin-arnould","tag-wwf","tag-parc-regional-du-pilat","tag-big-jump","tag-loire-amont-vivante","tag-yves-et-blandine-odouart-drevet","tag-altertour-2014","tag-loire","tag-rhone-alpes"],"yoast_head":"<!-- This site is optimized with the Yoast SEO plugin v27.3 - https:\/\/yoast.com\/product\/yoast-seo-wordpress\/ -->\n<title>Dire NON ! \u00e0 la construction du Barrage des plats - AlterTour<\/title>\n<meta name=\"robots\" content=\"index, follow, max-snippet:-1, max-image-preview:large, max-video-preview:-1\" \/>\n<link rel=\"canonical\" href=\"https:\/\/www.altercampagne.net\/?p=674\" \/>\n<meta property=\"og:locale\" content=\"fr_FR\" \/>\n<meta property=\"og:type\" content=\"article\" \/>\n<meta property=\"og:title\" content=\"Dire NON ! \u00e0 la construction du Barrage des plats - AlterTour\" \/>\n<meta property=\"og:description\" content=\"Apr\u00e8s une nuit au superbe parc Couriot du mus\u00e9e de la Mine \u00e0 Saint-Etienne, la troupe a enfourch\u00e9 les v\u00e9los \u00e0 9h15 pour une randonn\u00e9e de 20 km avec un d\u00e9nivel\u00e9 certain : +600 m. Arriv\u00e9e au col de la R\u00e9publique en fin de matin\u00e9e, puis descente sur le village ... Read More\" \/>\n<meta property=\"og:url\" content=\"https:\/\/www.altercampagne.net\/?p=674\" \/>\n<meta property=\"og:site_name\" content=\"AlterTour\" \/>\n<meta property=\"article:published_time\" content=\"2014-07-13T14:17:24+00:00\" \/>\n<meta property=\"article:modified_time\" content=\"2020-03-09T16:23:01+00:00\" \/>\n<meta property=\"og:image\" content=\"https:\/\/www.altercampagne.net\/wp-content\/uploads\/2014\/07\/P1000370.jpg\" \/>\n\t<meta property=\"og:image:width\" content=\"900\" \/>\n\t<meta property=\"og:image:height\" content=\"470\" \/>\n\t<meta property=\"og:image:type\" content=\"image\/jpeg\" \/>\n<meta name=\"author\" content=\"Mathieu\" \/>\n<meta name=\"twitter:card\" content=\"summary_large_image\" \/>\n<meta name=\"twitter:label1\" content=\"\u00c9crit par\" \/>\n\t<meta name=\"twitter:data1\" content=\"Mathieu\" \/>\n\t<meta name=\"twitter:label2\" content=\"Dur\u00e9e de lecture estim\u00e9e\" \/>\n\t<meta name=\"twitter:data2\" content=\"1 minute\" \/>\n<script type=\"application\/ld+json\" class=\"yoast-schema-graph\">{\"@context\":\"https:\\\/\\\/schema.org\",\"@graph\":[{\"@type\":\"Article\",\"@id\":\"https:\\\/\\\/www.altercampagne.net\\\/?p=674#article\",\"isPartOf\":{\"@id\":\"https:\\\/\\\/www.altercampagne.net\\\/?p=674\"},\"author\":{\"name\":\"Mathieu\",\"@id\":\"https:\\\/\\\/www.altercampagne.net\\\/#\\\/schema\\\/person\\\/0f261460c09e430caa0f9bcffa319109\"},\"headline\":\"Dire NON ! \u00e0 la construction du Barrage des plats\",\"datePublished\":\"2014-07-13T14:17:24+00:00\",\"dateModified\":\"2020-03-09T16:23:01+00:00\",\"mainEntityOfPage\":{\"@id\":\"https:\\\/\\\/www.altercampagne.net\\\/?p=674\"},\"wordCount\":301,\"image\":{\"@id\":\"https:\\\/\\\/www.altercampagne.net\\\/?p=674#primaryimage\"},\"thumbnailUrl\":\"https:\\\/\\\/www.altercampagne.net\\\/wp-content\\\/uploads\\\/2014\\\/07\\\/P1000370.jpg\",\"keywords\":[\"Barrage des plats\",\"Saint Etienne\",\"Saint-Genest-Malifaux\",\"Sem\u00e8ne\",\"Martin Arnould\",\"WWF\",\"Parc r\u00e9gional du Pilat\",\"Big Jump\",\"Loire Amont Vivante\",\"Yves et Blandine ODOUART-DREVET\",\"altertour 2014\",\"Loire\",\"Rhone-Alpes\"],\"articleSection\":[\"Auvergne-Rh\u00f4ne-Alpes\",\"Environnement\",\"Lutte\",\"\u00c9dition 2014\"],\"inLanguage\":\"fr-FR\"},{\"@type\":\"WebPage\",\"@id\":\"https:\\\/\\\/www.altercampagne.net\\\/?p=674\",\"url\":\"https:\\\/\\\/www.altercampagne.net\\\/?p=674\",\"name\":\"Dire NON ! \u00e0 la construction du Barrage des plats - AlterTour\",\"isPartOf\":{\"@id\":\"https:\\\/\\\/www.altercampagne.net\\\/#website\"},\"primaryImageOfPage\":{\"@id\":\"https:\\\/\\\/www.altercampagne.net\\\/?p=674#primaryimage\"},\"image\":{\"@id\":\"https:\\\/\\\/www.altercampagne.net\\\/?p=674#primaryimage\"},\"thumbnailUrl\":\"https:\\\/\\\/www.altercampagne.net\\\/wp-content\\\/uploads\\\/2014\\\/07\\\/P1000370.jpg\",\"datePublished\":\"2014-07-13T14:17:24+00:00\",\"dateModified\":\"2020-03-09T16:23:01+00:00\",\"author\":{\"@id\":\"https:\\\/\\\/www.altercampagne.net\\\/#\\\/schema\\\/person\\\/0f261460c09e430caa0f9bcffa319109\"},\"breadcrumb\":{\"@id\":\"https:\\\/\\\/www.altercampagne.net\\\/?p=674#breadcrumb\"},\"inLanguage\":\"fr-FR\",\"potentialAction\":[{\"@type\":\"ReadAction\",\"target\":[\"https:\\\/\\\/www.altercampagne.net\\\/?p=674\"]}]},{\"@type\":\"ImageObject\",\"inLanguage\":\"fr-FR\",\"@id\":\"https:\\\/\\\/www.altercampagne.net\\\/?p=674#primaryimage\",\"url\":\"https:\\\/\\\/www.altercampagne.net\\\/wp-content\\\/uploads\\\/2014\\\/07\\\/P1000370.jpg\",\"contentUrl\":\"https:\\\/\\\/www.altercampagne.net\\\/wp-content\\\/uploads\\\/2014\\\/07\\\/P1000370.jpg\",\"width\":900,\"height\":470},{\"@type\":\"BreadcrumbList\",\"@id\":\"https:\\\/\\\/www.altercampagne.net\\\/?p=674#breadcrumb\",\"itemListElement\":[{\"@type\":\"ListItem\",\"position\":1,\"name\":\"Accueil\",\"item\":\"https:\\\/\\\/www.altercampagne.net\\\/\"},{\"@type\":\"ListItem\",\"position\":2,\"name\":\"Dire NON ! \u00e0 la construction du Barrage des plats\"}]},{\"@type\":\"WebSite\",\"@id\":\"https:\\\/\\\/www.altercampagne.net\\\/#website\",\"url\":\"https:\\\/\\\/www.altercampagne.net\\\/\",\"name\":\"AlterTour\",\"description\":\"Reliez les Alternatives \u00e0 v\u00e9lo\",\"potentialAction\":[{\"@type\":\"SearchAction\",\"target\":{\"@type\":\"EntryPoint\",\"urlTemplate\":\"https:\\\/\\\/www.altercampagne.net\\\/?s={search_term_string}\"},\"query-input\":{\"@type\":\"PropertyValueSpecification\",\"valueRequired\":true,\"valueName\":\"search_term_string\"}}],\"inLanguage\":\"fr-FR\"},{\"@type\":\"Person\",\"@id\":\"https:\\\/\\\/www.altercampagne.net\\\/#\\\/schema\\\/person\\\/0f261460c09e430caa0f9bcffa319109\",\"name\":\"Mathieu\",\"image\":{\"@type\":\"ImageObject\",\"inLanguage\":\"fr-FR\",\"@id\":\"https:\\\/\\\/secure.gravatar.com\\\/avatar\\\/aa9d3d24c83f2141e5e2709d0f63d09a99f6be6bb7a50abc4915838d9f54501a?s=96&d=mm&r=g\",\"url\":\"https:\\\/\\\/secure.gravatar.com\\\/avatar\\\/aa9d3d24c83f2141e5e2709d0f63d09a99f6be6bb7a50abc4915838d9f54501a?s=96&d=mm&r=g\",\"contentUrl\":\"https:\\\/\\\/secure.gravatar.com\\\/avatar\\\/aa9d3d24c83f2141e5e2709d0f63d09a99f6be6bb7a50abc4915838d9f54501a?s=96&d=mm&r=g\",\"caption\":\"Mathieu\"},\"url\":\"https:\\\/\\\/www.altercampagne.net\\\/?author=214\"}]}<\/script>\n<!-- \/ Yoast SEO plugin. -->","yoast_head_json":{"title":"Dire NON ! \u00e0 la construction du Barrage des plats - AlterTour","robots":{"index":"index","follow":"follow","max-snippet":"max-snippet:-1","max-image-preview":"max-image-preview:large","max-video-preview":"max-video-preview:-1"},"canonical":"https:\/\/www.altercampagne.net\/?p=674","og_locale":"fr_FR","og_type":"article","og_title":"Dire NON ! \u00e0 la construction du Barrage des plats - AlterTour","og_description":"Apr\u00e8s une nuit au superbe parc Couriot du mus\u00e9e de la Mine \u00e0 Saint-Etienne, la troupe a enfourch\u00e9 les v\u00e9los \u00e0 9h15 pour une randonn\u00e9e de 20 km avec un d\u00e9nivel\u00e9 certain : +600 m. Arriv\u00e9e au col de la R\u00e9publique en fin de matin\u00e9e, puis descente sur le village ... Read More","og_url":"https:\/\/www.altercampagne.net\/?p=674","og_site_name":"AlterTour","article_published_time":"2014-07-13T14:17:24+00:00","article_modified_time":"2020-03-09T16:23:01+00:00","og_image":[{"width":900,"height":470,"url":"https:\/\/www.altercampagne.net\/wp-content\/uploads\/2014\/07\/P1000370.jpg","type":"image\/jpeg"}],"author":"Mathieu","twitter_card":"summary_large_image","twitter_misc":{"\u00c9crit par":"Mathieu","Dur\u00e9e de lecture estim\u00e9e":"1 minute"},"schema":{"@context":"https:\/\/schema.org","@graph":[{"@type":"Article","@id":"https:\/\/www.altercampagne.net\/?p=674#article","isPartOf":{"@id":"https:\/\/www.altercampagne.net\/?p=674"},"author":{"name":"Mathieu","@id":"https:\/\/www.altercampagne.net\/#\/schema\/person\/0f261460c09e430caa0f9bcffa319109"},"headline":"Dire NON ! \u00e0 la construction du Barrage des plats","datePublished":"2014-07-13T14:17:24+00:00","dateModified":"2020-03-09T16:23:01+00:00","mainEntityOfPage":{"@id":"https:\/\/www.altercampagne.net\/?p=674"},"wordCount":301,"image":{"@id":"https:\/\/www.altercampagne.net\/?p=674#primaryimage"},"thumbnailUrl":"https:\/\/www.altercampagne.net\/wp-content\/uploads\/2014\/07\/P1000370.jpg","keywords":["Barrage des plats","Saint Etienne","Saint-Genest-Malifaux","Sem\u00e8ne","Martin Arnould","WWF","Parc r\u00e9gional du Pilat","Big Jump","Loire Amont Vivante","Yves et Blandine ODOUART-DREVET","altertour 2014","Loire","Rhone-Alpes"],"articleSection":["Auvergne-Rh\u00f4ne-Alpes","Environnement","Lutte","\u00c9dition 2014"],"inLanguage":"fr-FR"},{"@type":"WebPage","@id":"https:\/\/www.altercampagne.net\/?p=674","url":"https:\/\/www.altercampagne.net\/?p=674","name":"Dire NON ! \u00e0 la construction du Barrage des plats - AlterTour","isPartOf":{"@id":"https:\/\/www.altercampagne.net\/#website"},"primaryImageOfPage":{"@id":"https:\/\/www.altercampagne.net\/?p=674#primaryimage"},"image":{"@id":"https:\/\/www.altercampagne.net\/?p=674#primaryimage"},"thumbnailUrl":"https:\/\/www.altercampagne.net\/wp-content\/uploads\/2014\/07\/P1000370.jpg","datePublished":"2014-07-13T14:17:24+00:00","dateModified":"2020-03-09T16:23:01+00:00","author":{"@id":"https:\/\/www.altercampagne.net\/#\/schema\/person\/0f261460c09e430caa0f9bcffa319109"},"breadcrumb":{"@id":"https:\/\/www.altercampagne.net\/?p=674#breadcrumb"},"inLanguage":"fr-FR","potentialAction":[{"@type":"ReadAction","target":["https:\/\/www.altercampagne.net\/?p=674"]}]},{"@type":"ImageObject","inLanguage":"fr-FR","@id":"https:\/\/www.altercampagne.net\/?p=674#primaryimage","url":"https:\/\/www.altercampagne.net\/wp-content\/uploads\/2014\/07\/P1000370.jpg","contentUrl":"https:\/\/www.altercampagne.net\/wp-content\/uploads\/2014\/07\/P1000370.jpg","width":900,"height":470},{"@type":"BreadcrumbList","@id":"https:\/\/www.altercampagne.net\/?p=674#breadcrumb","itemListElement":[{"@type":"ListItem","position":1,"name":"Accueil","item":"https:\/\/www.altercampagne.net\/"},{"@type":"ListItem","position":2,"name":"Dire NON ! \u00e0 la construction du Barrage des plats"}]},{"@type":"WebSite","@id":"https:\/\/www.altercampagne.net\/#website","url":"https:\/\/www.altercampagne.net\/","name":"AlterTour","description":"Reliez les Alternatives \u00e0 v\u00e9lo","potentialAction":[{"@type":"SearchAction","target":{"@type":"EntryPoint","urlTemplate":"https:\/\/www.altercampagne.net\/?s={search_term_string}"},"query-input":{"@type":"PropertyValueSpecification","valueRequired":true,"valueName":"search_term_string"}}],"inLanguage":"fr-FR"},{"@type":"Person","@id":"https:\/\/www.altercampagne.net\/#\/schema\/person\/0f261460c09e430caa0f9bcffa319109","name":"Mathieu","image":{"@type":"ImageObject","inLanguage":"fr-FR","@id":"https:\/\/secure.gravatar.com\/avatar\/aa9d3d24c83f2141e5e2709d0f63d09a99f6be6bb7a50abc4915838d9f54501a?s=96&d=mm&r=g","url":"https:\/\/secure.gravatar.com\/avatar\/aa9d3d24c83f2141e5e2709d0f63d09a99f6be6bb7a50abc4915838d9f54501a?s=96&d=mm&r=g","contentUrl":"https:\/\/secure.gravatar.com\/avatar\/aa9d3d24c83f2141e5e2709d0f63d09a99f6be6bb7a50abc4915838d9f54501a?s=96&d=mm&r=g","caption":"Mathieu"},"url":"https:\/\/www.altercampagne.net\/?author=214"}]}},"_links":{"self":[{"href":"https:\/\/www.altercampagne.net\/index.php?rest_route=\/wp\/v2\/posts\/674","targetHints":{"allow":["GET"]}}],"collection":[{"href":"https:\/\/www.altercampagne.net\/index.php?rest_route=\/wp\/v2\/posts"}],"about":[{"href":"https:\/\/www.altercampagne.net\/index.php?rest_route=\/wp\/v2\/types\/post"}],"author":[{"embeddable":true,"href":"https:\/\/www.altercampagne.net\/index.php?rest_route=\/wp\/v2\/users\/214"}],"replies":[{"embeddable":true,"href":"https:\/\/www.altercampagne.net\/index.php?rest_route=%2Fwp%2Fv2%2Fcomments&post=674"}],"version-history":[{"count":1,"href":"https:\/\/www.altercampagne.net\/index.php?rest_route=\/wp\/v2\/posts\/674\/revisions"}],"predecessor-version":[{"id":17706,"href":"https:\/\/www.altercampagne.net\/index.php?rest_route=\/wp\/v2\/posts\/674\/revisions\/17706"}],"wp:featuredmedia":[{"embeddable":true,"href":"https:\/\/www.altercampagne.net\/index.php?rest_route=\/wp\/v2\/media\/17705"}],"wp:attachment":[{"href":"https:\/\/www.altercampagne.net\/index.php?rest_route=%2Fwp%2Fv2%2Fmedia&parent=674"}],"wp:term":[{"taxonomy":"category","embeddable":true,"href":"https:\/\/www.altercampagne.net\/index.php?rest_route=%2Fwp%2Fv2%2Fcategories&post=674"},{"taxonomy":"post_tag","embeddable":true,"href":"https:\/\/www.altercampagne.net\/index.php?rest_route=%2Fwp%2Fv2%2Ftags&post=674"}],"curies":[{"name":"wp","href":"https:\/\/api.w.org\/{rel}","templated":true}]}}