{"id":677,"date":"2014-07-12T16:25:08","date_gmt":"2014-07-12T14:25:08","guid":{"rendered":"http:\/\/www.altercampagne.net\/?p=677"},"modified":"2019-09-16T13:48:12","modified_gmt":"2019-09-16T11:48:12","slug":"depart-de-saint-etienne","status":"publish","type":"post","link":"https:\/\/www.altercampagne.net\/?p=677","title":{"rendered":"D\u00e9part de Saint-Etienne"},"content":{"rendered":"<p class=\"Style271 Style138 Style152\" align=\"justify\"><strong>Jour J : accueil des participants<\/strong> en gare de Saint-Etienne, puis rendez-vous pour la pr\u00e9paration des v\u00e9los \u00e0 l\u2019atelier de l\u2019association <a href=\"http:\/\/www.ocivelo.fr\/\" target=\"_blank\" rel=\"noopener noreferrer\">Ociv\u00e9lo<\/a>, avant le d\u00eener au lieu alternatif \u00ab La gueule noire \u00bb. Un excellent couscous v\u00e9g\u00e9tarien nous a \u00e9t\u00e9 pr\u00e9par\u00e9. L\u2019ambiance et le concept de service autog\u00e9r\u00e9 ont beaucoup plus aux participants qui commen\u00e7aient \u00e0 faire connaissance.<\/p>\n<p class=\"Style271 Style138 Style152\" align=\"justify\"><strong>Soir\u00e9e d\u00e9bat sur le th\u00e8me du revenu inconditionnel<\/strong>, anim\u00e9e par Samuel Michalon, Lilian Robin et Baptiste Mylondo, auteur du livre \u00ab Pour un revenu sans conditions \u00bb. La s\u00e9ance s\u2019est ouverte sur une r\u00e9flexion collective sur le sens que recouvre le terme \u00ab travail \u00bb, souvent associ\u00e9 \u00e0 celui \u00ab d\u2019emploi \u00bb, qui sous-entend le \u00ab salariat \u00bb, lequel fait g\u00e9n\u00e9ralement r\u00e9f\u00e9rence \u00e0 une relation de subordination, concernant un public le plus souvent masculin et dans le cadre d\u2019un contrat \u00e0 temps plein. Force est de constater que la soci\u00e9t\u00e9 fran\u00e7aise ne favorise pas le travail \u00e0 temps partiel alors que beaucoup souhaiteraient se consacrer d\u2019avantage \u00e0 d\u2019autres activit\u00e9s, voire aucune, l\u2019\u00e9panouissement personnel \u00e9tant laiss\u00e9 au libre arbitre de chacun. Des r\u00e9ticences culturelles et id\u00e9ologiques s\u2019expriment quant \u00e0 cette proposition d\u2019\u00e9volution du rapport au travail. En savoir plus : <a href=\"http:\/\/www.cooperativedinactivite.org\/lequipe\/\" target=\"_blank\" rel=\"noopener noreferrer\">http:\/\/www.cooperativedinactivite.org\/lequipe\/<\/a><\/p>\n<p class=\"Style271 Style138 Style152\" align=\"justify\"><strong>Le th\u00e8me suivant a concern\u00e9 le Revenu inconditionnel :<\/strong> Baptiste Mylondo milite pour la cr\u00e9ation d\u2019un revenu inconditionnel correspondant au seuil de pauvret\u00e9 (environ 950 \u20ac).<\/p>\n<p class=\"Style271 Style138 Style152\" style=\"text-align: right;\" align=\"justify\"><strong>Jean-Yves<\/strong><\/p>\n","protected":false},"excerpt":{"rendered":"<p>Jour J : accueil des participants en gare de Saint-Etienne, puis rendez-vous pour la pr\u00e9paration des v\u00e9los \u00e0 l\u2019atelier de l\u2019association Ociv\u00e9lo, avant le d\u00eener au lieu alternatif \u00ab La gueule noire \u00bb. Un excellent couscous v\u00e9g\u00e9tarien nous a \u00e9t\u00e9 pr\u00e9par\u00e9. L\u2019ambiance et le concept de service autog\u00e9r\u00e9 ont beaucoup &#8230; <\/p>\n<div><a href=\"https:\/\/www.altercampagne.net\/?p=677\" class=\"more-link\">Read More<\/a><\/div>\n","protected":false},"author":214,"featured_media":15704,"comment_status":"closed","ping_status":"closed","sticky":false,"template":"","format":"standard","meta":{"footnotes":""},"categories":[3471,3484,3461],"tags":[35,126,150,159,160,161,162,163,164,165,166,167,319],"class_list":["post-677","post","type-post","status-publish","format-standard","has-post-thumbnail","hentry","category-auvergne-rhone-alpes","category-economie","category-edition-2014","tag-autogestion","tag-travail","tag-saint-etienne","tag-ocivelo","tag-la-gueule-noire","tag-samuel-michalon","tag-lilian-robin","tag-baptiste-mylondo","tag-emploi","tag-salariat","tag-cooperative-dinactivite","tag-revenu-inconditionnel","tag-altertour-2014"],"yoast_head":"<!-- This site is optimized with the Yoast SEO plugin v27.3 - https:\/\/yoast.com\/product\/yoast-seo-wordpress\/ -->\n<title>D\u00e9part de Saint-Etienne - AlterTour<\/title>\n<meta name=\"robots\" content=\"index, follow, max-snippet:-1, max-image-preview:large, max-video-preview:-1\" \/>\n<link rel=\"canonical\" href=\"https:\/\/www.altercampagne.net\/?p=677\" \/>\n<meta property=\"og:locale\" content=\"fr_FR\" \/>\n<meta property=\"og:type\" content=\"article\" \/>\n<meta property=\"og:title\" content=\"D\u00e9part de Saint-Etienne - AlterTour\" \/>\n<meta property=\"og:description\" content=\"Jour J : accueil des participants en gare de Saint-Etienne, puis rendez-vous pour la pr\u00e9paration des v\u00e9los \u00e0 l\u2019atelier de l\u2019association Ociv\u00e9lo, avant le d\u00eener au lieu alternatif \u00ab La gueule noire \u00bb. Un excellent couscous v\u00e9g\u00e9tarien nous a \u00e9t\u00e9 pr\u00e9par\u00e9. L\u2019ambiance et le concept de service autog\u00e9r\u00e9 ont beaucoup ... Read More\" \/>\n<meta property=\"og:url\" content=\"https:\/\/www.altercampagne.net\/?p=677\" \/>\n<meta property=\"og:site_name\" content=\"AlterTour\" \/>\n<meta property=\"article:published_time\" content=\"2014-07-12T14:25:08+00:00\" \/>\n<meta property=\"article:modified_time\" content=\"2019-09-16T11:48:12+00:00\" \/>\n<meta property=\"og:image\" content=\"https:\/\/www.altercampagne.net\/wp-content\/uploads\/2014\/07\/2014-07-12_15.34.24_2956_Marcelline-FLOHIC-marcelline.flohic@orange.fr_.jpg\" \/>\n\t<meta property=\"og:image:width\" content=\"900\" \/>\n\t<meta property=\"og:image:height\" content=\"470\" \/>\n\t<meta property=\"og:image:type\" content=\"image\/jpeg\" \/>\n<meta name=\"author\" content=\"Mathieu\" \/>\n<meta name=\"twitter:card\" content=\"summary_large_image\" \/>\n<meta name=\"twitter:label1\" content=\"\u00c9crit par\" \/>\n\t<meta name=\"twitter:data1\" content=\"Mathieu\" \/>\n\t<meta name=\"twitter:label2\" content=\"Dur\u00e9e de lecture estim\u00e9e\" \/>\n\t<meta name=\"twitter:data2\" content=\"1 minute\" \/>\n<script type=\"application\/ld+json\" class=\"yoast-schema-graph\">{\"@context\":\"https:\\\/\\\/schema.org\",\"@graph\":[{\"@type\":\"Article\",\"@id\":\"https:\\\/\\\/www.altercampagne.net\\\/?p=677#article\",\"isPartOf\":{\"@id\":\"https:\\\/\\\/www.altercampagne.net\\\/?p=677\"},\"author\":{\"name\":\"Mathieu\",\"@id\":\"https:\\\/\\\/www.altercampagne.net\\\/#\\\/schema\\\/person\\\/0f261460c09e430caa0f9bcffa319109\"},\"headline\":\"D\u00e9part de Saint-Etienne\",\"datePublished\":\"2014-07-12T14:25:08+00:00\",\"dateModified\":\"2019-09-16T11:48:12+00:00\",\"mainEntityOfPage\":{\"@id\":\"https:\\\/\\\/www.altercampagne.net\\\/?p=677\"},\"wordCount\":248,\"image\":{\"@id\":\"https:\\\/\\\/www.altercampagne.net\\\/?p=677#primaryimage\"},\"thumbnailUrl\":\"https:\\\/\\\/www.altercampagne.net\\\/wp-content\\\/uploads\\\/2014\\\/07\\\/2014-07-12_15.34.24_2956_Marcelline-FLOHIC-marcelline.flohic@orange.fr_.jpg\",\"keywords\":[\"autogestion\",\"travail\",\"Saint Etienne\",\"Ociv\u00e9lo\",\"La gueule noire\",\"Samuel Michalon\",\"Lilian Robin\",\"Baptiste Mylondo\",\"emploi\",\"salariat\",\"coop\u00e9rative d'inactivit\u00e9\",\"Revenu inconditionnel\",\"altertour 2014\"],\"articleSection\":[\"Auvergne-Rh\u00f4ne-Alpes\",\"\u00c9conomie\",\"\u00c9dition 2014\"],\"inLanguage\":\"fr-FR\"},{\"@type\":\"WebPage\",\"@id\":\"https:\\\/\\\/www.altercampagne.net\\\/?p=677\",\"url\":\"https:\\\/\\\/www.altercampagne.net\\\/?p=677\",\"name\":\"D\u00e9part de Saint-Etienne - AlterTour\",\"isPartOf\":{\"@id\":\"https:\\\/\\\/www.altercampagne.net\\\/#website\"},\"primaryImageOfPage\":{\"@id\":\"https:\\\/\\\/www.altercampagne.net\\\/?p=677#primaryimage\"},\"image\":{\"@id\":\"https:\\\/\\\/www.altercampagne.net\\\/?p=677#primaryimage\"},\"thumbnailUrl\":\"https:\\\/\\\/www.altercampagne.net\\\/wp-content\\\/uploads\\\/2014\\\/07\\\/2014-07-12_15.34.24_2956_Marcelline-FLOHIC-marcelline.flohic@orange.fr_.jpg\",\"datePublished\":\"2014-07-12T14:25:08+00:00\",\"dateModified\":\"2019-09-16T11:48:12+00:00\",\"author\":{\"@id\":\"https:\\\/\\\/www.altercampagne.net\\\/#\\\/schema\\\/person\\\/0f261460c09e430caa0f9bcffa319109\"},\"breadcrumb\":{\"@id\":\"https:\\\/\\\/www.altercampagne.net\\\/?p=677#breadcrumb\"},\"inLanguage\":\"fr-FR\",\"potentialAction\":[{\"@type\":\"ReadAction\",\"target\":[\"https:\\\/\\\/www.altercampagne.net\\\/?p=677\"]}]},{\"@type\":\"ImageObject\",\"inLanguage\":\"fr-FR\",\"@id\":\"https:\\\/\\\/www.altercampagne.net\\\/?p=677#primaryimage\",\"url\":\"https:\\\/\\\/www.altercampagne.net\\\/wp-content\\\/uploads\\\/2014\\\/07\\\/2014-07-12_15.34.24_2956_Marcelline-FLOHIC-marcelline.flohic@orange.fr_.jpg\",\"contentUrl\":\"https:\\\/\\\/www.altercampagne.net\\\/wp-content\\\/uploads\\\/2014\\\/07\\\/2014-07-12_15.34.24_2956_Marcelline-FLOHIC-marcelline.flohic@orange.fr_.jpg\",\"width\":900,\"height\":470},{\"@type\":\"BreadcrumbList\",\"@id\":\"https:\\\/\\\/www.altercampagne.net\\\/?p=677#breadcrumb\",\"itemListElement\":[{\"@type\":\"ListItem\",\"position\":1,\"name\":\"Accueil\",\"item\":\"https:\\\/\\\/www.altercampagne.net\\\/\"},{\"@type\":\"ListItem\",\"position\":2,\"name\":\"D\u00e9part de Saint-Etienne\"}]},{\"@type\":\"WebSite\",\"@id\":\"https:\\\/\\\/www.altercampagne.net\\\/#website\",\"url\":\"https:\\\/\\\/www.altercampagne.net\\\/\",\"name\":\"AlterTour\",\"description\":\"Reliez les Alternatives \u00e0 v\u00e9lo\",\"potentialAction\":[{\"@type\":\"SearchAction\",\"target\":{\"@type\":\"EntryPoint\",\"urlTemplate\":\"https:\\\/\\\/www.altercampagne.net\\\/?s={search_term_string}\"},\"query-input\":{\"@type\":\"PropertyValueSpecification\",\"valueRequired\":true,\"valueName\":\"search_term_string\"}}],\"inLanguage\":\"fr-FR\"},{\"@type\":\"Person\",\"@id\":\"https:\\\/\\\/www.altercampagne.net\\\/#\\\/schema\\\/person\\\/0f261460c09e430caa0f9bcffa319109\",\"name\":\"Mathieu\",\"image\":{\"@type\":\"ImageObject\",\"inLanguage\":\"fr-FR\",\"@id\":\"https:\\\/\\\/secure.gravatar.com\\\/avatar\\\/aa9d3d24c83f2141e5e2709d0f63d09a99f6be6bb7a50abc4915838d9f54501a?s=96&d=mm&r=g\",\"url\":\"https:\\\/\\\/secure.gravatar.com\\\/avatar\\\/aa9d3d24c83f2141e5e2709d0f63d09a99f6be6bb7a50abc4915838d9f54501a?s=96&d=mm&r=g\",\"contentUrl\":\"https:\\\/\\\/secure.gravatar.com\\\/avatar\\\/aa9d3d24c83f2141e5e2709d0f63d09a99f6be6bb7a50abc4915838d9f54501a?s=96&d=mm&r=g\",\"caption\":\"Mathieu\"},\"url\":\"https:\\\/\\\/www.altercampagne.net\\\/?author=214\"}]}<\/script>\n<!-- \/ Yoast SEO plugin. -->","yoast_head_json":{"title":"D\u00e9part de Saint-Etienne - AlterTour","robots":{"index":"index","follow":"follow","max-snippet":"max-snippet:-1","max-image-preview":"max-image-preview:large","max-video-preview":"max-video-preview:-1"},"canonical":"https:\/\/www.altercampagne.net\/?p=677","og_locale":"fr_FR","og_type":"article","og_title":"D\u00e9part de Saint-Etienne - AlterTour","og_description":"Jour J : accueil des participants en gare de Saint-Etienne, puis rendez-vous pour la pr\u00e9paration des v\u00e9los \u00e0 l\u2019atelier de l\u2019association Ociv\u00e9lo, avant le d\u00eener au lieu alternatif \u00ab La gueule noire \u00bb. Un excellent couscous v\u00e9g\u00e9tarien nous a \u00e9t\u00e9 pr\u00e9par\u00e9. L\u2019ambiance et le concept de service autog\u00e9r\u00e9 ont beaucoup ... Read More","og_url":"https:\/\/www.altercampagne.net\/?p=677","og_site_name":"AlterTour","article_published_time":"2014-07-12T14:25:08+00:00","article_modified_time":"2019-09-16T11:48:12+00:00","og_image":[{"width":900,"height":470,"url":"https:\/\/www.altercampagne.net\/wp-content\/uploads\/2014\/07\/2014-07-12_15.34.24_2956_Marcelline-FLOHIC-marcelline.flohic@orange.fr_.jpg","type":"image\/jpeg"}],"author":"Mathieu","twitter_card":"summary_large_image","twitter_misc":{"\u00c9crit par":"Mathieu","Dur\u00e9e de lecture estim\u00e9e":"1 minute"},"schema":{"@context":"https:\/\/schema.org","@graph":[{"@type":"Article","@id":"https:\/\/www.altercampagne.net\/?p=677#article","isPartOf":{"@id":"https:\/\/www.altercampagne.net\/?p=677"},"author":{"name":"Mathieu","@id":"https:\/\/www.altercampagne.net\/#\/schema\/person\/0f261460c09e430caa0f9bcffa319109"},"headline":"D\u00e9part de Saint-Etienne","datePublished":"2014-07-12T14:25:08+00:00","dateModified":"2019-09-16T11:48:12+00:00","mainEntityOfPage":{"@id":"https:\/\/www.altercampagne.net\/?p=677"},"wordCount":248,"image":{"@id":"https:\/\/www.altercampagne.net\/?p=677#primaryimage"},"thumbnailUrl":"https:\/\/www.altercampagne.net\/wp-content\/uploads\/2014\/07\/2014-07-12_15.34.24_2956_Marcelline-FLOHIC-marcelline.flohic@orange.fr_.jpg","keywords":["autogestion","travail","Saint Etienne","Ociv\u00e9lo","La gueule noire","Samuel Michalon","Lilian Robin","Baptiste Mylondo","emploi","salariat","coop\u00e9rative d'inactivit\u00e9","Revenu inconditionnel","altertour 2014"],"articleSection":["Auvergne-Rh\u00f4ne-Alpes","\u00c9conomie","\u00c9dition 2014"],"inLanguage":"fr-FR"},{"@type":"WebPage","@id":"https:\/\/www.altercampagne.net\/?p=677","url":"https:\/\/www.altercampagne.net\/?p=677","name":"D\u00e9part de Saint-Etienne - AlterTour","isPartOf":{"@id":"https:\/\/www.altercampagne.net\/#website"},"primaryImageOfPage":{"@id":"https:\/\/www.altercampagne.net\/?p=677#primaryimage"},"image":{"@id":"https:\/\/www.altercampagne.net\/?p=677#primaryimage"},"thumbnailUrl":"https:\/\/www.altercampagne.net\/wp-content\/uploads\/2014\/07\/2014-07-12_15.34.24_2956_Marcelline-FLOHIC-marcelline.flohic@orange.fr_.jpg","datePublished":"2014-07-12T14:25:08+00:00","dateModified":"2019-09-16T11:48:12+00:00","author":{"@id":"https:\/\/www.altercampagne.net\/#\/schema\/person\/0f261460c09e430caa0f9bcffa319109"},"breadcrumb":{"@id":"https:\/\/www.altercampagne.net\/?p=677#breadcrumb"},"inLanguage":"fr-FR","potentialAction":[{"@type":"ReadAction","target":["https:\/\/www.altercampagne.net\/?p=677"]}]},{"@type":"ImageObject","inLanguage":"fr-FR","@id":"https:\/\/www.altercampagne.net\/?p=677#primaryimage","url":"https:\/\/www.altercampagne.net\/wp-content\/uploads\/2014\/07\/2014-07-12_15.34.24_2956_Marcelline-FLOHIC-marcelline.flohic@orange.fr_.jpg","contentUrl":"https:\/\/www.altercampagne.net\/wp-content\/uploads\/2014\/07\/2014-07-12_15.34.24_2956_Marcelline-FLOHIC-marcelline.flohic@orange.fr_.jpg","width":900,"height":470},{"@type":"BreadcrumbList","@id":"https:\/\/www.altercampagne.net\/?p=677#breadcrumb","itemListElement":[{"@type":"ListItem","position":1,"name":"Accueil","item":"https:\/\/www.altercampagne.net\/"},{"@type":"ListItem","position":2,"name":"D\u00e9part de Saint-Etienne"}]},{"@type":"WebSite","@id":"https:\/\/www.altercampagne.net\/#website","url":"https:\/\/www.altercampagne.net\/","name":"AlterTour","description":"Reliez les Alternatives \u00e0 v\u00e9lo","potentialAction":[{"@type":"SearchAction","target":{"@type":"EntryPoint","urlTemplate":"https:\/\/www.altercampagne.net\/?s={search_term_string}"},"query-input":{"@type":"PropertyValueSpecification","valueRequired":true,"valueName":"search_term_string"}}],"inLanguage":"fr-FR"},{"@type":"Person","@id":"https:\/\/www.altercampagne.net\/#\/schema\/person\/0f261460c09e430caa0f9bcffa319109","name":"Mathieu","image":{"@type":"ImageObject","inLanguage":"fr-FR","@id":"https:\/\/secure.gravatar.com\/avatar\/aa9d3d24c83f2141e5e2709d0f63d09a99f6be6bb7a50abc4915838d9f54501a?s=96&d=mm&r=g","url":"https:\/\/secure.gravatar.com\/avatar\/aa9d3d24c83f2141e5e2709d0f63d09a99f6be6bb7a50abc4915838d9f54501a?s=96&d=mm&r=g","contentUrl":"https:\/\/secure.gravatar.com\/avatar\/aa9d3d24c83f2141e5e2709d0f63d09a99f6be6bb7a50abc4915838d9f54501a?s=96&d=mm&r=g","caption":"Mathieu"},"url":"https:\/\/www.altercampagne.net\/?author=214"}]}},"_links":{"self":[{"href":"https:\/\/www.altercampagne.net\/index.php?rest_route=\/wp\/v2\/posts\/677","targetHints":{"allow":["GET"]}}],"collection":[{"href":"https:\/\/www.altercampagne.net\/index.php?rest_route=\/wp\/v2\/posts"}],"about":[{"href":"https:\/\/www.altercampagne.net\/index.php?rest_route=\/wp\/v2\/types\/post"}],"author":[{"embeddable":true,"href":"https:\/\/www.altercampagne.net\/index.php?rest_route=\/wp\/v2\/users\/214"}],"replies":[{"embeddable":true,"href":"https:\/\/www.altercampagne.net\/index.php?rest_route=%2Fwp%2Fv2%2Fcomments&post=677"}],"version-history":[{"count":0,"href":"https:\/\/www.altercampagne.net\/index.php?rest_route=\/wp\/v2\/posts\/677\/revisions"}],"wp:featuredmedia":[{"embeddable":true,"href":"https:\/\/www.altercampagne.net\/index.php?rest_route=\/wp\/v2\/media\/15704"}],"wp:attachment":[{"href":"https:\/\/www.altercampagne.net\/index.php?rest_route=%2Fwp%2Fv2%2Fmedia&parent=677"}],"wp:term":[{"taxonomy":"category","embeddable":true,"href":"https:\/\/www.altercampagne.net\/index.php?rest_route=%2Fwp%2Fv2%2Fcategories&post=677"},{"taxonomy":"post_tag","embeddable":true,"href":"https:\/\/www.altercampagne.net\/index.php?rest_route=%2Fwp%2Fv2%2Ftags&post=677"}],"curies":[{"name":"wp","href":"https:\/\/api.w.org\/{rel}","templated":true}]}}