{"id":682,"date":"2014-07-11T16:30:30","date_gmt":"2014-07-11T14:30:30","guid":{"rendered":"http:\/\/www.altercampagne.net\/?p=682"},"modified":"2020-02-24T15:29:42","modified_gmt":"2020-02-24T14:29:42","slug":"derniers-preparatifs-avant-le-depart","status":"publish","type":"post","link":"https:\/\/www.altercampagne.net\/?p=682","title":{"rendered":"Derniers pr\u00e9paratifs avant le d\u00e9part !"},"content":{"rendered":"<p class=\"Style271 Style138 Style152\" align=\"justify\">Les jours qui nous s\u00e9parent du d\u00e9part de l&rsquo;Altertour 2014 se comptent sur les doigts d\u2019une main.<\/p>\n<p class=\"Style271 Style138 Style152\" align=\"justify\">Vous \u00eates d\u00e9j\u00e0 en train de faire le contr\u00f4le technique de votre monture, de remplir vos sacoches&#8230; Essayez d\u2019\u00eatre vigilant \u00e0 prendre le minimum d\u2019affaires : notre camion appr\u00e9ciera !<\/p>\n<p class=\"Style271 Style138 Style152\" align=\"justify\">N\u2019h\u00e9sitez pas \u00e0 aller faire ou refaire un petit tour sur la page \u201c<a href=\"http:\/\/altercampagne.free.fr\/pages\/2008\/AlterTour\/Guide.html\">guide de l\u2019altercycliste<\/a>\u201d<\/p>\n<p class=\"Style271 Style138 Style152\" align=\"justify\"><strong>Dans la p\u00e9riode du 10 au 14 ao\u00fbt, il y a un PIC de participation !<\/strong> Pendant cette p\u00e9riode, si <span style=\"text-decoration: underline;\">vous avez la possibilit\u00e9 de venir avec votre v\u00e9lo et\/ou porter vos affaires dans vos sacoches<\/span> \u00e7a faciliterait l&rsquo;organisation. Dans ce cas, merci de nous pr\u00e9venir par mail \u00e0 altertour@gmail.com.<\/p>\n<p class=\"Style271 Style138 Style152\" align=\"justify\">Si vous venez avec votre v\u00e9lo, n&rsquo;oubliez pas votre casque !<\/p>\n<p class=\"Style271 Style138 Style152\" align=\"justify\">Flash sp\u00e9cial animation: certains jours, il y a des besoins particuliers en animation, ainsi si vous \u00eates pr\u00e9sents ces jours et que vous avez envie de faire partager vos talents d&rsquo;animateurs, faites-vous conna\u00eetre aupr\u00e8s des organisateurs d&rsquo;\u00e9tape :<br \/>\n&#8211; Les 12\/07, 13\/07, 15\/07<br \/>\n&#8211; Le 06\/08<br \/>\n&#8211; Le 15\/08<\/p>\n<p class=\"Style271 Style138 Style152\" align=\"justify\"><strong>Et comme l\u2019AlterTour, c\u2019est avant tout une histoire de co-animation et de gestion participative, s\u2019il vous reste 10cm3, nous vous proposons de rajouter au choix, selon vos possibilit\u00e9s et vos envies :<\/strong><\/p>\n<p class=\"Style271 Style138 Style152\" align=\"justify\">&gt;&gt; Quelques rubans, un klaxon rigolo, un mirliton, des vieux CD inutilisables, des tubes (rigides ou flexibles pour les banni\u00e8res), canne \u00e0 p\u00eache t\u00e9lescopique, ou mat de tente pliable, du bambou, des marqueurs, des autocollants militants, des paillettes pour mettre de la bonne humeur sur les v\u00e9los<\/p>\n<p class=\"Style271 Style138 Style152\" align=\"justify\">&gt;&gt; Du maquillage et des d\u00e9guisements (robes, jupes..) pour les animations en public ou entre nous<\/p>\n<p class=\"Style271 Style138 Style152\" align=\"justify\">&gt;&gt; Des chansons qui vous plaisent<\/p>\n<p class=\"Style271 Style138 Style152\" align=\"justify\">&gt;&gt; Un instrument de musique<\/p>\n<p class=\"Style271 Style138 Style152\" align=\"justify\">&gt;&gt; Des \u00e9pices, un pot de confiture maison pour compl\u00e9ter notre collection<\/p>\n<p class=\"Style271 Style138 Style152\" align=\"justify\">&gt;&gt; Votre couteau pr\u00e9f\u00e9r\u00e9 pour \u00e9plucher en chantant<\/p>\n<p class=\"Style271 Style138 Style152\" align=\"justify\">&gt;&gt; Des boules Quies et un masque pour les yeux pour profiter pleinement de l\u2019heure de la sieste au milieu de cinquante personnes s\u2019agitant autour de vous.<\/p>\n<p class=\"Style271 Style138 Style152\" align=\"justify\">&gt;&gt; Vos id\u00e9es de menus ou de composition de repas \u00e9quilibr\u00e9s sont aussi les bienvenus pour varier au maximum les plaisirs et d\u00e9couvrir vos sp\u00e9cialit\u00e9s gastronom-\u00e9thiques !<\/p>\n<p class=\"Style271 Style138 Style152\" align=\"justify\">Et aussi :<br \/>\n&gt;&gt; De l\u2019huile de massage pour se faire du bien<\/p>\n<p class=\"Style271 Style138 Style152\" align=\"justify\">&gt;&gt; Du savon et du shampoing respectueux des terrains pr\u00eat\u00e9s par les accueillants (pensez \u00e0 leurs tomates!). Astuce poids pour le camion : amenez des petits flacons plut\u00f4t que des bouteilles enti\u00e8res !<\/p>\n<p class=\"Style271 Style138 Style152\" align=\"justify\">&gt;&gt; Un torchon qui servira pendant votre s\u00e9jour et que vous remportez sale pour votre plus grand plaisir ! Ainsi pas d\u2019essuie-tout jetable ni de lessive sur place !<\/p>\n<p class=\"Style271 Style138 Style152\" align=\"justify\">\u2026..Et pour finir, votre plus beau sourire !! C\u2019est ce qui prend le moins de place &#8230;<\/p>\n<p class=\"Style271 Style138 Style152\" align=\"justify\"><strong>V\u00e9rifiez votre lieu d&rsquo;arriv\u00e9e et de d\u00e9part <\/strong><\/p>\n<p class=\"Style271 Style138 Style152\" align=\"justify\">Entre le jour de votre inscription et le jour de votre d\u00e9part pour l&rsquo;AlterTour des changements ont pu intervenir.<br \/>\nN&rsquo;oubliez pas de v\u00e9rifier sur le site de l&rsquo;AlterTour le lieu o\u00f9 vous nous rejoignez et le lieu o\u00f9 vous nous quittez. Voici le lien vers le <a href=\"http:\/\/altercampagne.free.fr\/pages\/2008\/AlterTour\/Parcours.html\">parcours 2014<\/a>.<\/p>\n<p class=\"Style271 Style138 Style152\" align=\"justify\">Pensez \u00e0 visiter la page \u00ab\u00a0<a href=\"http:\/\/altercampagne.free.fr\/pages\/2008\/AlterTour\/Journal.html\">A la Une<\/a>\u00a0\u00bb sur le site internet de l&rsquo;AlterTour. Vous retrouverez les derni\u00e8res nouvelles des accueillants et le journal de bord de l&rsquo;AlterTour r\u00e9dig\u00e9 par les Altercyclistes !<\/p>\n<p class=\"Style271 Style138 Style152\" align=\"justify\">A bient\u00f4t sur l&rsquo;AlterTour !<\/p>\n","protected":false},"excerpt":{"rendered":"<p>Les jours qui nous s\u00e9parent du d\u00e9part de l&rsquo;Altertour 2014 se comptent sur les doigts d\u2019une main. Vous \u00eates d\u00e9j\u00e0 en train de faire le contr\u00f4le technique de votre monture, de remplir vos sacoches&#8230; Essayez d\u2019\u00eatre vigilant \u00e0 prendre le minimum d\u2019affaires : notre camion appr\u00e9ciera ! N\u2019h\u00e9sitez pas \u00e0 &#8230; <\/p>\n<div><a href=\"https:\/\/www.altercampagne.net\/?p=682\" class=\"more-link\">Read More<\/a><\/div>\n","protected":false},"author":214,"featured_media":0,"comment_status":"closed","ping_status":"closed","sticky":false,"template":"","format":"standard","meta":{"footnotes":""},"categories":[3461],"tags":[150,183,184,185,319],"class_list":["post-682","post","type-post","status-publish","format-standard","hentry","category-edition-2014","tag-saint-etienne","tag-depart-altertour-2014","tag-parcours-2014","tag-preparatifs","tag-altertour-2014","no-post-thumbnail"],"yoast_head":"<!-- This site is optimized with the Yoast SEO plugin v27.3 - https:\/\/yoast.com\/product\/yoast-seo-wordpress\/ -->\n<title>Derniers pr\u00e9paratifs avant le d\u00e9part ! - AlterTour<\/title>\n<meta name=\"robots\" content=\"index, follow, max-snippet:-1, max-image-preview:large, max-video-preview:-1\" \/>\n<link rel=\"canonical\" href=\"https:\/\/www.altercampagne.net\/?p=682\" \/>\n<meta property=\"og:locale\" content=\"fr_FR\" \/>\n<meta property=\"og:type\" content=\"article\" \/>\n<meta property=\"og:title\" content=\"Derniers pr\u00e9paratifs avant le d\u00e9part ! - AlterTour\" \/>\n<meta property=\"og:description\" content=\"Les jours qui nous s\u00e9parent du d\u00e9part de l&rsquo;Altertour 2014 se comptent sur les doigts d\u2019une main. Vous \u00eates d\u00e9j\u00e0 en train de faire le contr\u00f4le technique de votre monture, de remplir vos sacoches&#8230; Essayez d\u2019\u00eatre vigilant \u00e0 prendre le minimum d\u2019affaires : notre camion appr\u00e9ciera ! N\u2019h\u00e9sitez pas \u00e0 ... Read More\" \/>\n<meta property=\"og:url\" content=\"https:\/\/www.altercampagne.net\/?p=682\" \/>\n<meta property=\"og:site_name\" content=\"AlterTour\" \/>\n<meta property=\"article:published_time\" content=\"2014-07-11T14:30:30+00:00\" \/>\n<meta property=\"article:modified_time\" content=\"2020-02-24T14:29:42+00:00\" \/>\n<meta name=\"author\" content=\"Mathieu\" \/>\n<meta name=\"twitter:card\" content=\"summary_large_image\" \/>\n<meta name=\"twitter:label1\" content=\"\u00c9crit par\" \/>\n\t<meta name=\"twitter:data1\" content=\"Mathieu\" \/>\n\t<meta name=\"twitter:label2\" content=\"Dur\u00e9e de lecture estim\u00e9e\" \/>\n\t<meta name=\"twitter:data2\" content=\"3 minutes\" \/>\n<script type=\"application\/ld+json\" class=\"yoast-schema-graph\">{\"@context\":\"https:\\\/\\\/schema.org\",\"@graph\":[{\"@type\":\"Article\",\"@id\":\"https:\\\/\\\/www.altercampagne.net\\\/?p=682#article\",\"isPartOf\":{\"@id\":\"https:\\\/\\\/www.altercampagne.net\\\/?p=682\"},\"author\":{\"name\":\"Mathieu\",\"@id\":\"https:\\\/\\\/www.altercampagne.net\\\/#\\\/schema\\\/person\\\/0f261460c09e430caa0f9bcffa319109\"},\"headline\":\"Derniers pr\u00e9paratifs avant le d\u00e9part !\",\"datePublished\":\"2014-07-11T14:30:30+00:00\",\"dateModified\":\"2020-02-24T14:29:42+00:00\",\"mainEntityOfPage\":{\"@id\":\"https:\\\/\\\/www.altercampagne.net\\\/?p=682\"},\"wordCount\":597,\"keywords\":[\"Saint Etienne\",\"D\u00e9part AlterTour 2014\",\"parcours 2014\",\"pr\u00e9paratifs\",\"altertour 2014\"],\"articleSection\":[\"\u00c9dition 2014\"],\"inLanguage\":\"fr-FR\"},{\"@type\":\"WebPage\",\"@id\":\"https:\\\/\\\/www.altercampagne.net\\\/?p=682\",\"url\":\"https:\\\/\\\/www.altercampagne.net\\\/?p=682\",\"name\":\"Derniers pr\u00e9paratifs avant le d\u00e9part ! - AlterTour\",\"isPartOf\":{\"@id\":\"https:\\\/\\\/www.altercampagne.net\\\/#website\"},\"datePublished\":\"2014-07-11T14:30:30+00:00\",\"dateModified\":\"2020-02-24T14:29:42+00:00\",\"author\":{\"@id\":\"https:\\\/\\\/www.altercampagne.net\\\/#\\\/schema\\\/person\\\/0f261460c09e430caa0f9bcffa319109\"},\"breadcrumb\":{\"@id\":\"https:\\\/\\\/www.altercampagne.net\\\/?p=682#breadcrumb\"},\"inLanguage\":\"fr-FR\",\"potentialAction\":[{\"@type\":\"ReadAction\",\"target\":[\"https:\\\/\\\/www.altercampagne.net\\\/?p=682\"]}]},{\"@type\":\"BreadcrumbList\",\"@id\":\"https:\\\/\\\/www.altercampagne.net\\\/?p=682#breadcrumb\",\"itemListElement\":[{\"@type\":\"ListItem\",\"position\":1,\"name\":\"Accueil\",\"item\":\"https:\\\/\\\/www.altercampagne.net\\\/\"},{\"@type\":\"ListItem\",\"position\":2,\"name\":\"Derniers pr\u00e9paratifs avant le d\u00e9part !\"}]},{\"@type\":\"WebSite\",\"@id\":\"https:\\\/\\\/www.altercampagne.net\\\/#website\",\"url\":\"https:\\\/\\\/www.altercampagne.net\\\/\",\"name\":\"AlterTour\",\"description\":\"Reliez les Alternatives \u00e0 v\u00e9lo\",\"potentialAction\":[{\"@type\":\"SearchAction\",\"target\":{\"@type\":\"EntryPoint\",\"urlTemplate\":\"https:\\\/\\\/www.altercampagne.net\\\/?s={search_term_string}\"},\"query-input\":{\"@type\":\"PropertyValueSpecification\",\"valueRequired\":true,\"valueName\":\"search_term_string\"}}],\"inLanguage\":\"fr-FR\"},{\"@type\":\"Person\",\"@id\":\"https:\\\/\\\/www.altercampagne.net\\\/#\\\/schema\\\/person\\\/0f261460c09e430caa0f9bcffa319109\",\"name\":\"Mathieu\",\"image\":{\"@type\":\"ImageObject\",\"inLanguage\":\"fr-FR\",\"@id\":\"https:\\\/\\\/secure.gravatar.com\\\/avatar\\\/aa9d3d24c83f2141e5e2709d0f63d09a99f6be6bb7a50abc4915838d9f54501a?s=96&d=mm&r=g\",\"url\":\"https:\\\/\\\/secure.gravatar.com\\\/avatar\\\/aa9d3d24c83f2141e5e2709d0f63d09a99f6be6bb7a50abc4915838d9f54501a?s=96&d=mm&r=g\",\"contentUrl\":\"https:\\\/\\\/secure.gravatar.com\\\/avatar\\\/aa9d3d24c83f2141e5e2709d0f63d09a99f6be6bb7a50abc4915838d9f54501a?s=96&d=mm&r=g\",\"caption\":\"Mathieu\"},\"url\":\"https:\\\/\\\/www.altercampagne.net\\\/?author=214\"}]}<\/script>\n<!-- \/ Yoast SEO plugin. -->","yoast_head_json":{"title":"Derniers pr\u00e9paratifs avant le d\u00e9part ! - AlterTour","robots":{"index":"index","follow":"follow","max-snippet":"max-snippet:-1","max-image-preview":"max-image-preview:large","max-video-preview":"max-video-preview:-1"},"canonical":"https:\/\/www.altercampagne.net\/?p=682","og_locale":"fr_FR","og_type":"article","og_title":"Derniers pr\u00e9paratifs avant le d\u00e9part ! - AlterTour","og_description":"Les jours qui nous s\u00e9parent du d\u00e9part de l&rsquo;Altertour 2014 se comptent sur les doigts d\u2019une main. Vous \u00eates d\u00e9j\u00e0 en train de faire le contr\u00f4le technique de votre monture, de remplir vos sacoches&#8230; Essayez d\u2019\u00eatre vigilant \u00e0 prendre le minimum d\u2019affaires : notre camion appr\u00e9ciera ! N\u2019h\u00e9sitez pas \u00e0 ... Read More","og_url":"https:\/\/www.altercampagne.net\/?p=682","og_site_name":"AlterTour","article_published_time":"2014-07-11T14:30:30+00:00","article_modified_time":"2020-02-24T14:29:42+00:00","author":"Mathieu","twitter_card":"summary_large_image","twitter_misc":{"\u00c9crit par":"Mathieu","Dur\u00e9e de lecture estim\u00e9e":"3 minutes"},"schema":{"@context":"https:\/\/schema.org","@graph":[{"@type":"Article","@id":"https:\/\/www.altercampagne.net\/?p=682#article","isPartOf":{"@id":"https:\/\/www.altercampagne.net\/?p=682"},"author":{"name":"Mathieu","@id":"https:\/\/www.altercampagne.net\/#\/schema\/person\/0f261460c09e430caa0f9bcffa319109"},"headline":"Derniers pr\u00e9paratifs avant le d\u00e9part !","datePublished":"2014-07-11T14:30:30+00:00","dateModified":"2020-02-24T14:29:42+00:00","mainEntityOfPage":{"@id":"https:\/\/www.altercampagne.net\/?p=682"},"wordCount":597,"keywords":["Saint Etienne","D\u00e9part AlterTour 2014","parcours 2014","pr\u00e9paratifs","altertour 2014"],"articleSection":["\u00c9dition 2014"],"inLanguage":"fr-FR"},{"@type":"WebPage","@id":"https:\/\/www.altercampagne.net\/?p=682","url":"https:\/\/www.altercampagne.net\/?p=682","name":"Derniers pr\u00e9paratifs avant le d\u00e9part ! - AlterTour","isPartOf":{"@id":"https:\/\/www.altercampagne.net\/#website"},"datePublished":"2014-07-11T14:30:30+00:00","dateModified":"2020-02-24T14:29:42+00:00","author":{"@id":"https:\/\/www.altercampagne.net\/#\/schema\/person\/0f261460c09e430caa0f9bcffa319109"},"breadcrumb":{"@id":"https:\/\/www.altercampagne.net\/?p=682#breadcrumb"},"inLanguage":"fr-FR","potentialAction":[{"@type":"ReadAction","target":["https:\/\/www.altercampagne.net\/?p=682"]}]},{"@type":"BreadcrumbList","@id":"https:\/\/www.altercampagne.net\/?p=682#breadcrumb","itemListElement":[{"@type":"ListItem","position":1,"name":"Accueil","item":"https:\/\/www.altercampagne.net\/"},{"@type":"ListItem","position":2,"name":"Derniers pr\u00e9paratifs avant le d\u00e9part !"}]},{"@type":"WebSite","@id":"https:\/\/www.altercampagne.net\/#website","url":"https:\/\/www.altercampagne.net\/","name":"AlterTour","description":"Reliez les Alternatives \u00e0 v\u00e9lo","potentialAction":[{"@type":"SearchAction","target":{"@type":"EntryPoint","urlTemplate":"https:\/\/www.altercampagne.net\/?s={search_term_string}"},"query-input":{"@type":"PropertyValueSpecification","valueRequired":true,"valueName":"search_term_string"}}],"inLanguage":"fr-FR"},{"@type":"Person","@id":"https:\/\/www.altercampagne.net\/#\/schema\/person\/0f261460c09e430caa0f9bcffa319109","name":"Mathieu","image":{"@type":"ImageObject","inLanguage":"fr-FR","@id":"https:\/\/secure.gravatar.com\/avatar\/aa9d3d24c83f2141e5e2709d0f63d09a99f6be6bb7a50abc4915838d9f54501a?s=96&d=mm&r=g","url":"https:\/\/secure.gravatar.com\/avatar\/aa9d3d24c83f2141e5e2709d0f63d09a99f6be6bb7a50abc4915838d9f54501a?s=96&d=mm&r=g","contentUrl":"https:\/\/secure.gravatar.com\/avatar\/aa9d3d24c83f2141e5e2709d0f63d09a99f6be6bb7a50abc4915838d9f54501a?s=96&d=mm&r=g","caption":"Mathieu"},"url":"https:\/\/www.altercampagne.net\/?author=214"}]}},"_links":{"self":[{"href":"https:\/\/www.altercampagne.net\/index.php?rest_route=\/wp\/v2\/posts\/682","targetHints":{"allow":["GET"]}}],"collection":[{"href":"https:\/\/www.altercampagne.net\/index.php?rest_route=\/wp\/v2\/posts"}],"about":[{"href":"https:\/\/www.altercampagne.net\/index.php?rest_route=\/wp\/v2\/types\/post"}],"author":[{"embeddable":true,"href":"https:\/\/www.altercampagne.net\/index.php?rest_route=\/wp\/v2\/users\/214"}],"replies":[{"embeddable":true,"href":"https:\/\/www.altercampagne.net\/index.php?rest_route=%2Fwp%2Fv2%2Fcomments&post=682"}],"version-history":[{"count":1,"href":"https:\/\/www.altercampagne.net\/index.php?rest_route=\/wp\/v2\/posts\/682\/revisions"}],"predecessor-version":[{"id":17375,"href":"https:\/\/www.altercampagne.net\/index.php?rest_route=\/wp\/v2\/posts\/682\/revisions\/17375"}],"wp:attachment":[{"href":"https:\/\/www.altercampagne.net\/index.php?rest_route=%2Fwp%2Fv2%2Fmedia&parent=682"}],"wp:term":[{"taxonomy":"category","embeddable":true,"href":"https:\/\/www.altercampagne.net\/index.php?rest_route=%2Fwp%2Fv2%2Fcategories&post=682"},{"taxonomy":"post_tag","embeddable":true,"href":"https:\/\/www.altercampagne.net\/index.php?rest_route=%2Fwp%2Fv2%2Ftags&post=682"}],"curies":[{"name":"wp","href":"https:\/\/api.w.org\/{rel}","templated":true}]}}