{"id":6839,"date":"2017-05-21T07:47:53","date_gmt":"2017-05-21T05:47:53","guid":{"rendered":"http:\/\/www.altercampagne.net\/?p=6839"},"modified":"2017-12-11T13:53:41","modified_gmt":"2017-12-11T12:53:41","slug":"numero-de-silence-de-juin-le-chant-des-luttes","status":"publish","type":"post","link":"https:\/\/www.altercampagne.net\/?p=6839","title":{"rendered":"Num\u00e9ro de Silence de juin : Le chant des luttes"},"content":{"rendered":"<p><strong><a href=\"http:\/\/www.altercampagne.net\/wp-content\/uploads\/2017\/05\/457bd.jpg\"><img loading=\"lazy\" decoding=\"async\" class=\" size-full wp-image-6833 alignright\" src=\"http:\/\/www.altercampagne.net\/wp-content\/uploads\/2017\/05\/457bd.jpg\" alt=\"457bd\" width=\"595\" height=\"842\" srcset=\"https:\/\/www.altercampagne.net\/wp-content\/uploads\/2017\/05\/457bd.jpg 595w, https:\/\/www.altercampagne.net\/wp-content\/uploads\/2017\/05\/457bd-212x300.jpg 212w\" sizes=\"auto, (max-width: 595px) 100vw, 595px\" \/><\/a>Un dossier : LE CHANT DES LUTTES<\/strong><\/p>\n<p><span style=\"text-decoration: underline;\">Le paysage politique et musical des chorales militantes<\/span><br \/>\nElles se disent r\u00e9volutionnaires, f\u00e9ministes, d\u00e9croissantes ou \u00ab\u00a0de sans pap&rsquo;y\u00e9\u00a0\u00bb\u2026 Mais qui sont donc ces chorales pas comme les autres ? Les paroles recueillies dans cette enqu\u00eate nous en disent plus sur leur r\u00e9pertoire, leurs pratiques d&rsquo;organisation, leurs lieux d&rsquo;intervention et leur sp\u00e9cificit\u00e9 politique\u2026 Attention aux oreilles !<\/p>\n<p><span style=\"text-decoration: underline;\">BD de Marion Roger<\/span><\/p>\n<p><span style=\"text-decoration: underline;\">Rencontres estivales, un chant de possibles<\/span><br \/>\nCertaines des chorales interrog\u00e9es ou rencontr\u00e9es pour l&rsquo;enqu\u00eate de Silence participent \u00e0 un r\u00e9seau international de \u00ab\u00a0chorales r\u00e9volutionnaires\u00a0\u00bb, qui se r\u00e9unit chaque \u00e9t\u00e9 \u00e0 Roy\u00e8res, dans le Limousin. Petit aper\u00e7u d&rsquo;un moment intense de musique et d&rsquo;autogestion.<\/p>\n<p><strong>Des articles<\/strong><br \/>\nSc\u00e9nario N\u00e9gaWatt : nouvelle \u00e9dition, nouvelles questions<br \/>\nCiviliser la D\u00e9fense plut\u00f4t que militariser les civils<br \/>\nY a-t-il une \u00ab\u00a0bonne\u00a0\u00bb taille pour les villes ?<br \/>\nWestinghouse d\u00e9pose le bilan, la fin du nucl\u00e9aire ?<br \/>\nRadios : la vague pirate<br \/>\nDebout, les damn\u00e9es du nettoyage<br \/>\nLes Olympiades du potager<\/p>\n<p><strong>Des chroniques et de br\u00e8ves<\/strong><br \/>\nEn direct de nos colonies : Uraniumgate &#8211; Au Niger, Areva invente l&rsquo;\u00e9conomie circulaire !<br \/>\nBonnes nouvelles de la Terre : L\u2019Allemagne teste le revenu universel&#8230; par tirage au sort<br \/>\nL&rsquo;\u00e9cologie, c&rsquo;est la sant\u00e9 : Les gros mensonges de Monsanto<br \/>\n100 dates f\u00e9ministes pour aujourd&rsquo;hui : Grande-Bretagne, juin 1968 : \u00e0 travail \u00e9gal, salaire \u00e9gal !<br \/>\nNucl\u00e9aire \u00e7a boum ! : Cinq \u00c9tats nucl\u00e9aires en voie de marginalisation \u00e0 l&rsquo;ONU ?<\/p>\n<p><strong>En suppl\u00e9ment : le Recueil des Alternatives de l&rsquo;AlterTour 2017<\/strong><\/p>\n<p style=\"text-align: justify;\">Retrouvez en suppl\u00e9ment ce mois-ci, le Recueil des Alternatives de l&rsquo;AlterTour ! Un 16 pages couleur contenant\u00a0le parcours et le programme de l&rsquo;AlterTour 2017, 8 interviews d&rsquo;Altercyclistes et 20 articles sur les Alternatives que vous visiterons cet \u00e9t\u00e9 : Scopie, la Ferme de la Bouzigue, la Coop\u00e9rative d&rsquo;habitat l&rsquo;An 01, le Collectif Stop Mines Salau, Prommata, la Maison Non Marchande de Puivert, Can Decreix, L&rsquo;Olivette &amp; le Jardin de Langel, la Lpo H\u00e9rault, Alter&rsquo;Eco 30, l&rsquo;association C.H.E.V.A.L, le COllectif Cr\u00e9atif du Castellas, Ardelaine, la Berg\u00e8re d&rsquo;Alpagas, l&rsquo;Usine Vivante, la Commune de Saillans, Base Nature Vercors, la Ferme des Roussets \/ Batotopie, l&rsquo;Arche de Saint-Antoine et Pour les Chambaran Sans Center Parc \/ Zad du Roybon.<\/p>\n<p style=\"text-align: justify;\">Belle journ\u00e9e et bonne lecture !<\/p>\n<p>Retrouvez la Revue Silence en Biocoop et\/ou abonnez-vous directement sur leur site : <a href=\"http:\/\/www.revuesilence.net\/\" target=\"_blank\" rel=\"noopener\">http:\/\/www.revuesilence.net\/<\/a><\/p>\n","protected":false},"excerpt":{"rendered":"<p>Un dossier : LE CHANT DES LUTTES Le paysage politique et musical des chorales militantes Elles se disent r\u00e9volutionnaires, f\u00e9ministes, d\u00e9croissantes ou \u00ab\u00a0de sans pap&rsquo;y\u00e9\u00a0\u00bb\u2026 Mais qui sont donc ces chorales pas comme les autres ? Les paroles recueillies dans cette enqu\u00eate nous en disent plus sur leur r\u00e9pertoire, leurs &#8230; <\/p>\n<div><a href=\"https:\/\/www.altercampagne.net\/?p=6839\" class=\"more-link\">Read More<\/a><\/div>\n","protected":false},"author":214,"featured_media":0,"comment_status":"closed","ping_status":"closed","sticky":false,"template":"","format":"standard","meta":{"footnotes":""},"categories":[3248,1],"tags":[13,642,1010,2724,3013,3014,3015,3016],"class_list":["post-6839","post","type-post","status-publish","format-standard","hentry","category-silence","category-non-classe","tag-revue-silence","tag-recueil-des-alternatives","tag-recueil-des-alternatives-de-laltertour","tag-silence","tag-juin-2017","tag-chant-des-luttes","tag-chorale-militante","tag-scenario-negawatt","no-post-thumbnail"],"yoast_head":"<!-- This site is optimized with the Yoast SEO plugin v27.3 - https:\/\/yoast.com\/product\/yoast-seo-wordpress\/ -->\n<title>Num\u00e9ro de Silence de juin : Le chant des luttes - AlterTour<\/title>\n<meta name=\"robots\" content=\"index, follow, max-snippet:-1, max-image-preview:large, max-video-preview:-1\" \/>\n<link rel=\"canonical\" href=\"https:\/\/www.altercampagne.net\/?p=6839\" \/>\n<meta property=\"og:locale\" content=\"fr_FR\" \/>\n<meta property=\"og:type\" content=\"article\" \/>\n<meta property=\"og:title\" content=\"Num\u00e9ro de Silence de juin : Le chant des luttes - AlterTour\" \/>\n<meta property=\"og:description\" content=\"Un dossier : LE CHANT DES LUTTES Le paysage politique et musical des chorales militantes Elles se disent r\u00e9volutionnaires, f\u00e9ministes, d\u00e9croissantes ou \u00ab\u00a0de sans pap&rsquo;y\u00e9\u00a0\u00bb\u2026 Mais qui sont donc ces chorales pas comme les autres ? Les paroles recueillies dans cette enqu\u00eate nous en disent plus sur leur r\u00e9pertoire, leurs ... Read More\" \/>\n<meta property=\"og:url\" content=\"https:\/\/www.altercampagne.net\/?p=6839\" \/>\n<meta property=\"og:site_name\" content=\"AlterTour\" \/>\n<meta property=\"article:published_time\" content=\"2017-05-21T05:47:53+00:00\" \/>\n<meta property=\"article:modified_time\" content=\"2017-12-11T12:53:41+00:00\" \/>\n<meta property=\"og:image\" content=\"http:\/\/www.altercampagne.net\/wp-content\/uploads\/2017\/05\/457bd.jpg\" \/>\n<meta name=\"author\" content=\"Mathieu\" \/>\n<meta name=\"twitter:card\" content=\"summary_large_image\" \/>\n<meta name=\"twitter:label1\" content=\"\u00c9crit par\" \/>\n\t<meta name=\"twitter:data1\" content=\"Mathieu\" \/>\n\t<meta name=\"twitter:label2\" content=\"Dur\u00e9e de lecture estim\u00e9e\" \/>\n\t<meta name=\"twitter:data2\" content=\"2 minutes\" \/>\n<script type=\"application\/ld+json\" class=\"yoast-schema-graph\">{\"@context\":\"https:\\\/\\\/schema.org\",\"@graph\":[{\"@type\":\"Article\",\"@id\":\"https:\\\/\\\/www.altercampagne.net\\\/?p=6839#article\",\"isPartOf\":{\"@id\":\"https:\\\/\\\/www.altercampagne.net\\\/?p=6839\"},\"author\":{\"name\":\"Mathieu\",\"@id\":\"https:\\\/\\\/www.altercampagne.net\\\/#\\\/schema\\\/person\\\/0f261460c09e430caa0f9bcffa319109\"},\"headline\":\"Num\u00e9ro de Silence de juin : Le chant des luttes\",\"datePublished\":\"2017-05-21T05:47:53+00:00\",\"dateModified\":\"2017-12-11T12:53:41+00:00\",\"mainEntityOfPage\":{\"@id\":\"https:\\\/\\\/www.altercampagne.net\\\/?p=6839\"},\"wordCount\":419,\"image\":{\"@id\":\"https:\\\/\\\/www.altercampagne.net\\\/?p=6839#primaryimage\"},\"thumbnailUrl\":\"http:\\\/\\\/www.altercampagne.net\\\/wp-content\\\/uploads\\\/2017\\\/05\\\/457bd.jpg\",\"keywords\":[\"revue Silence\",\"recueil des Alternatives\",\"Recueil des Alternatives de l'AlterTour\",\"silence\",\"juin 2017\",\"chant des luttes\",\"chorale militante\",\"Sc\u00e9nario N\u00e9gaWatt\"],\"articleSection\":[\"Silence\"],\"inLanguage\":\"fr-FR\"},{\"@type\":\"WebPage\",\"@id\":\"https:\\\/\\\/www.altercampagne.net\\\/?p=6839\",\"url\":\"https:\\\/\\\/www.altercampagne.net\\\/?p=6839\",\"name\":\"Num\u00e9ro de Silence de juin : Le chant des luttes - AlterTour\",\"isPartOf\":{\"@id\":\"https:\\\/\\\/www.altercampagne.net\\\/#website\"},\"primaryImageOfPage\":{\"@id\":\"https:\\\/\\\/www.altercampagne.net\\\/?p=6839#primaryimage\"},\"image\":{\"@id\":\"https:\\\/\\\/www.altercampagne.net\\\/?p=6839#primaryimage\"},\"thumbnailUrl\":\"http:\\\/\\\/www.altercampagne.net\\\/wp-content\\\/uploads\\\/2017\\\/05\\\/457bd.jpg\",\"datePublished\":\"2017-05-21T05:47:53+00:00\",\"dateModified\":\"2017-12-11T12:53:41+00:00\",\"author\":{\"@id\":\"https:\\\/\\\/www.altercampagne.net\\\/#\\\/schema\\\/person\\\/0f261460c09e430caa0f9bcffa319109\"},\"breadcrumb\":{\"@id\":\"https:\\\/\\\/www.altercampagne.net\\\/?p=6839#breadcrumb\"},\"inLanguage\":\"fr-FR\",\"potentialAction\":[{\"@type\":\"ReadAction\",\"target\":[\"https:\\\/\\\/www.altercampagne.net\\\/?p=6839\"]}]},{\"@type\":\"ImageObject\",\"inLanguage\":\"fr-FR\",\"@id\":\"https:\\\/\\\/www.altercampagne.net\\\/?p=6839#primaryimage\",\"url\":\"http:\\\/\\\/www.altercampagne.net\\\/wp-content\\\/uploads\\\/2017\\\/05\\\/457bd.jpg\",\"contentUrl\":\"http:\\\/\\\/www.altercampagne.net\\\/wp-content\\\/uploads\\\/2017\\\/05\\\/457bd.jpg\"},{\"@type\":\"BreadcrumbList\",\"@id\":\"https:\\\/\\\/www.altercampagne.net\\\/?p=6839#breadcrumb\",\"itemListElement\":[{\"@type\":\"ListItem\",\"position\":1,\"name\":\"Accueil\",\"item\":\"https:\\\/\\\/www.altercampagne.net\\\/\"},{\"@type\":\"ListItem\",\"position\":2,\"name\":\"Num\u00e9ro de Silence de juin : Le chant des luttes\"}]},{\"@type\":\"WebSite\",\"@id\":\"https:\\\/\\\/www.altercampagne.net\\\/#website\",\"url\":\"https:\\\/\\\/www.altercampagne.net\\\/\",\"name\":\"AlterTour\",\"description\":\"Reliez les Alternatives \u00e0 v\u00e9lo\",\"potentialAction\":[{\"@type\":\"SearchAction\",\"target\":{\"@type\":\"EntryPoint\",\"urlTemplate\":\"https:\\\/\\\/www.altercampagne.net\\\/?s={search_term_string}\"},\"query-input\":{\"@type\":\"PropertyValueSpecification\",\"valueRequired\":true,\"valueName\":\"search_term_string\"}}],\"inLanguage\":\"fr-FR\"},{\"@type\":\"Person\",\"@id\":\"https:\\\/\\\/www.altercampagne.net\\\/#\\\/schema\\\/person\\\/0f261460c09e430caa0f9bcffa319109\",\"name\":\"Mathieu\",\"image\":{\"@type\":\"ImageObject\",\"inLanguage\":\"fr-FR\",\"@id\":\"https:\\\/\\\/secure.gravatar.com\\\/avatar\\\/aa9d3d24c83f2141e5e2709d0f63d09a99f6be6bb7a50abc4915838d9f54501a?s=96&d=mm&r=g\",\"url\":\"https:\\\/\\\/secure.gravatar.com\\\/avatar\\\/aa9d3d24c83f2141e5e2709d0f63d09a99f6be6bb7a50abc4915838d9f54501a?s=96&d=mm&r=g\",\"contentUrl\":\"https:\\\/\\\/secure.gravatar.com\\\/avatar\\\/aa9d3d24c83f2141e5e2709d0f63d09a99f6be6bb7a50abc4915838d9f54501a?s=96&d=mm&r=g\",\"caption\":\"Mathieu\"},\"url\":\"https:\\\/\\\/www.altercampagne.net\\\/?author=214\"}]}<\/script>\n<!-- \/ Yoast SEO plugin. -->","yoast_head_json":{"title":"Num\u00e9ro de Silence de juin : Le chant des luttes - AlterTour","robots":{"index":"index","follow":"follow","max-snippet":"max-snippet:-1","max-image-preview":"max-image-preview:large","max-video-preview":"max-video-preview:-1"},"canonical":"https:\/\/www.altercampagne.net\/?p=6839","og_locale":"fr_FR","og_type":"article","og_title":"Num\u00e9ro de Silence de juin : Le chant des luttes - AlterTour","og_description":"Un dossier : LE CHANT DES LUTTES Le paysage politique et musical des chorales militantes Elles se disent r\u00e9volutionnaires, f\u00e9ministes, d\u00e9croissantes ou \u00ab\u00a0de sans pap&rsquo;y\u00e9\u00a0\u00bb\u2026 Mais qui sont donc ces chorales pas comme les autres ? Les paroles recueillies dans cette enqu\u00eate nous en disent plus sur leur r\u00e9pertoire, leurs ... Read More","og_url":"https:\/\/www.altercampagne.net\/?p=6839","og_site_name":"AlterTour","article_published_time":"2017-05-21T05:47:53+00:00","article_modified_time":"2017-12-11T12:53:41+00:00","og_image":[{"url":"http:\/\/www.altercampagne.net\/wp-content\/uploads\/2017\/05\/457bd.jpg","type":"","width":"","height":""}],"author":"Mathieu","twitter_card":"summary_large_image","twitter_misc":{"\u00c9crit par":"Mathieu","Dur\u00e9e de lecture estim\u00e9e":"2 minutes"},"schema":{"@context":"https:\/\/schema.org","@graph":[{"@type":"Article","@id":"https:\/\/www.altercampagne.net\/?p=6839#article","isPartOf":{"@id":"https:\/\/www.altercampagne.net\/?p=6839"},"author":{"name":"Mathieu","@id":"https:\/\/www.altercampagne.net\/#\/schema\/person\/0f261460c09e430caa0f9bcffa319109"},"headline":"Num\u00e9ro de Silence de juin : Le chant des luttes","datePublished":"2017-05-21T05:47:53+00:00","dateModified":"2017-12-11T12:53:41+00:00","mainEntityOfPage":{"@id":"https:\/\/www.altercampagne.net\/?p=6839"},"wordCount":419,"image":{"@id":"https:\/\/www.altercampagne.net\/?p=6839#primaryimage"},"thumbnailUrl":"http:\/\/www.altercampagne.net\/wp-content\/uploads\/2017\/05\/457bd.jpg","keywords":["revue Silence","recueil des Alternatives","Recueil des Alternatives de l'AlterTour","silence","juin 2017","chant des luttes","chorale militante","Sc\u00e9nario N\u00e9gaWatt"],"articleSection":["Silence"],"inLanguage":"fr-FR"},{"@type":"WebPage","@id":"https:\/\/www.altercampagne.net\/?p=6839","url":"https:\/\/www.altercampagne.net\/?p=6839","name":"Num\u00e9ro de Silence de juin : Le chant des luttes - AlterTour","isPartOf":{"@id":"https:\/\/www.altercampagne.net\/#website"},"primaryImageOfPage":{"@id":"https:\/\/www.altercampagne.net\/?p=6839#primaryimage"},"image":{"@id":"https:\/\/www.altercampagne.net\/?p=6839#primaryimage"},"thumbnailUrl":"http:\/\/www.altercampagne.net\/wp-content\/uploads\/2017\/05\/457bd.jpg","datePublished":"2017-05-21T05:47:53+00:00","dateModified":"2017-12-11T12:53:41+00:00","author":{"@id":"https:\/\/www.altercampagne.net\/#\/schema\/person\/0f261460c09e430caa0f9bcffa319109"},"breadcrumb":{"@id":"https:\/\/www.altercampagne.net\/?p=6839#breadcrumb"},"inLanguage":"fr-FR","potentialAction":[{"@type":"ReadAction","target":["https:\/\/www.altercampagne.net\/?p=6839"]}]},{"@type":"ImageObject","inLanguage":"fr-FR","@id":"https:\/\/www.altercampagne.net\/?p=6839#primaryimage","url":"http:\/\/www.altercampagne.net\/wp-content\/uploads\/2017\/05\/457bd.jpg","contentUrl":"http:\/\/www.altercampagne.net\/wp-content\/uploads\/2017\/05\/457bd.jpg"},{"@type":"BreadcrumbList","@id":"https:\/\/www.altercampagne.net\/?p=6839#breadcrumb","itemListElement":[{"@type":"ListItem","position":1,"name":"Accueil","item":"https:\/\/www.altercampagne.net\/"},{"@type":"ListItem","position":2,"name":"Num\u00e9ro de Silence de juin : Le chant des luttes"}]},{"@type":"WebSite","@id":"https:\/\/www.altercampagne.net\/#website","url":"https:\/\/www.altercampagne.net\/","name":"AlterTour","description":"Reliez les Alternatives \u00e0 v\u00e9lo","potentialAction":[{"@type":"SearchAction","target":{"@type":"EntryPoint","urlTemplate":"https:\/\/www.altercampagne.net\/?s={search_term_string}"},"query-input":{"@type":"PropertyValueSpecification","valueRequired":true,"valueName":"search_term_string"}}],"inLanguage":"fr-FR"},{"@type":"Person","@id":"https:\/\/www.altercampagne.net\/#\/schema\/person\/0f261460c09e430caa0f9bcffa319109","name":"Mathieu","image":{"@type":"ImageObject","inLanguage":"fr-FR","@id":"https:\/\/secure.gravatar.com\/avatar\/aa9d3d24c83f2141e5e2709d0f63d09a99f6be6bb7a50abc4915838d9f54501a?s=96&d=mm&r=g","url":"https:\/\/secure.gravatar.com\/avatar\/aa9d3d24c83f2141e5e2709d0f63d09a99f6be6bb7a50abc4915838d9f54501a?s=96&d=mm&r=g","contentUrl":"https:\/\/secure.gravatar.com\/avatar\/aa9d3d24c83f2141e5e2709d0f63d09a99f6be6bb7a50abc4915838d9f54501a?s=96&d=mm&r=g","caption":"Mathieu"},"url":"https:\/\/www.altercampagne.net\/?author=214"}]}},"_links":{"self":[{"href":"https:\/\/www.altercampagne.net\/index.php?rest_route=\/wp\/v2\/posts\/6839","targetHints":{"allow":["GET"]}}],"collection":[{"href":"https:\/\/www.altercampagne.net\/index.php?rest_route=\/wp\/v2\/posts"}],"about":[{"href":"https:\/\/www.altercampagne.net\/index.php?rest_route=\/wp\/v2\/types\/post"}],"author":[{"embeddable":true,"href":"https:\/\/www.altercampagne.net\/index.php?rest_route=\/wp\/v2\/users\/214"}],"replies":[{"embeddable":true,"href":"https:\/\/www.altercampagne.net\/index.php?rest_route=%2Fwp%2Fv2%2Fcomments&post=6839"}],"version-history":[{"count":0,"href":"https:\/\/www.altercampagne.net\/index.php?rest_route=\/wp\/v2\/posts\/6839\/revisions"}],"wp:attachment":[{"href":"https:\/\/www.altercampagne.net\/index.php?rest_route=%2Fwp%2Fv2%2Fmedia&parent=6839"}],"wp:term":[{"taxonomy":"category","embeddable":true,"href":"https:\/\/www.altercampagne.net\/index.php?rest_route=%2Fwp%2Fv2%2Fcategories&post=6839"},{"taxonomy":"post_tag","embeddable":true,"href":"https:\/\/www.altercampagne.net\/index.php?rest_route=%2Fwp%2Fv2%2Ftags&post=6839"}],"curies":[{"name":"wp","href":"https:\/\/api.w.org\/{rel}","templated":true}]}}