{"id":6885,"date":"2017-05-11T22:16:20","date_gmt":"2017-05-11T20:16:20","guid":{"rendered":"http:\/\/www.altercampagne.net\/?p=6885"},"modified":"2017-05-28T21:49:27","modified_gmt":"2017-05-28T19:49:27","slug":"altertour-2017-les-inscriptions-sont-ouvertes","status":"publish","type":"post","link":"https:\/\/www.altercampagne.net\/?p=6885","title":{"rendered":"AlterTour 2017 &#8211; Les inscriptions sont ouvertes !"},"content":{"rendered":"<p>Pour la 10\u00e8me ann\u00e9e cons\u00e9cutive, l\u2019AlterTour, le Tour de France des Alternatives, s\u2019\u00e9lancera sur les routes \u00e0 la rencontre des actrices et des acteurs de la <strong>Transition<\/strong>. Rendez-vous \u00e0 <strong>Toulouse les 8 et 9 juillet 2017<\/strong> pour deux jours de festivit\u00e9s avec les Alternatives locales. Le d\u00e9part officiel sera donn\u00e9 lundi 10 juillet de la Maison de l\u2019Economie Solidaire \u00e0 Ramonville-Saint-Agne.<\/p>\n<p>Les 320 Altercyclistes parcourront 1200 kilom\u00e8tres en 6 semaines \u00e0 la d\u00e9couverte de 104 Alternatives en <strong>Occitanie, Catalogne et Rh\u00f4ne-Alpes<\/strong>. Ils termineront leur parcours le 20 ao\u00fbt 2017 \u00e0 Valence. Chaque jour, ils seront accueillis dans des \u00e9colieux, des fermes agro\u00e9cologiques, des micro-brasseries, des chantiers en \u00e9coconstruction, des ateliers v\u00e9los participatifs et solidaires, des Zad\u2026 des lieux, des collectifs o\u00f9 l\u2019on vit la transition \u00e9cologique.<\/p>\n<p><strong>Sur les chemins de la Transition<\/strong><br \/>\nSur les \u00e9tapes, des visites, des chantiers collectifs et des soir\u00e9es festives seront organis\u00e9s afin d\u2019apprendre \u00e0 conna\u00eetre les accueillants et leurs activit\u00e9s. Ils auront \u00e0 c\u0153ur de partager leurs exp\u00e9riences, leurs chemins de transition, mais aussi le d\u00e9clic qui leur a permis de changer de vie.<\/p>\n<p><strong>Les \u00c9chapp\u00e9es Belles<\/strong><br \/>\nPour les plus aventuriers, rendez-vous sur les Echapp\u00e9es Belles : deux parcours parall\u00e8les \u00e0 l\u2019AlterTour, en petit groupe et sans assistance moteur. Chacun porte sa tente et ses bagages, une partie de la nourriture commune et le mat\u00e9riel n\u00e9cessaire \u00e0 la r\u00e9paration des v\u00e9los. Le reste ne change pas, \u00e0 chaque \u00e9tape la d\u00e9couverte d\u2019Alternative(s) !<br \/>\n\u2013 Une \u00c9chapp\u00e9e Belle Espagnole en juillet : de G\u00e9rone (en Espagne) \u00e0 Armissan (dans l\u2019Aude)<br \/>\n\u2013 Une \u00c9chapp\u00e9e Belle Musicale en ao\u00fbt de Thoiras (dans le Gard) \u00e0 Eurre (dans la Dr\u00f4me)<br \/>\nLes retrouvailles avec l\u2019AlterTour seront l\u2019occasion d\u2019\u00e9changes sur les rencontres des diff\u00e9rents parcours.<\/p>\n<p>Les <strong>inscriptions<\/strong> sont ouvertes <strong>jusqu&rsquo;au 3 juillet 2016<\/strong> sur le site internet de l&rsquo;AlterTour :<\/p>\n<p>Acc\u00e8s aux <a href=\"http:\/\/www.altercampagne.net\/?page_id=178\">inscriptions<\/a><br \/>\nAcc\u00e8s au <a href=\"http:\/\/www.altercampagne.net\/?page_id=150\">parcours<\/a><br \/>\nAcc\u00e8s au <a href=\"http:\/\/www.altercampagne.net\/?page_id=172\">programme<\/a><\/p>\n<p>N&rsquo;h\u00e9sitez pas \u00e0 diffuser l&rsquo;info dans vos r\u00e9seaux !<\/p>\n<p><a href=\"http:\/\/www.altercampagne.net\/wp-content\/uploads\/2017\/05\/Inscriptions.jpg\"><img loading=\"lazy\" decoding=\"async\" class=\"aligncenter wp-image-6890 size-full\" src=\"http:\/\/www.altercampagne.net\/wp-content\/uploads\/2017\/05\/Inscriptions.jpg\" alt=\"Inscriptions\" width=\"1200\" height=\"627\" srcset=\"https:\/\/www.altercampagne.net\/wp-content\/uploads\/2017\/05\/Inscriptions.jpg 1200w, https:\/\/www.altercampagne.net\/wp-content\/uploads\/2017\/05\/Inscriptions-300x157.jpg 300w, https:\/\/www.altercampagne.net\/wp-content\/uploads\/2017\/05\/Inscriptions-1024x535.jpg 1024w\" sizes=\"auto, (max-width: 1200px) 100vw, 1200px\" \/><\/a><\/p>\n","protected":false},"excerpt":{"rendered":"<p>Pour la 10\u00e8me ann\u00e9e cons\u00e9cutive, l\u2019AlterTour, le Tour de France des Alternatives, s\u2019\u00e9lancera sur les routes \u00e0 la rencontre des actrices et des acteurs de la Transition. Rendez-vous \u00e0 Toulouse les 8 et 9 juillet 2017 pour deux jours de festivit\u00e9s avec les Alternatives locales. Le d\u00e9part officiel sera donn\u00e9 &#8230; <\/p>\n<div><a href=\"https:\/\/www.altercampagne.net\/?p=6885\" class=\"more-link\">Read More<\/a><\/div>\n","protected":false},"author":214,"featured_media":0,"comment_status":"closed","ping_status":"closed","sticky":false,"template":"","format":"standard","meta":{"footnotes":""},"categories":[1],"tags":[73,88,210,1016,1650,2042,2460,2783,2784,2785,2786],"class_list":["post-6885","post","type-post","status-publish","format-standard","hentry","category-non-classe","tag-transition","tag-toulouse","tag-inscription","tag-inscriptions","tag-rhone-alpes","tag-valence","tag-echappee-belle","tag-altertour-2017","tag-2784","tag-occitanie","tag-catalogne","no-post-thumbnail"],"yoast_head":"<!-- This site is optimized with the Yoast SEO plugin v27.3 - https:\/\/yoast.com\/product\/yoast-seo-wordpress\/ -->\n<title>AlterTour 2017 - Les inscriptions sont ouvertes ! - AlterTour<\/title>\n<meta name=\"robots\" content=\"index, follow, max-snippet:-1, max-image-preview:large, max-video-preview:-1\" \/>\n<link rel=\"canonical\" href=\"https:\/\/www.altercampagne.net\/?p=6885\" \/>\n<meta property=\"og:locale\" content=\"fr_FR\" \/>\n<meta property=\"og:type\" content=\"article\" \/>\n<meta property=\"og:title\" content=\"AlterTour 2017 - Les inscriptions sont ouvertes ! - AlterTour\" \/>\n<meta property=\"og:description\" content=\"Pour la 10\u00e8me ann\u00e9e cons\u00e9cutive, l\u2019AlterTour, le Tour de France des Alternatives, s\u2019\u00e9lancera sur les routes \u00e0 la rencontre des actrices et des acteurs de la Transition. Rendez-vous \u00e0 Toulouse les 8 et 9 juillet 2017 pour deux jours de festivit\u00e9s avec les Alternatives locales. Le d\u00e9part officiel sera donn\u00e9 ... Read More\" \/>\n<meta property=\"og:url\" content=\"https:\/\/www.altercampagne.net\/?p=6885\" \/>\n<meta property=\"og:site_name\" content=\"AlterTour\" \/>\n<meta property=\"article:published_time\" content=\"2017-05-11T20:16:20+00:00\" \/>\n<meta property=\"article:modified_time\" content=\"2017-05-28T19:49:27+00:00\" \/>\n<meta property=\"og:image\" content=\"http:\/\/www.altercampagne.net\/wp-content\/uploads\/2017\/05\/Inscriptions.jpg\" \/>\n<meta name=\"author\" content=\"Mathieu\" \/>\n<meta name=\"twitter:card\" content=\"summary_large_image\" \/>\n<meta name=\"twitter:label1\" content=\"\u00c9crit par\" \/>\n\t<meta name=\"twitter:data1\" content=\"Mathieu\" \/>\n\t<meta name=\"twitter:label2\" content=\"Dur\u00e9e de lecture estim\u00e9e\" \/>\n\t<meta name=\"twitter:data2\" content=\"2 minutes\" \/>\n<script type=\"application\/ld+json\" class=\"yoast-schema-graph\">{\"@context\":\"https:\\\/\\\/schema.org\",\"@graph\":[{\"@type\":\"Article\",\"@id\":\"https:\\\/\\\/www.altercampagne.net\\\/?p=6885#article\",\"isPartOf\":{\"@id\":\"https:\\\/\\\/www.altercampagne.net\\\/?p=6885\"},\"author\":{\"name\":\"Mathieu\",\"@id\":\"https:\\\/\\\/www.altercampagne.net\\\/#\\\/schema\\\/person\\\/0f261460c09e430caa0f9bcffa319109\"},\"headline\":\"AlterTour 2017 &#8211; Les inscriptions sont ouvertes !\",\"datePublished\":\"2017-05-11T20:16:20+00:00\",\"dateModified\":\"2017-05-28T19:49:27+00:00\",\"mainEntityOfPage\":{\"@id\":\"https:\\\/\\\/www.altercampagne.net\\\/?p=6885\"},\"wordCount\":343,\"image\":{\"@id\":\"https:\\\/\\\/www.altercampagne.net\\\/?p=6885#primaryimage\"},\"thumbnailUrl\":\"http:\\\/\\\/www.altercampagne.net\\\/wp-content\\\/uploads\\\/2017\\\/05\\\/Inscriptions.jpg\",\"keywords\":[\"Transition\",\"Toulouse\",\"inscription\",\"inscriptions\",\"Rhone-Alpes\",\"Valence\",\"Echapp\u00e9e Belle\",\"AlterTour 2017\",\"2017\",\"Occitanie\",\"Catalogne\"],\"inLanguage\":\"fr-FR\"},{\"@type\":\"WebPage\",\"@id\":\"https:\\\/\\\/www.altercampagne.net\\\/?p=6885\",\"url\":\"https:\\\/\\\/www.altercampagne.net\\\/?p=6885\",\"name\":\"AlterTour 2017 - Les inscriptions sont ouvertes ! - AlterTour\",\"isPartOf\":{\"@id\":\"https:\\\/\\\/www.altercampagne.net\\\/#website\"},\"primaryImageOfPage\":{\"@id\":\"https:\\\/\\\/www.altercampagne.net\\\/?p=6885#primaryimage\"},\"image\":{\"@id\":\"https:\\\/\\\/www.altercampagne.net\\\/?p=6885#primaryimage\"},\"thumbnailUrl\":\"http:\\\/\\\/www.altercampagne.net\\\/wp-content\\\/uploads\\\/2017\\\/05\\\/Inscriptions.jpg\",\"datePublished\":\"2017-05-11T20:16:20+00:00\",\"dateModified\":\"2017-05-28T19:49:27+00:00\",\"author\":{\"@id\":\"https:\\\/\\\/www.altercampagne.net\\\/#\\\/schema\\\/person\\\/0f261460c09e430caa0f9bcffa319109\"},\"breadcrumb\":{\"@id\":\"https:\\\/\\\/www.altercampagne.net\\\/?p=6885#breadcrumb\"},\"inLanguage\":\"fr-FR\",\"potentialAction\":[{\"@type\":\"ReadAction\",\"target\":[\"https:\\\/\\\/www.altercampagne.net\\\/?p=6885\"]}]},{\"@type\":\"ImageObject\",\"inLanguage\":\"fr-FR\",\"@id\":\"https:\\\/\\\/www.altercampagne.net\\\/?p=6885#primaryimage\",\"url\":\"http:\\\/\\\/www.altercampagne.net\\\/wp-content\\\/uploads\\\/2017\\\/05\\\/Inscriptions.jpg\",\"contentUrl\":\"http:\\\/\\\/www.altercampagne.net\\\/wp-content\\\/uploads\\\/2017\\\/05\\\/Inscriptions.jpg\"},{\"@type\":\"BreadcrumbList\",\"@id\":\"https:\\\/\\\/www.altercampagne.net\\\/?p=6885#breadcrumb\",\"itemListElement\":[{\"@type\":\"ListItem\",\"position\":1,\"name\":\"Accueil\",\"item\":\"https:\\\/\\\/www.altercampagne.net\\\/\"},{\"@type\":\"ListItem\",\"position\":2,\"name\":\"AlterTour 2017 &#8211; Les inscriptions sont ouvertes !\"}]},{\"@type\":\"WebSite\",\"@id\":\"https:\\\/\\\/www.altercampagne.net\\\/#website\",\"url\":\"https:\\\/\\\/www.altercampagne.net\\\/\",\"name\":\"AlterTour\",\"description\":\"Reliez les Alternatives \u00e0 v\u00e9lo\",\"potentialAction\":[{\"@type\":\"SearchAction\",\"target\":{\"@type\":\"EntryPoint\",\"urlTemplate\":\"https:\\\/\\\/www.altercampagne.net\\\/?s={search_term_string}\"},\"query-input\":{\"@type\":\"PropertyValueSpecification\",\"valueRequired\":true,\"valueName\":\"search_term_string\"}}],\"inLanguage\":\"fr-FR\"},{\"@type\":\"Person\",\"@id\":\"https:\\\/\\\/www.altercampagne.net\\\/#\\\/schema\\\/person\\\/0f261460c09e430caa0f9bcffa319109\",\"name\":\"Mathieu\",\"image\":{\"@type\":\"ImageObject\",\"inLanguage\":\"fr-FR\",\"@id\":\"https:\\\/\\\/secure.gravatar.com\\\/avatar\\\/aa9d3d24c83f2141e5e2709d0f63d09a99f6be6bb7a50abc4915838d9f54501a?s=96&d=mm&r=g\",\"url\":\"https:\\\/\\\/secure.gravatar.com\\\/avatar\\\/aa9d3d24c83f2141e5e2709d0f63d09a99f6be6bb7a50abc4915838d9f54501a?s=96&d=mm&r=g\",\"contentUrl\":\"https:\\\/\\\/secure.gravatar.com\\\/avatar\\\/aa9d3d24c83f2141e5e2709d0f63d09a99f6be6bb7a50abc4915838d9f54501a?s=96&d=mm&r=g\",\"caption\":\"Mathieu\"},\"url\":\"https:\\\/\\\/www.altercampagne.net\\\/?author=214\"}]}<\/script>\n<!-- \/ Yoast SEO plugin. -->","yoast_head_json":{"title":"AlterTour 2017 - Les inscriptions sont ouvertes ! - AlterTour","robots":{"index":"index","follow":"follow","max-snippet":"max-snippet:-1","max-image-preview":"max-image-preview:large","max-video-preview":"max-video-preview:-1"},"canonical":"https:\/\/www.altercampagne.net\/?p=6885","og_locale":"fr_FR","og_type":"article","og_title":"AlterTour 2017 - Les inscriptions sont ouvertes ! - AlterTour","og_description":"Pour la 10\u00e8me ann\u00e9e cons\u00e9cutive, l\u2019AlterTour, le Tour de France des Alternatives, s\u2019\u00e9lancera sur les routes \u00e0 la rencontre des actrices et des acteurs de la Transition. Rendez-vous \u00e0 Toulouse les 8 et 9 juillet 2017 pour deux jours de festivit\u00e9s avec les Alternatives locales. Le d\u00e9part officiel sera donn\u00e9 ... Read More","og_url":"https:\/\/www.altercampagne.net\/?p=6885","og_site_name":"AlterTour","article_published_time":"2017-05-11T20:16:20+00:00","article_modified_time":"2017-05-28T19:49:27+00:00","og_image":[{"url":"http:\/\/www.altercampagne.net\/wp-content\/uploads\/2017\/05\/Inscriptions.jpg","type":"","width":"","height":""}],"author":"Mathieu","twitter_card":"summary_large_image","twitter_misc":{"\u00c9crit par":"Mathieu","Dur\u00e9e de lecture estim\u00e9e":"2 minutes"},"schema":{"@context":"https:\/\/schema.org","@graph":[{"@type":"Article","@id":"https:\/\/www.altercampagne.net\/?p=6885#article","isPartOf":{"@id":"https:\/\/www.altercampagne.net\/?p=6885"},"author":{"name":"Mathieu","@id":"https:\/\/www.altercampagne.net\/#\/schema\/person\/0f261460c09e430caa0f9bcffa319109"},"headline":"AlterTour 2017 &#8211; Les inscriptions sont ouvertes !","datePublished":"2017-05-11T20:16:20+00:00","dateModified":"2017-05-28T19:49:27+00:00","mainEntityOfPage":{"@id":"https:\/\/www.altercampagne.net\/?p=6885"},"wordCount":343,"image":{"@id":"https:\/\/www.altercampagne.net\/?p=6885#primaryimage"},"thumbnailUrl":"http:\/\/www.altercampagne.net\/wp-content\/uploads\/2017\/05\/Inscriptions.jpg","keywords":["Transition","Toulouse","inscription","inscriptions","Rhone-Alpes","Valence","Echapp\u00e9e Belle","AlterTour 2017","2017","Occitanie","Catalogne"],"inLanguage":"fr-FR"},{"@type":"WebPage","@id":"https:\/\/www.altercampagne.net\/?p=6885","url":"https:\/\/www.altercampagne.net\/?p=6885","name":"AlterTour 2017 - Les inscriptions sont ouvertes ! - AlterTour","isPartOf":{"@id":"https:\/\/www.altercampagne.net\/#website"},"primaryImageOfPage":{"@id":"https:\/\/www.altercampagne.net\/?p=6885#primaryimage"},"image":{"@id":"https:\/\/www.altercampagne.net\/?p=6885#primaryimage"},"thumbnailUrl":"http:\/\/www.altercampagne.net\/wp-content\/uploads\/2017\/05\/Inscriptions.jpg","datePublished":"2017-05-11T20:16:20+00:00","dateModified":"2017-05-28T19:49:27+00:00","author":{"@id":"https:\/\/www.altercampagne.net\/#\/schema\/person\/0f261460c09e430caa0f9bcffa319109"},"breadcrumb":{"@id":"https:\/\/www.altercampagne.net\/?p=6885#breadcrumb"},"inLanguage":"fr-FR","potentialAction":[{"@type":"ReadAction","target":["https:\/\/www.altercampagne.net\/?p=6885"]}]},{"@type":"ImageObject","inLanguage":"fr-FR","@id":"https:\/\/www.altercampagne.net\/?p=6885#primaryimage","url":"http:\/\/www.altercampagne.net\/wp-content\/uploads\/2017\/05\/Inscriptions.jpg","contentUrl":"http:\/\/www.altercampagne.net\/wp-content\/uploads\/2017\/05\/Inscriptions.jpg"},{"@type":"BreadcrumbList","@id":"https:\/\/www.altercampagne.net\/?p=6885#breadcrumb","itemListElement":[{"@type":"ListItem","position":1,"name":"Accueil","item":"https:\/\/www.altercampagne.net\/"},{"@type":"ListItem","position":2,"name":"AlterTour 2017 &#8211; Les inscriptions sont ouvertes !"}]},{"@type":"WebSite","@id":"https:\/\/www.altercampagne.net\/#website","url":"https:\/\/www.altercampagne.net\/","name":"AlterTour","description":"Reliez les Alternatives \u00e0 v\u00e9lo","potentialAction":[{"@type":"SearchAction","target":{"@type":"EntryPoint","urlTemplate":"https:\/\/www.altercampagne.net\/?s={search_term_string}"},"query-input":{"@type":"PropertyValueSpecification","valueRequired":true,"valueName":"search_term_string"}}],"inLanguage":"fr-FR"},{"@type":"Person","@id":"https:\/\/www.altercampagne.net\/#\/schema\/person\/0f261460c09e430caa0f9bcffa319109","name":"Mathieu","image":{"@type":"ImageObject","inLanguage":"fr-FR","@id":"https:\/\/secure.gravatar.com\/avatar\/aa9d3d24c83f2141e5e2709d0f63d09a99f6be6bb7a50abc4915838d9f54501a?s=96&d=mm&r=g","url":"https:\/\/secure.gravatar.com\/avatar\/aa9d3d24c83f2141e5e2709d0f63d09a99f6be6bb7a50abc4915838d9f54501a?s=96&d=mm&r=g","contentUrl":"https:\/\/secure.gravatar.com\/avatar\/aa9d3d24c83f2141e5e2709d0f63d09a99f6be6bb7a50abc4915838d9f54501a?s=96&d=mm&r=g","caption":"Mathieu"},"url":"https:\/\/www.altercampagne.net\/?author=214"}]}},"_links":{"self":[{"href":"https:\/\/www.altercampagne.net\/index.php?rest_route=\/wp\/v2\/posts\/6885","targetHints":{"allow":["GET"]}}],"collection":[{"href":"https:\/\/www.altercampagne.net\/index.php?rest_route=\/wp\/v2\/posts"}],"about":[{"href":"https:\/\/www.altercampagne.net\/index.php?rest_route=\/wp\/v2\/types\/post"}],"author":[{"embeddable":true,"href":"https:\/\/www.altercampagne.net\/index.php?rest_route=\/wp\/v2\/users\/214"}],"replies":[{"embeddable":true,"href":"https:\/\/www.altercampagne.net\/index.php?rest_route=%2Fwp%2Fv2%2Fcomments&post=6885"}],"version-history":[{"count":0,"href":"https:\/\/www.altercampagne.net\/index.php?rest_route=\/wp\/v2\/posts\/6885\/revisions"}],"wp:attachment":[{"href":"https:\/\/www.altercampagne.net\/index.php?rest_route=%2Fwp%2Fv2%2Fmedia&parent=6885"}],"wp:term":[{"taxonomy":"category","embeddable":true,"href":"https:\/\/www.altercampagne.net\/index.php?rest_route=%2Fwp%2Fv2%2Fcategories&post=6885"},{"taxonomy":"post_tag","embeddable":true,"href":"https:\/\/www.altercampagne.net\/index.php?rest_route=%2Fwp%2Fv2%2Ftags&post=6885"}],"curies":[{"name":"wp","href":"https:\/\/api.w.org\/{rel}","templated":true}]}}