{"id":693,"date":"2014-08-30T16:44:05","date_gmt":"2014-08-30T14:44:05","guid":{"rendered":"http:\/\/www.altercampagne.net\/?p=693"},"modified":"2019-09-16T10:43:33","modified_gmt":"2019-09-16T08:43:33","slug":"latelier-des-piqueuses-didees-a-bain-de-bretagne","status":"publish","type":"post","link":"https:\/\/www.altercampagne.net\/?p=693","title":{"rendered":"L\u2019Atelier des Piqueuses d\u2019Id\u00e9es \u00e0 Rennes"},"content":{"rendered":"<p class=\"Style271 Style138 Style152\" align=\"justify\">Apr\u00e8s quelques ann\u00e9es pass\u00e9es en haute couture et un passage par le compagnonnage du <a href=\"http:\/\/www.reseaurepas.free.fr\/\" target=\"_blank\" rel=\"noopener noreferrer\">R\u00e9seau REPAS<\/a>, Florence s&rsquo;est lanc\u00e9e d\u00e9but janvier 2014 et a cr\u00e9\u00e9 son propre atelier pour y mener des cours de couture.<\/p>\n<p class=\"Style271 Style138 Style152\" align=\"justify\">Les cours ont lieu \u00e0 Rennes, dans son atelier.<\/p>\n<p class=\"Style271 Style138 Style152\" align=\"justify\">Quel que soit votre niveau, vous pourrez selon vos envies :<\/p>\n<p class=\"Style271 Style138 Style152\" align=\"justify\">&#8211; Apprendre \u00e0 utiliser une machine<br \/>\n&#8211; R\u00e9aliser vos premi\u00e8res cr\u00e9ations<br \/>\n&#8211; Etre guid\u00e9 dans vos projets personnels<br \/>\n&#8211; Refaire le patron d\u2019un v\u00eatement qui vous pla\u00eet<br \/>\n&#8211; Transformer un patron \u00e0 votre go\u00fbt<br \/>\n&#8211; Vous faire des v\u00eatements sur mesure<br \/>\n&#8211; Vous perfectionner en couture et coupe \u00e0 plat<\/p>\n<p class=\"Style271 Style138 Style152\" align=\"justify\">Ou tout simplement, d\u00e9couvrez la couture en r\u00e9alisant un mod\u00e8le choisi parmi les <a href=\"http:\/\/www.piqueusesdidees.fr\/kits-en-stock.html\" target=\"_blank\" rel=\"noopener noreferrer\">kits en stock<\/a> !<\/p>\n<p class=\"Style271 Style138 Style152\" align=\"justify\">La nouveaut\u00e9 de la rentr\u00e9e : le \u00a0\u00bb <a href=\"http:\/\/www.piqueusesdidees.fr\/tarifs-et-horaires.html\" target=\"_blank\" rel=\"noopener noreferrer\">pass&rsquo;pacs<\/a>\u00ab\u00a0<\/p>\n<p class=\"Style271 Style138 Style152\" align=\"justify\">Puisque : vive la mixit\u00e9 !<br \/>\nH\u00e9 bien les piqueuses vous encouragent \u00e0 venir avec votre cousin, voisin, amoureux, coll\u00e8gue, grand oncle, ou ami.<\/p>\n<p class=\"Style271 Style138 Style152\" align=\"justify\">A nous les cravates sur mesure !<\/p>\n<p class=\"Style271 Style138 Style152\" style=\"text-align: right;\" align=\"justify\"><strong>Florence<\/strong><br \/>\n<strong> AlterTour 2008 &#8211; 2009 &#8211; 2010 &#8211;\u00a02011 et 2016<\/strong><\/p>\n","protected":false},"excerpt":{"rendered":"<p>Apr\u00e8s quelques ann\u00e9es pass\u00e9es en haute couture et un passage par le compagnonnage du R\u00e9seau REPAS, Florence s&rsquo;est lanc\u00e9e d\u00e9but janvier 2014 et a cr\u00e9\u00e9 son propre atelier pour y mener des cours de couture. Les cours ont lieu \u00e0 Rennes, dans son atelier. Quel que soit votre niveau, vous &#8230; <\/p>\n<div><a href=\"https:\/\/www.altercampagne.net\/?p=693\" class=\"more-link\">Read More<\/a><\/div>\n","protected":false},"author":214,"featured_media":15652,"comment_status":"closed","ping_status":"closed","sticky":false,"template":"","format":"standard","meta":{"footnotes":""},"categories":[3472],"tags":[77,79,80,81,82],"class_list":["post-693","post","type-post","status-publish","format-standard","has-post-thumbnail","hentry","category-bretagne","tag-piqueuses-didees","tag-florence-chene","tag-reseau-repas","tag-couture","tag-rennes"],"yoast_head":"<!-- This site is optimized with the Yoast SEO plugin v27.3 - https:\/\/yoast.com\/product\/yoast-seo-wordpress\/ -->\n<title>L\u2019Atelier des Piqueuses d\u2019Id\u00e9es \u00e0 Rennes - AlterTour<\/title>\n<meta name=\"robots\" content=\"index, follow, max-snippet:-1, max-image-preview:large, max-video-preview:-1\" \/>\n<link rel=\"canonical\" href=\"https:\/\/www.altercampagne.net\/?p=693\" \/>\n<meta property=\"og:locale\" content=\"fr_FR\" \/>\n<meta property=\"og:type\" content=\"article\" \/>\n<meta property=\"og:title\" content=\"L\u2019Atelier des Piqueuses d\u2019Id\u00e9es \u00e0 Rennes - AlterTour\" \/>\n<meta property=\"og:description\" content=\"Apr\u00e8s quelques ann\u00e9es pass\u00e9es en haute couture et un passage par le compagnonnage du R\u00e9seau REPAS, Florence s&rsquo;est lanc\u00e9e d\u00e9but janvier 2014 et a cr\u00e9\u00e9 son propre atelier pour y mener des cours de couture. Les cours ont lieu \u00e0 Rennes, dans son atelier. Quel que soit votre niveau, vous ... Read More\" \/>\n<meta property=\"og:url\" content=\"https:\/\/www.altercampagne.net\/?p=693\" \/>\n<meta property=\"og:site_name\" content=\"AlterTour\" \/>\n<meta property=\"article:published_time\" content=\"2014-08-30T14:44:05+00:00\" \/>\n<meta property=\"article:modified_time\" content=\"2019-09-16T08:43:33+00:00\" \/>\n<meta property=\"og:image\" content=\"https:\/\/www.altercampagne.net\/wp-content\/uploads\/2014\/08\/AT2014-piqueuses-d-idees1.jpg\" \/>\n\t<meta property=\"og:image:width\" content=\"898\" \/>\n\t<meta property=\"og:image:height\" content=\"323\" \/>\n\t<meta property=\"og:image:type\" content=\"image\/jpeg\" \/>\n<meta name=\"author\" content=\"Mathieu\" \/>\n<meta name=\"twitter:card\" content=\"summary_large_image\" \/>\n<meta name=\"twitter:label1\" content=\"\u00c9crit par\" \/>\n\t<meta name=\"twitter:data1\" content=\"Mathieu\" \/>\n\t<meta name=\"twitter:label2\" content=\"Dur\u00e9e de lecture estim\u00e9e\" \/>\n\t<meta name=\"twitter:data2\" content=\"1 minute\" \/>\n<script type=\"application\/ld+json\" class=\"yoast-schema-graph\">{\"@context\":\"https:\\\/\\\/schema.org\",\"@graph\":[{\"@type\":\"Article\",\"@id\":\"https:\\\/\\\/www.altercampagne.net\\\/?p=693#article\",\"isPartOf\":{\"@id\":\"https:\\\/\\\/www.altercampagne.net\\\/?p=693\"},\"author\":{\"name\":\"Mathieu\",\"@id\":\"https:\\\/\\\/www.altercampagne.net\\\/#\\\/schema\\\/person\\\/0f261460c09e430caa0f9bcffa319109\"},\"headline\":\"L\u2019Atelier des Piqueuses d\u2019Id\u00e9es \u00e0 Rennes\",\"datePublished\":\"2014-08-30T14:44:05+00:00\",\"dateModified\":\"2019-09-16T08:43:33+00:00\",\"mainEntityOfPage\":{\"@id\":\"https:\\\/\\\/www.altercampagne.net\\\/?p=693\"},\"wordCount\":184,\"image\":{\"@id\":\"https:\\\/\\\/www.altercampagne.net\\\/?p=693#primaryimage\"},\"thumbnailUrl\":\"https:\\\/\\\/www.altercampagne.net\\\/wp-content\\\/uploads\\\/2014\\\/08\\\/AT2014-piqueuses-d-idees1.jpg\",\"keywords\":[\"Piqueuses d\u2019Id\u00e9es\",\"Florence Ch\u00e9n\u00e9\",\"R\u00e9seau Repas\",\"couture\",\"Rennes\"],\"articleSection\":[\"Bretagne\"],\"inLanguage\":\"fr-FR\"},{\"@type\":\"WebPage\",\"@id\":\"https:\\\/\\\/www.altercampagne.net\\\/?p=693\",\"url\":\"https:\\\/\\\/www.altercampagne.net\\\/?p=693\",\"name\":\"L\u2019Atelier des Piqueuses d\u2019Id\u00e9es \u00e0 Rennes - AlterTour\",\"isPartOf\":{\"@id\":\"https:\\\/\\\/www.altercampagne.net\\\/#website\"},\"primaryImageOfPage\":{\"@id\":\"https:\\\/\\\/www.altercampagne.net\\\/?p=693#primaryimage\"},\"image\":{\"@id\":\"https:\\\/\\\/www.altercampagne.net\\\/?p=693#primaryimage\"},\"thumbnailUrl\":\"https:\\\/\\\/www.altercampagne.net\\\/wp-content\\\/uploads\\\/2014\\\/08\\\/AT2014-piqueuses-d-idees1.jpg\",\"datePublished\":\"2014-08-30T14:44:05+00:00\",\"dateModified\":\"2019-09-16T08:43:33+00:00\",\"author\":{\"@id\":\"https:\\\/\\\/www.altercampagne.net\\\/#\\\/schema\\\/person\\\/0f261460c09e430caa0f9bcffa319109\"},\"breadcrumb\":{\"@id\":\"https:\\\/\\\/www.altercampagne.net\\\/?p=693#breadcrumb\"},\"inLanguage\":\"fr-FR\",\"potentialAction\":[{\"@type\":\"ReadAction\",\"target\":[\"https:\\\/\\\/www.altercampagne.net\\\/?p=693\"]}]},{\"@type\":\"ImageObject\",\"inLanguage\":\"fr-FR\",\"@id\":\"https:\\\/\\\/www.altercampagne.net\\\/?p=693#primaryimage\",\"url\":\"https:\\\/\\\/www.altercampagne.net\\\/wp-content\\\/uploads\\\/2014\\\/08\\\/AT2014-piqueuses-d-idees1.jpg\",\"contentUrl\":\"https:\\\/\\\/www.altercampagne.net\\\/wp-content\\\/uploads\\\/2014\\\/08\\\/AT2014-piqueuses-d-idees1.jpg\",\"width\":898,\"height\":323},{\"@type\":\"BreadcrumbList\",\"@id\":\"https:\\\/\\\/www.altercampagne.net\\\/?p=693#breadcrumb\",\"itemListElement\":[{\"@type\":\"ListItem\",\"position\":1,\"name\":\"Accueil\",\"item\":\"https:\\\/\\\/www.altercampagne.net\\\/\"},{\"@type\":\"ListItem\",\"position\":2,\"name\":\"L\u2019Atelier des Piqueuses d\u2019Id\u00e9es \u00e0 Rennes\"}]},{\"@type\":\"WebSite\",\"@id\":\"https:\\\/\\\/www.altercampagne.net\\\/#website\",\"url\":\"https:\\\/\\\/www.altercampagne.net\\\/\",\"name\":\"AlterTour\",\"description\":\"Reliez les Alternatives \u00e0 v\u00e9lo\",\"potentialAction\":[{\"@type\":\"SearchAction\",\"target\":{\"@type\":\"EntryPoint\",\"urlTemplate\":\"https:\\\/\\\/www.altercampagne.net\\\/?s={search_term_string}\"},\"query-input\":{\"@type\":\"PropertyValueSpecification\",\"valueRequired\":true,\"valueName\":\"search_term_string\"}}],\"inLanguage\":\"fr-FR\"},{\"@type\":\"Person\",\"@id\":\"https:\\\/\\\/www.altercampagne.net\\\/#\\\/schema\\\/person\\\/0f261460c09e430caa0f9bcffa319109\",\"name\":\"Mathieu\",\"image\":{\"@type\":\"ImageObject\",\"inLanguage\":\"fr-FR\",\"@id\":\"https:\\\/\\\/secure.gravatar.com\\\/avatar\\\/aa9d3d24c83f2141e5e2709d0f63d09a99f6be6bb7a50abc4915838d9f54501a?s=96&d=mm&r=g\",\"url\":\"https:\\\/\\\/secure.gravatar.com\\\/avatar\\\/aa9d3d24c83f2141e5e2709d0f63d09a99f6be6bb7a50abc4915838d9f54501a?s=96&d=mm&r=g\",\"contentUrl\":\"https:\\\/\\\/secure.gravatar.com\\\/avatar\\\/aa9d3d24c83f2141e5e2709d0f63d09a99f6be6bb7a50abc4915838d9f54501a?s=96&d=mm&r=g\",\"caption\":\"Mathieu\"},\"url\":\"https:\\\/\\\/www.altercampagne.net\\\/?author=214\"}]}<\/script>\n<!-- \/ Yoast SEO plugin. -->","yoast_head_json":{"title":"L\u2019Atelier des Piqueuses d\u2019Id\u00e9es \u00e0 Rennes - AlterTour","robots":{"index":"index","follow":"follow","max-snippet":"max-snippet:-1","max-image-preview":"max-image-preview:large","max-video-preview":"max-video-preview:-1"},"canonical":"https:\/\/www.altercampagne.net\/?p=693","og_locale":"fr_FR","og_type":"article","og_title":"L\u2019Atelier des Piqueuses d\u2019Id\u00e9es \u00e0 Rennes - AlterTour","og_description":"Apr\u00e8s quelques ann\u00e9es pass\u00e9es en haute couture et un passage par le compagnonnage du R\u00e9seau REPAS, Florence s&rsquo;est lanc\u00e9e d\u00e9but janvier 2014 et a cr\u00e9\u00e9 son propre atelier pour y mener des cours de couture. Les cours ont lieu \u00e0 Rennes, dans son atelier. Quel que soit votre niveau, vous ... Read More","og_url":"https:\/\/www.altercampagne.net\/?p=693","og_site_name":"AlterTour","article_published_time":"2014-08-30T14:44:05+00:00","article_modified_time":"2019-09-16T08:43:33+00:00","og_image":[{"width":898,"height":323,"url":"https:\/\/www.altercampagne.net\/wp-content\/uploads\/2014\/08\/AT2014-piqueuses-d-idees1.jpg","type":"image\/jpeg"}],"author":"Mathieu","twitter_card":"summary_large_image","twitter_misc":{"\u00c9crit par":"Mathieu","Dur\u00e9e de lecture estim\u00e9e":"1 minute"},"schema":{"@context":"https:\/\/schema.org","@graph":[{"@type":"Article","@id":"https:\/\/www.altercampagne.net\/?p=693#article","isPartOf":{"@id":"https:\/\/www.altercampagne.net\/?p=693"},"author":{"name":"Mathieu","@id":"https:\/\/www.altercampagne.net\/#\/schema\/person\/0f261460c09e430caa0f9bcffa319109"},"headline":"L\u2019Atelier des Piqueuses d\u2019Id\u00e9es \u00e0 Rennes","datePublished":"2014-08-30T14:44:05+00:00","dateModified":"2019-09-16T08:43:33+00:00","mainEntityOfPage":{"@id":"https:\/\/www.altercampagne.net\/?p=693"},"wordCount":184,"image":{"@id":"https:\/\/www.altercampagne.net\/?p=693#primaryimage"},"thumbnailUrl":"https:\/\/www.altercampagne.net\/wp-content\/uploads\/2014\/08\/AT2014-piqueuses-d-idees1.jpg","keywords":["Piqueuses d\u2019Id\u00e9es","Florence Ch\u00e9n\u00e9","R\u00e9seau Repas","couture","Rennes"],"articleSection":["Bretagne"],"inLanguage":"fr-FR"},{"@type":"WebPage","@id":"https:\/\/www.altercampagne.net\/?p=693","url":"https:\/\/www.altercampagne.net\/?p=693","name":"L\u2019Atelier des Piqueuses d\u2019Id\u00e9es \u00e0 Rennes - AlterTour","isPartOf":{"@id":"https:\/\/www.altercampagne.net\/#website"},"primaryImageOfPage":{"@id":"https:\/\/www.altercampagne.net\/?p=693#primaryimage"},"image":{"@id":"https:\/\/www.altercampagne.net\/?p=693#primaryimage"},"thumbnailUrl":"https:\/\/www.altercampagne.net\/wp-content\/uploads\/2014\/08\/AT2014-piqueuses-d-idees1.jpg","datePublished":"2014-08-30T14:44:05+00:00","dateModified":"2019-09-16T08:43:33+00:00","author":{"@id":"https:\/\/www.altercampagne.net\/#\/schema\/person\/0f261460c09e430caa0f9bcffa319109"},"breadcrumb":{"@id":"https:\/\/www.altercampagne.net\/?p=693#breadcrumb"},"inLanguage":"fr-FR","potentialAction":[{"@type":"ReadAction","target":["https:\/\/www.altercampagne.net\/?p=693"]}]},{"@type":"ImageObject","inLanguage":"fr-FR","@id":"https:\/\/www.altercampagne.net\/?p=693#primaryimage","url":"https:\/\/www.altercampagne.net\/wp-content\/uploads\/2014\/08\/AT2014-piqueuses-d-idees1.jpg","contentUrl":"https:\/\/www.altercampagne.net\/wp-content\/uploads\/2014\/08\/AT2014-piqueuses-d-idees1.jpg","width":898,"height":323},{"@type":"BreadcrumbList","@id":"https:\/\/www.altercampagne.net\/?p=693#breadcrumb","itemListElement":[{"@type":"ListItem","position":1,"name":"Accueil","item":"https:\/\/www.altercampagne.net\/"},{"@type":"ListItem","position":2,"name":"L\u2019Atelier des Piqueuses d\u2019Id\u00e9es \u00e0 Rennes"}]},{"@type":"WebSite","@id":"https:\/\/www.altercampagne.net\/#website","url":"https:\/\/www.altercampagne.net\/","name":"AlterTour","description":"Reliez les Alternatives \u00e0 v\u00e9lo","potentialAction":[{"@type":"SearchAction","target":{"@type":"EntryPoint","urlTemplate":"https:\/\/www.altercampagne.net\/?s={search_term_string}"},"query-input":{"@type":"PropertyValueSpecification","valueRequired":true,"valueName":"search_term_string"}}],"inLanguage":"fr-FR"},{"@type":"Person","@id":"https:\/\/www.altercampagne.net\/#\/schema\/person\/0f261460c09e430caa0f9bcffa319109","name":"Mathieu","image":{"@type":"ImageObject","inLanguage":"fr-FR","@id":"https:\/\/secure.gravatar.com\/avatar\/aa9d3d24c83f2141e5e2709d0f63d09a99f6be6bb7a50abc4915838d9f54501a?s=96&d=mm&r=g","url":"https:\/\/secure.gravatar.com\/avatar\/aa9d3d24c83f2141e5e2709d0f63d09a99f6be6bb7a50abc4915838d9f54501a?s=96&d=mm&r=g","contentUrl":"https:\/\/secure.gravatar.com\/avatar\/aa9d3d24c83f2141e5e2709d0f63d09a99f6be6bb7a50abc4915838d9f54501a?s=96&d=mm&r=g","caption":"Mathieu"},"url":"https:\/\/www.altercampagne.net\/?author=214"}]}},"_links":{"self":[{"href":"https:\/\/www.altercampagne.net\/index.php?rest_route=\/wp\/v2\/posts\/693","targetHints":{"allow":["GET"]}}],"collection":[{"href":"https:\/\/www.altercampagne.net\/index.php?rest_route=\/wp\/v2\/posts"}],"about":[{"href":"https:\/\/www.altercampagne.net\/index.php?rest_route=\/wp\/v2\/types\/post"}],"author":[{"embeddable":true,"href":"https:\/\/www.altercampagne.net\/index.php?rest_route=\/wp\/v2\/users\/214"}],"replies":[{"embeddable":true,"href":"https:\/\/www.altercampagne.net\/index.php?rest_route=%2Fwp%2Fv2%2Fcomments&post=693"}],"version-history":[{"count":0,"href":"https:\/\/www.altercampagne.net\/index.php?rest_route=\/wp\/v2\/posts\/693\/revisions"}],"wp:featuredmedia":[{"embeddable":true,"href":"https:\/\/www.altercampagne.net\/index.php?rest_route=\/wp\/v2\/media\/15652"}],"wp:attachment":[{"href":"https:\/\/www.altercampagne.net\/index.php?rest_route=%2Fwp%2Fv2%2Fmedia&parent=693"}],"wp:term":[{"taxonomy":"category","embeddable":true,"href":"https:\/\/www.altercampagne.net\/index.php?rest_route=%2Fwp%2Fv2%2Fcategories&post=693"},{"taxonomy":"post_tag","embeddable":true,"href":"https:\/\/www.altercampagne.net\/index.php?rest_route=%2Fwp%2Fv2%2Ftags&post=693"}],"curies":[{"name":"wp","href":"https:\/\/api.w.org\/{rel}","templated":true}]}}