{"id":6940,"date":"2017-06-07T07:34:07","date_gmt":"2017-06-07T05:34:07","guid":{"rendered":"http:\/\/www.altercampagne.net\/?p=6940"},"modified":"2020-02-24T14:52:18","modified_gmt":"2020-02-24T13:52:18","slug":"lan01-les-12-et-13-juillet-2017-a-cazeres","status":"publish","type":"post","link":"https:\/\/www.altercampagne.net\/?p=6940","title":{"rendered":"Di\u00e9go, Paysan-boulanger \u00e0 l\u2019An 01"},"content":{"rendered":"<p style=\"text-align: justify;\"><a href=\"https:\/\/an01.tila.im\/\" target=\"_blank\" rel=\"noopener noreferrer\"><img loading=\"lazy\" decoding=\"async\" class=\"alignleft wp-image-6756 size-medium\" src=\"http:\/\/www.altercampagne.net\/wp-content\/uploads\/2017\/05\/Lan01-300x219.jpg\" alt=\"L'an01\" width=\"300\" height=\"219\" srcset=\"https:\/\/www.altercampagne.net\/wp-content\/uploads\/2017\/05\/Lan01-300x219.jpg 300w, https:\/\/www.altercampagne.net\/wp-content\/uploads\/2017\/05\/Lan01.jpg 686w\" sizes=\"auto, (max-width: 300px) 100vw, 300px\" \/><\/a>Une grande b\u00e2tisse en pierre de Haute-Garonne. Sur son fronton, une porte grav\u00e9e d\u2019un \u201c1901\u201d. Un nom tout trouv\u00e9 pour les habitants du collectif L\u2019<strong><a href=\"https:\/\/an01.tila.im\/\" target=\"_blank\" rel=\"noopener noreferrer\">An 01<\/a><\/strong>, en \u00e9cho au film \u00e9ponyme ! Ce groupe de jeunes, dont la composition a beaucoup \u00e9volu\u00e9 au fil des ans, avait d\u2019abord t\u00e2t\u00e9 le terrain du faire-ensemble, en cr\u00e9ant l\u2019association toulousaine Utopons : jardins partag\u00e9s, location de toilettes s\u00e8ches, repas festifs, fresques. Progressivement, et apr\u00e8s de nombreux rebondissements, ce groupe cr\u00e9e finalement L\u2019An 01. Constitu\u00e9e en 2014, la coop\u00e9rative d\u2019habitants repose sur un socle de valeurs partag\u00e9es. Les d\u00e9cisions sont prises au consensus gr\u00e2ce \u00e0 des assembl\u00e9es hebdomadaires. Avec 6 foyers de 9 adultes et 3 enfants, la plupart des membres travaillent \u00e0 l\u2019ext\u00e9rieur, mais chacun doit participer aux travaux de r\u00e9novation. Deux des habitants sont paysans, \u00e0 c\u00f4t\u00e9 du site. Le bon lieu, au bon moment, avec les bonnes personnes : c\u2019est \u00e7a qui a fait et continue de faire L\u2019An 01 !<\/p>\n<p><strong>Un m\u00e9tier simple, quelque chose d\u2019universel<\/strong><\/p>\n<p style=\"text-align: justify;\">\u201cD\u2019abord cynique, puis la r\u00e9volte. J\u2019ai fini par me retrousser les manches pour faire bouger les choses moi-m\u00eame. Le d\u00e9clic vient de ma prise de conscience \u00e9cologique. De plus en plus scandalis\u00e9 par ce que je d\u00e9couvrais, j\u2019ai d\u00e9cid\u00e9 d\u2019agir \u00e0 mon \u00e9chelle. Ayant \u00e9t\u00e9 \u00e0 bonne \u00e9cole, aux \u00c9claireures.ses, j\u2019ai fait vivre avec d\u2019autres l\u2019association Utopons sur Toulouse, \u00e0 travers de nombreuses actions. En parall\u00e8le, j\u2019ai progressivement senti que je souhaitais exercer un m\u00e9tier qui faisait sens. Quelque chose de simple et universel qui ne me sp\u00e9cialise pas au point de ne plus comprendre mon utilit\u00e9. C\u2019est donc tout naturellement que je me suis orient\u00e9 vers celui de paysan\u2011boulanger. J\u2019ai achet\u00e9 des terres \u00e0 proximit\u00e9 de mon lieu d\u2019habitation. Maintenant, je s\u00e8me et r\u00e9colte mon bl\u00e9. Quelques installations sont encore n\u00e9cessaires \u00e0 ma compl\u00e8te autonomie. Mon pain se vend en AMAP et sur le march\u00e9. Et en parall\u00e8le, je bosse sur les b\u00e2timents de L\u2019An 01.\u201d<\/p>\n<p style=\"text-align: right;\"><strong>Di\u00e9go, Coop\u00e9rateur et Paysan-Boulanger<\/strong><\/p>\n<p style=\"text-align: left;\">Extrait du Recueil des Alternatives de l\u2019AlterTour 2017, disponible dans le num\u00e9ro de juin de la Revue Silence.<\/p>\n<p>L&rsquo;An 01 accueillera l&rsquo;AlterTour les 12 et 13 juillet 2017 \u00e0 Caz\u00e8res. Pour plus d&rsquo;infos consultez le <strong><a href=\"http:\/\/www.altercampagne.net\/?page_id=150\">programme<\/a><\/strong><\/p>\n","protected":false},"excerpt":{"rendered":"<p>Une grande b\u00e2tisse en pierre de Haute-Garonne. Sur son fronton, une porte grav\u00e9e d\u2019un \u201c1901\u201d. Un nom tout trouv\u00e9 pour les habitants du collectif L\u2019An 01, en \u00e9cho au film \u00e9ponyme ! Ce groupe de jeunes, dont la composition a beaucoup \u00e9volu\u00e9 au fil des ans, avait d\u2019abord t\u00e2t\u00e9 le &#8230; <\/p>\n<div><a href=\"https:\/\/www.altercampagne.net\/?p=6940\" class=\"more-link\">Read More<\/a><\/div>\n","protected":false},"author":214,"featured_media":0,"comment_status":"closed","ping_status":"closed","sticky":false,"template":"","format":"standard","meta":{"footnotes":""},"categories":[3483,3457,3485,3480],"tags":[83,84,85,86,1844,2783,2784,2785,2945,3009,3010,3021],"class_list":["post-6940","post","type-post","status-publish","format-standard","hentry","category-agriculture","category-edition-2017","category-habitat","category-occitanie","tag-an-01","tag-cazeres","tag-haute-garonne","tag-utopons","tag-midi-pyrenees","tag-altertour-2017","tag-2784","tag-occitanie","tag-lan-01","tag-jardins-partages","tag-toilettes-seches","tag-an01","no-post-thumbnail"],"yoast_head":"<!-- This site is optimized with the Yoast SEO plugin v27.3 - https:\/\/yoast.com\/product\/yoast-seo-wordpress\/ -->\n<title>Di\u00e9go, Paysan-boulanger \u00e0 l\u2019An 01 - AlterTour<\/title>\n<meta name=\"robots\" content=\"index, follow, max-snippet:-1, max-image-preview:large, max-video-preview:-1\" \/>\n<link rel=\"canonical\" href=\"https:\/\/www.altercampagne.net\/?p=6940\" \/>\n<meta property=\"og:locale\" content=\"fr_FR\" \/>\n<meta property=\"og:type\" content=\"article\" \/>\n<meta property=\"og:title\" content=\"Di\u00e9go, Paysan-boulanger \u00e0 l\u2019An 01 - AlterTour\" \/>\n<meta property=\"og:description\" content=\"Une grande b\u00e2tisse en pierre de Haute-Garonne. Sur son fronton, une porte grav\u00e9e d\u2019un \u201c1901\u201d. Un nom tout trouv\u00e9 pour les habitants du collectif L\u2019An 01, en \u00e9cho au film \u00e9ponyme ! Ce groupe de jeunes, dont la composition a beaucoup \u00e9volu\u00e9 au fil des ans, avait d\u2019abord t\u00e2t\u00e9 le ... Read More\" \/>\n<meta property=\"og:url\" content=\"https:\/\/www.altercampagne.net\/?p=6940\" \/>\n<meta property=\"og:site_name\" content=\"AlterTour\" \/>\n<meta property=\"article:published_time\" content=\"2017-06-07T05:34:07+00:00\" \/>\n<meta property=\"article:modified_time\" content=\"2020-02-24T13:52:18+00:00\" \/>\n<meta property=\"og:image\" content=\"http:\/\/www.altercampagne.net\/wp-content\/uploads\/2017\/05\/Lan01-300x219.jpg\" \/>\n<meta name=\"author\" content=\"Mathieu\" \/>\n<meta name=\"twitter:card\" content=\"summary_large_image\" \/>\n<meta name=\"twitter:label1\" content=\"\u00c9crit par\" \/>\n\t<meta name=\"twitter:data1\" content=\"Mathieu\" \/>\n\t<meta name=\"twitter:label2\" content=\"Dur\u00e9e de lecture estim\u00e9e\" \/>\n\t<meta name=\"twitter:data2\" content=\"2 minutes\" \/>\n<script type=\"application\/ld+json\" class=\"yoast-schema-graph\">{\"@context\":\"https:\\\/\\\/schema.org\",\"@graph\":[{\"@type\":\"Article\",\"@id\":\"https:\\\/\\\/www.altercampagne.net\\\/?p=6940#article\",\"isPartOf\":{\"@id\":\"https:\\\/\\\/www.altercampagne.net\\\/?p=6940\"},\"author\":{\"name\":\"Mathieu\",\"@id\":\"https:\\\/\\\/www.altercampagne.net\\\/#\\\/schema\\\/person\\\/0f261460c09e430caa0f9bcffa319109\"},\"headline\":\"Di\u00e9go, Paysan-boulanger \u00e0 l\u2019An 01\",\"datePublished\":\"2017-06-07T05:34:07+00:00\",\"dateModified\":\"2020-02-24T13:52:18+00:00\",\"mainEntityOfPage\":{\"@id\":\"https:\\\/\\\/www.altercampagne.net\\\/?p=6940\"},\"wordCount\":405,\"image\":{\"@id\":\"https:\\\/\\\/www.altercampagne.net\\\/?p=6940#primaryimage\"},\"thumbnailUrl\":\"http:\\\/\\\/www.altercampagne.net\\\/wp-content\\\/uploads\\\/2017\\\/05\\\/Lan01-300x219.jpg\",\"keywords\":[\"an 01\",\"Caz\u00e8res\",\"Haute-Garonne\",\"Utopons\",\"Midi-Pyr\u00e9n\u00e9es\",\"AlterTour 2017\",\"2017\",\"Occitanie\",\"l'an 01\",\"jardins partag\u00e9s\",\"toilettes s\u00e8ches\",\"an01\"],\"articleSection\":[\"Agriculture\",\"\u00c9dition 2017\",\"Habitat\",\"Occitanie\"],\"inLanguage\":\"fr-FR\"},{\"@type\":\"WebPage\",\"@id\":\"https:\\\/\\\/www.altercampagne.net\\\/?p=6940\",\"url\":\"https:\\\/\\\/www.altercampagne.net\\\/?p=6940\",\"name\":\"Di\u00e9go, Paysan-boulanger \u00e0 l\u2019An 01 - AlterTour\",\"isPartOf\":{\"@id\":\"https:\\\/\\\/www.altercampagne.net\\\/#website\"},\"primaryImageOfPage\":{\"@id\":\"https:\\\/\\\/www.altercampagne.net\\\/?p=6940#primaryimage\"},\"image\":{\"@id\":\"https:\\\/\\\/www.altercampagne.net\\\/?p=6940#primaryimage\"},\"thumbnailUrl\":\"http:\\\/\\\/www.altercampagne.net\\\/wp-content\\\/uploads\\\/2017\\\/05\\\/Lan01-300x219.jpg\",\"datePublished\":\"2017-06-07T05:34:07+00:00\",\"dateModified\":\"2020-02-24T13:52:18+00:00\",\"author\":{\"@id\":\"https:\\\/\\\/www.altercampagne.net\\\/#\\\/schema\\\/person\\\/0f261460c09e430caa0f9bcffa319109\"},\"breadcrumb\":{\"@id\":\"https:\\\/\\\/www.altercampagne.net\\\/?p=6940#breadcrumb\"},\"inLanguage\":\"fr-FR\",\"potentialAction\":[{\"@type\":\"ReadAction\",\"target\":[\"https:\\\/\\\/www.altercampagne.net\\\/?p=6940\"]}]},{\"@type\":\"ImageObject\",\"inLanguage\":\"fr-FR\",\"@id\":\"https:\\\/\\\/www.altercampagne.net\\\/?p=6940#primaryimage\",\"url\":\"https:\\\/\\\/www.altercampagne.net\\\/wp-content\\\/uploads\\\/2017\\\/05\\\/Lan01.jpg\",\"contentUrl\":\"https:\\\/\\\/www.altercampagne.net\\\/wp-content\\\/uploads\\\/2017\\\/05\\\/Lan01.jpg\",\"width\":686,\"height\":500},{\"@type\":\"BreadcrumbList\",\"@id\":\"https:\\\/\\\/www.altercampagne.net\\\/?p=6940#breadcrumb\",\"itemListElement\":[{\"@type\":\"ListItem\",\"position\":1,\"name\":\"Accueil\",\"item\":\"https:\\\/\\\/www.altercampagne.net\\\/\"},{\"@type\":\"ListItem\",\"position\":2,\"name\":\"Di\u00e9go, Paysan-boulanger \u00e0 l\u2019An 01\"}]},{\"@type\":\"WebSite\",\"@id\":\"https:\\\/\\\/www.altercampagne.net\\\/#website\",\"url\":\"https:\\\/\\\/www.altercampagne.net\\\/\",\"name\":\"AlterTour\",\"description\":\"Reliez les Alternatives \u00e0 v\u00e9lo\",\"potentialAction\":[{\"@type\":\"SearchAction\",\"target\":{\"@type\":\"EntryPoint\",\"urlTemplate\":\"https:\\\/\\\/www.altercampagne.net\\\/?s={search_term_string}\"},\"query-input\":{\"@type\":\"PropertyValueSpecification\",\"valueRequired\":true,\"valueName\":\"search_term_string\"}}],\"inLanguage\":\"fr-FR\"},{\"@type\":\"Person\",\"@id\":\"https:\\\/\\\/www.altercampagne.net\\\/#\\\/schema\\\/person\\\/0f261460c09e430caa0f9bcffa319109\",\"name\":\"Mathieu\",\"image\":{\"@type\":\"ImageObject\",\"inLanguage\":\"fr-FR\",\"@id\":\"https:\\\/\\\/secure.gravatar.com\\\/avatar\\\/aa9d3d24c83f2141e5e2709d0f63d09a99f6be6bb7a50abc4915838d9f54501a?s=96&d=mm&r=g\",\"url\":\"https:\\\/\\\/secure.gravatar.com\\\/avatar\\\/aa9d3d24c83f2141e5e2709d0f63d09a99f6be6bb7a50abc4915838d9f54501a?s=96&d=mm&r=g\",\"contentUrl\":\"https:\\\/\\\/secure.gravatar.com\\\/avatar\\\/aa9d3d24c83f2141e5e2709d0f63d09a99f6be6bb7a50abc4915838d9f54501a?s=96&d=mm&r=g\",\"caption\":\"Mathieu\"},\"url\":\"https:\\\/\\\/www.altercampagne.net\\\/?author=214\"}]}<\/script>\n<!-- \/ Yoast SEO plugin. -->","yoast_head_json":{"title":"Di\u00e9go, Paysan-boulanger \u00e0 l\u2019An 01 - AlterTour","robots":{"index":"index","follow":"follow","max-snippet":"max-snippet:-1","max-image-preview":"max-image-preview:large","max-video-preview":"max-video-preview:-1"},"canonical":"https:\/\/www.altercampagne.net\/?p=6940","og_locale":"fr_FR","og_type":"article","og_title":"Di\u00e9go, Paysan-boulanger \u00e0 l\u2019An 01 - AlterTour","og_description":"Une grande b\u00e2tisse en pierre de Haute-Garonne. Sur son fronton, une porte grav\u00e9e d\u2019un \u201c1901\u201d. Un nom tout trouv\u00e9 pour les habitants du collectif L\u2019An 01, en \u00e9cho au film \u00e9ponyme ! Ce groupe de jeunes, dont la composition a beaucoup \u00e9volu\u00e9 au fil des ans, avait d\u2019abord t\u00e2t\u00e9 le ... Read More","og_url":"https:\/\/www.altercampagne.net\/?p=6940","og_site_name":"AlterTour","article_published_time":"2017-06-07T05:34:07+00:00","article_modified_time":"2020-02-24T13:52:18+00:00","og_image":[{"url":"http:\/\/www.altercampagne.net\/wp-content\/uploads\/2017\/05\/Lan01-300x219.jpg","type":"","width":"","height":""}],"author":"Mathieu","twitter_card":"summary_large_image","twitter_misc":{"\u00c9crit par":"Mathieu","Dur\u00e9e de lecture estim\u00e9e":"2 minutes"},"schema":{"@context":"https:\/\/schema.org","@graph":[{"@type":"Article","@id":"https:\/\/www.altercampagne.net\/?p=6940#article","isPartOf":{"@id":"https:\/\/www.altercampagne.net\/?p=6940"},"author":{"name":"Mathieu","@id":"https:\/\/www.altercampagne.net\/#\/schema\/person\/0f261460c09e430caa0f9bcffa319109"},"headline":"Di\u00e9go, Paysan-boulanger \u00e0 l\u2019An 01","datePublished":"2017-06-07T05:34:07+00:00","dateModified":"2020-02-24T13:52:18+00:00","mainEntityOfPage":{"@id":"https:\/\/www.altercampagne.net\/?p=6940"},"wordCount":405,"image":{"@id":"https:\/\/www.altercampagne.net\/?p=6940#primaryimage"},"thumbnailUrl":"http:\/\/www.altercampagne.net\/wp-content\/uploads\/2017\/05\/Lan01-300x219.jpg","keywords":["an 01","Caz\u00e8res","Haute-Garonne","Utopons","Midi-Pyr\u00e9n\u00e9es","AlterTour 2017","2017","Occitanie","l'an 01","jardins partag\u00e9s","toilettes s\u00e8ches","an01"],"articleSection":["Agriculture","\u00c9dition 2017","Habitat","Occitanie"],"inLanguage":"fr-FR"},{"@type":"WebPage","@id":"https:\/\/www.altercampagne.net\/?p=6940","url":"https:\/\/www.altercampagne.net\/?p=6940","name":"Di\u00e9go, Paysan-boulanger \u00e0 l\u2019An 01 - AlterTour","isPartOf":{"@id":"https:\/\/www.altercampagne.net\/#website"},"primaryImageOfPage":{"@id":"https:\/\/www.altercampagne.net\/?p=6940#primaryimage"},"image":{"@id":"https:\/\/www.altercampagne.net\/?p=6940#primaryimage"},"thumbnailUrl":"http:\/\/www.altercampagne.net\/wp-content\/uploads\/2017\/05\/Lan01-300x219.jpg","datePublished":"2017-06-07T05:34:07+00:00","dateModified":"2020-02-24T13:52:18+00:00","author":{"@id":"https:\/\/www.altercampagne.net\/#\/schema\/person\/0f261460c09e430caa0f9bcffa319109"},"breadcrumb":{"@id":"https:\/\/www.altercampagne.net\/?p=6940#breadcrumb"},"inLanguage":"fr-FR","potentialAction":[{"@type":"ReadAction","target":["https:\/\/www.altercampagne.net\/?p=6940"]}]},{"@type":"ImageObject","inLanguage":"fr-FR","@id":"https:\/\/www.altercampagne.net\/?p=6940#primaryimage","url":"https:\/\/www.altercampagne.net\/wp-content\/uploads\/2017\/05\/Lan01.jpg","contentUrl":"https:\/\/www.altercampagne.net\/wp-content\/uploads\/2017\/05\/Lan01.jpg","width":686,"height":500},{"@type":"BreadcrumbList","@id":"https:\/\/www.altercampagne.net\/?p=6940#breadcrumb","itemListElement":[{"@type":"ListItem","position":1,"name":"Accueil","item":"https:\/\/www.altercampagne.net\/"},{"@type":"ListItem","position":2,"name":"Di\u00e9go, Paysan-boulanger \u00e0 l\u2019An 01"}]},{"@type":"WebSite","@id":"https:\/\/www.altercampagne.net\/#website","url":"https:\/\/www.altercampagne.net\/","name":"AlterTour","description":"Reliez les Alternatives \u00e0 v\u00e9lo","potentialAction":[{"@type":"SearchAction","target":{"@type":"EntryPoint","urlTemplate":"https:\/\/www.altercampagne.net\/?s={search_term_string}"},"query-input":{"@type":"PropertyValueSpecification","valueRequired":true,"valueName":"search_term_string"}}],"inLanguage":"fr-FR"},{"@type":"Person","@id":"https:\/\/www.altercampagne.net\/#\/schema\/person\/0f261460c09e430caa0f9bcffa319109","name":"Mathieu","image":{"@type":"ImageObject","inLanguage":"fr-FR","@id":"https:\/\/secure.gravatar.com\/avatar\/aa9d3d24c83f2141e5e2709d0f63d09a99f6be6bb7a50abc4915838d9f54501a?s=96&d=mm&r=g","url":"https:\/\/secure.gravatar.com\/avatar\/aa9d3d24c83f2141e5e2709d0f63d09a99f6be6bb7a50abc4915838d9f54501a?s=96&d=mm&r=g","contentUrl":"https:\/\/secure.gravatar.com\/avatar\/aa9d3d24c83f2141e5e2709d0f63d09a99f6be6bb7a50abc4915838d9f54501a?s=96&d=mm&r=g","caption":"Mathieu"},"url":"https:\/\/www.altercampagne.net\/?author=214"}]}},"_links":{"self":[{"href":"https:\/\/www.altercampagne.net\/index.php?rest_route=\/wp\/v2\/posts\/6940","targetHints":{"allow":["GET"]}}],"collection":[{"href":"https:\/\/www.altercampagne.net\/index.php?rest_route=\/wp\/v2\/posts"}],"about":[{"href":"https:\/\/www.altercampagne.net\/index.php?rest_route=\/wp\/v2\/types\/post"}],"author":[{"embeddable":true,"href":"https:\/\/www.altercampagne.net\/index.php?rest_route=\/wp\/v2\/users\/214"}],"replies":[{"embeddable":true,"href":"https:\/\/www.altercampagne.net\/index.php?rest_route=%2Fwp%2Fv2%2Fcomments&post=6940"}],"version-history":[{"count":1,"href":"https:\/\/www.altercampagne.net\/index.php?rest_route=\/wp\/v2\/posts\/6940\/revisions"}],"predecessor-version":[{"id":17309,"href":"https:\/\/www.altercampagne.net\/index.php?rest_route=\/wp\/v2\/posts\/6940\/revisions\/17309"}],"wp:attachment":[{"href":"https:\/\/www.altercampagne.net\/index.php?rest_route=%2Fwp%2Fv2%2Fmedia&parent=6940"}],"wp:term":[{"taxonomy":"category","embeddable":true,"href":"https:\/\/www.altercampagne.net\/index.php?rest_route=%2Fwp%2Fv2%2Fcategories&post=6940"},{"taxonomy":"post_tag","embeddable":true,"href":"https:\/\/www.altercampagne.net\/index.php?rest_route=%2Fwp%2Fv2%2Ftags&post=6940"}],"curies":[{"name":"wp","href":"https:\/\/api.w.org\/{rel}","templated":true}]}}