{"id":6988,"date":"2017-05-21T14:06:18","date_gmt":"2017-05-21T12:06:18","guid":{"rendered":"http:\/\/www.altercampagne.net\/?p=6988"},"modified":"2017-05-21T14:12:34","modified_gmt":"2017-05-21T12:12:34","slug":"laltertour-a-10-ans","status":"publish","type":"post","link":"https:\/\/www.altercampagne.net\/?p=6988","title":{"rendered":"L&rsquo;AlterTour a 10 ans !"},"content":{"rendered":"<p style=\"text-align: justify;\"><a href=\"http:\/\/www.altercampagne.net\/wp-content\/uploads\/2017\/05\/10-ans.jpg\"><img loading=\"lazy\" decoding=\"async\" class=\" wp-image-6989 size-large alignright\" src=\"http:\/\/www.altercampagne.net\/wp-content\/uploads\/2017\/05\/10-ans-1024x535.jpg\" alt=\"10 ans\" width=\"640\" height=\"334\" srcset=\"https:\/\/www.altercampagne.net\/wp-content\/uploads\/2017\/05\/10-ans-1024x535.jpg 1024w, https:\/\/www.altercampagne.net\/wp-content\/uploads\/2017\/05\/10-ans-300x157.jpg 300w, https:\/\/www.altercampagne.net\/wp-content\/uploads\/2017\/05\/10-ans.jpg 1200w\" sizes=\"auto, (max-width: 640px) 100vw, 640px\" \/><\/a>&#8230; et toutes ses AlterDents !<br \/>\nAhhhh la premi\u00e8re \u00e9dition 2007-2008. Un vrai Tour de France sur l\u2019exacte p\u00e9riode de l\u2019autre, vous savez, le m\u00e9diatico\u2011pharmaceutique. Mais la forte longueur des Alter\u00c9tapes coupl\u00e9e \u00e0 un programme trop charg\u00e9, l\u2019ont transform\u00e9 en v\u00e9ritable travaux d\u2019Hercule. Un Tour de France ? Un Tour de Force oui ! Avec plus de 2500 km en 3 semaines, il fallait \u00eatre de joyeux-doux-dingues-\u00e0-deux-roues\u2026 mais jamais dop\u00e9Es !<\/p>\n<p style=\"text-align: justify;\">Justement le dopage, parlons-en. Petit r\u00e9trop\u00e9dalage. En 2004, alors que les OGM agricoles pointent leurs \u00e9tamines manipul\u00e9es dans les champs, la contestation grandit : les Faucheurs Volontaires moulinent dans les champs, tandis que 1000 organisations dans 56 pays forment un peloton contestataire \u00e0 ce dopage agricole g\u00e9n\u00e9tico-chimique. Et c\u2019est l\u2019asso\u2019 AlterCampagne qui va les f\u00e9d\u00e9rer lors des \u201cJourn\u00e9es Mondiales d\u2019Opposition aux OGM\u201d.<\/p>\n<p style=\"text-align: justify;\">Passons maintenant au braquet sup\u00e9rieur. Ce concept de dopage est transposable \u00e0 de multiples domaines<br \/>\nsoci\u00e9taux : l\u2019\u00e9conomie est dop\u00e9e \u00e0 coups de paradis fiscaux, la production d\u2019\u00e9nergie au nucl\u00e9aire, les transports au p\u00e9trole, le tout dans un cort\u00e8ge de d\u00e9g\u00e2ts consid\u00e9rables. Il \u00e9tait donc temps de partir \u00e0 la rencontre de structures, collectifs citoyens et individuEs proposant d\u2019autres formes, durables celles-l\u00e0, de \u201cVivre Ensemble\u201d.<\/p>\n<p style=\"text-align: justify;\">Le fond \u00e9tant pos\u00e9, reste \u00e0 l\u2019\u00e9quipe d\u2019AlterCampagne d\u2019imaginer la forme : comment relier des Alternatives \u00e0 la comp\u00e9tition mondialis\u00e9e ? Vous nous voyez venir avec nos gros pneus ? A v\u00e9lo bien s\u00fbr ! C\u2019est parti ! D\u00e8s 2007, quelques mots-cl\u00e9s, plus que jamais valables aujourd\u2019hui, sont jet\u00e9s sur le papier : itin\u00e9rance, solidarit\u00e9, bio, partage, environnement, local,&#8230; Avec d\u2019autres structures comme ATTAC, Accueil Paysan ou la communaut\u00e9 Emma\u00fcs de Pau, le parcours se dessine. Des v\u00e9los sont trouv\u00e9s en m\u00eame temps qu\u2019un bus-relai tournant\u2026 \u00e0 l\u2019huile v\u00e9g\u00e9tale. Ne restait plus qu\u2019\u00e0 prendre le d\u00e9part du 1er AlterTour le 5 juillet 2008 ! Et \u00e7a fait 10 ans que \u00e7a dure !<\/p>\n<p style=\"text-align: justify;\">Dix ans qu\u2019entre septembre et mi-juillet, b\u00e9n\u00e9voles et salari\u00e9 p\u00e9dalent devant leur \u00e9cran, derri\u00e8re un t\u00e9l\u00e9phone&#8230; puis en vrai sur un v\u00e9lo, l\u2019\u00e9t\u00e9 venu, en France ou ailleurs. Ils ont fait de l\u2019autogestion une cha\u00eene de transmission incontournable \u00e0 la rencontre d\u2019Alternatives. Qu\u2019elles soient \u00e9conomiques, artistiques, \u00e9nerg\u00e9tiques, environnementales, agricoles ou de solidarit\u00e9 internationale, l\u2019AlterTour rassemble celles et ceux ayant d\u00e9j\u00e0 pris d\u2019autres chemins et celles et ceux qui veulent le faire.<\/p>\n<p style=\"text-align: justify;\">En 2015, les AlterCyclistes se sont arr\u00eat\u00e9s \u00e0 Calais, aupr\u00e8s des migrants. L\u2019AlterAtelier de r\u00e9paration a fait tra\u00een\u00e9e de poudre : en quelques minutes, des deux-roues aussi caboss\u00e9s que leurs propri\u00e9taires ont investi tout l\u2019espace. A coup de pneus neufs, cl\u00e9s \u00e0 rayons, rustines, graisse de cha\u00eene et autres patins de frein, les larges sourires des migrants repartant \u00e0 v\u00e9lo nous ont permis de penser un instant, qu\u2019en r\u00e9parant la m\u00e9canique, les coeurs l\u2019\u00e9taient aussi. Au moins un peu\u2026<br \/>\nUne rencontre modeste et g\u00e9niale \u00e0 la fois. Comme l\u2019AlterTour\u2026<\/p>\n<p style=\"text-align: justify;\"><strong>2007 &#8211; 2017<\/strong><br \/>\n260 b\u00e9n\u00e9voles sur 10 ans \u2022 3 000h de b\u00e9n\u00e9volat en 2016 \u2022 1 salari\u00e9 mi\u2011temps \u2022 2 000 participants cumul\u00e9s \u2022 \u00e2ge : de 2 mois \u00e0 79 ans \u2022 131 AlterCyclistes en 2008 \u2022 320 en 2016 \u2022 Majorit\u00e9 de femmes \u2022 1 Alter\u2011B\u00e9b\u00e9 \u2022 400 jours cumul\u00e9s de v\u00e9lo \u2022 25 jours en 2008 \u2022 44 en 2017 \u2022 60 000 repas bio-locaux \u2022 0 seringue de \u201cPot belge\u201d \u2022 750 Alternatives rencontr\u00e9es \u2022 10 fois plus recens\u00e9es \u2022 17 000 km cumul\u00e9s \u2022 5 fronti\u00e8res travers\u00e9es \u2022 \u00c9tape v\u00e9lo la plus longue (2008) : 150 km \u2022 \u00c9tape v\u00e9lo la plus courte (2013) : 8 km \u2022 \u00c9tape la plus courte : 2m12 (table repas -&gt; lieu de sieste) \u2022 55 v\u00e9los achet\u00e9s en 10 ans \u2022 20 v\u00e9los en 2008 \u2022 24 en 2017 \u2022 Prix moyen\/jour 2008 : 42\u20ac \u2022 prix moyen\/jour 2016 : 27\u20ac \u2022 Beaucoup de \u201cBi\u00e8res des Faucheurs\u201d en soutien<\/p>\n<p style=\"text-align: justify;\">Tour de France \u00a9 : 200 coureurs, 1500 v\u00e9hicules dont 170 pour la caravane publicitaire<br \/>\nde 12 km et&#8230; 14 000 000 de merdes publicitaires distribu\u00e9es !<\/p>\n<p style=\"text-align: justify;\">AlterTour : 2 v\u00e9hicules logistiques + 1 remorque V\u00e9los pour 60 participant-e-s par jour.<\/p>\n","protected":false},"excerpt":{"rendered":"<p>&#8230; et toutes ses AlterDents ! Ahhhh la premi\u00e8re \u00e9dition 2007-2008. Un vrai Tour de France sur l\u2019exacte p\u00e9riode de l\u2019autre, vous savez, le m\u00e9diatico\u2011pharmaceutique. Mais la forte longueur des Alter\u00c9tapes coupl\u00e9e \u00e0 un programme trop charg\u00e9, l\u2019ont transform\u00e9 en v\u00e9ritable travaux d\u2019Hercule. Un Tour de France ? Un Tour &#8230; <\/p>\n<div><a href=\"https:\/\/www.altercampagne.net\/?p=6988\" class=\"more-link\">Read More<\/a><\/div>\n","protected":false},"author":214,"featured_media":0,"comment_status":"closed","ping_status":"closed","sticky":false,"template":"","format":"standard","meta":{"footnotes":""},"categories":[1],"tags":[35,37,73,143,251,294,358,660,671,755,1030,3011,3012],"class_list":["post-6988","post","type-post","status-publish","format-standard","hentry","category-non-classe","tag-autogestion","tag-altercampagne","tag-transition","tag-ogm","tag-eco-construction","tag-permaculture","tag-altertour","tag-tour-de-france","tag-bienveillance","tag-maison-de-la-resistance-a-la-poubelle-nucleaire-de-bure","tag-agro-ecologie","tag-10-ans","tag-bonne-humeur","no-post-thumbnail"],"yoast_head":"<!-- This site is optimized with the Yoast SEO plugin v27.3 - https:\/\/yoast.com\/product\/yoast-seo-wordpress\/ -->\n<title>L&#039;AlterTour a 10 ans ! - AlterTour<\/title>\n<meta name=\"robots\" content=\"index, follow, max-snippet:-1, max-image-preview:large, max-video-preview:-1\" \/>\n<link rel=\"canonical\" href=\"https:\/\/www.altercampagne.net\/?p=6988\" \/>\n<meta property=\"og:locale\" content=\"fr_FR\" \/>\n<meta property=\"og:type\" content=\"article\" \/>\n<meta property=\"og:title\" content=\"L&#039;AlterTour a 10 ans ! - AlterTour\" \/>\n<meta property=\"og:description\" content=\"&#8230; et toutes ses AlterDents ! Ahhhh la premi\u00e8re \u00e9dition 2007-2008. Un vrai Tour de France sur l\u2019exacte p\u00e9riode de l\u2019autre, vous savez, le m\u00e9diatico\u2011pharmaceutique. Mais la forte longueur des Alter\u00c9tapes coupl\u00e9e \u00e0 un programme trop charg\u00e9, l\u2019ont transform\u00e9 en v\u00e9ritable travaux d\u2019Hercule. Un Tour de France ? Un Tour ... Read More\" \/>\n<meta property=\"og:url\" content=\"https:\/\/www.altercampagne.net\/?p=6988\" \/>\n<meta property=\"og:site_name\" content=\"AlterTour\" \/>\n<meta property=\"article:published_time\" content=\"2017-05-21T12:06:18+00:00\" \/>\n<meta property=\"article:modified_time\" content=\"2017-05-21T12:12:34+00:00\" \/>\n<meta property=\"og:image\" content=\"http:\/\/www.altercampagne.net\/wp-content\/uploads\/2017\/05\/10-ans-1024x535.jpg\" \/>\n<meta name=\"author\" content=\"Mathieu\" \/>\n<meta name=\"twitter:card\" content=\"summary_large_image\" \/>\n<meta name=\"twitter:label1\" content=\"\u00c9crit par\" \/>\n\t<meta name=\"twitter:data1\" content=\"Mathieu\" \/>\n\t<meta name=\"twitter:label2\" content=\"Dur\u00e9e de lecture estim\u00e9e\" \/>\n\t<meta name=\"twitter:data2\" content=\"3 minutes\" \/>\n<script type=\"application\/ld+json\" class=\"yoast-schema-graph\">{\"@context\":\"https:\\\/\\\/schema.org\",\"@graph\":[{\"@type\":\"Article\",\"@id\":\"https:\\\/\\\/www.altercampagne.net\\\/?p=6988#article\",\"isPartOf\":{\"@id\":\"https:\\\/\\\/www.altercampagne.net\\\/?p=6988\"},\"author\":{\"name\":\"Mathieu\",\"@id\":\"https:\\\/\\\/www.altercampagne.net\\\/#\\\/schema\\\/person\\\/0f261460c09e430caa0f9bcffa319109\"},\"headline\":\"L&rsquo;AlterTour a 10 ans !\",\"datePublished\":\"2017-05-21T12:06:18+00:00\",\"dateModified\":\"2017-05-21T12:12:34+00:00\",\"mainEntityOfPage\":{\"@id\":\"https:\\\/\\\/www.altercampagne.net\\\/?p=6988\"},\"wordCount\":671,\"image\":{\"@id\":\"https:\\\/\\\/www.altercampagne.net\\\/?p=6988#primaryimage\"},\"thumbnailUrl\":\"http:\\\/\\\/www.altercampagne.net\\\/wp-content\\\/uploads\\\/2017\\\/05\\\/10-ans-1024x535.jpg\",\"keywords\":[\"autogestion\",\"altercampagne\",\"Transition\",\"ogm\",\"\u00e9co-construction\",\"permaculture\",\"AlterTour\",\"Tour de France\",\"bienveillance\",\"Maison de la r\u00e9sistance \u00e0 la poubelle nucl\u00e9aire de Bure\",\"agro-\u00e9cologie\",\"10 ans\",\"bonne humeur\"],\"inLanguage\":\"fr-FR\"},{\"@type\":\"WebPage\",\"@id\":\"https:\\\/\\\/www.altercampagne.net\\\/?p=6988\",\"url\":\"https:\\\/\\\/www.altercampagne.net\\\/?p=6988\",\"name\":\"L'AlterTour a 10 ans ! - AlterTour\",\"isPartOf\":{\"@id\":\"https:\\\/\\\/www.altercampagne.net\\\/#website\"},\"primaryImageOfPage\":{\"@id\":\"https:\\\/\\\/www.altercampagne.net\\\/?p=6988#primaryimage\"},\"image\":{\"@id\":\"https:\\\/\\\/www.altercampagne.net\\\/?p=6988#primaryimage\"},\"thumbnailUrl\":\"http:\\\/\\\/www.altercampagne.net\\\/wp-content\\\/uploads\\\/2017\\\/05\\\/10-ans-1024x535.jpg\",\"datePublished\":\"2017-05-21T12:06:18+00:00\",\"dateModified\":\"2017-05-21T12:12:34+00:00\",\"author\":{\"@id\":\"https:\\\/\\\/www.altercampagne.net\\\/#\\\/schema\\\/person\\\/0f261460c09e430caa0f9bcffa319109\"},\"breadcrumb\":{\"@id\":\"https:\\\/\\\/www.altercampagne.net\\\/?p=6988#breadcrumb\"},\"inLanguage\":\"fr-FR\",\"potentialAction\":[{\"@type\":\"ReadAction\",\"target\":[\"https:\\\/\\\/www.altercampagne.net\\\/?p=6988\"]}]},{\"@type\":\"ImageObject\",\"inLanguage\":\"fr-FR\",\"@id\":\"https:\\\/\\\/www.altercampagne.net\\\/?p=6988#primaryimage\",\"url\":\"https:\\\/\\\/www.altercampagne.net\\\/wp-content\\\/uploads\\\/2017\\\/05\\\/10-ans.jpg\",\"contentUrl\":\"https:\\\/\\\/www.altercampagne.net\\\/wp-content\\\/uploads\\\/2017\\\/05\\\/10-ans.jpg\",\"width\":1200,\"height\":627},{\"@type\":\"BreadcrumbList\",\"@id\":\"https:\\\/\\\/www.altercampagne.net\\\/?p=6988#breadcrumb\",\"itemListElement\":[{\"@type\":\"ListItem\",\"position\":1,\"name\":\"Accueil\",\"item\":\"https:\\\/\\\/www.altercampagne.net\\\/\"},{\"@type\":\"ListItem\",\"position\":2,\"name\":\"L&rsquo;AlterTour a 10 ans !\"}]},{\"@type\":\"WebSite\",\"@id\":\"https:\\\/\\\/www.altercampagne.net\\\/#website\",\"url\":\"https:\\\/\\\/www.altercampagne.net\\\/\",\"name\":\"AlterTour\",\"description\":\"Reliez les Alternatives \u00e0 v\u00e9lo\",\"potentialAction\":[{\"@type\":\"SearchAction\",\"target\":{\"@type\":\"EntryPoint\",\"urlTemplate\":\"https:\\\/\\\/www.altercampagne.net\\\/?s={search_term_string}\"},\"query-input\":{\"@type\":\"PropertyValueSpecification\",\"valueRequired\":true,\"valueName\":\"search_term_string\"}}],\"inLanguage\":\"fr-FR\"},{\"@type\":\"Person\",\"@id\":\"https:\\\/\\\/www.altercampagne.net\\\/#\\\/schema\\\/person\\\/0f261460c09e430caa0f9bcffa319109\",\"name\":\"Mathieu\",\"image\":{\"@type\":\"ImageObject\",\"inLanguage\":\"fr-FR\",\"@id\":\"https:\\\/\\\/secure.gravatar.com\\\/avatar\\\/aa9d3d24c83f2141e5e2709d0f63d09a99f6be6bb7a50abc4915838d9f54501a?s=96&d=mm&r=g\",\"url\":\"https:\\\/\\\/secure.gravatar.com\\\/avatar\\\/aa9d3d24c83f2141e5e2709d0f63d09a99f6be6bb7a50abc4915838d9f54501a?s=96&d=mm&r=g\",\"contentUrl\":\"https:\\\/\\\/secure.gravatar.com\\\/avatar\\\/aa9d3d24c83f2141e5e2709d0f63d09a99f6be6bb7a50abc4915838d9f54501a?s=96&d=mm&r=g\",\"caption\":\"Mathieu\"},\"url\":\"https:\\\/\\\/www.altercampagne.net\\\/?author=214\"}]}<\/script>\n<!-- \/ Yoast SEO plugin. -->","yoast_head_json":{"title":"L'AlterTour a 10 ans ! - AlterTour","robots":{"index":"index","follow":"follow","max-snippet":"max-snippet:-1","max-image-preview":"max-image-preview:large","max-video-preview":"max-video-preview:-1"},"canonical":"https:\/\/www.altercampagne.net\/?p=6988","og_locale":"fr_FR","og_type":"article","og_title":"L'AlterTour a 10 ans ! - AlterTour","og_description":"&#8230; et toutes ses AlterDents ! Ahhhh la premi\u00e8re \u00e9dition 2007-2008. Un vrai Tour de France sur l\u2019exacte p\u00e9riode de l\u2019autre, vous savez, le m\u00e9diatico\u2011pharmaceutique. Mais la forte longueur des Alter\u00c9tapes coupl\u00e9e \u00e0 un programme trop charg\u00e9, l\u2019ont transform\u00e9 en v\u00e9ritable travaux d\u2019Hercule. Un Tour de France ? Un Tour ... Read More","og_url":"https:\/\/www.altercampagne.net\/?p=6988","og_site_name":"AlterTour","article_published_time":"2017-05-21T12:06:18+00:00","article_modified_time":"2017-05-21T12:12:34+00:00","og_image":[{"url":"http:\/\/www.altercampagne.net\/wp-content\/uploads\/2017\/05\/10-ans-1024x535.jpg","type":"","width":"","height":""}],"author":"Mathieu","twitter_card":"summary_large_image","twitter_misc":{"\u00c9crit par":"Mathieu","Dur\u00e9e de lecture estim\u00e9e":"3 minutes"},"schema":{"@context":"https:\/\/schema.org","@graph":[{"@type":"Article","@id":"https:\/\/www.altercampagne.net\/?p=6988#article","isPartOf":{"@id":"https:\/\/www.altercampagne.net\/?p=6988"},"author":{"name":"Mathieu","@id":"https:\/\/www.altercampagne.net\/#\/schema\/person\/0f261460c09e430caa0f9bcffa319109"},"headline":"L&rsquo;AlterTour a 10 ans !","datePublished":"2017-05-21T12:06:18+00:00","dateModified":"2017-05-21T12:12:34+00:00","mainEntityOfPage":{"@id":"https:\/\/www.altercampagne.net\/?p=6988"},"wordCount":671,"image":{"@id":"https:\/\/www.altercampagne.net\/?p=6988#primaryimage"},"thumbnailUrl":"http:\/\/www.altercampagne.net\/wp-content\/uploads\/2017\/05\/10-ans-1024x535.jpg","keywords":["autogestion","altercampagne","Transition","ogm","\u00e9co-construction","permaculture","AlterTour","Tour de France","bienveillance","Maison de la r\u00e9sistance \u00e0 la poubelle nucl\u00e9aire de Bure","agro-\u00e9cologie","10 ans","bonne humeur"],"inLanguage":"fr-FR"},{"@type":"WebPage","@id":"https:\/\/www.altercampagne.net\/?p=6988","url":"https:\/\/www.altercampagne.net\/?p=6988","name":"L'AlterTour a 10 ans ! - AlterTour","isPartOf":{"@id":"https:\/\/www.altercampagne.net\/#website"},"primaryImageOfPage":{"@id":"https:\/\/www.altercampagne.net\/?p=6988#primaryimage"},"image":{"@id":"https:\/\/www.altercampagne.net\/?p=6988#primaryimage"},"thumbnailUrl":"http:\/\/www.altercampagne.net\/wp-content\/uploads\/2017\/05\/10-ans-1024x535.jpg","datePublished":"2017-05-21T12:06:18+00:00","dateModified":"2017-05-21T12:12:34+00:00","author":{"@id":"https:\/\/www.altercampagne.net\/#\/schema\/person\/0f261460c09e430caa0f9bcffa319109"},"breadcrumb":{"@id":"https:\/\/www.altercampagne.net\/?p=6988#breadcrumb"},"inLanguage":"fr-FR","potentialAction":[{"@type":"ReadAction","target":["https:\/\/www.altercampagne.net\/?p=6988"]}]},{"@type":"ImageObject","inLanguage":"fr-FR","@id":"https:\/\/www.altercampagne.net\/?p=6988#primaryimage","url":"https:\/\/www.altercampagne.net\/wp-content\/uploads\/2017\/05\/10-ans.jpg","contentUrl":"https:\/\/www.altercampagne.net\/wp-content\/uploads\/2017\/05\/10-ans.jpg","width":1200,"height":627},{"@type":"BreadcrumbList","@id":"https:\/\/www.altercampagne.net\/?p=6988#breadcrumb","itemListElement":[{"@type":"ListItem","position":1,"name":"Accueil","item":"https:\/\/www.altercampagne.net\/"},{"@type":"ListItem","position":2,"name":"L&rsquo;AlterTour a 10 ans !"}]},{"@type":"WebSite","@id":"https:\/\/www.altercampagne.net\/#website","url":"https:\/\/www.altercampagne.net\/","name":"AlterTour","description":"Reliez les Alternatives \u00e0 v\u00e9lo","potentialAction":[{"@type":"SearchAction","target":{"@type":"EntryPoint","urlTemplate":"https:\/\/www.altercampagne.net\/?s={search_term_string}"},"query-input":{"@type":"PropertyValueSpecification","valueRequired":true,"valueName":"search_term_string"}}],"inLanguage":"fr-FR"},{"@type":"Person","@id":"https:\/\/www.altercampagne.net\/#\/schema\/person\/0f261460c09e430caa0f9bcffa319109","name":"Mathieu","image":{"@type":"ImageObject","inLanguage":"fr-FR","@id":"https:\/\/secure.gravatar.com\/avatar\/aa9d3d24c83f2141e5e2709d0f63d09a99f6be6bb7a50abc4915838d9f54501a?s=96&d=mm&r=g","url":"https:\/\/secure.gravatar.com\/avatar\/aa9d3d24c83f2141e5e2709d0f63d09a99f6be6bb7a50abc4915838d9f54501a?s=96&d=mm&r=g","contentUrl":"https:\/\/secure.gravatar.com\/avatar\/aa9d3d24c83f2141e5e2709d0f63d09a99f6be6bb7a50abc4915838d9f54501a?s=96&d=mm&r=g","caption":"Mathieu"},"url":"https:\/\/www.altercampagne.net\/?author=214"}]}},"_links":{"self":[{"href":"https:\/\/www.altercampagne.net\/index.php?rest_route=\/wp\/v2\/posts\/6988","targetHints":{"allow":["GET"]}}],"collection":[{"href":"https:\/\/www.altercampagne.net\/index.php?rest_route=\/wp\/v2\/posts"}],"about":[{"href":"https:\/\/www.altercampagne.net\/index.php?rest_route=\/wp\/v2\/types\/post"}],"author":[{"embeddable":true,"href":"https:\/\/www.altercampagne.net\/index.php?rest_route=\/wp\/v2\/users\/214"}],"replies":[{"embeddable":true,"href":"https:\/\/www.altercampagne.net\/index.php?rest_route=%2Fwp%2Fv2%2Fcomments&post=6988"}],"version-history":[{"count":0,"href":"https:\/\/www.altercampagne.net\/index.php?rest_route=\/wp\/v2\/posts\/6988\/revisions"}],"wp:attachment":[{"href":"https:\/\/www.altercampagne.net\/index.php?rest_route=%2Fwp%2Fv2%2Fmedia&parent=6988"}],"wp:term":[{"taxonomy":"category","embeddable":true,"href":"https:\/\/www.altercampagne.net\/index.php?rest_route=%2Fwp%2Fv2%2Fcategories&post=6988"},{"taxonomy":"post_tag","embeddable":true,"href":"https:\/\/www.altercampagne.net\/index.php?rest_route=%2Fwp%2Fv2%2Ftags&post=6988"}],"curies":[{"name":"wp","href":"https:\/\/api.w.org\/{rel}","templated":true}]}}