{"id":7003,"date":"2017-06-02T10:03:05","date_gmt":"2017-06-02T08:03:05","guid":{"rendered":"http:\/\/www.altercampagne.net\/?p=7003"},"modified":"2020-02-24T14:56:13","modified_gmt":"2020-02-24T13:56:13","slug":"le-collectif-stop-mine-salau-le-12-juillet-2017-a-cazere","status":"publish","type":"post","link":"https:\/\/www.altercampagne.net\/?p=7003","title":{"rendered":"Et voil\u00e0 qu\u2019une soci\u00e9t\u00e9 australienne arrive et veut ouvrir une mines dans nos jardins !"},"content":{"rendered":"<p style=\"text-align: justify;\"><a href=\"http:\/\/www.altercampagne.net\/wp-content\/uploads\/2017\/05\/Stop-mine-salau.jpg\"><img loading=\"lazy\" decoding=\"async\" class=\" wp-image-6755 size-medium alignleft\" src=\"http:\/\/www.altercampagne.net\/wp-content\/uploads\/2017\/05\/Stop-mine-salau-300x219.jpg\" alt=\"Stop mine salau\" width=\"300\" height=\"219\" srcset=\"https:\/\/www.altercampagne.net\/wp-content\/uploads\/2017\/05\/Stop-mine-salau-300x219.jpg 300w, https:\/\/www.altercampagne.net\/wp-content\/uploads\/2017\/05\/Stop-mine-salau.jpg 686w\" sizes=\"auto, (max-width: 300px) 100vw, 300px\" \/><\/a>Montebourg en r\u00eavait, Cazeneuve l\u2019a fait ! En f\u00e9vrier, le 1er ministre a valid\u00e9 le permis de recherche sur le site de Salau d\u00e9pos\u00e9 par Variscan, soci\u00e9t\u00e9 mini\u00e8re flirtant avec les paradis fiscaux. Son ambition : d\u00e9montrer que sous cette montagne de la commune de Couflens dorment des tr\u00e9sors. Principalement du tungst\u00e8ne, un minerai utilis\u00e9 dans l\u2019armement. \u201cPourquoi s\u2019en priver ?\u201d doit-on se dire au sommet de l\u2019\u00c9tat. Mais \u00e0 Couflens, on n\u2019a pas oubli\u00e9 l\u2019h\u00e9ritage de l\u2019ancienne mine de Salau, ferm\u00e9e il y a 30 ans. Arsenic, amiante, cuivre, cadmium : des monceaux de d\u00e9chets toxiques et des mineurs atteints d\u2019asbestose et de cancer. Les membres de STOP Mine Salau, cr\u00e9\u00e9e en d\u00e9cembre 2016, veulent \u00e0 tout prix \u00e9viter une nouvelle catastrophe sur ce site class\u00e9 Natura 2000 et Zone Naturelle d\u2019Int\u00e9r\u00eat \u00c9cologique Faunistique et Floristique. L\u2019espoir est permis : si l\u2019expertise demand\u00e9e par la pr\u00e9f\u00e8te confirme la pr\u00e9sence d\u2019amiante d\u00e9j\u00e0 pr\u00e9sente il y a 30 ans !, la montagne Variscan accouchera d\u2019une souris.<\/p>\n<p><strong>On d\u00e9fend un mode de vie choisi<\/strong><\/p>\n<p style=\"text-align: justify;\">\u201cIci, la transition s\u2019est faite il y a longtemps. Quand l\u2019ancienne mine a ferm\u00e9 il y a 30 ans, les habitants sont partis du jour au lendemain. Il ne restait plus qu\u2019une quinzaine de personnes. Aujourd\u2019hui, on est 80 \u00e0 Couflens. Pendant dix ans, plusieurs familles se sont r\u00e9install\u00e9es. Moi, je suis arriv\u00e9 en 1995. Je fuyais la soci\u00e9t\u00e9 artificielle o\u00f9 je vivais, en Provence. Je tenais une librairie \u00e0 L\u2019Isle-Sur-La-Sorgue, une ville devenue tr\u00e8s touristique. J\u2019ai choisi Couflens pour la nature, ses paysages, ses montagnes sauvages et sa douceur de vivre. Je suis devenu apiculteur. Ici il y a des artisans, des \u00e9leveurs, des aubergistes, des fonctionnaires\u2026 On est tous un peu sauvages, mais il y a une vraie vie sociale, on se conna\u00eet, on s\u2019entraide. Et voil\u00e0 qu\u2019une soci\u00e9t\u00e9 australienne arrive et veut ouvrir une mines dans nos jardins ! On d\u00e9fend notre mode de vie, celui qu\u2019on a choisi.\u201d<\/p>\n<p style=\"text-align: right;\"><strong>Jacques, pr\u00e9sident de STOP Mines Salau<\/strong><\/p>\n<p style=\"text-align: left;\">Extrait du Recueil des Alternatives de l\u2019AlterTour 2017, disponible dans le num\u00e9ro de juin de la Revue Silence.<\/p>\n<p>Le Collectif Stop Mine Salau interviendra sur l&rsquo;AlterTour le 12 juillet 2017 \u00e0 Caz\u00e8res (31). Pour plus d&rsquo;infos consultez le <a href=\"http:\/\/www.altercampagne.net\/?page_id=150\">programme<\/a><\/p>\n","protected":false},"excerpt":{"rendered":"<p>Montebourg en r\u00eavait, Cazeneuve l\u2019a fait ! En f\u00e9vrier, le 1er ministre a valid\u00e9 le permis de recherche sur le site de Salau d\u00e9pos\u00e9 par Variscan, soci\u00e9t\u00e9 mini\u00e8re flirtant avec les paradis fiscaux. Son ambition : d\u00e9montrer que sous cette montagne de la commune de Couflens dorment des tr\u00e9sors. Principalement &#8230; <\/p>\n<div><a href=\"https:\/\/www.altercampagne.net\/?p=7003\" class=\"more-link\">Read More<\/a><\/div>\n","protected":false},"author":214,"featured_media":0,"comment_status":"closed","ping_status":"closed","sticky":false,"template":"","format":"standard","meta":{"footnotes":""},"categories":[3457,3542,3480],"tags":[358,1844,2783,2784,2785,2976,3017],"class_list":["post-7003","post","type-post","status-publish","format-standard","hentry","category-edition-2017","category-lutte","category-occitanie","tag-altertour","tag-midi-pyrenees","tag-altertour-2017","tag-2784","tag-occitanie","tag-stop-mine-salau","tag-cazere","no-post-thumbnail"],"yoast_head":"<!-- This site is optimized with the Yoast SEO plugin v27.3 - https:\/\/yoast.com\/product\/yoast-seo-wordpress\/ -->\n<title>Et voil\u00e0 qu\u2019une soci\u00e9t\u00e9 australienne arrive et veut ouvrir une mines dans nos jardins ! - AlterTour<\/title>\n<meta name=\"robots\" content=\"index, follow, max-snippet:-1, max-image-preview:large, max-video-preview:-1\" \/>\n<link rel=\"canonical\" href=\"https:\/\/www.altercampagne.net\/?p=7003\" \/>\n<meta property=\"og:locale\" content=\"fr_FR\" \/>\n<meta property=\"og:type\" content=\"article\" \/>\n<meta property=\"og:title\" content=\"Et voil\u00e0 qu\u2019une soci\u00e9t\u00e9 australienne arrive et veut ouvrir une mines dans nos jardins ! - AlterTour\" \/>\n<meta property=\"og:description\" content=\"Montebourg en r\u00eavait, Cazeneuve l\u2019a fait ! En f\u00e9vrier, le 1er ministre a valid\u00e9 le permis de recherche sur le site de Salau d\u00e9pos\u00e9 par Variscan, soci\u00e9t\u00e9 mini\u00e8re flirtant avec les paradis fiscaux. Son ambition : d\u00e9montrer que sous cette montagne de la commune de Couflens dorment des tr\u00e9sors. Principalement ... Read More\" \/>\n<meta property=\"og:url\" content=\"https:\/\/www.altercampagne.net\/?p=7003\" \/>\n<meta property=\"og:site_name\" content=\"AlterTour\" \/>\n<meta property=\"article:published_time\" content=\"2017-06-02T08:03:05+00:00\" \/>\n<meta property=\"article:modified_time\" content=\"2020-02-24T13:56:13+00:00\" \/>\n<meta property=\"og:image\" content=\"http:\/\/www.altercampagne.net\/wp-content\/uploads\/2017\/05\/Stop-mine-salau-300x219.jpg\" \/>\n<meta name=\"author\" content=\"Mathieu\" \/>\n<meta name=\"twitter:card\" content=\"summary_large_image\" \/>\n<meta name=\"twitter:label1\" content=\"\u00c9crit par\" \/>\n\t<meta name=\"twitter:data1\" content=\"Mathieu\" \/>\n\t<meta name=\"twitter:label2\" content=\"Dur\u00e9e de lecture estim\u00e9e\" \/>\n\t<meta name=\"twitter:data2\" content=\"2 minutes\" \/>\n<script type=\"application\/ld+json\" class=\"yoast-schema-graph\">{\"@context\":\"https:\\\/\\\/schema.org\",\"@graph\":[{\"@type\":\"Article\",\"@id\":\"https:\\\/\\\/www.altercampagne.net\\\/?p=7003#article\",\"isPartOf\":{\"@id\":\"https:\\\/\\\/www.altercampagne.net\\\/?p=7003\"},\"author\":{\"name\":\"Mathieu\",\"@id\":\"https:\\\/\\\/www.altercampagne.net\\\/#\\\/schema\\\/person\\\/0f261460c09e430caa0f9bcffa319109\"},\"headline\":\"Et voil\u00e0 qu\u2019une soci\u00e9t\u00e9 australienne arrive et veut ouvrir une mines dans nos jardins !\",\"datePublished\":\"2017-06-02T08:03:05+00:00\",\"dateModified\":\"2020-02-24T13:56:13+00:00\",\"mainEntityOfPage\":{\"@id\":\"https:\\\/\\\/www.altercampagne.net\\\/?p=7003\"},\"wordCount\":419,\"image\":{\"@id\":\"https:\\\/\\\/www.altercampagne.net\\\/?p=7003#primaryimage\"},\"thumbnailUrl\":\"http:\\\/\\\/www.altercampagne.net\\\/wp-content\\\/uploads\\\/2017\\\/05\\\/Stop-mine-salau-300x219.jpg\",\"keywords\":[\"AlterTour\",\"Midi-Pyr\u00e9n\u00e9es\",\"AlterTour 2017\",\"2017\",\"Occitanie\",\"Stop mine Salau\",\"Caz\u00e8re\"],\"articleSection\":[\"\u00c9dition 2017\",\"Lutte\",\"Occitanie\"],\"inLanguage\":\"fr-FR\"},{\"@type\":\"WebPage\",\"@id\":\"https:\\\/\\\/www.altercampagne.net\\\/?p=7003\",\"url\":\"https:\\\/\\\/www.altercampagne.net\\\/?p=7003\",\"name\":\"Et voil\u00e0 qu\u2019une soci\u00e9t\u00e9 australienne arrive et veut ouvrir une mines dans nos jardins ! - AlterTour\",\"isPartOf\":{\"@id\":\"https:\\\/\\\/www.altercampagne.net\\\/#website\"},\"primaryImageOfPage\":{\"@id\":\"https:\\\/\\\/www.altercampagne.net\\\/?p=7003#primaryimage\"},\"image\":{\"@id\":\"https:\\\/\\\/www.altercampagne.net\\\/?p=7003#primaryimage\"},\"thumbnailUrl\":\"http:\\\/\\\/www.altercampagne.net\\\/wp-content\\\/uploads\\\/2017\\\/05\\\/Stop-mine-salau-300x219.jpg\",\"datePublished\":\"2017-06-02T08:03:05+00:00\",\"dateModified\":\"2020-02-24T13:56:13+00:00\",\"author\":{\"@id\":\"https:\\\/\\\/www.altercampagne.net\\\/#\\\/schema\\\/person\\\/0f261460c09e430caa0f9bcffa319109\"},\"breadcrumb\":{\"@id\":\"https:\\\/\\\/www.altercampagne.net\\\/?p=7003#breadcrumb\"},\"inLanguage\":\"fr-FR\",\"potentialAction\":[{\"@type\":\"ReadAction\",\"target\":[\"https:\\\/\\\/www.altercampagne.net\\\/?p=7003\"]}]},{\"@type\":\"ImageObject\",\"inLanguage\":\"fr-FR\",\"@id\":\"https:\\\/\\\/www.altercampagne.net\\\/?p=7003#primaryimage\",\"url\":\"https:\\\/\\\/www.altercampagne.net\\\/wp-content\\\/uploads\\\/2017\\\/05\\\/Stop-mine-salau.jpg\",\"contentUrl\":\"https:\\\/\\\/www.altercampagne.net\\\/wp-content\\\/uploads\\\/2017\\\/05\\\/Stop-mine-salau.jpg\",\"width\":686,\"height\":500},{\"@type\":\"BreadcrumbList\",\"@id\":\"https:\\\/\\\/www.altercampagne.net\\\/?p=7003#breadcrumb\",\"itemListElement\":[{\"@type\":\"ListItem\",\"position\":1,\"name\":\"Accueil\",\"item\":\"https:\\\/\\\/www.altercampagne.net\\\/\"},{\"@type\":\"ListItem\",\"position\":2,\"name\":\"Et voil\u00e0 qu\u2019une soci\u00e9t\u00e9 australienne arrive et veut ouvrir une mines dans nos jardins !\"}]},{\"@type\":\"WebSite\",\"@id\":\"https:\\\/\\\/www.altercampagne.net\\\/#website\",\"url\":\"https:\\\/\\\/www.altercampagne.net\\\/\",\"name\":\"AlterTour\",\"description\":\"Reliez les Alternatives \u00e0 v\u00e9lo\",\"potentialAction\":[{\"@type\":\"SearchAction\",\"target\":{\"@type\":\"EntryPoint\",\"urlTemplate\":\"https:\\\/\\\/www.altercampagne.net\\\/?s={search_term_string}\"},\"query-input\":{\"@type\":\"PropertyValueSpecification\",\"valueRequired\":true,\"valueName\":\"search_term_string\"}}],\"inLanguage\":\"fr-FR\"},{\"@type\":\"Person\",\"@id\":\"https:\\\/\\\/www.altercampagne.net\\\/#\\\/schema\\\/person\\\/0f261460c09e430caa0f9bcffa319109\",\"name\":\"Mathieu\",\"image\":{\"@type\":\"ImageObject\",\"inLanguage\":\"fr-FR\",\"@id\":\"https:\\\/\\\/secure.gravatar.com\\\/avatar\\\/aa9d3d24c83f2141e5e2709d0f63d09a99f6be6bb7a50abc4915838d9f54501a?s=96&d=mm&r=g\",\"url\":\"https:\\\/\\\/secure.gravatar.com\\\/avatar\\\/aa9d3d24c83f2141e5e2709d0f63d09a99f6be6bb7a50abc4915838d9f54501a?s=96&d=mm&r=g\",\"contentUrl\":\"https:\\\/\\\/secure.gravatar.com\\\/avatar\\\/aa9d3d24c83f2141e5e2709d0f63d09a99f6be6bb7a50abc4915838d9f54501a?s=96&d=mm&r=g\",\"caption\":\"Mathieu\"},\"url\":\"https:\\\/\\\/www.altercampagne.net\\\/?author=214\"}]}<\/script>\n<!-- \/ Yoast SEO plugin. -->","yoast_head_json":{"title":"Et voil\u00e0 qu\u2019une soci\u00e9t\u00e9 australienne arrive et veut ouvrir une mines dans nos jardins ! - AlterTour","robots":{"index":"index","follow":"follow","max-snippet":"max-snippet:-1","max-image-preview":"max-image-preview:large","max-video-preview":"max-video-preview:-1"},"canonical":"https:\/\/www.altercampagne.net\/?p=7003","og_locale":"fr_FR","og_type":"article","og_title":"Et voil\u00e0 qu\u2019une soci\u00e9t\u00e9 australienne arrive et veut ouvrir une mines dans nos jardins ! - AlterTour","og_description":"Montebourg en r\u00eavait, Cazeneuve l\u2019a fait ! En f\u00e9vrier, le 1er ministre a valid\u00e9 le permis de recherche sur le site de Salau d\u00e9pos\u00e9 par Variscan, soci\u00e9t\u00e9 mini\u00e8re flirtant avec les paradis fiscaux. Son ambition : d\u00e9montrer que sous cette montagne de la commune de Couflens dorment des tr\u00e9sors. Principalement ... Read More","og_url":"https:\/\/www.altercampagne.net\/?p=7003","og_site_name":"AlterTour","article_published_time":"2017-06-02T08:03:05+00:00","article_modified_time":"2020-02-24T13:56:13+00:00","og_image":[{"url":"http:\/\/www.altercampagne.net\/wp-content\/uploads\/2017\/05\/Stop-mine-salau-300x219.jpg","type":"","width":"","height":""}],"author":"Mathieu","twitter_card":"summary_large_image","twitter_misc":{"\u00c9crit par":"Mathieu","Dur\u00e9e de lecture estim\u00e9e":"2 minutes"},"schema":{"@context":"https:\/\/schema.org","@graph":[{"@type":"Article","@id":"https:\/\/www.altercampagne.net\/?p=7003#article","isPartOf":{"@id":"https:\/\/www.altercampagne.net\/?p=7003"},"author":{"name":"Mathieu","@id":"https:\/\/www.altercampagne.net\/#\/schema\/person\/0f261460c09e430caa0f9bcffa319109"},"headline":"Et voil\u00e0 qu\u2019une soci\u00e9t\u00e9 australienne arrive et veut ouvrir une mines dans nos jardins !","datePublished":"2017-06-02T08:03:05+00:00","dateModified":"2020-02-24T13:56:13+00:00","mainEntityOfPage":{"@id":"https:\/\/www.altercampagne.net\/?p=7003"},"wordCount":419,"image":{"@id":"https:\/\/www.altercampagne.net\/?p=7003#primaryimage"},"thumbnailUrl":"http:\/\/www.altercampagne.net\/wp-content\/uploads\/2017\/05\/Stop-mine-salau-300x219.jpg","keywords":["AlterTour","Midi-Pyr\u00e9n\u00e9es","AlterTour 2017","2017","Occitanie","Stop mine Salau","Caz\u00e8re"],"articleSection":["\u00c9dition 2017","Lutte","Occitanie"],"inLanguage":"fr-FR"},{"@type":"WebPage","@id":"https:\/\/www.altercampagne.net\/?p=7003","url":"https:\/\/www.altercampagne.net\/?p=7003","name":"Et voil\u00e0 qu\u2019une soci\u00e9t\u00e9 australienne arrive et veut ouvrir une mines dans nos jardins ! - AlterTour","isPartOf":{"@id":"https:\/\/www.altercampagne.net\/#website"},"primaryImageOfPage":{"@id":"https:\/\/www.altercampagne.net\/?p=7003#primaryimage"},"image":{"@id":"https:\/\/www.altercampagne.net\/?p=7003#primaryimage"},"thumbnailUrl":"http:\/\/www.altercampagne.net\/wp-content\/uploads\/2017\/05\/Stop-mine-salau-300x219.jpg","datePublished":"2017-06-02T08:03:05+00:00","dateModified":"2020-02-24T13:56:13+00:00","author":{"@id":"https:\/\/www.altercampagne.net\/#\/schema\/person\/0f261460c09e430caa0f9bcffa319109"},"breadcrumb":{"@id":"https:\/\/www.altercampagne.net\/?p=7003#breadcrumb"},"inLanguage":"fr-FR","potentialAction":[{"@type":"ReadAction","target":["https:\/\/www.altercampagne.net\/?p=7003"]}]},{"@type":"ImageObject","inLanguage":"fr-FR","@id":"https:\/\/www.altercampagne.net\/?p=7003#primaryimage","url":"https:\/\/www.altercampagne.net\/wp-content\/uploads\/2017\/05\/Stop-mine-salau.jpg","contentUrl":"https:\/\/www.altercampagne.net\/wp-content\/uploads\/2017\/05\/Stop-mine-salau.jpg","width":686,"height":500},{"@type":"BreadcrumbList","@id":"https:\/\/www.altercampagne.net\/?p=7003#breadcrumb","itemListElement":[{"@type":"ListItem","position":1,"name":"Accueil","item":"https:\/\/www.altercampagne.net\/"},{"@type":"ListItem","position":2,"name":"Et voil\u00e0 qu\u2019une soci\u00e9t\u00e9 australienne arrive et veut ouvrir une mines dans nos jardins !"}]},{"@type":"WebSite","@id":"https:\/\/www.altercampagne.net\/#website","url":"https:\/\/www.altercampagne.net\/","name":"AlterTour","description":"Reliez les Alternatives \u00e0 v\u00e9lo","potentialAction":[{"@type":"SearchAction","target":{"@type":"EntryPoint","urlTemplate":"https:\/\/www.altercampagne.net\/?s={search_term_string}"},"query-input":{"@type":"PropertyValueSpecification","valueRequired":true,"valueName":"search_term_string"}}],"inLanguage":"fr-FR"},{"@type":"Person","@id":"https:\/\/www.altercampagne.net\/#\/schema\/person\/0f261460c09e430caa0f9bcffa319109","name":"Mathieu","image":{"@type":"ImageObject","inLanguage":"fr-FR","@id":"https:\/\/secure.gravatar.com\/avatar\/aa9d3d24c83f2141e5e2709d0f63d09a99f6be6bb7a50abc4915838d9f54501a?s=96&d=mm&r=g","url":"https:\/\/secure.gravatar.com\/avatar\/aa9d3d24c83f2141e5e2709d0f63d09a99f6be6bb7a50abc4915838d9f54501a?s=96&d=mm&r=g","contentUrl":"https:\/\/secure.gravatar.com\/avatar\/aa9d3d24c83f2141e5e2709d0f63d09a99f6be6bb7a50abc4915838d9f54501a?s=96&d=mm&r=g","caption":"Mathieu"},"url":"https:\/\/www.altercampagne.net\/?author=214"}]}},"_links":{"self":[{"href":"https:\/\/www.altercampagne.net\/index.php?rest_route=\/wp\/v2\/posts\/7003","targetHints":{"allow":["GET"]}}],"collection":[{"href":"https:\/\/www.altercampagne.net\/index.php?rest_route=\/wp\/v2\/posts"}],"about":[{"href":"https:\/\/www.altercampagne.net\/index.php?rest_route=\/wp\/v2\/types\/post"}],"author":[{"embeddable":true,"href":"https:\/\/www.altercampagne.net\/index.php?rest_route=\/wp\/v2\/users\/214"}],"replies":[{"embeddable":true,"href":"https:\/\/www.altercampagne.net\/index.php?rest_route=%2Fwp%2Fv2%2Fcomments&post=7003"}],"version-history":[{"count":1,"href":"https:\/\/www.altercampagne.net\/index.php?rest_route=\/wp\/v2\/posts\/7003\/revisions"}],"predecessor-version":[{"id":17311,"href":"https:\/\/www.altercampagne.net\/index.php?rest_route=\/wp\/v2\/posts\/7003\/revisions\/17311"}],"wp:attachment":[{"href":"https:\/\/www.altercampagne.net\/index.php?rest_route=%2Fwp%2Fv2%2Fmedia&parent=7003"}],"wp:term":[{"taxonomy":"category","embeddable":true,"href":"https:\/\/www.altercampagne.net\/index.php?rest_route=%2Fwp%2Fv2%2Fcategories&post=7003"},{"taxonomy":"post_tag","embeddable":true,"href":"https:\/\/www.altercampagne.net\/index.php?rest_route=%2Fwp%2Fv2%2Ftags&post=7003"}],"curies":[{"name":"wp","href":"https:\/\/api.w.org\/{rel}","templated":true}]}}