{"id":7007,"date":"2017-06-08T07:00:24","date_gmt":"2017-06-08T05:00:24","guid":{"rendered":"http:\/\/www.altercampagne.net\/?p=7007"},"modified":"2020-02-24T14:47:02","modified_gmt":"2020-02-24T13:47:02","slug":"prommata-le-15-juillet-2017-a-rimont","status":"publish","type":"post","link":"https:\/\/www.altercampagne.net\/?p=7007","title":{"rendered":"La traction animale : une transition \u00e9nerg\u00e9tique et sociale"},"content":{"rendered":"<p style=\"text-align: justify;\"><a href=\"http:\/\/www.altercampagne.net\/wp-content\/uploads\/2017\/05\/Prommata.jpg\"><img loading=\"lazy\" decoding=\"async\" class=\" size-medium wp-image-6757 alignright\" src=\"http:\/\/www.altercampagne.net\/wp-content\/uploads\/2017\/05\/Prommata-300x219.jpg\" alt=\"Prommata\" width=\"300\" height=\"219\" srcset=\"https:\/\/www.altercampagne.net\/wp-content\/uploads\/2017\/05\/Prommata-300x219.jpg 300w, https:\/\/www.altercampagne.net\/wp-content\/uploads\/2017\/05\/Prommata.jpg 686w\" sizes=\"auto, (max-width: 300px) 100vw, 300px\" \/><\/a>Construire des outils agricoles modernes en traction animale. C\u2019est tout le travail de Jean Nolle qui aboutit en 1988 au Kanol, un porte-outils d\u2019abord destin\u00e9 aux paysans du sud. Trois ans plus tard, des agriculteurs fran\u00e7ais s\u2019y int\u00e9ressent et cr\u00e9ent Prommata. Leur recherche aboutit alors \u00e0 un porte-outil simple, standardis\u00e9 et polyvalent car pr\u00e9vu pour tous types d\u2019animaux, d\u2019outils et de terrains : la Kassine. Construite et r\u00e9parable dans un petit atelier, chacun se l\u2019approprie et la fait \u00e9voluer. Sollicit\u00e9e dans le monde entier, Prommata installe des unit\u00e9s de production et transmet les savoir\u2011faire lors de missions ponctuelles. Ainsi, un atelier install\u00e9 au Burkina a d\u00e9j\u00e0 produit plus de 800 Kassines, soit plus que l\u2019atelier ari\u00e9geois d\u2019origine ! En plus de concevoir et produire, Prommata forme \u00e0 la traction animale. Mais ici, pas de formateur \u00e0 temps plein mais bien des paysans. L\u2019esprit de Prommata : d\u00e9velopper des outils et accompagnements par les paysans et pour les paysans.<\/p>\n<p><strong>La traction animale : une transition \u00e9nerg\u00e9tique et sociale<\/strong><\/p>\n<p style=\"text-align: justify;\">\u201cL\u2019\u00e8re des tracteurs d\u2019occasions, petits, simples et r\u00e9parables termin\u00e9e, il reste la traction animale moderne pour contr\u00f4ler son outil de production. Son bilan \u00e9nerg\u00e9tique est toujours positif. Contrairement \u00e0 l\u2019agriculture industrielle qui injecte de l\u2019\u00e9nergie fossile, l\u2019animal \u201ccapte\u201d l\u2019\u00e9nergie solaire verte en broutant l\u2019herbe. Disponible partout, il la transforme en \u00e9nergie m\u00e9canique. C\u2019est donc un choix de transition \u00e9nerg\u00e9tique. Et de transition sociale aussi : \u00e7a pousse \u00e0 penser local. La limitation physique de l\u2019ensemble homme\u2011animal\u2011outil oblige \u00e0 une agriculture \u00e0 taille humaine. Une r\u00e9gulation automatique se met en place entre la surface cultiv\u00e9e et le nombre de travailleurs. Pour plus de production, on met plus de paysans, pas de plus gros tracteurs ! La traction animale moderne, c\u2019est choisir d\u2019\u00eatre rentable, mais de ne pas s\u2019endetter, de courtiser la terre et non de l\u2019utiliser. Elle ne concurrence pas d\u00e9loyalement les autres paysanneries du monde. Ce n\u2019est pas l\u2019ind\u00e9pendance \u00e0 tout prix, mais le choix de l\u2019interd\u00e9pendance au seul vivant.\u201d<\/p>\n<p style=\"text-align: right;\"><strong>Andr\u00e9, coordinateur de Prommata<\/strong><\/p>\n<p style=\"text-align: left;\">Extrait du Recueil des Alternatives de l\u2019AlterTour 2017, disponible dans le num\u00e9ro de juin de la Revue Silence.<\/p>\n<p>Prommata accueillera l&rsquo;AlterTour le 15 juillet 2017 \u00e0 Rimont (09). Pour plus d&rsquo;infos consultez le <a href=\"http:\/\/www.altercampagne.net\/?page_id=150\">programme<\/a><\/p>\n","protected":false},"excerpt":{"rendered":"<p>Construire des outils agricoles modernes en traction animale. C\u2019est tout le travail de Jean Nolle qui aboutit en 1988 au Kanol, un porte-outils d\u2019abord destin\u00e9 aux paysans du sud. Trois ans plus tard, des agriculteurs fran\u00e7ais s\u2019y int\u00e9ressent et cr\u00e9ent Prommata. Leur recherche aboutit alors \u00e0 un porte-outil simple, standardis\u00e9 &#8230; <\/p>\n<div><a href=\"https:\/\/www.altercampagne.net\/?p=7007\" class=\"more-link\">Read More<\/a><\/div>\n","protected":false},"author":214,"featured_media":0,"comment_status":"closed","ping_status":"closed","sticky":false,"template":"","format":"standard","meta":{"footnotes":""},"categories":[3483,3457,3480],"tags":[358,1844,1945,2783,2785,2975,3018],"class_list":["post-7007","post","type-post","status-publish","format-standard","hentry","category-agriculture","category-edition-2017","category-occitanie","tag-altertour","tag-midi-pyrenees","tag-ariege","tag-altertour-2017","tag-occitanie","tag-prommata","tag-rimont","no-post-thumbnail"],"yoast_head":"<!-- This site is optimized with the Yoast SEO plugin v27.3 - https:\/\/yoast.com\/product\/yoast-seo-wordpress\/ -->\n<title>La traction animale : une transition \u00e9nerg\u00e9tique et sociale - AlterTour<\/title>\n<meta name=\"robots\" content=\"index, follow, max-snippet:-1, max-image-preview:large, max-video-preview:-1\" \/>\n<link rel=\"canonical\" href=\"https:\/\/www.altercampagne.net\/?p=7007\" \/>\n<meta property=\"og:locale\" content=\"fr_FR\" \/>\n<meta property=\"og:type\" content=\"article\" \/>\n<meta property=\"og:title\" content=\"La traction animale : une transition \u00e9nerg\u00e9tique et sociale - AlterTour\" \/>\n<meta property=\"og:description\" content=\"Construire des outils agricoles modernes en traction animale. C\u2019est tout le travail de Jean Nolle qui aboutit en 1988 au Kanol, un porte-outils d\u2019abord destin\u00e9 aux paysans du sud. Trois ans plus tard, des agriculteurs fran\u00e7ais s\u2019y int\u00e9ressent et cr\u00e9ent Prommata. Leur recherche aboutit alors \u00e0 un porte-outil simple, standardis\u00e9 ... Read More\" \/>\n<meta property=\"og:url\" content=\"https:\/\/www.altercampagne.net\/?p=7007\" \/>\n<meta property=\"og:site_name\" content=\"AlterTour\" \/>\n<meta property=\"article:published_time\" content=\"2017-06-08T05:00:24+00:00\" \/>\n<meta property=\"article:modified_time\" content=\"2020-02-24T13:47:02+00:00\" \/>\n<meta property=\"og:image\" content=\"http:\/\/www.altercampagne.net\/wp-content\/uploads\/2017\/05\/Prommata-300x219.jpg\" \/>\n<meta name=\"author\" content=\"Mathieu\" \/>\n<meta name=\"twitter:card\" content=\"summary_large_image\" \/>\n<meta name=\"twitter:label1\" content=\"\u00c9crit par\" \/>\n\t<meta name=\"twitter:data1\" content=\"Mathieu\" \/>\n\t<meta name=\"twitter:label2\" content=\"Dur\u00e9e de lecture estim\u00e9e\" \/>\n\t<meta name=\"twitter:data2\" content=\"2 minutes\" \/>\n<script type=\"application\/ld+json\" class=\"yoast-schema-graph\">{\"@context\":\"https:\\\/\\\/schema.org\",\"@graph\":[{\"@type\":\"Article\",\"@id\":\"https:\\\/\\\/www.altercampagne.net\\\/?p=7007#article\",\"isPartOf\":{\"@id\":\"https:\\\/\\\/www.altercampagne.net\\\/?p=7007\"},\"author\":{\"name\":\"Mathieu\",\"@id\":\"https:\\\/\\\/www.altercampagne.net\\\/#\\\/schema\\\/person\\\/0f261460c09e430caa0f9bcffa319109\"},\"headline\":\"La traction animale : une transition \u00e9nerg\u00e9tique et sociale\",\"datePublished\":\"2017-06-08T05:00:24+00:00\",\"dateModified\":\"2020-02-24T13:47:02+00:00\",\"mainEntityOfPage\":{\"@id\":\"https:\\\/\\\/www.altercampagne.net\\\/?p=7007\"},\"wordCount\":407,\"image\":{\"@id\":\"https:\\\/\\\/www.altercampagne.net\\\/?p=7007#primaryimage\"},\"thumbnailUrl\":\"http:\\\/\\\/www.altercampagne.net\\\/wp-content\\\/uploads\\\/2017\\\/05\\\/Prommata-300x219.jpg\",\"keywords\":[\"AlterTour\",\"Midi-Pyr\u00e9n\u00e9es\",\"Ari\u00e8ge\",\"AlterTour 2017\",\"Occitanie\",\"prommata\",\"rimont\"],\"articleSection\":[\"Agriculture\",\"\u00c9dition 2017\",\"Occitanie\"],\"inLanguage\":\"fr-FR\"},{\"@type\":\"WebPage\",\"@id\":\"https:\\\/\\\/www.altercampagne.net\\\/?p=7007\",\"url\":\"https:\\\/\\\/www.altercampagne.net\\\/?p=7007\",\"name\":\"La traction animale : une transition \u00e9nerg\u00e9tique et sociale - AlterTour\",\"isPartOf\":{\"@id\":\"https:\\\/\\\/www.altercampagne.net\\\/#website\"},\"primaryImageOfPage\":{\"@id\":\"https:\\\/\\\/www.altercampagne.net\\\/?p=7007#primaryimage\"},\"image\":{\"@id\":\"https:\\\/\\\/www.altercampagne.net\\\/?p=7007#primaryimage\"},\"thumbnailUrl\":\"http:\\\/\\\/www.altercampagne.net\\\/wp-content\\\/uploads\\\/2017\\\/05\\\/Prommata-300x219.jpg\",\"datePublished\":\"2017-06-08T05:00:24+00:00\",\"dateModified\":\"2020-02-24T13:47:02+00:00\",\"author\":{\"@id\":\"https:\\\/\\\/www.altercampagne.net\\\/#\\\/schema\\\/person\\\/0f261460c09e430caa0f9bcffa319109\"},\"breadcrumb\":{\"@id\":\"https:\\\/\\\/www.altercampagne.net\\\/?p=7007#breadcrumb\"},\"inLanguage\":\"fr-FR\",\"potentialAction\":[{\"@type\":\"ReadAction\",\"target\":[\"https:\\\/\\\/www.altercampagne.net\\\/?p=7007\"]}]},{\"@type\":\"ImageObject\",\"inLanguage\":\"fr-FR\",\"@id\":\"https:\\\/\\\/www.altercampagne.net\\\/?p=7007#primaryimage\",\"url\":\"https:\\\/\\\/www.altercampagne.net\\\/wp-content\\\/uploads\\\/2017\\\/05\\\/Prommata.jpg\",\"contentUrl\":\"https:\\\/\\\/www.altercampagne.net\\\/wp-content\\\/uploads\\\/2017\\\/05\\\/Prommata.jpg\",\"width\":686,\"height\":500},{\"@type\":\"BreadcrumbList\",\"@id\":\"https:\\\/\\\/www.altercampagne.net\\\/?p=7007#breadcrumb\",\"itemListElement\":[{\"@type\":\"ListItem\",\"position\":1,\"name\":\"Accueil\",\"item\":\"https:\\\/\\\/www.altercampagne.net\\\/\"},{\"@type\":\"ListItem\",\"position\":2,\"name\":\"La traction animale : une transition \u00e9nerg\u00e9tique et sociale\"}]},{\"@type\":\"WebSite\",\"@id\":\"https:\\\/\\\/www.altercampagne.net\\\/#website\",\"url\":\"https:\\\/\\\/www.altercampagne.net\\\/\",\"name\":\"AlterTour\",\"description\":\"Reliez les Alternatives \u00e0 v\u00e9lo\",\"potentialAction\":[{\"@type\":\"SearchAction\",\"target\":{\"@type\":\"EntryPoint\",\"urlTemplate\":\"https:\\\/\\\/www.altercampagne.net\\\/?s={search_term_string}\"},\"query-input\":{\"@type\":\"PropertyValueSpecification\",\"valueRequired\":true,\"valueName\":\"search_term_string\"}}],\"inLanguage\":\"fr-FR\"},{\"@type\":\"Person\",\"@id\":\"https:\\\/\\\/www.altercampagne.net\\\/#\\\/schema\\\/person\\\/0f261460c09e430caa0f9bcffa319109\",\"name\":\"Mathieu\",\"image\":{\"@type\":\"ImageObject\",\"inLanguage\":\"fr-FR\",\"@id\":\"https:\\\/\\\/secure.gravatar.com\\\/avatar\\\/aa9d3d24c83f2141e5e2709d0f63d09a99f6be6bb7a50abc4915838d9f54501a?s=96&d=mm&r=g\",\"url\":\"https:\\\/\\\/secure.gravatar.com\\\/avatar\\\/aa9d3d24c83f2141e5e2709d0f63d09a99f6be6bb7a50abc4915838d9f54501a?s=96&d=mm&r=g\",\"contentUrl\":\"https:\\\/\\\/secure.gravatar.com\\\/avatar\\\/aa9d3d24c83f2141e5e2709d0f63d09a99f6be6bb7a50abc4915838d9f54501a?s=96&d=mm&r=g\",\"caption\":\"Mathieu\"},\"url\":\"https:\\\/\\\/www.altercampagne.net\\\/?author=214\"}]}<\/script>\n<!-- \/ Yoast SEO plugin. -->","yoast_head_json":{"title":"La traction animale : une transition \u00e9nerg\u00e9tique et sociale - AlterTour","robots":{"index":"index","follow":"follow","max-snippet":"max-snippet:-1","max-image-preview":"max-image-preview:large","max-video-preview":"max-video-preview:-1"},"canonical":"https:\/\/www.altercampagne.net\/?p=7007","og_locale":"fr_FR","og_type":"article","og_title":"La traction animale : une transition \u00e9nerg\u00e9tique et sociale - AlterTour","og_description":"Construire des outils agricoles modernes en traction animale. C\u2019est tout le travail de Jean Nolle qui aboutit en 1988 au Kanol, un porte-outils d\u2019abord destin\u00e9 aux paysans du sud. Trois ans plus tard, des agriculteurs fran\u00e7ais s\u2019y int\u00e9ressent et cr\u00e9ent Prommata. Leur recherche aboutit alors \u00e0 un porte-outil simple, standardis\u00e9 ... Read More","og_url":"https:\/\/www.altercampagne.net\/?p=7007","og_site_name":"AlterTour","article_published_time":"2017-06-08T05:00:24+00:00","article_modified_time":"2020-02-24T13:47:02+00:00","og_image":[{"url":"http:\/\/www.altercampagne.net\/wp-content\/uploads\/2017\/05\/Prommata-300x219.jpg","type":"","width":"","height":""}],"author":"Mathieu","twitter_card":"summary_large_image","twitter_misc":{"\u00c9crit par":"Mathieu","Dur\u00e9e de lecture estim\u00e9e":"2 minutes"},"schema":{"@context":"https:\/\/schema.org","@graph":[{"@type":"Article","@id":"https:\/\/www.altercampagne.net\/?p=7007#article","isPartOf":{"@id":"https:\/\/www.altercampagne.net\/?p=7007"},"author":{"name":"Mathieu","@id":"https:\/\/www.altercampagne.net\/#\/schema\/person\/0f261460c09e430caa0f9bcffa319109"},"headline":"La traction animale : une transition \u00e9nerg\u00e9tique et sociale","datePublished":"2017-06-08T05:00:24+00:00","dateModified":"2020-02-24T13:47:02+00:00","mainEntityOfPage":{"@id":"https:\/\/www.altercampagne.net\/?p=7007"},"wordCount":407,"image":{"@id":"https:\/\/www.altercampagne.net\/?p=7007#primaryimage"},"thumbnailUrl":"http:\/\/www.altercampagne.net\/wp-content\/uploads\/2017\/05\/Prommata-300x219.jpg","keywords":["AlterTour","Midi-Pyr\u00e9n\u00e9es","Ari\u00e8ge","AlterTour 2017","Occitanie","prommata","rimont"],"articleSection":["Agriculture","\u00c9dition 2017","Occitanie"],"inLanguage":"fr-FR"},{"@type":"WebPage","@id":"https:\/\/www.altercampagne.net\/?p=7007","url":"https:\/\/www.altercampagne.net\/?p=7007","name":"La traction animale : une transition \u00e9nerg\u00e9tique et sociale - AlterTour","isPartOf":{"@id":"https:\/\/www.altercampagne.net\/#website"},"primaryImageOfPage":{"@id":"https:\/\/www.altercampagne.net\/?p=7007#primaryimage"},"image":{"@id":"https:\/\/www.altercampagne.net\/?p=7007#primaryimage"},"thumbnailUrl":"http:\/\/www.altercampagne.net\/wp-content\/uploads\/2017\/05\/Prommata-300x219.jpg","datePublished":"2017-06-08T05:00:24+00:00","dateModified":"2020-02-24T13:47:02+00:00","author":{"@id":"https:\/\/www.altercampagne.net\/#\/schema\/person\/0f261460c09e430caa0f9bcffa319109"},"breadcrumb":{"@id":"https:\/\/www.altercampagne.net\/?p=7007#breadcrumb"},"inLanguage":"fr-FR","potentialAction":[{"@type":"ReadAction","target":["https:\/\/www.altercampagne.net\/?p=7007"]}]},{"@type":"ImageObject","inLanguage":"fr-FR","@id":"https:\/\/www.altercampagne.net\/?p=7007#primaryimage","url":"https:\/\/www.altercampagne.net\/wp-content\/uploads\/2017\/05\/Prommata.jpg","contentUrl":"https:\/\/www.altercampagne.net\/wp-content\/uploads\/2017\/05\/Prommata.jpg","width":686,"height":500},{"@type":"BreadcrumbList","@id":"https:\/\/www.altercampagne.net\/?p=7007#breadcrumb","itemListElement":[{"@type":"ListItem","position":1,"name":"Accueil","item":"https:\/\/www.altercampagne.net\/"},{"@type":"ListItem","position":2,"name":"La traction animale : une transition \u00e9nerg\u00e9tique et sociale"}]},{"@type":"WebSite","@id":"https:\/\/www.altercampagne.net\/#website","url":"https:\/\/www.altercampagne.net\/","name":"AlterTour","description":"Reliez les Alternatives \u00e0 v\u00e9lo","potentialAction":[{"@type":"SearchAction","target":{"@type":"EntryPoint","urlTemplate":"https:\/\/www.altercampagne.net\/?s={search_term_string}"},"query-input":{"@type":"PropertyValueSpecification","valueRequired":true,"valueName":"search_term_string"}}],"inLanguage":"fr-FR"},{"@type":"Person","@id":"https:\/\/www.altercampagne.net\/#\/schema\/person\/0f261460c09e430caa0f9bcffa319109","name":"Mathieu","image":{"@type":"ImageObject","inLanguage":"fr-FR","@id":"https:\/\/secure.gravatar.com\/avatar\/aa9d3d24c83f2141e5e2709d0f63d09a99f6be6bb7a50abc4915838d9f54501a?s=96&d=mm&r=g","url":"https:\/\/secure.gravatar.com\/avatar\/aa9d3d24c83f2141e5e2709d0f63d09a99f6be6bb7a50abc4915838d9f54501a?s=96&d=mm&r=g","contentUrl":"https:\/\/secure.gravatar.com\/avatar\/aa9d3d24c83f2141e5e2709d0f63d09a99f6be6bb7a50abc4915838d9f54501a?s=96&d=mm&r=g","caption":"Mathieu"},"url":"https:\/\/www.altercampagne.net\/?author=214"}]}},"_links":{"self":[{"href":"https:\/\/www.altercampagne.net\/index.php?rest_route=\/wp\/v2\/posts\/7007","targetHints":{"allow":["GET"]}}],"collection":[{"href":"https:\/\/www.altercampagne.net\/index.php?rest_route=\/wp\/v2\/posts"}],"about":[{"href":"https:\/\/www.altercampagne.net\/index.php?rest_route=\/wp\/v2\/types\/post"}],"author":[{"embeddable":true,"href":"https:\/\/www.altercampagne.net\/index.php?rest_route=\/wp\/v2\/users\/214"}],"replies":[{"embeddable":true,"href":"https:\/\/www.altercampagne.net\/index.php?rest_route=%2Fwp%2Fv2%2Fcomments&post=7007"}],"version-history":[{"count":1,"href":"https:\/\/www.altercampagne.net\/index.php?rest_route=\/wp\/v2\/posts\/7007\/revisions"}],"predecessor-version":[{"id":17308,"href":"https:\/\/www.altercampagne.net\/index.php?rest_route=\/wp\/v2\/posts\/7007\/revisions\/17308"}],"wp:attachment":[{"href":"https:\/\/www.altercampagne.net\/index.php?rest_route=%2Fwp%2Fv2%2Fmedia&parent=7007"}],"wp:term":[{"taxonomy":"category","embeddable":true,"href":"https:\/\/www.altercampagne.net\/index.php?rest_route=%2Fwp%2Fv2%2Fcategories&post=7007"},{"taxonomy":"post_tag","embeddable":true,"href":"https:\/\/www.altercampagne.net\/index.php?rest_route=%2Fwp%2Fv2%2Ftags&post=7007"}],"curies":[{"name":"wp","href":"https:\/\/api.w.org\/{rel}","templated":true}]}}