{"id":7011,"date":"2017-05-27T11:37:23","date_gmt":"2017-05-27T09:37:23","guid":{"rendered":"http:\/\/www.altercampagne.net\/?p=7011"},"modified":"2017-05-27T11:37:23","modified_gmt":"2017-05-27T09:37:23","slug":"via-brachy-le-9-juillet-a-toulouse-et-le-19-juillet-2017-a-rennes-le-chateau","status":"publish","type":"post","link":"https:\/\/www.altercampagne.net\/?p=7011","title":{"rendered":"Via Brachy le 9 juillet \u00e0 Toulouse et le 19 juillet 2017 \u00e0 Rennes le Ch\u00e2teau"},"content":{"rendered":"<p>Lors de sa dixi\u00e8me \u00e9dition qui d\u00e9marrera \u00e0 Toulouse le 08 Juillet 2017, l&rsquo;AlterTour va croiser \u00e0 deux reprises la route du <a href=\"http:\/\/viabrachy.org\/h%C3%A9t%C3%A9rotopies\/le-projet\" target=\"_blank\">Voyage en H\u00e9t\u00e9rotopie<\/a> organis\u00e9 par l&rsquo;association toulousaine <a href=\"http:\/\/viabrachy.org\/\" target=\"_blank\">Via Brachy<\/a>. Hasard ou co\u00efncidence ? Nous sommes partis \u00e0 la rencontre de Caroline, salari\u00e9e de Via Brachy, pour en apprendre un peu plus sur l&rsquo;association, son Voyage en H\u00e9t\u00e9rotopie et l&rsquo;histoire de ces chemins qui se croisent.<\/p>\n<p><strong><a href=\"http:\/\/www.altercampagne.net\/wp-content\/uploads\/2017\/05\/Via-Brachy.jpg\"><img loading=\"lazy\" decoding=\"async\" class=\" size-medium wp-image-7015 alignleft\" src=\"http:\/\/www.altercampagne.net\/wp-content\/uploads\/2017\/05\/Via-Brachy-300x218.jpg\" alt=\"Via Brachy\" width=\"300\" height=\"218\" srcset=\"https:\/\/www.altercampagne.net\/wp-content\/uploads\/2017\/05\/Via-Brachy-300x218.jpg 300w, https:\/\/www.altercampagne.net\/wp-content\/uploads\/2017\/05\/Via-Brachy.jpg 687w\" sizes=\"auto, (max-width: 300px) 100vw, 300px\" \/><\/a>\u00ab\u00a0L&rsquo;AlterTour a \u00e9t\u00e9 une inspiration pour Via Brachy\u00a0\u00bb<\/strong><br \/>\nDepuis 2013, Via Brachy organise chaque \u00e9t\u00e9 un voyage \u00e0 la d\u00e9couverte de projets d&rsquo;innovation sociale en Midi Pyr\u00e9n\u00e9es-Languedoc Roussillon. Ces \u00ab Voyages en H\u00e9t\u00e9rotopie \u00bb rassemblent des participants fran\u00e7ais et europ\u00e9ens int\u00e9ress\u00e9s \u00e0 l&rsquo;id\u00e9e de d\u00e9couvrir d&rsquo;autres mani\u00e8res d&rsquo;\u00eatre et d&rsquo;agir ensemble dans une d\u00e9marche interculturelle.<br \/>\nCaroline l\u2019avoue, \u00ab la d\u00e9marche de l&rsquo;AlterTour a \u00e9t\u00e9 une grande inspiration pour cr\u00e9er les Voyages en H\u00e9t\u00e9rotopie\u00bb. Loin des discours pessimistes de la \u00ab vieille garde \u00e9cologiste \u00bb que la jeune salari\u00e9e de l\u2019association juge \u00ab catastroph\u00e9s et catastrophistes \u00bb, les Voyages en H\u00e9t\u00e9rotopie comme l\u2019AlterTour visent \u00e0 faire d\u00e9couvrir des initiatives locales, positives, qui r\u00e9pondent \u00e0 leur mani\u00e8re aux probl\u00e9matiques sociales et \u00e9cologiques actuelles.<br \/>\nOn retrouve dans les deux projets de m\u00eames valeurs et objectifs : la rencontre de soi et des autres, la sobri\u00e9t\u00e9 \u00e9cologique, la volont\u00e9 de tendre vers une soci\u00e9t\u00e9 plus juste et plus durable, l\u2019accessibilit\u00e9, le d\u00e9sir de prendre son temps et de r\u00e9-enchanter le quotidien.<br \/>\nC\u2019est donc tout naturellement que Via Brachy et l\u2019AlterTour se sont rapproch\u00e9s : \u00ab On souhaitait que nos routes puissent se croiser pour s&rsquo;enrichir les uns les autres sur un terreau commun, ce sera chose faite cette ann\u00e9e ! \u00bb nous raconte Caroline, avant de nous expliquer comment sont n\u00e9s les Voyages en H\u00e9t\u00e9rotopie.<\/p>\n<p><strong><a href=\"http:\/\/www.altercampagne.net\/wp-content\/uploads\/2017\/05\/Via-brachy-2.jpg\"><img loading=\"lazy\" decoding=\"async\" class=\" size-medium wp-image-7013 alignright\" src=\"http:\/\/www.altercampagne.net\/wp-content\/uploads\/2017\/05\/Via-brachy-2-300x219.jpg\" alt=\"Via-brachy-2\" width=\"300\" height=\"219\" srcset=\"https:\/\/www.altercampagne.net\/wp-content\/uploads\/2017\/05\/Via-brachy-2-300x219.jpg 300w, https:\/\/www.altercampagne.net\/wp-content\/uploads\/2017\/05\/Via-brachy-2.jpg 686w\" sizes=\"auto, (max-width: 300px) 100vw, 300px\" \/><\/a>\u00ab\u00a0Il y a un autre monde, et il est dans celui-ci, au pas de la porte !\u00a0\u00bb<\/strong><br \/>\nHistoriquement, Via Brachy organisait des voyages itin\u00e9rants en Afrique de l&rsquo;Ouest avec des publics vari\u00e9s, parmi lesquels des jeunes en difficult\u00e9 sociale et des personnes handicap\u00e9es. L\u2019id\u00e9e \u00e9tait de se d\u00e9couvrir et d\u2019apprendre gr\u00e2ce \u00e0 une exp\u00e9rience de voyage intense, au contact de personnes diff\u00e9rentes de soi, dans un contexte culturel autre.<br \/>\nMais en 2013, les projets en Afrique ont \u00e9t\u00e9 compromis par le contexte politique local et par les difficult\u00e9s internes que rencontrait l\u2019association et il a fallu se renouveler.<br \/>\n\u00ab Tout en gardant des projets l\u00e0 bas, on a voulu mettre en avant le fait qu&rsquo;il n&rsquo;y a pas besoin de partir loin pour trouver des choses diff\u00e9rentes et \u00eatre d\u00e9pays\u00e9s. On peut trouver de l&rsquo;extra dans l&rsquo;ordinaire ! Il y a un autre monde et il est dans celui-ci, au pas de la porte ! \u00bb<br \/>\nAinsi sont n\u00e9s les Voyages en h\u00e9t\u00e9rotopie !<\/p>\n<p>&nbsp;<\/p>\n<p><strong>Via Brachy facilitateur de rencontres<\/strong><br \/>\nBien qu\u2019elle ne se r\u00e9clame d\u2019aucune id\u00e9ologie ou \u00e9cole de pens\u00e9e sp\u00e9cifique, l\u2019association est inspir\u00e9e par l\u2019\u00e9ducation populaire et les p\u00e9dagogies actives et non-formelles. L\u2019exp\u00e9rience est au coeur du Voyage : \u00ab On va voir les gens qui font, et on fait avec eux ! \u00bb.<br \/>\nDans cette d\u00e9marche, Via Brachy a un r\u00f4le de facilitateur. Caroline aime dire que son association n\u2019est \u00ab sp\u00e9cialiste de rien en particulier, sinon de f\u00e9d\u00e9rer des gens qui vont faire des choses ensemble\u00bb.<br \/>\nLe Voyage en H\u00e9t\u00e9rotopie est un voyage organis\u00e9, \u00e0 vis\u00e9e p\u00e9dagogique: il offre un cadre s\u00e9curisant pour partir \u00e0 la d\u00e9couverte de lieux alternatifs qui, bien que g\u00e9ographiquement proches, peuvent parfois sembler inaccessibles. \u00ab\u00a0Face \u00e0 l\u2019ampleur des enjeux, beaucoup de personnes se sentent perdues. Elles n\u2019arrivent pas \u00e0 passer le cap, \u00e0 trouver un espace o\u00f9 s\u2019investir qui leur corresponde. On s\u2019est dit qu\u2019on pourrait \u00eatre utiles \u00e0 ces personnes qui se cherchent, en facilitant leur rencontre avec ceux qui sont pass\u00e9s de l\u2019id\u00e9e \u00e0 l\u2019action\u201d.<br \/>\nConcr\u00e8tement, les voyageurs participent au quotidien de leurs h\u00f4tes et les soutiennent dans le d\u00e9veloppement de leur(s) projet(s): chantier d\u2019\u00e9co-construction, construction de meubles en palettes, jardinage, d\u00e9broussaillage, animation de la vie locale\u2026 Les activit\u00e9s sont fonction du lieu d\u2019accueil et des besoins des partenaires, avec lesquels se tissent progressivement des relations de confiance propices \u00e0 l\u2019\u00e9change.<\/p>\n<p><strong>A la d\u00e9couverte de soi et des autres<\/strong><br \/>\nAu-del\u00e0 de l\u2019exploration de ces \u00ab autres lieux \u00bb, ces 2 \u00e0 3 semaines de vie en groupe hors du confort quotidien sont l\u2019occasion de s\u2019interroger sur soi m\u00eame, sur sa place dans la soci\u00e9t\u00e9, sur son parcours professionnel et son rapport aux autres.<br \/>\nLe vivre ensemble est un d\u00e9fi quotidien. La confrontation (pacifique) aux autres est au coeur du projet: \u00ab Plus le groupe est diversifi\u00e9, mieux c&rsquo;est ! La diversit\u00e9 est source de richesse. Et c\u2019est paradoxalement de la diversit\u00e9 que rena\u00eet l\u2019Unit\u00e9, de l\u2019expression des singularit\u00e9s de chacun-e qu\u2019\u00e9merge ce qui nous rassemble, au fond, au del\u00e0 de nos divergences apparentes. \u00bb<\/p>\n<p><strong>Un accompagnement prolong\u00e9 <\/strong><br \/>\nEn France, en Europe ou au S\u00e9n\u00e9gal, Via Brachy utilise le voyage pour enclencher quelque chose sur le long terme chez ceux qui partent avec elle.<br \/>\nPour Caroline, \u00ab la diff\u00e9rence fondamentale avec l\u2019Altertour, c\u2019est qu\u2019on r\u00e9unit les gens en amont et en aval du voyage. On sait qu\u2019il va remuer des choses \u00e0 l&rsquo;int\u00e9rieur. Il faut accompagner le processus, proposer des outils et des \u00e9l\u00e9ments de r\u00e9flexion en amont, et accompagner au retour, pour que chacun-e puisse retrouver un \u00e9quilibre et faire quelque chose de r\u00e9ellement constructif de cette exp\u00e9rience \u00bb. Car au-del\u00e0 du Voyage, c\u2019est bien de transformation personnelle et de transformation soci\u00e9tale qu\u2019il s\u2019agit. \u201cVia Brachy ne propose pas de voyage d\u2019agr\u00e9ment. Partir avec nous, c\u2019est aller au-devant de soi, questionner son parcours, interroger la soci\u00e9t\u00e9 dans laquelle nous vivons. On ne revient jamais tout \u00e0 fait le m\u00eame de ce type de Voyage\u2026\u201d<\/p>\n<p><strong><a href=\"http:\/\/www.altercampagne.net\/wp-content\/uploads\/2017\/05\/Voyage-en-H\u00e9t\u00e9rotopie.jpg\"><img loading=\"lazy\" decoding=\"async\" class=\" size-medium wp-image-7017 alignleft\" src=\"http:\/\/www.altercampagne.net\/wp-content\/uploads\/2017\/05\/Voyage-en-H\u00e9t\u00e9rotopie-300x218.jpg\" alt=\"Voyage en H\u00e9t\u00e9rotopie\" width=\"300\" height=\"218\" srcset=\"https:\/\/www.altercampagne.net\/wp-content\/uploads\/2017\/05\/Voyage-en-H\u00e9t\u00e9rotopie-300x218.jpg 300w, https:\/\/www.altercampagne.net\/wp-content\/uploads\/2017\/05\/Voyage-en-H\u00e9t\u00e9rotopie.jpg 687w\" sizes=\"auto, (max-width: 300px) 100vw, 300px\" \/><\/a>Vers de nouveaux horizons<\/strong><br \/>\nL\u2019ouverture \u00e0 de nouveaux publics et le partage d\u2019exp\u00e9rience, c\u2019est un des grands enjeux pour le futur de Via Brachy.<br \/>\nElle travaille en \u00e9troite collaboration avec d\u2019autres associations en R\u00e9gion Occitanie et en Europe pour d\u00e9velopper l\u2019outil et s\u2019ouvrir \u00e0 de nouveaux publics et \u00e0 de nouveaux territoires, en milieu rural comme en milieu urbain, en Gr\u00e8ce, en Sicile, au Portugal&#8230;<br \/>\nCaroline ajoute \u00ab Nous sommes conscients que nos voyages concernent un groupe de personnes tr\u00e8s limit\u00e9 \u00e0 chaque fois. C\u2019est pour \u00e7a qu\u2019on a toujours organis\u00e9 des manifestations publiques, au d\u00e9marrage, pendant et \u00e0 la fin du voyage, pour toucher plus de personnes. \u00bb<br \/>\nC\u2019est dans cette optique qu\u2019auront lieu les rencontres avec l\u2019AlterTour le 9 Juillet \u00e0 Toulouse, et le 19 Juillet \u00e0 l\u2019\u00e9covillage Terra de Lutz \u00e0 Rennes Le ch\u00e2teau (11).<\/p>\n","protected":false},"excerpt":{"rendered":"<p>Lors de sa dixi\u00e8me \u00e9dition qui d\u00e9marrera \u00e0 Toulouse le 08 Juillet 2017, l&rsquo;AlterTour va croiser \u00e0 deux reprises la route du Voyage en H\u00e9t\u00e9rotopie organis\u00e9 par l&rsquo;association toulousaine Via Brachy. Hasard ou co\u00efncidence ? Nous sommes partis \u00e0 la rencontre de Caroline, salari\u00e9e de Via Brachy, pour en apprendre &#8230; <\/p>\n<div><a href=\"https:\/\/www.altercampagne.net\/?p=7011\" class=\"more-link\">Read More<\/a><\/div>\n","protected":false},"author":215,"featured_media":0,"comment_status":"closed","ping_status":"closed","sticky":false,"template":"","format":"standard","meta":{"footnotes":""},"categories":[1],"tags":[85,88,358,523,1844,1973,2783,2784,2785,2977,3019,3020],"class_list":["post-7011","post","type-post","status-publish","format-standard","hentry","category-non-classe","tag-haute-garonne","tag-toulouse","tag-altertour","tag-aude","tag-midi-pyrenees","tag-languedoc-roussillon","tag-altertour-2017","tag-2784","tag-occitanie","tag-via-brachy","tag-voyages-en-heterotopie","tag-rennes-le-chateau","no-post-thumbnail"],"yoast_head":"<!-- This site is optimized with the Yoast SEO plugin v27.3 - https:\/\/yoast.com\/product\/yoast-seo-wordpress\/ -->\n<title>Via Brachy le 9 juillet \u00e0 Toulouse et le 19 juillet 2017 \u00e0 Rennes le Ch\u00e2teau - AlterTour<\/title>\n<meta name=\"robots\" content=\"index, follow, max-snippet:-1, max-image-preview:large, max-video-preview:-1\" \/>\n<link rel=\"canonical\" href=\"https:\/\/www.altercampagne.net\/?p=7011\" \/>\n<meta property=\"og:locale\" content=\"fr_FR\" \/>\n<meta property=\"og:type\" content=\"article\" \/>\n<meta property=\"og:title\" content=\"Via Brachy le 9 juillet \u00e0 Toulouse et le 19 juillet 2017 \u00e0 Rennes le Ch\u00e2teau - AlterTour\" \/>\n<meta property=\"og:description\" content=\"Lors de sa dixi\u00e8me \u00e9dition qui d\u00e9marrera \u00e0 Toulouse le 08 Juillet 2017, l&rsquo;AlterTour va croiser \u00e0 deux reprises la route du Voyage en H\u00e9t\u00e9rotopie organis\u00e9 par l&rsquo;association toulousaine Via Brachy. Hasard ou co\u00efncidence ? Nous sommes partis \u00e0 la rencontre de Caroline, salari\u00e9e de Via Brachy, pour en apprendre ... Read More\" \/>\n<meta property=\"og:url\" content=\"https:\/\/www.altercampagne.net\/?p=7011\" \/>\n<meta property=\"og:site_name\" content=\"AlterTour\" \/>\n<meta property=\"article:published_time\" content=\"2017-05-27T09:37:23+00:00\" \/>\n<meta property=\"og:image\" content=\"http:\/\/www.altercampagne.net\/wp-content\/uploads\/2017\/05\/Via-Brachy-300x218.jpg\" \/>\n<meta name=\"author\" content=\"AlterTour\" \/>\n<meta name=\"twitter:card\" content=\"summary_large_image\" \/>\n<meta name=\"twitter:label1\" content=\"\u00c9crit par\" \/>\n\t<meta name=\"twitter:data1\" content=\"AlterTour\" \/>\n\t<meta name=\"twitter:label2\" content=\"Dur\u00e9e de lecture estim\u00e9e\" \/>\n\t<meta name=\"twitter:data2\" content=\"6 minutes\" \/>\n<script type=\"application\/ld+json\" class=\"yoast-schema-graph\">{\"@context\":\"https:\\\/\\\/schema.org\",\"@graph\":[{\"@type\":\"Article\",\"@id\":\"https:\\\/\\\/www.altercampagne.net\\\/?p=7011#article\",\"isPartOf\":{\"@id\":\"https:\\\/\\\/www.altercampagne.net\\\/?p=7011\"},\"author\":{\"name\":\"AlterTour\",\"@id\":\"https:\\\/\\\/www.altercampagne.net\\\/#\\\/schema\\\/person\\\/e5b68c803196f649c2152249d262d94a\"},\"headline\":\"Via Brachy le 9 juillet \u00e0 Toulouse et le 19 juillet 2017 \u00e0 Rennes le Ch\u00e2teau\",\"datePublished\":\"2017-05-27T09:37:23+00:00\",\"mainEntityOfPage\":{\"@id\":\"https:\\\/\\\/www.altercampagne.net\\\/?p=7011\"},\"wordCount\":1208,\"image\":{\"@id\":\"https:\\\/\\\/www.altercampagne.net\\\/?p=7011#primaryimage\"},\"thumbnailUrl\":\"http:\\\/\\\/www.altercampagne.net\\\/wp-content\\\/uploads\\\/2017\\\/05\\\/Via-Brachy-300x218.jpg\",\"keywords\":[\"Haute-Garonne\",\"Toulouse\",\"AlterTour\",\"Aude\",\"Midi-Pyr\u00e9n\u00e9es\",\"languedoc-roussillon\",\"AlterTour 2017\",\"2017\",\"Occitanie\",\"Via Brachy\",\"Voyages en H\u00e9t\u00e9rotopie\",\"Rennes Le ch\u00e2teau\"],\"inLanguage\":\"fr-FR\"},{\"@type\":\"WebPage\",\"@id\":\"https:\\\/\\\/www.altercampagne.net\\\/?p=7011\",\"url\":\"https:\\\/\\\/www.altercampagne.net\\\/?p=7011\",\"name\":\"Via Brachy le 9 juillet \u00e0 Toulouse et le 19 juillet 2017 \u00e0 Rennes le Ch\u00e2teau - AlterTour\",\"isPartOf\":{\"@id\":\"https:\\\/\\\/www.altercampagne.net\\\/#website\"},\"primaryImageOfPage\":{\"@id\":\"https:\\\/\\\/www.altercampagne.net\\\/?p=7011#primaryimage\"},\"image\":{\"@id\":\"https:\\\/\\\/www.altercampagne.net\\\/?p=7011#primaryimage\"},\"thumbnailUrl\":\"http:\\\/\\\/www.altercampagne.net\\\/wp-content\\\/uploads\\\/2017\\\/05\\\/Via-Brachy-300x218.jpg\",\"datePublished\":\"2017-05-27T09:37:23+00:00\",\"author\":{\"@id\":\"https:\\\/\\\/www.altercampagne.net\\\/#\\\/schema\\\/person\\\/e5b68c803196f649c2152249d262d94a\"},\"breadcrumb\":{\"@id\":\"https:\\\/\\\/www.altercampagne.net\\\/?p=7011#breadcrumb\"},\"inLanguage\":\"fr-FR\",\"potentialAction\":[{\"@type\":\"ReadAction\",\"target\":[\"https:\\\/\\\/www.altercampagne.net\\\/?p=7011\"]}]},{\"@type\":\"ImageObject\",\"inLanguage\":\"fr-FR\",\"@id\":\"https:\\\/\\\/www.altercampagne.net\\\/?p=7011#primaryimage\",\"url\":\"https:\\\/\\\/www.altercampagne.net\\\/wp-content\\\/uploads\\\/2017\\\/05\\\/Via-Brachy.jpg\",\"contentUrl\":\"https:\\\/\\\/www.altercampagne.net\\\/wp-content\\\/uploads\\\/2017\\\/05\\\/Via-Brachy.jpg\",\"width\":687,\"height\":500},{\"@type\":\"BreadcrumbList\",\"@id\":\"https:\\\/\\\/www.altercampagne.net\\\/?p=7011#breadcrumb\",\"itemListElement\":[{\"@type\":\"ListItem\",\"position\":1,\"name\":\"Accueil\",\"item\":\"https:\\\/\\\/www.altercampagne.net\\\/\"},{\"@type\":\"ListItem\",\"position\":2,\"name\":\"Via Brachy le 9 juillet \u00e0 Toulouse et le 19 juillet 2017 \u00e0 Rennes le Ch\u00e2teau\"}]},{\"@type\":\"WebSite\",\"@id\":\"https:\\\/\\\/www.altercampagne.net\\\/#website\",\"url\":\"https:\\\/\\\/www.altercampagne.net\\\/\",\"name\":\"AlterTour\",\"description\":\"Reliez les Alternatives \u00e0 v\u00e9lo\",\"potentialAction\":[{\"@type\":\"SearchAction\",\"target\":{\"@type\":\"EntryPoint\",\"urlTemplate\":\"https:\\\/\\\/www.altercampagne.net\\\/?s={search_term_string}\"},\"query-input\":{\"@type\":\"PropertyValueSpecification\",\"valueRequired\":true,\"valueName\":\"search_term_string\"}}],\"inLanguage\":\"fr-FR\"},{\"@type\":\"Person\",\"@id\":\"https:\\\/\\\/www.altercampagne.net\\\/#\\\/schema\\\/person\\\/e5b68c803196f649c2152249d262d94a\",\"name\":\"AlterTour\",\"image\":{\"@type\":\"ImageObject\",\"inLanguage\":\"fr-FR\",\"@id\":\"https:\\\/\\\/secure.gravatar.com\\\/avatar\\\/3f2ed77f8506b8ea264ad5938bb0114bfa10f35b64086a66dfbb6e9f58ad9693?s=96&d=mm&r=g\",\"url\":\"https:\\\/\\\/secure.gravatar.com\\\/avatar\\\/3f2ed77f8506b8ea264ad5938bb0114bfa10f35b64086a66dfbb6e9f58ad9693?s=96&d=mm&r=g\",\"contentUrl\":\"https:\\\/\\\/secure.gravatar.com\\\/avatar\\\/3f2ed77f8506b8ea264ad5938bb0114bfa10f35b64086a66dfbb6e9f58ad9693?s=96&d=mm&r=g\",\"caption\":\"AlterTour\"},\"url\":\"https:\\\/\\\/www.altercampagne.net\\\/?author=215\"}]}<\/script>\n<!-- \/ Yoast SEO plugin. -->","yoast_head_json":{"title":"Via Brachy le 9 juillet \u00e0 Toulouse et le 19 juillet 2017 \u00e0 Rennes le Ch\u00e2teau - AlterTour","robots":{"index":"index","follow":"follow","max-snippet":"max-snippet:-1","max-image-preview":"max-image-preview:large","max-video-preview":"max-video-preview:-1"},"canonical":"https:\/\/www.altercampagne.net\/?p=7011","og_locale":"fr_FR","og_type":"article","og_title":"Via Brachy le 9 juillet \u00e0 Toulouse et le 19 juillet 2017 \u00e0 Rennes le Ch\u00e2teau - AlterTour","og_description":"Lors de sa dixi\u00e8me \u00e9dition qui d\u00e9marrera \u00e0 Toulouse le 08 Juillet 2017, l&rsquo;AlterTour va croiser \u00e0 deux reprises la route du Voyage en H\u00e9t\u00e9rotopie organis\u00e9 par l&rsquo;association toulousaine Via Brachy. Hasard ou co\u00efncidence ? Nous sommes partis \u00e0 la rencontre de Caroline, salari\u00e9e de Via Brachy, pour en apprendre ... Read More","og_url":"https:\/\/www.altercampagne.net\/?p=7011","og_site_name":"AlterTour","article_published_time":"2017-05-27T09:37:23+00:00","og_image":[{"url":"http:\/\/www.altercampagne.net\/wp-content\/uploads\/2017\/05\/Via-Brachy-300x218.jpg","type":"","width":"","height":""}],"author":"AlterTour","twitter_card":"summary_large_image","twitter_misc":{"\u00c9crit par":"AlterTour","Dur\u00e9e de lecture estim\u00e9e":"6 minutes"},"schema":{"@context":"https:\/\/schema.org","@graph":[{"@type":"Article","@id":"https:\/\/www.altercampagne.net\/?p=7011#article","isPartOf":{"@id":"https:\/\/www.altercampagne.net\/?p=7011"},"author":{"name":"AlterTour","@id":"https:\/\/www.altercampagne.net\/#\/schema\/person\/e5b68c803196f649c2152249d262d94a"},"headline":"Via Brachy le 9 juillet \u00e0 Toulouse et le 19 juillet 2017 \u00e0 Rennes le Ch\u00e2teau","datePublished":"2017-05-27T09:37:23+00:00","mainEntityOfPage":{"@id":"https:\/\/www.altercampagne.net\/?p=7011"},"wordCount":1208,"image":{"@id":"https:\/\/www.altercampagne.net\/?p=7011#primaryimage"},"thumbnailUrl":"http:\/\/www.altercampagne.net\/wp-content\/uploads\/2017\/05\/Via-Brachy-300x218.jpg","keywords":["Haute-Garonne","Toulouse","AlterTour","Aude","Midi-Pyr\u00e9n\u00e9es","languedoc-roussillon","AlterTour 2017","2017","Occitanie","Via Brachy","Voyages en H\u00e9t\u00e9rotopie","Rennes Le ch\u00e2teau"],"inLanguage":"fr-FR"},{"@type":"WebPage","@id":"https:\/\/www.altercampagne.net\/?p=7011","url":"https:\/\/www.altercampagne.net\/?p=7011","name":"Via Brachy le 9 juillet \u00e0 Toulouse et le 19 juillet 2017 \u00e0 Rennes le Ch\u00e2teau - AlterTour","isPartOf":{"@id":"https:\/\/www.altercampagne.net\/#website"},"primaryImageOfPage":{"@id":"https:\/\/www.altercampagne.net\/?p=7011#primaryimage"},"image":{"@id":"https:\/\/www.altercampagne.net\/?p=7011#primaryimage"},"thumbnailUrl":"http:\/\/www.altercampagne.net\/wp-content\/uploads\/2017\/05\/Via-Brachy-300x218.jpg","datePublished":"2017-05-27T09:37:23+00:00","author":{"@id":"https:\/\/www.altercampagne.net\/#\/schema\/person\/e5b68c803196f649c2152249d262d94a"},"breadcrumb":{"@id":"https:\/\/www.altercampagne.net\/?p=7011#breadcrumb"},"inLanguage":"fr-FR","potentialAction":[{"@type":"ReadAction","target":["https:\/\/www.altercampagne.net\/?p=7011"]}]},{"@type":"ImageObject","inLanguage":"fr-FR","@id":"https:\/\/www.altercampagne.net\/?p=7011#primaryimage","url":"https:\/\/www.altercampagne.net\/wp-content\/uploads\/2017\/05\/Via-Brachy.jpg","contentUrl":"https:\/\/www.altercampagne.net\/wp-content\/uploads\/2017\/05\/Via-Brachy.jpg","width":687,"height":500},{"@type":"BreadcrumbList","@id":"https:\/\/www.altercampagne.net\/?p=7011#breadcrumb","itemListElement":[{"@type":"ListItem","position":1,"name":"Accueil","item":"https:\/\/www.altercampagne.net\/"},{"@type":"ListItem","position":2,"name":"Via Brachy le 9 juillet \u00e0 Toulouse et le 19 juillet 2017 \u00e0 Rennes le Ch\u00e2teau"}]},{"@type":"WebSite","@id":"https:\/\/www.altercampagne.net\/#website","url":"https:\/\/www.altercampagne.net\/","name":"AlterTour","description":"Reliez les Alternatives \u00e0 v\u00e9lo","potentialAction":[{"@type":"SearchAction","target":{"@type":"EntryPoint","urlTemplate":"https:\/\/www.altercampagne.net\/?s={search_term_string}"},"query-input":{"@type":"PropertyValueSpecification","valueRequired":true,"valueName":"search_term_string"}}],"inLanguage":"fr-FR"},{"@type":"Person","@id":"https:\/\/www.altercampagne.net\/#\/schema\/person\/e5b68c803196f649c2152249d262d94a","name":"AlterTour","image":{"@type":"ImageObject","inLanguage":"fr-FR","@id":"https:\/\/secure.gravatar.com\/avatar\/3f2ed77f8506b8ea264ad5938bb0114bfa10f35b64086a66dfbb6e9f58ad9693?s=96&d=mm&r=g","url":"https:\/\/secure.gravatar.com\/avatar\/3f2ed77f8506b8ea264ad5938bb0114bfa10f35b64086a66dfbb6e9f58ad9693?s=96&d=mm&r=g","contentUrl":"https:\/\/secure.gravatar.com\/avatar\/3f2ed77f8506b8ea264ad5938bb0114bfa10f35b64086a66dfbb6e9f58ad9693?s=96&d=mm&r=g","caption":"AlterTour"},"url":"https:\/\/www.altercampagne.net\/?author=215"}]}},"_links":{"self":[{"href":"https:\/\/www.altercampagne.net\/index.php?rest_route=\/wp\/v2\/posts\/7011","targetHints":{"allow":["GET"]}}],"collection":[{"href":"https:\/\/www.altercampagne.net\/index.php?rest_route=\/wp\/v2\/posts"}],"about":[{"href":"https:\/\/www.altercampagne.net\/index.php?rest_route=\/wp\/v2\/types\/post"}],"author":[{"embeddable":true,"href":"https:\/\/www.altercampagne.net\/index.php?rest_route=\/wp\/v2\/users\/215"}],"replies":[{"embeddable":true,"href":"https:\/\/www.altercampagne.net\/index.php?rest_route=%2Fwp%2Fv2%2Fcomments&post=7011"}],"version-history":[{"count":0,"href":"https:\/\/www.altercampagne.net\/index.php?rest_route=\/wp\/v2\/posts\/7011\/revisions"}],"wp:attachment":[{"href":"https:\/\/www.altercampagne.net\/index.php?rest_route=%2Fwp%2Fv2%2Fmedia&parent=7011"}],"wp:term":[{"taxonomy":"category","embeddable":true,"href":"https:\/\/www.altercampagne.net\/index.php?rest_route=%2Fwp%2Fv2%2Fcategories&post=7011"},{"taxonomy":"post_tag","embeddable":true,"href":"https:\/\/www.altercampagne.net\/index.php?rest_route=%2Fwp%2Fv2%2Ftags&post=7011"}],"curies":[{"name":"wp","href":"https:\/\/api.w.org\/{rel}","templated":true}]}}