{"id":7044,"date":"2017-05-31T01:52:24","date_gmt":"2017-05-30T23:52:24","guid":{"rendered":"http:\/\/www.altercampagne.net\/?p=7044"},"modified":"2017-07-03T15:35:11","modified_gmt":"2017-07-03T13:35:11","slug":"2017-10eme-edition-de-laltertour-et-1er-anniversaire-de-ses-petites-soeurs-les-echappees-belles","status":"publish","type":"post","link":"https:\/\/www.altercampagne.net\/?p=7044","title":{"rendered":"2017 : 10\u00e8me \u00e9dition de l\u2019AlterTour et 1er anniversaire de ses petites soeurs : les Echapp\u00e9es Belles !!!&#8230;"},"content":{"rendered":"<p><a href=\"http:\/\/www.altercampagne.net\/wp-content\/uploads\/2016\/10\/2016-08-06_17.41.jpg\"><img loading=\"lazy\" decoding=\"async\" class=\" size-full wp-image-6034 aligncenter\" src=\"http:\/\/www.altercampagne.net\/wp-content\/uploads\/2016\/10\/2016-08-06_17.41.jpg\" alt=\"2016-08-06_17-41\" width=\"900\" height=\"310\" srcset=\"https:\/\/www.altercampagne.net\/wp-content\/uploads\/2016\/10\/2016-08-06_17.41.jpg 900w, https:\/\/www.altercampagne.net\/wp-content\/uploads\/2016\/10\/2016-08-06_17.41-300x103.jpg 300w\" sizes=\"auto, (max-width: 900px) 100vw, 900px\" \/><\/a>L\u2019Echapp\u00e9e Belle, c\u2019est exp\u00e9rimenter une rando-v\u00e9lo en autonomie : pas d\u2019assistance camion, mais des sacoches, au sein d\u2019un groupe bienveillant, solidaire, autog\u00e9r\u00e9, militant, festif et cr\u00e9atif\u2026 comme le grand fr\u00e8re !<br \/>\nLe groupe d\u2019altercyclistes est restreint \u00e0 25 personnes maximum. L\u2019id\u00e9e est de s\u2019engager sur la totalit\u00e9 du parcours de l\u2019Echapp\u00e9e Belle afin de renforcer la coh\u00e9sion de groupe, avec un v\u00e9lo et des sacoches remplies pour voyager l\u00e9ger. Les indispensables : duvet, tente, lumi\u00e8res, gourde, bol et baguettes, fourchette ou georgette\u2026..<br \/>\nLa 1\u00e8re \u00e9chapp\u00e9e belle partira de G\u00e9rone le 13 juillet puis convergera avec l\u2019AlterTour \u00e0 Armissan le 22 juillet.<br \/>\nLa 2\u00e8me \u00e9chapp\u00e9e belle, le 1er ao\u00fbt \u00e0 Palli\u00e8res divergera de l\u2019AlterTour, puis convergera le 10 ao\u00fbt \u00e0 Eurre.<br \/>\nNB : dans le cas de la 1\u00e8re \u00e9chapp\u00e9e belle, le v\u00e9lo devra \u00eatre personnel. Il pourra \u00eatre pr\u00eat\u00e9 par AlterTour pour la 2\u00e8me \u00e9chapp\u00e9e belle (d\u00e9part et retour avec le G.G., Grand Groupe)<\/p>\n<p>Programmes des <a href=\"http:\/\/www.altercampagne.net\/?page_id=4917\">\u00c9chapp\u00e9es Belles 2017<\/a><\/p>\n<p>Pour s&rsquo;inscrire sur une \u00c9chapp\u00e9e Belle, rendez-vous sur le <a href=\"http:\/\/www.altercampagne.net\/?page_id=178\">formulaire d&rsquo;inscription<\/a>, \u00e0 la question : \u00ab\u00a0La p\u00e9riode \u00e0 laquelle vous venez\u00a0\u00bb \/ cochez \u00ab\u00a0\u00c9chapp\u00e9e Belle 2017\u00a0\u00bb<\/p>\n","protected":false},"excerpt":{"rendered":"<p>L\u2019Echapp\u00e9e Belle, c\u2019est exp\u00e9rimenter une rando-v\u00e9lo en autonomie : pas d\u2019assistance camion, mais des sacoches, au sein d\u2019un groupe bienveillant, solidaire, autog\u00e9r\u00e9, militant, festif et cr\u00e9atif\u2026 comme le grand fr\u00e8re ! Le groupe d\u2019altercyclistes est restreint \u00e0 25 personnes maximum. L\u2019id\u00e9e est de s\u2019engager sur la totalit\u00e9 du parcours de &#8230; <\/p>\n<div><a href=\"https:\/\/www.altercampagne.net\/?p=7044\" class=\"more-link\">Read More<\/a><\/div>\n","protected":false},"author":215,"featured_media":0,"comment_status":"closed","ping_status":"closed","sticky":false,"template":"","format":"standard","meta":{"footnotes":""},"categories":[1],"tags":[2460,2783,2784],"class_list":["post-7044","post","type-post","status-publish","format-standard","hentry","category-non-classe","tag-echappee-belle","tag-altertour-2017","tag-2784","no-post-thumbnail"],"yoast_head":"<!-- This site is optimized with the Yoast SEO plugin v27.3 - https:\/\/yoast.com\/product\/yoast-seo-wordpress\/ -->\n<title>2017 : 10\u00e8me \u00e9dition de l\u2019AlterTour et 1er anniversaire de ses petites soeurs : les Echapp\u00e9es Belles !!!... - AlterTour<\/title>\n<meta name=\"robots\" content=\"index, follow, max-snippet:-1, max-image-preview:large, max-video-preview:-1\" \/>\n<link rel=\"canonical\" href=\"https:\/\/www.altercampagne.net\/?p=7044\" \/>\n<meta property=\"og:locale\" content=\"fr_FR\" \/>\n<meta property=\"og:type\" content=\"article\" \/>\n<meta property=\"og:title\" content=\"2017 : 10\u00e8me \u00e9dition de l\u2019AlterTour et 1er anniversaire de ses petites soeurs : les Echapp\u00e9es Belles !!!... - AlterTour\" \/>\n<meta property=\"og:description\" content=\"L\u2019Echapp\u00e9e Belle, c\u2019est exp\u00e9rimenter une rando-v\u00e9lo en autonomie : pas d\u2019assistance camion, mais des sacoches, au sein d\u2019un groupe bienveillant, solidaire, autog\u00e9r\u00e9, militant, festif et cr\u00e9atif\u2026 comme le grand fr\u00e8re ! Le groupe d\u2019altercyclistes est restreint \u00e0 25 personnes maximum. L\u2019id\u00e9e est de s\u2019engager sur la totalit\u00e9 du parcours de ... Read More\" \/>\n<meta property=\"og:url\" content=\"https:\/\/www.altercampagne.net\/?p=7044\" \/>\n<meta property=\"og:site_name\" content=\"AlterTour\" \/>\n<meta property=\"article:published_time\" content=\"2017-05-30T23:52:24+00:00\" \/>\n<meta property=\"article:modified_time\" content=\"2017-07-03T13:35:11+00:00\" \/>\n<meta property=\"og:image\" content=\"http:\/\/www.altercampagne.net\/wp-content\/uploads\/2016\/10\/2016-08-06_17.41.jpg\" \/>\n<meta name=\"author\" content=\"AlterTour\" \/>\n<meta name=\"twitter:card\" content=\"summary_large_image\" \/>\n<meta name=\"twitter:label1\" content=\"\u00c9crit par\" \/>\n\t<meta name=\"twitter:data1\" content=\"AlterTour\" \/>\n\t<meta name=\"twitter:label2\" content=\"Dur\u00e9e de lecture estim\u00e9e\" \/>\n\t<meta name=\"twitter:data2\" content=\"1 minute\" \/>\n<script type=\"application\/ld+json\" class=\"yoast-schema-graph\">{\"@context\":\"https:\\\/\\\/schema.org\",\"@graph\":[{\"@type\":\"Article\",\"@id\":\"https:\\\/\\\/www.altercampagne.net\\\/?p=7044#article\",\"isPartOf\":{\"@id\":\"https:\\\/\\\/www.altercampagne.net\\\/?p=7044\"},\"author\":{\"name\":\"AlterTour\",\"@id\":\"https:\\\/\\\/www.altercampagne.net\\\/#\\\/schema\\\/person\\\/e5b68c803196f649c2152249d262d94a\"},\"headline\":\"2017 : 10\u00e8me \u00e9dition de l\u2019AlterTour et 1er anniversaire de ses petites soeurs : les Echapp\u00e9es Belles !!!&#8230;\",\"datePublished\":\"2017-05-30T23:52:24+00:00\",\"dateModified\":\"2017-07-03T13:35:11+00:00\",\"mainEntityOfPage\":{\"@id\":\"https:\\\/\\\/www.altercampagne.net\\\/?p=7044\"},\"wordCount\":223,\"image\":{\"@id\":\"https:\\\/\\\/www.altercampagne.net\\\/?p=7044#primaryimage\"},\"thumbnailUrl\":\"http:\\\/\\\/www.altercampagne.net\\\/wp-content\\\/uploads\\\/2016\\\/10\\\/2016-08-06_17.41.jpg\",\"keywords\":[\"Echapp\u00e9e Belle\",\"AlterTour 2017\",\"2017\"],\"inLanguage\":\"fr-FR\"},{\"@type\":\"WebPage\",\"@id\":\"https:\\\/\\\/www.altercampagne.net\\\/?p=7044\",\"url\":\"https:\\\/\\\/www.altercampagne.net\\\/?p=7044\",\"name\":\"2017 : 10\u00e8me \u00e9dition de l\u2019AlterTour et 1er anniversaire de ses petites soeurs : les Echapp\u00e9es Belles !!!... - AlterTour\",\"isPartOf\":{\"@id\":\"https:\\\/\\\/www.altercampagne.net\\\/#website\"},\"primaryImageOfPage\":{\"@id\":\"https:\\\/\\\/www.altercampagne.net\\\/?p=7044#primaryimage\"},\"image\":{\"@id\":\"https:\\\/\\\/www.altercampagne.net\\\/?p=7044#primaryimage\"},\"thumbnailUrl\":\"http:\\\/\\\/www.altercampagne.net\\\/wp-content\\\/uploads\\\/2016\\\/10\\\/2016-08-06_17.41.jpg\",\"datePublished\":\"2017-05-30T23:52:24+00:00\",\"dateModified\":\"2017-07-03T13:35:11+00:00\",\"author\":{\"@id\":\"https:\\\/\\\/www.altercampagne.net\\\/#\\\/schema\\\/person\\\/e5b68c803196f649c2152249d262d94a\"},\"breadcrumb\":{\"@id\":\"https:\\\/\\\/www.altercampagne.net\\\/?p=7044#breadcrumb\"},\"inLanguage\":\"fr-FR\",\"potentialAction\":[{\"@type\":\"ReadAction\",\"target\":[\"https:\\\/\\\/www.altercampagne.net\\\/?p=7044\"]}]},{\"@type\":\"ImageObject\",\"inLanguage\":\"fr-FR\",\"@id\":\"https:\\\/\\\/www.altercampagne.net\\\/?p=7044#primaryimage\",\"url\":\"http:\\\/\\\/www.altercampagne.net\\\/wp-content\\\/uploads\\\/2016\\\/10\\\/2016-08-06_17.41.jpg\",\"contentUrl\":\"http:\\\/\\\/www.altercampagne.net\\\/wp-content\\\/uploads\\\/2016\\\/10\\\/2016-08-06_17.41.jpg\"},{\"@type\":\"BreadcrumbList\",\"@id\":\"https:\\\/\\\/www.altercampagne.net\\\/?p=7044#breadcrumb\",\"itemListElement\":[{\"@type\":\"ListItem\",\"position\":1,\"name\":\"Accueil\",\"item\":\"https:\\\/\\\/www.altercampagne.net\\\/\"},{\"@type\":\"ListItem\",\"position\":2,\"name\":\"2017 : 10\u00e8me \u00e9dition de l\u2019AlterTour et 1er anniversaire de ses petites soeurs : les Echapp\u00e9es Belles !!!&#8230;\"}]},{\"@type\":\"WebSite\",\"@id\":\"https:\\\/\\\/www.altercampagne.net\\\/#website\",\"url\":\"https:\\\/\\\/www.altercampagne.net\\\/\",\"name\":\"AlterTour\",\"description\":\"Reliez les Alternatives \u00e0 v\u00e9lo\",\"potentialAction\":[{\"@type\":\"SearchAction\",\"target\":{\"@type\":\"EntryPoint\",\"urlTemplate\":\"https:\\\/\\\/www.altercampagne.net\\\/?s={search_term_string}\"},\"query-input\":{\"@type\":\"PropertyValueSpecification\",\"valueRequired\":true,\"valueName\":\"search_term_string\"}}],\"inLanguage\":\"fr-FR\"},{\"@type\":\"Person\",\"@id\":\"https:\\\/\\\/www.altercampagne.net\\\/#\\\/schema\\\/person\\\/e5b68c803196f649c2152249d262d94a\",\"name\":\"AlterTour\",\"image\":{\"@type\":\"ImageObject\",\"inLanguage\":\"fr-FR\",\"@id\":\"https:\\\/\\\/secure.gravatar.com\\\/avatar\\\/3f2ed77f8506b8ea264ad5938bb0114bfa10f35b64086a66dfbb6e9f58ad9693?s=96&d=mm&r=g\",\"url\":\"https:\\\/\\\/secure.gravatar.com\\\/avatar\\\/3f2ed77f8506b8ea264ad5938bb0114bfa10f35b64086a66dfbb6e9f58ad9693?s=96&d=mm&r=g\",\"contentUrl\":\"https:\\\/\\\/secure.gravatar.com\\\/avatar\\\/3f2ed77f8506b8ea264ad5938bb0114bfa10f35b64086a66dfbb6e9f58ad9693?s=96&d=mm&r=g\",\"caption\":\"AlterTour\"},\"url\":\"https:\\\/\\\/www.altercampagne.net\\\/?author=215\"}]}<\/script>\n<!-- \/ Yoast SEO plugin. -->","yoast_head_json":{"title":"2017 : 10\u00e8me \u00e9dition de l\u2019AlterTour et 1er anniversaire de ses petites soeurs : les Echapp\u00e9es Belles !!!... - AlterTour","robots":{"index":"index","follow":"follow","max-snippet":"max-snippet:-1","max-image-preview":"max-image-preview:large","max-video-preview":"max-video-preview:-1"},"canonical":"https:\/\/www.altercampagne.net\/?p=7044","og_locale":"fr_FR","og_type":"article","og_title":"2017 : 10\u00e8me \u00e9dition de l\u2019AlterTour et 1er anniversaire de ses petites soeurs : les Echapp\u00e9es Belles !!!... - AlterTour","og_description":"L\u2019Echapp\u00e9e Belle, c\u2019est exp\u00e9rimenter une rando-v\u00e9lo en autonomie : pas d\u2019assistance camion, mais des sacoches, au sein d\u2019un groupe bienveillant, solidaire, autog\u00e9r\u00e9, militant, festif et cr\u00e9atif\u2026 comme le grand fr\u00e8re ! Le groupe d\u2019altercyclistes est restreint \u00e0 25 personnes maximum. L\u2019id\u00e9e est de s\u2019engager sur la totalit\u00e9 du parcours de ... Read More","og_url":"https:\/\/www.altercampagne.net\/?p=7044","og_site_name":"AlterTour","article_published_time":"2017-05-30T23:52:24+00:00","article_modified_time":"2017-07-03T13:35:11+00:00","og_image":[{"url":"http:\/\/www.altercampagne.net\/wp-content\/uploads\/2016\/10\/2016-08-06_17.41.jpg","type":"","width":"","height":""}],"author":"AlterTour","twitter_card":"summary_large_image","twitter_misc":{"\u00c9crit par":"AlterTour","Dur\u00e9e de lecture estim\u00e9e":"1 minute"},"schema":{"@context":"https:\/\/schema.org","@graph":[{"@type":"Article","@id":"https:\/\/www.altercampagne.net\/?p=7044#article","isPartOf":{"@id":"https:\/\/www.altercampagne.net\/?p=7044"},"author":{"name":"AlterTour","@id":"https:\/\/www.altercampagne.net\/#\/schema\/person\/e5b68c803196f649c2152249d262d94a"},"headline":"2017 : 10\u00e8me \u00e9dition de l\u2019AlterTour et 1er anniversaire de ses petites soeurs : les Echapp\u00e9es Belles !!!&#8230;","datePublished":"2017-05-30T23:52:24+00:00","dateModified":"2017-07-03T13:35:11+00:00","mainEntityOfPage":{"@id":"https:\/\/www.altercampagne.net\/?p=7044"},"wordCount":223,"image":{"@id":"https:\/\/www.altercampagne.net\/?p=7044#primaryimage"},"thumbnailUrl":"http:\/\/www.altercampagne.net\/wp-content\/uploads\/2016\/10\/2016-08-06_17.41.jpg","keywords":["Echapp\u00e9e Belle","AlterTour 2017","2017"],"inLanguage":"fr-FR"},{"@type":"WebPage","@id":"https:\/\/www.altercampagne.net\/?p=7044","url":"https:\/\/www.altercampagne.net\/?p=7044","name":"2017 : 10\u00e8me \u00e9dition de l\u2019AlterTour et 1er anniversaire de ses petites soeurs : les Echapp\u00e9es Belles !!!... - AlterTour","isPartOf":{"@id":"https:\/\/www.altercampagne.net\/#website"},"primaryImageOfPage":{"@id":"https:\/\/www.altercampagne.net\/?p=7044#primaryimage"},"image":{"@id":"https:\/\/www.altercampagne.net\/?p=7044#primaryimage"},"thumbnailUrl":"http:\/\/www.altercampagne.net\/wp-content\/uploads\/2016\/10\/2016-08-06_17.41.jpg","datePublished":"2017-05-30T23:52:24+00:00","dateModified":"2017-07-03T13:35:11+00:00","author":{"@id":"https:\/\/www.altercampagne.net\/#\/schema\/person\/e5b68c803196f649c2152249d262d94a"},"breadcrumb":{"@id":"https:\/\/www.altercampagne.net\/?p=7044#breadcrumb"},"inLanguage":"fr-FR","potentialAction":[{"@type":"ReadAction","target":["https:\/\/www.altercampagne.net\/?p=7044"]}]},{"@type":"ImageObject","inLanguage":"fr-FR","@id":"https:\/\/www.altercampagne.net\/?p=7044#primaryimage","url":"http:\/\/www.altercampagne.net\/wp-content\/uploads\/2016\/10\/2016-08-06_17.41.jpg","contentUrl":"http:\/\/www.altercampagne.net\/wp-content\/uploads\/2016\/10\/2016-08-06_17.41.jpg"},{"@type":"BreadcrumbList","@id":"https:\/\/www.altercampagne.net\/?p=7044#breadcrumb","itemListElement":[{"@type":"ListItem","position":1,"name":"Accueil","item":"https:\/\/www.altercampagne.net\/"},{"@type":"ListItem","position":2,"name":"2017 : 10\u00e8me \u00e9dition de l\u2019AlterTour et 1er anniversaire de ses petites soeurs : les Echapp\u00e9es Belles !!!&#8230;"}]},{"@type":"WebSite","@id":"https:\/\/www.altercampagne.net\/#website","url":"https:\/\/www.altercampagne.net\/","name":"AlterTour","description":"Reliez les Alternatives \u00e0 v\u00e9lo","potentialAction":[{"@type":"SearchAction","target":{"@type":"EntryPoint","urlTemplate":"https:\/\/www.altercampagne.net\/?s={search_term_string}"},"query-input":{"@type":"PropertyValueSpecification","valueRequired":true,"valueName":"search_term_string"}}],"inLanguage":"fr-FR"},{"@type":"Person","@id":"https:\/\/www.altercampagne.net\/#\/schema\/person\/e5b68c803196f649c2152249d262d94a","name":"AlterTour","image":{"@type":"ImageObject","inLanguage":"fr-FR","@id":"https:\/\/secure.gravatar.com\/avatar\/3f2ed77f8506b8ea264ad5938bb0114bfa10f35b64086a66dfbb6e9f58ad9693?s=96&d=mm&r=g","url":"https:\/\/secure.gravatar.com\/avatar\/3f2ed77f8506b8ea264ad5938bb0114bfa10f35b64086a66dfbb6e9f58ad9693?s=96&d=mm&r=g","contentUrl":"https:\/\/secure.gravatar.com\/avatar\/3f2ed77f8506b8ea264ad5938bb0114bfa10f35b64086a66dfbb6e9f58ad9693?s=96&d=mm&r=g","caption":"AlterTour"},"url":"https:\/\/www.altercampagne.net\/?author=215"}]}},"_links":{"self":[{"href":"https:\/\/www.altercampagne.net\/index.php?rest_route=\/wp\/v2\/posts\/7044","targetHints":{"allow":["GET"]}}],"collection":[{"href":"https:\/\/www.altercampagne.net\/index.php?rest_route=\/wp\/v2\/posts"}],"about":[{"href":"https:\/\/www.altercampagne.net\/index.php?rest_route=\/wp\/v2\/types\/post"}],"author":[{"embeddable":true,"href":"https:\/\/www.altercampagne.net\/index.php?rest_route=\/wp\/v2\/users\/215"}],"replies":[{"embeddable":true,"href":"https:\/\/www.altercampagne.net\/index.php?rest_route=%2Fwp%2Fv2%2Fcomments&post=7044"}],"version-history":[{"count":0,"href":"https:\/\/www.altercampagne.net\/index.php?rest_route=\/wp\/v2\/posts\/7044\/revisions"}],"wp:attachment":[{"href":"https:\/\/www.altercampagne.net\/index.php?rest_route=%2Fwp%2Fv2%2Fmedia&parent=7044"}],"wp:term":[{"taxonomy":"category","embeddable":true,"href":"https:\/\/www.altercampagne.net\/index.php?rest_route=%2Fwp%2Fv2%2Fcategories&post=7044"},{"taxonomy":"post_tag","embeddable":true,"href":"https:\/\/www.altercampagne.net\/index.php?rest_route=%2Fwp%2Fv2%2Ftags&post=7044"}],"curies":[{"name":"wp","href":"https:\/\/api.w.org\/{rel}","templated":true}]}}