{"id":7078,"date":"2017-06-09T07:02:22","date_gmt":"2017-06-09T05:02:22","guid":{"rendered":"http:\/\/www.altercampagne.net\/?p=7078"},"modified":"2020-02-24T14:45:21","modified_gmt":"2020-02-24T13:45:21","slug":"la-maison-non-marchande-de-puivert-17-juillet-2017-a-puivert","status":"publish","type":"post","link":"https:\/\/www.altercampagne.net\/?p=7078","title":{"rendered":"Nous parions sur le don et le partage entre les personnes"},"content":{"rendered":"<p><a href=\"http:\/\/www.altercampagne.net\/wp-content\/uploads\/2017\/05\/Masion-non-marchande.jpg\"><img loading=\"lazy\" decoding=\"async\" class=\" size-medium wp-image-6761 alignleft\" src=\"http:\/\/www.altercampagne.net\/wp-content\/uploads\/2017\/05\/Masion-non-marchande-300x219.jpg\" alt=\"Masion non marchande\" width=\"300\" height=\"219\" srcset=\"https:\/\/www.altercampagne.net\/wp-content\/uploads\/2017\/05\/Masion-non-marchande-300x219.jpg 300w, https:\/\/www.altercampagne.net\/wp-content\/uploads\/2017\/05\/Masion-non-marchande.jpg 686w\" sizes=\"auto, (max-width: 300px) 100vw, 300px\" \/><\/a>Rendre possible l\u2019acc\u00e8s \u00e0 un service ou un objet gratuitement dans chaque village ? Voil\u00e0 le souhait de la communaut\u00e9 des contributeur.ice.s de la Maison non marchande de Puivert. Et toutes et tous poursuivent cet objectif depuis 2012. Premier-n\u00e9, le magasin gratuit o\u00f9 chacun.e peut d\u00e9poser ou prendre ce qui lui pla\u00eet. Puis la Gratuith\u00e8que, o\u00f9 l\u2019on emprunte juste contre caution, un livre, du mat\u00e9riel de bricolage, des skis, etc. Il y a aussi le Localibre, une salle d\u00e9di\u00e9e au \u201cDo It Yourself\u201d o\u00f9 se transmettent les savoir-faire : fabriquer du fromage, travailler la laine\u2026 L\u2019activit\u00e9 est aussi hors les murs : Gratif\u00e9rias, Fadabricole, bo\u00eetes \u00e0 livres, animations gratuites, \u00e9changes de pratiques et d\u2019exp\u00e9riences, autant d\u2019initiatives pour que ces lieux ne restent pas dans l\u2019ombre et que cette nouvelle \u00e9conomie soit reconnue et accessible, en toute autonomie. M\u00eame l\u2019espace num\u00e9rique est investi avec le site nonmarchand.org. C\u2019est un r\u00e9seau Internet de pr\u00eats et dons, v\u00e9ritable espace de ressources et laboratoire de recherche ouverte.<\/p>\n<p><strong>Apporter de la r\u00e9flexion par l\u2019action individuelle<\/strong><\/p>\n<p>\u201cNous parions sur le fait que le don et le partage entre personnes non professionnelles peuvent \u00eatre des moyens simples et efficaces de satisfaire nos besoins, quel que soit notre niveau de vie. Ces lieux de gratuit\u00e9 sont des espaces de libert\u00e9 et non de contrainte, ouverts \u00e0 tou.te.s. Chacun.e est libre d\u2019y pratiquer des activit\u00e9s, de prendre une d\u00e9cision pratique pour le fonctionnement quotidien, d\u2019y instaurer des actions permanentes ou ponctuelles. Il ne s\u2019agit pas d\u2019imposer un nouveau syst\u00e8me qui se substituerait au syst\u00e8me marchand. Nous partons d\u2019une initiative \u00e0 destination d\u2019un public consentant pour \u00e9changer de cette mani\u00e8re, avec l\u2019id\u00e9e d\u2019essaimer d\u2019autres initiatives, d\u2019autres domaines. Nous essayons, par l\u2019action individuelle, d\u2019amener une r\u00e9flexion, de faire prendre conscience que l\u2019on peut modifier notre rapport aux choses et que les rapports humains peuvent alors \u00eatre radicalement diff\u00e9rents.\u201d<\/p>\n<p style=\"text-align: right;\"><strong>Sarah, co-fondatrice de la Maison non-marchande du Puivert<\/strong><\/p>\n<p>Extrait du Recueil des Alternatives de l\u2019AlterTour 2017, disponible dans le num\u00e9ro de juin de la Revue Silence.<\/p>\n<p>La Maison Non-Marchande de Puivert accueillera l\u2019AlterTour le 17 juillet 2017 \u00e0 Puivert. Pour plus d\u2019infos consultez le <a href=\"http:\/\/www.altercampagne.net\/?page_id=150\">programme<\/a><\/p>\n","protected":false},"excerpt":{"rendered":"<p>Rendre possible l\u2019acc\u00e8s \u00e0 un service ou un objet gratuitement dans chaque village ? Voil\u00e0 le souhait de la communaut\u00e9 des contributeur.ice.s de la Maison non marchande de Puivert. Et toutes et tous poursuivent cet objectif depuis 2012. Premier-n\u00e9, le magasin gratuit o\u00f9 chacun.e peut d\u00e9poser ou prendre ce qui &#8230; <\/p>\n<div><a href=\"https:\/\/www.altercampagne.net\/?p=7078\" class=\"more-link\">Read More<\/a><\/div>\n","protected":false},"author":214,"featured_media":0,"comment_status":"closed","ping_status":"closed","sticky":false,"template":"","format":"standard","meta":{"footnotes":""},"categories":[3484,3457,3480],"tags":[523,1973,2783,2784,2785,2794,3022,3023],"class_list":["post-7078","post","type-post","status-publish","format-standard","hentry","category-economie","category-edition-2017","category-occitanie","tag-aude","tag-languedoc-roussillon","tag-altertour-2017","tag-2784","tag-occitanie","tag-maison-non-marchande-de-puivert","tag-puivert","tag-gratiferias","no-post-thumbnail"],"yoast_head":"<!-- This site is optimized with the Yoast SEO plugin v27.3 - https:\/\/yoast.com\/product\/yoast-seo-wordpress\/ -->\n<title>Nous parions sur le don et le partage entre les personnes - AlterTour<\/title>\n<meta name=\"robots\" content=\"index, follow, max-snippet:-1, max-image-preview:large, max-video-preview:-1\" \/>\n<link rel=\"canonical\" href=\"https:\/\/www.altercampagne.net\/?p=7078\" \/>\n<meta property=\"og:locale\" content=\"fr_FR\" \/>\n<meta property=\"og:type\" content=\"article\" \/>\n<meta property=\"og:title\" content=\"Nous parions sur le don et le partage entre les personnes - AlterTour\" \/>\n<meta property=\"og:description\" content=\"Rendre possible l\u2019acc\u00e8s \u00e0 un service ou un objet gratuitement dans chaque village ? Voil\u00e0 le souhait de la communaut\u00e9 des contributeur.ice.s de la Maison non marchande de Puivert. Et toutes et tous poursuivent cet objectif depuis 2012. Premier-n\u00e9, le magasin gratuit o\u00f9 chacun.e peut d\u00e9poser ou prendre ce qui ... Read More\" \/>\n<meta property=\"og:url\" content=\"https:\/\/www.altercampagne.net\/?p=7078\" \/>\n<meta property=\"og:site_name\" content=\"AlterTour\" \/>\n<meta property=\"article:published_time\" content=\"2017-06-09T05:02:22+00:00\" \/>\n<meta property=\"article:modified_time\" content=\"2020-02-24T13:45:21+00:00\" \/>\n<meta property=\"og:image\" content=\"http:\/\/www.altercampagne.net\/wp-content\/uploads\/2017\/05\/Masion-non-marchande-300x219.jpg\" \/>\n<meta name=\"author\" content=\"Mathieu\" \/>\n<meta name=\"twitter:card\" content=\"summary_large_image\" \/>\n<meta name=\"twitter:label1\" content=\"\u00c9crit par\" \/>\n\t<meta name=\"twitter:data1\" content=\"Mathieu\" \/>\n\t<meta name=\"twitter:label2\" content=\"Dur\u00e9e de lecture estim\u00e9e\" \/>\n\t<meta name=\"twitter:data2\" content=\"2 minutes\" \/>\n<script type=\"application\/ld+json\" class=\"yoast-schema-graph\">{\"@context\":\"https:\\\/\\\/schema.org\",\"@graph\":[{\"@type\":\"Article\",\"@id\":\"https:\\\/\\\/www.altercampagne.net\\\/?p=7078#article\",\"isPartOf\":{\"@id\":\"https:\\\/\\\/www.altercampagne.net\\\/?p=7078\"},\"author\":{\"name\":\"Mathieu\",\"@id\":\"https:\\\/\\\/www.altercampagne.net\\\/#\\\/schema\\\/person\\\/0f261460c09e430caa0f9bcffa319109\"},\"headline\":\"Nous parions sur le don et le partage entre les personnes\",\"datePublished\":\"2017-06-09T05:02:22+00:00\",\"dateModified\":\"2020-02-24T13:45:21+00:00\",\"mainEntityOfPage\":{\"@id\":\"https:\\\/\\\/www.altercampagne.net\\\/?p=7078\"},\"wordCount\":408,\"image\":{\"@id\":\"https:\\\/\\\/www.altercampagne.net\\\/?p=7078#primaryimage\"},\"thumbnailUrl\":\"http:\\\/\\\/www.altercampagne.net\\\/wp-content\\\/uploads\\\/2017\\\/05\\\/Masion-non-marchande-300x219.jpg\",\"keywords\":[\"Aude\",\"languedoc-roussillon\",\"AlterTour 2017\",\"2017\",\"Occitanie\",\"maison non marchande de Puivert\",\"puivert\",\"Gratif\u00e9rias\"],\"articleSection\":[\"\u00c9conomie\",\"\u00c9dition 2017\",\"Occitanie\"],\"inLanguage\":\"fr-FR\"},{\"@type\":\"WebPage\",\"@id\":\"https:\\\/\\\/www.altercampagne.net\\\/?p=7078\",\"url\":\"https:\\\/\\\/www.altercampagne.net\\\/?p=7078\",\"name\":\"Nous parions sur le don et le partage entre les personnes - AlterTour\",\"isPartOf\":{\"@id\":\"https:\\\/\\\/www.altercampagne.net\\\/#website\"},\"primaryImageOfPage\":{\"@id\":\"https:\\\/\\\/www.altercampagne.net\\\/?p=7078#primaryimage\"},\"image\":{\"@id\":\"https:\\\/\\\/www.altercampagne.net\\\/?p=7078#primaryimage\"},\"thumbnailUrl\":\"http:\\\/\\\/www.altercampagne.net\\\/wp-content\\\/uploads\\\/2017\\\/05\\\/Masion-non-marchande-300x219.jpg\",\"datePublished\":\"2017-06-09T05:02:22+00:00\",\"dateModified\":\"2020-02-24T13:45:21+00:00\",\"author\":{\"@id\":\"https:\\\/\\\/www.altercampagne.net\\\/#\\\/schema\\\/person\\\/0f261460c09e430caa0f9bcffa319109\"},\"breadcrumb\":{\"@id\":\"https:\\\/\\\/www.altercampagne.net\\\/?p=7078#breadcrumb\"},\"inLanguage\":\"fr-FR\",\"potentialAction\":[{\"@type\":\"ReadAction\",\"target\":[\"https:\\\/\\\/www.altercampagne.net\\\/?p=7078\"]}]},{\"@type\":\"ImageObject\",\"inLanguage\":\"fr-FR\",\"@id\":\"https:\\\/\\\/www.altercampagne.net\\\/?p=7078#primaryimage\",\"url\":\"https:\\\/\\\/www.altercampagne.net\\\/wp-content\\\/uploads\\\/2017\\\/05\\\/Masion-non-marchande.jpg\",\"contentUrl\":\"https:\\\/\\\/www.altercampagne.net\\\/wp-content\\\/uploads\\\/2017\\\/05\\\/Masion-non-marchande.jpg\",\"width\":686,\"height\":500},{\"@type\":\"BreadcrumbList\",\"@id\":\"https:\\\/\\\/www.altercampagne.net\\\/?p=7078#breadcrumb\",\"itemListElement\":[{\"@type\":\"ListItem\",\"position\":1,\"name\":\"Accueil\",\"item\":\"https:\\\/\\\/www.altercampagne.net\\\/\"},{\"@type\":\"ListItem\",\"position\":2,\"name\":\"Nous parions sur le don et le partage entre les personnes\"}]},{\"@type\":\"WebSite\",\"@id\":\"https:\\\/\\\/www.altercampagne.net\\\/#website\",\"url\":\"https:\\\/\\\/www.altercampagne.net\\\/\",\"name\":\"AlterTour\",\"description\":\"Reliez les Alternatives \u00e0 v\u00e9lo\",\"potentialAction\":[{\"@type\":\"SearchAction\",\"target\":{\"@type\":\"EntryPoint\",\"urlTemplate\":\"https:\\\/\\\/www.altercampagne.net\\\/?s={search_term_string}\"},\"query-input\":{\"@type\":\"PropertyValueSpecification\",\"valueRequired\":true,\"valueName\":\"search_term_string\"}}],\"inLanguage\":\"fr-FR\"},{\"@type\":\"Person\",\"@id\":\"https:\\\/\\\/www.altercampagne.net\\\/#\\\/schema\\\/person\\\/0f261460c09e430caa0f9bcffa319109\",\"name\":\"Mathieu\",\"image\":{\"@type\":\"ImageObject\",\"inLanguage\":\"fr-FR\",\"@id\":\"https:\\\/\\\/secure.gravatar.com\\\/avatar\\\/aa9d3d24c83f2141e5e2709d0f63d09a99f6be6bb7a50abc4915838d9f54501a?s=96&d=mm&r=g\",\"url\":\"https:\\\/\\\/secure.gravatar.com\\\/avatar\\\/aa9d3d24c83f2141e5e2709d0f63d09a99f6be6bb7a50abc4915838d9f54501a?s=96&d=mm&r=g\",\"contentUrl\":\"https:\\\/\\\/secure.gravatar.com\\\/avatar\\\/aa9d3d24c83f2141e5e2709d0f63d09a99f6be6bb7a50abc4915838d9f54501a?s=96&d=mm&r=g\",\"caption\":\"Mathieu\"},\"url\":\"https:\\\/\\\/www.altercampagne.net\\\/?author=214\"}]}<\/script>\n<!-- \/ Yoast SEO plugin. -->","yoast_head_json":{"title":"Nous parions sur le don et le partage entre les personnes - AlterTour","robots":{"index":"index","follow":"follow","max-snippet":"max-snippet:-1","max-image-preview":"max-image-preview:large","max-video-preview":"max-video-preview:-1"},"canonical":"https:\/\/www.altercampagne.net\/?p=7078","og_locale":"fr_FR","og_type":"article","og_title":"Nous parions sur le don et le partage entre les personnes - AlterTour","og_description":"Rendre possible l\u2019acc\u00e8s \u00e0 un service ou un objet gratuitement dans chaque village ? Voil\u00e0 le souhait de la communaut\u00e9 des contributeur.ice.s de la Maison non marchande de Puivert. Et toutes et tous poursuivent cet objectif depuis 2012. Premier-n\u00e9, le magasin gratuit o\u00f9 chacun.e peut d\u00e9poser ou prendre ce qui ... Read More","og_url":"https:\/\/www.altercampagne.net\/?p=7078","og_site_name":"AlterTour","article_published_time":"2017-06-09T05:02:22+00:00","article_modified_time":"2020-02-24T13:45:21+00:00","og_image":[{"url":"http:\/\/www.altercampagne.net\/wp-content\/uploads\/2017\/05\/Masion-non-marchande-300x219.jpg","type":"","width":"","height":""}],"author":"Mathieu","twitter_card":"summary_large_image","twitter_misc":{"\u00c9crit par":"Mathieu","Dur\u00e9e de lecture estim\u00e9e":"2 minutes"},"schema":{"@context":"https:\/\/schema.org","@graph":[{"@type":"Article","@id":"https:\/\/www.altercampagne.net\/?p=7078#article","isPartOf":{"@id":"https:\/\/www.altercampagne.net\/?p=7078"},"author":{"name":"Mathieu","@id":"https:\/\/www.altercampagne.net\/#\/schema\/person\/0f261460c09e430caa0f9bcffa319109"},"headline":"Nous parions sur le don et le partage entre les personnes","datePublished":"2017-06-09T05:02:22+00:00","dateModified":"2020-02-24T13:45:21+00:00","mainEntityOfPage":{"@id":"https:\/\/www.altercampagne.net\/?p=7078"},"wordCount":408,"image":{"@id":"https:\/\/www.altercampagne.net\/?p=7078#primaryimage"},"thumbnailUrl":"http:\/\/www.altercampagne.net\/wp-content\/uploads\/2017\/05\/Masion-non-marchande-300x219.jpg","keywords":["Aude","languedoc-roussillon","AlterTour 2017","2017","Occitanie","maison non marchande de Puivert","puivert","Gratif\u00e9rias"],"articleSection":["\u00c9conomie","\u00c9dition 2017","Occitanie"],"inLanguage":"fr-FR"},{"@type":"WebPage","@id":"https:\/\/www.altercampagne.net\/?p=7078","url":"https:\/\/www.altercampagne.net\/?p=7078","name":"Nous parions sur le don et le partage entre les personnes - AlterTour","isPartOf":{"@id":"https:\/\/www.altercampagne.net\/#website"},"primaryImageOfPage":{"@id":"https:\/\/www.altercampagne.net\/?p=7078#primaryimage"},"image":{"@id":"https:\/\/www.altercampagne.net\/?p=7078#primaryimage"},"thumbnailUrl":"http:\/\/www.altercampagne.net\/wp-content\/uploads\/2017\/05\/Masion-non-marchande-300x219.jpg","datePublished":"2017-06-09T05:02:22+00:00","dateModified":"2020-02-24T13:45:21+00:00","author":{"@id":"https:\/\/www.altercampagne.net\/#\/schema\/person\/0f261460c09e430caa0f9bcffa319109"},"breadcrumb":{"@id":"https:\/\/www.altercampagne.net\/?p=7078#breadcrumb"},"inLanguage":"fr-FR","potentialAction":[{"@type":"ReadAction","target":["https:\/\/www.altercampagne.net\/?p=7078"]}]},{"@type":"ImageObject","inLanguage":"fr-FR","@id":"https:\/\/www.altercampagne.net\/?p=7078#primaryimage","url":"https:\/\/www.altercampagne.net\/wp-content\/uploads\/2017\/05\/Masion-non-marchande.jpg","contentUrl":"https:\/\/www.altercampagne.net\/wp-content\/uploads\/2017\/05\/Masion-non-marchande.jpg","width":686,"height":500},{"@type":"BreadcrumbList","@id":"https:\/\/www.altercampagne.net\/?p=7078#breadcrumb","itemListElement":[{"@type":"ListItem","position":1,"name":"Accueil","item":"https:\/\/www.altercampagne.net\/"},{"@type":"ListItem","position":2,"name":"Nous parions sur le don et le partage entre les personnes"}]},{"@type":"WebSite","@id":"https:\/\/www.altercampagne.net\/#website","url":"https:\/\/www.altercampagne.net\/","name":"AlterTour","description":"Reliez les Alternatives \u00e0 v\u00e9lo","potentialAction":[{"@type":"SearchAction","target":{"@type":"EntryPoint","urlTemplate":"https:\/\/www.altercampagne.net\/?s={search_term_string}"},"query-input":{"@type":"PropertyValueSpecification","valueRequired":true,"valueName":"search_term_string"}}],"inLanguage":"fr-FR"},{"@type":"Person","@id":"https:\/\/www.altercampagne.net\/#\/schema\/person\/0f261460c09e430caa0f9bcffa319109","name":"Mathieu","image":{"@type":"ImageObject","inLanguage":"fr-FR","@id":"https:\/\/secure.gravatar.com\/avatar\/aa9d3d24c83f2141e5e2709d0f63d09a99f6be6bb7a50abc4915838d9f54501a?s=96&d=mm&r=g","url":"https:\/\/secure.gravatar.com\/avatar\/aa9d3d24c83f2141e5e2709d0f63d09a99f6be6bb7a50abc4915838d9f54501a?s=96&d=mm&r=g","contentUrl":"https:\/\/secure.gravatar.com\/avatar\/aa9d3d24c83f2141e5e2709d0f63d09a99f6be6bb7a50abc4915838d9f54501a?s=96&d=mm&r=g","caption":"Mathieu"},"url":"https:\/\/www.altercampagne.net\/?author=214"}]}},"_links":{"self":[{"href":"https:\/\/www.altercampagne.net\/index.php?rest_route=\/wp\/v2\/posts\/7078","targetHints":{"allow":["GET"]}}],"collection":[{"href":"https:\/\/www.altercampagne.net\/index.php?rest_route=\/wp\/v2\/posts"}],"about":[{"href":"https:\/\/www.altercampagne.net\/index.php?rest_route=\/wp\/v2\/types\/post"}],"author":[{"embeddable":true,"href":"https:\/\/www.altercampagne.net\/index.php?rest_route=\/wp\/v2\/users\/214"}],"replies":[{"embeddable":true,"href":"https:\/\/www.altercampagne.net\/index.php?rest_route=%2Fwp%2Fv2%2Fcomments&post=7078"}],"version-history":[{"count":1,"href":"https:\/\/www.altercampagne.net\/index.php?rest_route=\/wp\/v2\/posts\/7078\/revisions"}],"predecessor-version":[{"id":17307,"href":"https:\/\/www.altercampagne.net\/index.php?rest_route=\/wp\/v2\/posts\/7078\/revisions\/17307"}],"wp:attachment":[{"href":"https:\/\/www.altercampagne.net\/index.php?rest_route=%2Fwp%2Fv2%2Fmedia&parent=7078"}],"wp:term":[{"taxonomy":"category","embeddable":true,"href":"https:\/\/www.altercampagne.net\/index.php?rest_route=%2Fwp%2Fv2%2Fcategories&post=7078"},{"taxonomy":"post_tag","embeddable":true,"href":"https:\/\/www.altercampagne.net\/index.php?rest_route=%2Fwp%2Fv2%2Ftags&post=7078"}],"curies":[{"name":"wp","href":"https:\/\/api.w.org\/{rel}","templated":true}]}}