{"id":7088,"date":"2017-06-12T21:32:48","date_gmt":"2017-06-12T19:32:48","guid":{"rendered":"http:\/\/www.altercampagne.net\/?p=7088"},"modified":"2017-06-28T18:52:44","modified_gmt":"2017-06-28T16:52:44","slug":"altertour-2017-las-inscripciones-ya-empezaron","status":"publish","type":"post","link":"https:\/\/www.altercampagne.net\/?p=7088","title":{"rendered":"AlterTour 2017 &#8211; \u00a1Las inscripciones ya empezaron!"},"content":{"rendered":"<p>Por decimo a\u00f1o consecutivo, el AlterTour, el Tour de Francia de las Alternativas, se va al encuentro de los actores de la transici\u00f3n. Estaremos en Girona el 13 y 14 de julio 2017 por dos d\u00edas de festividades con alternativas locales, antes la salida oficial del tour que tendr\u00e1 lugar el lunes 15 de julio.<\/p>\n<p>Los 320 Altercyclistes viajar\u00e1n 1200 kil\u00f3metros en 6 semanas, para descubrir 104 Alternativas en Occitania, Catalunya y Rh\u00f4ne-Alpes. El viaje se terminar\u00e1 el 20 de agosto 2017, en Valencia. Cada d\u00eda, ser\u00e1n recibidos en lugares ecologicos, granjas agroecol\u00f3gicas, micro-cervecer\u00edas, obras de construcci\u00f3n de edificios verdes, talleres\/tiendas de bicicletas solidarios y participativos, ZAD &#8230; lugares y colectivos donde se experimenta y se vive la transici\u00f3n ecol\u00f3gica.<\/p>\n<p><strong>Por los caminos de la Transici\u00f3n<\/strong><\/p>\n<p>Durante las etapas, visitas, proyectos de grupo y noches de fiesta ser\u00e1n organizadas para encontrar a las personas que nos recibir\u00e1n y descubrir sus actividades. Ellas estar\u00e1n encantadas de compartir sus experiencias, sus caminos de transici\u00f3n, asi que el punto de partida, la \u00ab\u00a0chispa\u00a0\u00bb que les ha permitido cambiar sus vidas.<\/p>\n<p><strong>Una Echapp\u00e9e Belle<\/strong><\/p>\n<p>Una Echapp\u00e9e Belle es une peque\u00f1o grupo de m\u00e1ximo 25 ciclistas. Cada uno lleva su tienda de campa\u00f1a y sus equipajes, una parte de los alimentos y el material necesario para reparar bicicletas. Traiga su propia bicicleta.<\/p>\n<p>Las inscripciones estan abiertas hasta el 10 de Julio 2017 en el sitio del Altertour:<\/p>\n<p>acceso a las <a href=\"http:\/\/www.altercampagne.net\/?page_id=178\">incripciones<\/a><br \/>\nacceso al <a href=\"http:\/\/www.altercampagne.net\/?page_id=150\">itinerario<\/a><br \/>\nacceso al <a href=\"http:\/\/www.altercampagne.net\/?page_id=4917\">programa<\/a><\/p>\n<p>Si necesitais una traduccion en Ingles o en Espanol podeis decirnolo.<\/p>\n","protected":false},"excerpt":{"rendered":"<p>Por decimo a\u00f1o consecutivo, el AlterTour, el Tour de Francia de las Alternativas, se va al encuentro de los actores de la transici\u00f3n. Estaremos en Girona el 13 y 14 de julio 2017 por dos d\u00edas de festividades con alternativas locales, antes la salida oficial del tour que tendr\u00e1 lugar &#8230; <\/p>\n<div><a href=\"https:\/\/www.altercampagne.net\/?p=7088\" class=\"more-link\">Read More<\/a><\/div>\n","protected":false},"author":214,"featured_media":0,"comment_status":"closed","ping_status":"closed","sticky":false,"template":"","format":"standard","meta":{"footnotes":""},"categories":[1],"tags":[],"class_list":["post-7088","post","type-post","status-publish","format-standard","hentry","category-non-classe","no-post-thumbnail"],"yoast_head":"<!-- This site is optimized with the Yoast SEO plugin v27.3 - https:\/\/yoast.com\/product\/yoast-seo-wordpress\/ -->\n<title>AlterTour 2017 - \u00a1Las inscripciones ya empezaron! - AlterTour<\/title>\n<meta name=\"robots\" content=\"index, follow, max-snippet:-1, max-image-preview:large, max-video-preview:-1\" \/>\n<link rel=\"canonical\" href=\"https:\/\/www.altercampagne.net\/?p=7088\" \/>\n<meta property=\"og:locale\" content=\"fr_FR\" \/>\n<meta property=\"og:type\" content=\"article\" \/>\n<meta property=\"og:title\" content=\"AlterTour 2017 - \u00a1Las inscripciones ya empezaron! - AlterTour\" \/>\n<meta property=\"og:description\" content=\"Por decimo a\u00f1o consecutivo, el AlterTour, el Tour de Francia de las Alternativas, se va al encuentro de los actores de la transici\u00f3n. Estaremos en Girona el 13 y 14 de julio 2017 por dos d\u00edas de festividades con alternativas locales, antes la salida oficial del tour que tendr\u00e1 lugar ... Read More\" \/>\n<meta property=\"og:url\" content=\"https:\/\/www.altercampagne.net\/?p=7088\" \/>\n<meta property=\"og:site_name\" content=\"AlterTour\" \/>\n<meta property=\"article:published_time\" content=\"2017-06-12T19:32:48+00:00\" \/>\n<meta property=\"article:modified_time\" content=\"2017-06-28T16:52:44+00:00\" \/>\n<meta name=\"author\" content=\"Mathieu\" \/>\n<meta name=\"twitter:card\" content=\"summary_large_image\" \/>\n<meta name=\"twitter:label1\" content=\"\u00c9crit par\" \/>\n\t<meta name=\"twitter:data1\" content=\"Mathieu\" \/>\n\t<meta name=\"twitter:label2\" content=\"Dur\u00e9e de lecture estim\u00e9e\" \/>\n\t<meta name=\"twitter:data2\" content=\"1 minute\" \/>\n<script type=\"application\/ld+json\" class=\"yoast-schema-graph\">{\"@context\":\"https:\\\/\\\/schema.org\",\"@graph\":[{\"@type\":\"Article\",\"@id\":\"https:\\\/\\\/www.altercampagne.net\\\/?p=7088#article\",\"isPartOf\":{\"@id\":\"https:\\\/\\\/www.altercampagne.net\\\/?p=7088\"},\"author\":{\"name\":\"Mathieu\",\"@id\":\"https:\\\/\\\/www.altercampagne.net\\\/#\\\/schema\\\/person\\\/0f261460c09e430caa0f9bcffa319109\"},\"headline\":\"AlterTour 2017 &#8211; \u00a1Las inscripciones ya empezaron!\",\"datePublished\":\"2017-06-12T19:32:48+00:00\",\"dateModified\":\"2017-06-28T16:52:44+00:00\",\"mainEntityOfPage\":{\"@id\":\"https:\\\/\\\/www.altercampagne.net\\\/?p=7088\"},\"wordCount\":269,\"inLanguage\":\"fr-FR\"},{\"@type\":\"WebPage\",\"@id\":\"https:\\\/\\\/www.altercampagne.net\\\/?p=7088\",\"url\":\"https:\\\/\\\/www.altercampagne.net\\\/?p=7088\",\"name\":\"AlterTour 2017 - \u00a1Las inscripciones ya empezaron! - AlterTour\",\"isPartOf\":{\"@id\":\"https:\\\/\\\/www.altercampagne.net\\\/#website\"},\"datePublished\":\"2017-06-12T19:32:48+00:00\",\"dateModified\":\"2017-06-28T16:52:44+00:00\",\"author\":{\"@id\":\"https:\\\/\\\/www.altercampagne.net\\\/#\\\/schema\\\/person\\\/0f261460c09e430caa0f9bcffa319109\"},\"breadcrumb\":{\"@id\":\"https:\\\/\\\/www.altercampagne.net\\\/?p=7088#breadcrumb\"},\"inLanguage\":\"fr-FR\",\"potentialAction\":[{\"@type\":\"ReadAction\",\"target\":[\"https:\\\/\\\/www.altercampagne.net\\\/?p=7088\"]}]},{\"@type\":\"BreadcrumbList\",\"@id\":\"https:\\\/\\\/www.altercampagne.net\\\/?p=7088#breadcrumb\",\"itemListElement\":[{\"@type\":\"ListItem\",\"position\":1,\"name\":\"Accueil\",\"item\":\"https:\\\/\\\/www.altercampagne.net\\\/\"},{\"@type\":\"ListItem\",\"position\":2,\"name\":\"AlterTour 2017 &#8211; \u00a1Las inscripciones ya empezaron!\"}]},{\"@type\":\"WebSite\",\"@id\":\"https:\\\/\\\/www.altercampagne.net\\\/#website\",\"url\":\"https:\\\/\\\/www.altercampagne.net\\\/\",\"name\":\"AlterTour\",\"description\":\"Reliez les Alternatives \u00e0 v\u00e9lo\",\"potentialAction\":[{\"@type\":\"SearchAction\",\"target\":{\"@type\":\"EntryPoint\",\"urlTemplate\":\"https:\\\/\\\/www.altercampagne.net\\\/?s={search_term_string}\"},\"query-input\":{\"@type\":\"PropertyValueSpecification\",\"valueRequired\":true,\"valueName\":\"search_term_string\"}}],\"inLanguage\":\"fr-FR\"},{\"@type\":\"Person\",\"@id\":\"https:\\\/\\\/www.altercampagne.net\\\/#\\\/schema\\\/person\\\/0f261460c09e430caa0f9bcffa319109\",\"name\":\"Mathieu\",\"image\":{\"@type\":\"ImageObject\",\"inLanguage\":\"fr-FR\",\"@id\":\"https:\\\/\\\/secure.gravatar.com\\\/avatar\\\/aa9d3d24c83f2141e5e2709d0f63d09a99f6be6bb7a50abc4915838d9f54501a?s=96&d=mm&r=g\",\"url\":\"https:\\\/\\\/secure.gravatar.com\\\/avatar\\\/aa9d3d24c83f2141e5e2709d0f63d09a99f6be6bb7a50abc4915838d9f54501a?s=96&d=mm&r=g\",\"contentUrl\":\"https:\\\/\\\/secure.gravatar.com\\\/avatar\\\/aa9d3d24c83f2141e5e2709d0f63d09a99f6be6bb7a50abc4915838d9f54501a?s=96&d=mm&r=g\",\"caption\":\"Mathieu\"},\"url\":\"https:\\\/\\\/www.altercampagne.net\\\/?author=214\"}]}<\/script>\n<!-- \/ Yoast SEO plugin. -->","yoast_head_json":{"title":"AlterTour 2017 - \u00a1Las inscripciones ya empezaron! - AlterTour","robots":{"index":"index","follow":"follow","max-snippet":"max-snippet:-1","max-image-preview":"max-image-preview:large","max-video-preview":"max-video-preview:-1"},"canonical":"https:\/\/www.altercampagne.net\/?p=7088","og_locale":"fr_FR","og_type":"article","og_title":"AlterTour 2017 - \u00a1Las inscripciones ya empezaron! - AlterTour","og_description":"Por decimo a\u00f1o consecutivo, el AlterTour, el Tour de Francia de las Alternativas, se va al encuentro de los actores de la transici\u00f3n. Estaremos en Girona el 13 y 14 de julio 2017 por dos d\u00edas de festividades con alternativas locales, antes la salida oficial del tour que tendr\u00e1 lugar ... Read More","og_url":"https:\/\/www.altercampagne.net\/?p=7088","og_site_name":"AlterTour","article_published_time":"2017-06-12T19:32:48+00:00","article_modified_time":"2017-06-28T16:52:44+00:00","author":"Mathieu","twitter_card":"summary_large_image","twitter_misc":{"\u00c9crit par":"Mathieu","Dur\u00e9e de lecture estim\u00e9e":"1 minute"},"schema":{"@context":"https:\/\/schema.org","@graph":[{"@type":"Article","@id":"https:\/\/www.altercampagne.net\/?p=7088#article","isPartOf":{"@id":"https:\/\/www.altercampagne.net\/?p=7088"},"author":{"name":"Mathieu","@id":"https:\/\/www.altercampagne.net\/#\/schema\/person\/0f261460c09e430caa0f9bcffa319109"},"headline":"AlterTour 2017 &#8211; \u00a1Las inscripciones ya empezaron!","datePublished":"2017-06-12T19:32:48+00:00","dateModified":"2017-06-28T16:52:44+00:00","mainEntityOfPage":{"@id":"https:\/\/www.altercampagne.net\/?p=7088"},"wordCount":269,"inLanguage":"fr-FR"},{"@type":"WebPage","@id":"https:\/\/www.altercampagne.net\/?p=7088","url":"https:\/\/www.altercampagne.net\/?p=7088","name":"AlterTour 2017 - \u00a1Las inscripciones ya empezaron! - AlterTour","isPartOf":{"@id":"https:\/\/www.altercampagne.net\/#website"},"datePublished":"2017-06-12T19:32:48+00:00","dateModified":"2017-06-28T16:52:44+00:00","author":{"@id":"https:\/\/www.altercampagne.net\/#\/schema\/person\/0f261460c09e430caa0f9bcffa319109"},"breadcrumb":{"@id":"https:\/\/www.altercampagne.net\/?p=7088#breadcrumb"},"inLanguage":"fr-FR","potentialAction":[{"@type":"ReadAction","target":["https:\/\/www.altercampagne.net\/?p=7088"]}]},{"@type":"BreadcrumbList","@id":"https:\/\/www.altercampagne.net\/?p=7088#breadcrumb","itemListElement":[{"@type":"ListItem","position":1,"name":"Accueil","item":"https:\/\/www.altercampagne.net\/"},{"@type":"ListItem","position":2,"name":"AlterTour 2017 &#8211; \u00a1Las inscripciones ya empezaron!"}]},{"@type":"WebSite","@id":"https:\/\/www.altercampagne.net\/#website","url":"https:\/\/www.altercampagne.net\/","name":"AlterTour","description":"Reliez les Alternatives \u00e0 v\u00e9lo","potentialAction":[{"@type":"SearchAction","target":{"@type":"EntryPoint","urlTemplate":"https:\/\/www.altercampagne.net\/?s={search_term_string}"},"query-input":{"@type":"PropertyValueSpecification","valueRequired":true,"valueName":"search_term_string"}}],"inLanguage":"fr-FR"},{"@type":"Person","@id":"https:\/\/www.altercampagne.net\/#\/schema\/person\/0f261460c09e430caa0f9bcffa319109","name":"Mathieu","image":{"@type":"ImageObject","inLanguage":"fr-FR","@id":"https:\/\/secure.gravatar.com\/avatar\/aa9d3d24c83f2141e5e2709d0f63d09a99f6be6bb7a50abc4915838d9f54501a?s=96&d=mm&r=g","url":"https:\/\/secure.gravatar.com\/avatar\/aa9d3d24c83f2141e5e2709d0f63d09a99f6be6bb7a50abc4915838d9f54501a?s=96&d=mm&r=g","contentUrl":"https:\/\/secure.gravatar.com\/avatar\/aa9d3d24c83f2141e5e2709d0f63d09a99f6be6bb7a50abc4915838d9f54501a?s=96&d=mm&r=g","caption":"Mathieu"},"url":"https:\/\/www.altercampagne.net\/?author=214"}]}},"_links":{"self":[{"href":"https:\/\/www.altercampagne.net\/index.php?rest_route=\/wp\/v2\/posts\/7088","targetHints":{"allow":["GET"]}}],"collection":[{"href":"https:\/\/www.altercampagne.net\/index.php?rest_route=\/wp\/v2\/posts"}],"about":[{"href":"https:\/\/www.altercampagne.net\/index.php?rest_route=\/wp\/v2\/types\/post"}],"author":[{"embeddable":true,"href":"https:\/\/www.altercampagne.net\/index.php?rest_route=\/wp\/v2\/users\/214"}],"replies":[{"embeddable":true,"href":"https:\/\/www.altercampagne.net\/index.php?rest_route=%2Fwp%2Fv2%2Fcomments&post=7088"}],"version-history":[{"count":0,"href":"https:\/\/www.altercampagne.net\/index.php?rest_route=\/wp\/v2\/posts\/7088\/revisions"}],"wp:attachment":[{"href":"https:\/\/www.altercampagne.net\/index.php?rest_route=%2Fwp%2Fv2%2Fmedia&parent=7088"}],"wp:term":[{"taxonomy":"category","embeddable":true,"href":"https:\/\/www.altercampagne.net\/index.php?rest_route=%2Fwp%2Fv2%2Fcategories&post=7088"},{"taxonomy":"post_tag","embeddable":true,"href":"https:\/\/www.altercampagne.net\/index.php?rest_route=%2Fwp%2Fv2%2Ftags&post=7088"}],"curies":[{"name":"wp","href":"https:\/\/api.w.org\/{rel}","templated":true}]}}