{"id":7102,"date":"2017-06-14T11:01:16","date_gmt":"2017-06-14T09:01:16","guid":{"rendered":"http:\/\/www.altercampagne.net\/?p=7102"},"modified":"2020-02-24T11:38:20","modified_gmt":"2020-02-24T10:38:20","slug":"lolivette-le-jardin-de-langel-le-22-juillet-2017-a-armissan-aude","status":"publish","type":"post","link":"https:\/\/www.altercampagne.net\/?p=7102","title":{"rendered":"Les petits paysans sont une des cl\u00e9s de la transition !"},"content":{"rendered":"<p><a href=\"http:\/\/www.altercampagne.net\/wp-content\/uploads\/2017\/06\/LOlivette-et-Langel.jpg\"><img loading=\"lazy\" decoding=\"async\" class=\" size-medium wp-image-7066 alignleft\" src=\"http:\/\/www.altercampagne.net\/wp-content\/uploads\/2017\/06\/LOlivette-et-Langel-300x219.jpg\" alt=\"L'Olivette et Langel\" width=\"300\" height=\"219\" srcset=\"https:\/\/www.altercampagne.net\/wp-content\/uploads\/2017\/06\/LOlivette-et-Langel-300x219.jpg 300w, https:\/\/www.altercampagne.net\/wp-content\/uploads\/2017\/06\/LOlivette-et-Langel.jpg 686w\" sizes=\"auto, (max-width: 300px) 100vw, 300px\" \/><\/a>\u00c0 l\u2019<a href=\"http:\/\/olivettedelangel.fr\/\" target=\"_blank\" rel=\"noopener noreferrer\"><strong>Olivette et au Jardin de Langel<\/strong><\/a>, on conjugue agri avec cultureS. Bien s\u00fbr, Odile et Matias travaillent la terre : olives et leurs produits transform\u00e9s, mara\u00eechage et poulets. En bio bien s\u00fbr. Le fruit de ce travail pourvoit les tabl\u00e9es de leur Auberge Paysanne. Il est m\u00eame possible d\u2019y dormir. C\u2019est \u00e7a le r\u00e9seau <a href=\"http:\/\/www.accueil-paysan.com\/fr\/\" target=\"_blank\" rel=\"noopener noreferrer\">Accueil Paysan<\/a>. Mais pas que\u2026 Les anciennes \u00e9curies accueillent des \u00e9v\u00e8nements culturels. Et pas n\u2019importe lesquels bien s\u00fbr : l\u2019exposition d\u2019une artiste syrienne r\u00e9fugi\u00e9e ou d\u2019une militante politique basque. R\u00e9sidence d\u2019artistes, concerts \u201cau chapeau\u201d, d\u00e9bats, \u00e7a cr\u00e9e du lien social sur fond de valeurs paysannes. Il s\u2019agit de partager leur vie jusqu\u2019au bout de la fourche. Bient\u00f4t, l\u2019Olivette ouvrira aussi ses portes \u00e0 des jeunes pour des s\u00e9jours dits \u201cde rupture\u201d ou \u00e0 des personnes en proc\u00e9dure d\u2019\u00e9loignement de leur foyer familial. Le travail de la terre pour s\u2019extraire d\u2019un quotidien difficile. Vous avez dit Paysans Sociaux et Culturels ? Bien s\u00fbr !<\/p>\n<p><strong>Les petits paysans sont une des cl\u00e9s de la transition !<\/strong><\/p>\n<p>\u201cPour nous, la transition, elle est dans un nouveau monde. On est all\u00e9 trop loin dans la destruction de la Terre\u2011M\u00e8re. Il faut radicalement changer notre consommation. Et nous les petits paysans, on est une des cl\u00e9s de la transition ! Montrer que l\u2019on peut produire, vivre et cr\u00e9er du lien avec des petites surfaces, dans le respect de la terre et de l\u2019humain, va \u00e0 l\u2019inverse des mod\u00e8les de l\u2019agriculture industrielle et intensive. Il devrait y avoir un label payant \u201cToxique\u201d plut\u00f4t qu\u2019un label \u201cBio\u201d ! Matias, avant d\u2019\u00eatre paysan, s\u2019est heurt\u00e9 au mod\u00e8le scolaire classique. Et aujourd\u2019hui, il veut transmettre \u00e0 d\u2019autres ce qu\u2019il a d\u00e9couvert en travaillant la terre. L\u2019accueil de personnes en difficult\u00e9, c\u2019est d\u00e9montrer que notre mod\u00e8le d\u2019agriculture est aussi une porte de sortie positive. On a envie de donner de la place \u00e0 ces paroles-l\u00e0 pour qu\u2019elles soient enfin entendues, pour donner l\u2019occasion de faire d\u00e9couvrir et surtout partager un monde diff\u00e9rent. On esp\u00e8re que leur s\u00e9jour sera marquant.\u201d<\/p>\n<p style=\"text-align: right;\"><strong>Odile, paysanne en devenir<\/strong><\/p>\n<p>Extrait du Recueil des Alternatives de l\u2019AlterTour 2017, disponible dans le num\u00e9ro de juin de la Revue Silence.<\/p>\n<p>L&rsquo;Olivette &amp; le Jardin de Langel\u00a0accueillera l\u2019AlterTour le 22 juillet 2017 \u00e0 Armissan (Aude). Pour plus d\u2019infos consultez le <a href=\"http:\/\/www.altercampagne.net\/?page_id=150\">programme<\/a><\/p>\n","protected":false},"excerpt":{"rendered":"<p>\u00c0 l\u2019Olivette et au Jardin de Langel, on conjugue agri avec cultureS. Bien s\u00fbr, Odile et Matias travaillent la terre : olives et leurs produits transform\u00e9s, mara\u00eechage et poulets. En bio bien s\u00fbr. Le fruit de ce travail pourvoit les tabl\u00e9es de leur Auberge Paysanne. Il est m\u00eame possible d\u2019y &#8230; <\/p>\n<div><a href=\"https:\/\/www.altercampagne.net\/?p=7102\" class=\"more-link\">Read More<\/a><\/div>\n","protected":false},"author":214,"featured_media":0,"comment_status":"closed","ping_status":"closed","sticky":false,"template":"","format":"standard","meta":{"footnotes":""},"categories":[3457],"tags":[358,431,523,1973,2783,2784,2785,3025,3026,3027,3298],"class_list":["post-7102","post","type-post","status-publish","format-standard","hentry","category-edition-2017","tag-altertour","tag-accueil-paysan","tag-aude","tag-languedoc-roussillon","tag-altertour-2017","tag-2784","tag-occitanie","tag-lolivette-le-jardin-de-langel","tag-olivette","tag-armissan","tag-olivette-et-jardin-de-langel","no-post-thumbnail"],"yoast_head":"<!-- This site is optimized with the Yoast SEO plugin v27.3 - https:\/\/yoast.com\/product\/yoast-seo-wordpress\/ -->\n<title>Les petits paysans sont une des cl\u00e9s de la transition ! - AlterTour<\/title>\n<meta name=\"robots\" content=\"index, follow, max-snippet:-1, max-image-preview:large, max-video-preview:-1\" \/>\n<link rel=\"canonical\" href=\"https:\/\/www.altercampagne.net\/?p=7102\" \/>\n<meta property=\"og:locale\" content=\"fr_FR\" \/>\n<meta property=\"og:type\" content=\"article\" \/>\n<meta property=\"og:title\" content=\"Les petits paysans sont une des cl\u00e9s de la transition ! - AlterTour\" \/>\n<meta property=\"og:description\" content=\"\u00c0 l\u2019Olivette et au Jardin de Langel, on conjugue agri avec cultureS. Bien s\u00fbr, Odile et Matias travaillent la terre : olives et leurs produits transform\u00e9s, mara\u00eechage et poulets. En bio bien s\u00fbr. Le fruit de ce travail pourvoit les tabl\u00e9es de leur Auberge Paysanne. Il est m\u00eame possible d\u2019y ... Read More\" \/>\n<meta property=\"og:url\" content=\"https:\/\/www.altercampagne.net\/?p=7102\" \/>\n<meta property=\"og:site_name\" content=\"AlterTour\" \/>\n<meta property=\"article:published_time\" content=\"2017-06-14T09:01:16+00:00\" \/>\n<meta property=\"article:modified_time\" content=\"2020-02-24T10:38:20+00:00\" \/>\n<meta property=\"og:image\" content=\"http:\/\/www.altercampagne.net\/wp-content\/uploads\/2017\/06\/LOlivette-et-Langel-300x219.jpg\" \/>\n<meta name=\"author\" content=\"Mathieu\" \/>\n<meta name=\"twitter:card\" content=\"summary_large_image\" \/>\n<meta name=\"twitter:label1\" content=\"\u00c9crit par\" \/>\n\t<meta name=\"twitter:data1\" content=\"Mathieu\" \/>\n\t<meta name=\"twitter:label2\" content=\"Dur\u00e9e de lecture estim\u00e9e\" \/>\n\t<meta name=\"twitter:data2\" content=\"2 minutes\" \/>\n<script type=\"application\/ld+json\" class=\"yoast-schema-graph\">{\"@context\":\"https:\\\/\\\/schema.org\",\"@graph\":[{\"@type\":\"Article\",\"@id\":\"https:\\\/\\\/www.altercampagne.net\\\/?p=7102#article\",\"isPartOf\":{\"@id\":\"https:\\\/\\\/www.altercampagne.net\\\/?p=7102\"},\"author\":{\"name\":\"Mathieu\",\"@id\":\"https:\\\/\\\/www.altercampagne.net\\\/#\\\/schema\\\/person\\\/0f261460c09e430caa0f9bcffa319109\"},\"headline\":\"Les petits paysans sont une des cl\u00e9s de la transition !\",\"datePublished\":\"2017-06-14T09:01:16+00:00\",\"dateModified\":\"2020-02-24T10:38:20+00:00\",\"mainEntityOfPage\":{\"@id\":\"https:\\\/\\\/www.altercampagne.net\\\/?p=7102\"},\"wordCount\":438,\"image\":{\"@id\":\"https:\\\/\\\/www.altercampagne.net\\\/?p=7102#primaryimage\"},\"thumbnailUrl\":\"http:\\\/\\\/www.altercampagne.net\\\/wp-content\\\/uploads\\\/2017\\\/06\\\/LOlivette-et-Langel-300x219.jpg\",\"keywords\":[\"AlterTour\",\"accueil paysan\",\"Aude\",\"languedoc-roussillon\",\"AlterTour 2017\",\"2017\",\"Occitanie\",\"L'Olivette &amp; le Jardin de Langel\",\"Olivette\",\"Armissan\",\"Olivette et jardin de Langel\"],\"articleSection\":[\"\u00c9dition 2017\"],\"inLanguage\":\"fr-FR\"},{\"@type\":\"WebPage\",\"@id\":\"https:\\\/\\\/www.altercampagne.net\\\/?p=7102\",\"url\":\"https:\\\/\\\/www.altercampagne.net\\\/?p=7102\",\"name\":\"Les petits paysans sont une des cl\u00e9s de la transition ! - AlterTour\",\"isPartOf\":{\"@id\":\"https:\\\/\\\/www.altercampagne.net\\\/#website\"},\"primaryImageOfPage\":{\"@id\":\"https:\\\/\\\/www.altercampagne.net\\\/?p=7102#primaryimage\"},\"image\":{\"@id\":\"https:\\\/\\\/www.altercampagne.net\\\/?p=7102#primaryimage\"},\"thumbnailUrl\":\"http:\\\/\\\/www.altercampagne.net\\\/wp-content\\\/uploads\\\/2017\\\/06\\\/LOlivette-et-Langel-300x219.jpg\",\"datePublished\":\"2017-06-14T09:01:16+00:00\",\"dateModified\":\"2020-02-24T10:38:20+00:00\",\"author\":{\"@id\":\"https:\\\/\\\/www.altercampagne.net\\\/#\\\/schema\\\/person\\\/0f261460c09e430caa0f9bcffa319109\"},\"breadcrumb\":{\"@id\":\"https:\\\/\\\/www.altercampagne.net\\\/?p=7102#breadcrumb\"},\"inLanguage\":\"fr-FR\",\"potentialAction\":[{\"@type\":\"ReadAction\",\"target\":[\"https:\\\/\\\/www.altercampagne.net\\\/?p=7102\"]}]},{\"@type\":\"ImageObject\",\"inLanguage\":\"fr-FR\",\"@id\":\"https:\\\/\\\/www.altercampagne.net\\\/?p=7102#primaryimage\",\"url\":\"https:\\\/\\\/www.altercampagne.net\\\/wp-content\\\/uploads\\\/2017\\\/06\\\/LOlivette-et-Langel.jpg\",\"contentUrl\":\"https:\\\/\\\/www.altercampagne.net\\\/wp-content\\\/uploads\\\/2017\\\/06\\\/LOlivette-et-Langel.jpg\",\"width\":686,\"height\":500},{\"@type\":\"BreadcrumbList\",\"@id\":\"https:\\\/\\\/www.altercampagne.net\\\/?p=7102#breadcrumb\",\"itemListElement\":[{\"@type\":\"ListItem\",\"position\":1,\"name\":\"Accueil\",\"item\":\"https:\\\/\\\/www.altercampagne.net\\\/\"},{\"@type\":\"ListItem\",\"position\":2,\"name\":\"Les petits paysans sont une des cl\u00e9s de la transition !\"}]},{\"@type\":\"WebSite\",\"@id\":\"https:\\\/\\\/www.altercampagne.net\\\/#website\",\"url\":\"https:\\\/\\\/www.altercampagne.net\\\/\",\"name\":\"AlterTour\",\"description\":\"Reliez les Alternatives \u00e0 v\u00e9lo\",\"potentialAction\":[{\"@type\":\"SearchAction\",\"target\":{\"@type\":\"EntryPoint\",\"urlTemplate\":\"https:\\\/\\\/www.altercampagne.net\\\/?s={search_term_string}\"},\"query-input\":{\"@type\":\"PropertyValueSpecification\",\"valueRequired\":true,\"valueName\":\"search_term_string\"}}],\"inLanguage\":\"fr-FR\"},{\"@type\":\"Person\",\"@id\":\"https:\\\/\\\/www.altercampagne.net\\\/#\\\/schema\\\/person\\\/0f261460c09e430caa0f9bcffa319109\",\"name\":\"Mathieu\",\"image\":{\"@type\":\"ImageObject\",\"inLanguage\":\"fr-FR\",\"@id\":\"https:\\\/\\\/secure.gravatar.com\\\/avatar\\\/aa9d3d24c83f2141e5e2709d0f63d09a99f6be6bb7a50abc4915838d9f54501a?s=96&d=mm&r=g\",\"url\":\"https:\\\/\\\/secure.gravatar.com\\\/avatar\\\/aa9d3d24c83f2141e5e2709d0f63d09a99f6be6bb7a50abc4915838d9f54501a?s=96&d=mm&r=g\",\"contentUrl\":\"https:\\\/\\\/secure.gravatar.com\\\/avatar\\\/aa9d3d24c83f2141e5e2709d0f63d09a99f6be6bb7a50abc4915838d9f54501a?s=96&d=mm&r=g\",\"caption\":\"Mathieu\"},\"url\":\"https:\\\/\\\/www.altercampagne.net\\\/?author=214\"}]}<\/script>\n<!-- \/ Yoast SEO plugin. -->","yoast_head_json":{"title":"Les petits paysans sont une des cl\u00e9s de la transition ! - AlterTour","robots":{"index":"index","follow":"follow","max-snippet":"max-snippet:-1","max-image-preview":"max-image-preview:large","max-video-preview":"max-video-preview:-1"},"canonical":"https:\/\/www.altercampagne.net\/?p=7102","og_locale":"fr_FR","og_type":"article","og_title":"Les petits paysans sont une des cl\u00e9s de la transition ! - AlterTour","og_description":"\u00c0 l\u2019Olivette et au Jardin de Langel, on conjugue agri avec cultureS. Bien s\u00fbr, Odile et Matias travaillent la terre : olives et leurs produits transform\u00e9s, mara\u00eechage et poulets. En bio bien s\u00fbr. Le fruit de ce travail pourvoit les tabl\u00e9es de leur Auberge Paysanne. Il est m\u00eame possible d\u2019y ... Read More","og_url":"https:\/\/www.altercampagne.net\/?p=7102","og_site_name":"AlterTour","article_published_time":"2017-06-14T09:01:16+00:00","article_modified_time":"2020-02-24T10:38:20+00:00","og_image":[{"url":"http:\/\/www.altercampagne.net\/wp-content\/uploads\/2017\/06\/LOlivette-et-Langel-300x219.jpg","type":"","width":"","height":""}],"author":"Mathieu","twitter_card":"summary_large_image","twitter_misc":{"\u00c9crit par":"Mathieu","Dur\u00e9e de lecture estim\u00e9e":"2 minutes"},"schema":{"@context":"https:\/\/schema.org","@graph":[{"@type":"Article","@id":"https:\/\/www.altercampagne.net\/?p=7102#article","isPartOf":{"@id":"https:\/\/www.altercampagne.net\/?p=7102"},"author":{"name":"Mathieu","@id":"https:\/\/www.altercampagne.net\/#\/schema\/person\/0f261460c09e430caa0f9bcffa319109"},"headline":"Les petits paysans sont une des cl\u00e9s de la transition !","datePublished":"2017-06-14T09:01:16+00:00","dateModified":"2020-02-24T10:38:20+00:00","mainEntityOfPage":{"@id":"https:\/\/www.altercampagne.net\/?p=7102"},"wordCount":438,"image":{"@id":"https:\/\/www.altercampagne.net\/?p=7102#primaryimage"},"thumbnailUrl":"http:\/\/www.altercampagne.net\/wp-content\/uploads\/2017\/06\/LOlivette-et-Langel-300x219.jpg","keywords":["AlterTour","accueil paysan","Aude","languedoc-roussillon","AlterTour 2017","2017","Occitanie","L'Olivette &amp; le Jardin de Langel","Olivette","Armissan","Olivette et jardin de Langel"],"articleSection":["\u00c9dition 2017"],"inLanguage":"fr-FR"},{"@type":"WebPage","@id":"https:\/\/www.altercampagne.net\/?p=7102","url":"https:\/\/www.altercampagne.net\/?p=7102","name":"Les petits paysans sont une des cl\u00e9s de la transition ! - AlterTour","isPartOf":{"@id":"https:\/\/www.altercampagne.net\/#website"},"primaryImageOfPage":{"@id":"https:\/\/www.altercampagne.net\/?p=7102#primaryimage"},"image":{"@id":"https:\/\/www.altercampagne.net\/?p=7102#primaryimage"},"thumbnailUrl":"http:\/\/www.altercampagne.net\/wp-content\/uploads\/2017\/06\/LOlivette-et-Langel-300x219.jpg","datePublished":"2017-06-14T09:01:16+00:00","dateModified":"2020-02-24T10:38:20+00:00","author":{"@id":"https:\/\/www.altercampagne.net\/#\/schema\/person\/0f261460c09e430caa0f9bcffa319109"},"breadcrumb":{"@id":"https:\/\/www.altercampagne.net\/?p=7102#breadcrumb"},"inLanguage":"fr-FR","potentialAction":[{"@type":"ReadAction","target":["https:\/\/www.altercampagne.net\/?p=7102"]}]},{"@type":"ImageObject","inLanguage":"fr-FR","@id":"https:\/\/www.altercampagne.net\/?p=7102#primaryimage","url":"https:\/\/www.altercampagne.net\/wp-content\/uploads\/2017\/06\/LOlivette-et-Langel.jpg","contentUrl":"https:\/\/www.altercampagne.net\/wp-content\/uploads\/2017\/06\/LOlivette-et-Langel.jpg","width":686,"height":500},{"@type":"BreadcrumbList","@id":"https:\/\/www.altercampagne.net\/?p=7102#breadcrumb","itemListElement":[{"@type":"ListItem","position":1,"name":"Accueil","item":"https:\/\/www.altercampagne.net\/"},{"@type":"ListItem","position":2,"name":"Les petits paysans sont une des cl\u00e9s de la transition !"}]},{"@type":"WebSite","@id":"https:\/\/www.altercampagne.net\/#website","url":"https:\/\/www.altercampagne.net\/","name":"AlterTour","description":"Reliez les Alternatives \u00e0 v\u00e9lo","potentialAction":[{"@type":"SearchAction","target":{"@type":"EntryPoint","urlTemplate":"https:\/\/www.altercampagne.net\/?s={search_term_string}"},"query-input":{"@type":"PropertyValueSpecification","valueRequired":true,"valueName":"search_term_string"}}],"inLanguage":"fr-FR"},{"@type":"Person","@id":"https:\/\/www.altercampagne.net\/#\/schema\/person\/0f261460c09e430caa0f9bcffa319109","name":"Mathieu","image":{"@type":"ImageObject","inLanguage":"fr-FR","@id":"https:\/\/secure.gravatar.com\/avatar\/aa9d3d24c83f2141e5e2709d0f63d09a99f6be6bb7a50abc4915838d9f54501a?s=96&d=mm&r=g","url":"https:\/\/secure.gravatar.com\/avatar\/aa9d3d24c83f2141e5e2709d0f63d09a99f6be6bb7a50abc4915838d9f54501a?s=96&d=mm&r=g","contentUrl":"https:\/\/secure.gravatar.com\/avatar\/aa9d3d24c83f2141e5e2709d0f63d09a99f6be6bb7a50abc4915838d9f54501a?s=96&d=mm&r=g","caption":"Mathieu"},"url":"https:\/\/www.altercampagne.net\/?author=214"}]}},"_links":{"self":[{"href":"https:\/\/www.altercampagne.net\/index.php?rest_route=\/wp\/v2\/posts\/7102","targetHints":{"allow":["GET"]}}],"collection":[{"href":"https:\/\/www.altercampagne.net\/index.php?rest_route=\/wp\/v2\/posts"}],"about":[{"href":"https:\/\/www.altercampagne.net\/index.php?rest_route=\/wp\/v2\/types\/post"}],"author":[{"embeddable":true,"href":"https:\/\/www.altercampagne.net\/index.php?rest_route=\/wp\/v2\/users\/214"}],"replies":[{"embeddable":true,"href":"https:\/\/www.altercampagne.net\/index.php?rest_route=%2Fwp%2Fv2%2Fcomments&post=7102"}],"version-history":[{"count":1,"href":"https:\/\/www.altercampagne.net\/index.php?rest_route=\/wp\/v2\/posts\/7102\/revisions"}],"predecessor-version":[{"id":17277,"href":"https:\/\/www.altercampagne.net\/index.php?rest_route=\/wp\/v2\/posts\/7102\/revisions\/17277"}],"wp:attachment":[{"href":"https:\/\/www.altercampagne.net\/index.php?rest_route=%2Fwp%2Fv2%2Fmedia&parent=7102"}],"wp:term":[{"taxonomy":"category","embeddable":true,"href":"https:\/\/www.altercampagne.net\/index.php?rest_route=%2Fwp%2Fv2%2Fcategories&post=7102"},{"taxonomy":"post_tag","embeddable":true,"href":"https:\/\/www.altercampagne.net\/index.php?rest_route=%2Fwp%2Fv2%2Ftags&post=7102"}],"curies":[{"name":"wp","href":"https:\/\/api.w.org\/{rel}","templated":true}]}}