{"id":7129,"date":"2017-06-15T12:41:05","date_gmt":"2017-06-15T10:41:05","guid":{"rendered":"http:\/\/www.altercampagne.net\/?p=7129"},"modified":"2020-02-24T14:37:38","modified_gmt":"2020-02-24T13:37:38","slug":"le-chemin-de-transition-de-florence","status":"publish","type":"post","link":"https:\/\/www.altercampagne.net\/?p=7129","title":{"rendered":"J&rsquo;ai cr\u00e9er mon atelier-couture !"},"content":{"rendered":"<p><a href=\"http:\/\/www.altercampagne.net\/wp-content\/uploads\/2017\/06\/2010-07-21_16.46.39_1151.jpg\"><img loading=\"lazy\" decoding=\"async\" class=\" size-medium wp-image-7130 alignleft\" src=\"http:\/\/www.altercampagne.net\/wp-content\/uploads\/2017\/06\/2010-07-21_16.46.39_1151-201x300.jpg\" alt=\"2010-07-21_16.46.39_1151\" width=\"201\" height=\"300\" srcset=\"https:\/\/www.altercampagne.net\/wp-content\/uploads\/2017\/06\/2010-07-21_16.46.39_1151-201x300.jpg 201w, https:\/\/www.altercampagne.net\/wp-content\/uploads\/2017\/06\/2010-07-21_16.46.39_1151-687x1024.jpg 687w, https:\/\/www.altercampagne.net\/wp-content\/uploads\/2017\/06\/2010-07-21_16.46.39_1151.jpg 992w\" sizes=\"auto, (max-width: 201px) 100vw, 201px\" \/><\/a>\u201cCo n v a i n c u e qu\u2019un avenir meilleur \u00e9tait possible suite \u00e0 mon 1er AlterTour, j\u2019ai plaqu\u00e9 Jean\u2011Paul&#8230; GAULTIER !<\/p>\n<p>J\u2019ai fait le compagnonnage du <strong><a href=\"http:\/\/www.reseaurepas.free.fr\/index.php\" target=\"_blank\" rel=\"noopener noreferrer\">r\u00e9seau REPAS<\/a><\/strong>, puis j\u2019ai v\u00e9cu un an et demi dans une communaut\u00e9 italienne, entre vignes et oliviers.<\/p>\n<p>Mais n\u2019\u00e9tant pas paysanne pour 2 sous, je m\u2019en doutais \u00e0 force de me c\u00f4toyer, j\u2019ai finalement mis tristement des chips en rayon, avant de cr\u00e9er enfin mon atelier-couture : <strong><a href=\"http:\/\/www.piqueusesdidees.fr\/\" target=\"_blank\" rel=\"noopener noreferrer\">Les Piqueuses d&rsquo;Id\u00e9es<\/a><\/strong>. Le plus sympa de tout l\u2019Ouest ! Et \u00e7a marche ! J\u2019y suis heureuse et j\u2019ai du temps en plus pour une vie sociale sympathique. Dans le milieu militant, l\u2019amalgame entre f\u00e9minit\u00e9 et superficialit\u00e9 est encore trop pr\u00e9sent.<\/p>\n<p>R\u00e9guli\u00e8rement sur l\u2019AT des femmes venaient m\u2019avouer, \u00e0 moi couturi\u00e8re p\u00e9dalant en jupette, qu\u2019elles n\u2019osaient ni jupes ni maquillage le reste de l\u2019ann\u00e9e.<\/p>\n<p>Alors en 2011, j\u2019ai lanc\u00e9 l\u2019id\u00e9e d\u2019une Journ\u00e9e de la Jupe sur l\u2019AT. Ni une ni deux, femmes, hommes et v\u00e9los ont jou\u00e9 le jeu d\u2019en porter une pendant une journ\u00e9e. \u00c7a la d\u00e9mocratise et d\u00e9fend l\u2019id\u00e9e d\u2019un choix esth\u00e9tique avant tout. Et 6 ans plus tard, cette journ\u00e9e existe encore !\u201d<\/p>\n<p style=\"text-align: right;\"><strong>Florence<\/strong><\/p>\n","protected":false},"excerpt":{"rendered":"<p>\u201cCo n v a i n c u e qu\u2019un avenir meilleur \u00e9tait possible suite \u00e0 mon 1er AlterTour, j\u2019ai plaqu\u00e9 Jean\u2011Paul&#8230; GAULTIER ! J\u2019ai fait le compagnonnage du r\u00e9seau REPAS, puis j\u2019ai v\u00e9cu un an et demi dans une communaut\u00e9 italienne, entre vignes et oliviers. Mais n\u2019\u00e9tant pas paysanne &#8230; <\/p>\n<div><a href=\"https:\/\/www.altercampagne.net\/?p=7129\" class=\"more-link\">Read More<\/a><\/div>\n","protected":false},"author":214,"featured_media":0,"comment_status":"closed","ping_status":"closed","sticky":false,"template":"","format":"standard","meta":{"footnotes":""},"categories":[3472],"tags":[79,80],"class_list":["post-7129","post","type-post","status-publish","format-standard","hentry","category-bretagne","tag-florence-chene","tag-reseau-repas","no-post-thumbnail"],"yoast_head":"<!-- This site is optimized with the Yoast SEO plugin v27.3 - https:\/\/yoast.com\/product\/yoast-seo-wordpress\/ -->\n<title>J&#039;ai cr\u00e9er mon atelier-couture ! - AlterTour<\/title>\n<meta name=\"robots\" content=\"index, follow, max-snippet:-1, max-image-preview:large, max-video-preview:-1\" \/>\n<link rel=\"canonical\" href=\"https:\/\/www.altercampagne.net\/?p=7129\" \/>\n<meta property=\"og:locale\" content=\"fr_FR\" \/>\n<meta property=\"og:type\" content=\"article\" \/>\n<meta property=\"og:title\" content=\"J&#039;ai cr\u00e9er mon atelier-couture ! - AlterTour\" \/>\n<meta property=\"og:description\" content=\"\u201cCo n v a i n c u e qu\u2019un avenir meilleur \u00e9tait possible suite \u00e0 mon 1er AlterTour, j\u2019ai plaqu\u00e9 Jean\u2011Paul&#8230; GAULTIER ! J\u2019ai fait le compagnonnage du r\u00e9seau REPAS, puis j\u2019ai v\u00e9cu un an et demi dans une communaut\u00e9 italienne, entre vignes et oliviers. Mais n\u2019\u00e9tant pas paysanne ... Read More\" \/>\n<meta property=\"og:url\" content=\"https:\/\/www.altercampagne.net\/?p=7129\" \/>\n<meta property=\"og:site_name\" content=\"AlterTour\" \/>\n<meta property=\"article:published_time\" content=\"2017-06-15T10:41:05+00:00\" \/>\n<meta property=\"article:modified_time\" content=\"2020-02-24T13:37:38+00:00\" \/>\n<meta property=\"og:image\" content=\"http:\/\/www.altercampagne.net\/wp-content\/uploads\/2017\/06\/2010-07-21_16.46.39_1151-201x300.jpg\" \/>\n<meta name=\"author\" content=\"Mathieu\" \/>\n<meta name=\"twitter:card\" content=\"summary_large_image\" \/>\n<meta name=\"twitter:label1\" content=\"\u00c9crit par\" \/>\n\t<meta name=\"twitter:data1\" content=\"Mathieu\" \/>\n\t<meta name=\"twitter:label2\" content=\"Dur\u00e9e de lecture estim\u00e9e\" \/>\n\t<meta name=\"twitter:data2\" content=\"1 minute\" \/>\n<script type=\"application\/ld+json\" class=\"yoast-schema-graph\">{\"@context\":\"https:\\\/\\\/schema.org\",\"@graph\":[{\"@type\":\"Article\",\"@id\":\"https:\\\/\\\/www.altercampagne.net\\\/?p=7129#article\",\"isPartOf\":{\"@id\":\"https:\\\/\\\/www.altercampagne.net\\\/?p=7129\"},\"author\":{\"name\":\"Mathieu\",\"@id\":\"https:\\\/\\\/www.altercampagne.net\\\/#\\\/schema\\\/person\\\/0f261460c09e430caa0f9bcffa319109\"},\"headline\":\"J&rsquo;ai cr\u00e9er mon atelier-couture !\",\"datePublished\":\"2017-06-15T10:41:05+00:00\",\"dateModified\":\"2020-02-24T13:37:38+00:00\",\"mainEntityOfPage\":{\"@id\":\"https:\\\/\\\/www.altercampagne.net\\\/?p=7129\"},\"wordCount\":234,\"image\":{\"@id\":\"https:\\\/\\\/www.altercampagne.net\\\/?p=7129#primaryimage\"},\"thumbnailUrl\":\"http:\\\/\\\/www.altercampagne.net\\\/wp-content\\\/uploads\\\/2017\\\/06\\\/2010-07-21_16.46.39_1151-201x300.jpg\",\"keywords\":[\"Florence Ch\u00e9n\u00e9\",\"R\u00e9seau Repas\"],\"articleSection\":[\"Bretagne\"],\"inLanguage\":\"fr-FR\"},{\"@type\":\"WebPage\",\"@id\":\"https:\\\/\\\/www.altercampagne.net\\\/?p=7129\",\"url\":\"https:\\\/\\\/www.altercampagne.net\\\/?p=7129\",\"name\":\"J'ai cr\u00e9er mon atelier-couture ! - AlterTour\",\"isPartOf\":{\"@id\":\"https:\\\/\\\/www.altercampagne.net\\\/#website\"},\"primaryImageOfPage\":{\"@id\":\"https:\\\/\\\/www.altercampagne.net\\\/?p=7129#primaryimage\"},\"image\":{\"@id\":\"https:\\\/\\\/www.altercampagne.net\\\/?p=7129#primaryimage\"},\"thumbnailUrl\":\"http:\\\/\\\/www.altercampagne.net\\\/wp-content\\\/uploads\\\/2017\\\/06\\\/2010-07-21_16.46.39_1151-201x300.jpg\",\"datePublished\":\"2017-06-15T10:41:05+00:00\",\"dateModified\":\"2020-02-24T13:37:38+00:00\",\"author\":{\"@id\":\"https:\\\/\\\/www.altercampagne.net\\\/#\\\/schema\\\/person\\\/0f261460c09e430caa0f9bcffa319109\"},\"breadcrumb\":{\"@id\":\"https:\\\/\\\/www.altercampagne.net\\\/?p=7129#breadcrumb\"},\"inLanguage\":\"fr-FR\",\"potentialAction\":[{\"@type\":\"ReadAction\",\"target\":[\"https:\\\/\\\/www.altercampagne.net\\\/?p=7129\"]}]},{\"@type\":\"ImageObject\",\"inLanguage\":\"fr-FR\",\"@id\":\"https:\\\/\\\/www.altercampagne.net\\\/?p=7129#primaryimage\",\"url\":\"https:\\\/\\\/www.altercampagne.net\\\/wp-content\\\/uploads\\\/2017\\\/06\\\/2010-07-21_16.46.39_1151.jpg\",\"contentUrl\":\"https:\\\/\\\/www.altercampagne.net\\\/wp-content\\\/uploads\\\/2017\\\/06\\\/2010-07-21_16.46.39_1151.jpg\",\"width\":992,\"height\":1478},{\"@type\":\"BreadcrumbList\",\"@id\":\"https:\\\/\\\/www.altercampagne.net\\\/?p=7129#breadcrumb\",\"itemListElement\":[{\"@type\":\"ListItem\",\"position\":1,\"name\":\"Accueil\",\"item\":\"https:\\\/\\\/www.altercampagne.net\\\/\"},{\"@type\":\"ListItem\",\"position\":2,\"name\":\"J&rsquo;ai cr\u00e9er mon atelier-couture !\"}]},{\"@type\":\"WebSite\",\"@id\":\"https:\\\/\\\/www.altercampagne.net\\\/#website\",\"url\":\"https:\\\/\\\/www.altercampagne.net\\\/\",\"name\":\"AlterTour\",\"description\":\"Reliez les Alternatives \u00e0 v\u00e9lo\",\"potentialAction\":[{\"@type\":\"SearchAction\",\"target\":{\"@type\":\"EntryPoint\",\"urlTemplate\":\"https:\\\/\\\/www.altercampagne.net\\\/?s={search_term_string}\"},\"query-input\":{\"@type\":\"PropertyValueSpecification\",\"valueRequired\":true,\"valueName\":\"search_term_string\"}}],\"inLanguage\":\"fr-FR\"},{\"@type\":\"Person\",\"@id\":\"https:\\\/\\\/www.altercampagne.net\\\/#\\\/schema\\\/person\\\/0f261460c09e430caa0f9bcffa319109\",\"name\":\"Mathieu\",\"image\":{\"@type\":\"ImageObject\",\"inLanguage\":\"fr-FR\",\"@id\":\"https:\\\/\\\/secure.gravatar.com\\\/avatar\\\/aa9d3d24c83f2141e5e2709d0f63d09a99f6be6bb7a50abc4915838d9f54501a?s=96&d=mm&r=g\",\"url\":\"https:\\\/\\\/secure.gravatar.com\\\/avatar\\\/aa9d3d24c83f2141e5e2709d0f63d09a99f6be6bb7a50abc4915838d9f54501a?s=96&d=mm&r=g\",\"contentUrl\":\"https:\\\/\\\/secure.gravatar.com\\\/avatar\\\/aa9d3d24c83f2141e5e2709d0f63d09a99f6be6bb7a50abc4915838d9f54501a?s=96&d=mm&r=g\",\"caption\":\"Mathieu\"},\"url\":\"https:\\\/\\\/www.altercampagne.net\\\/?author=214\"}]}<\/script>\n<!-- \/ Yoast SEO plugin. -->","yoast_head_json":{"title":"J'ai cr\u00e9er mon atelier-couture ! - AlterTour","robots":{"index":"index","follow":"follow","max-snippet":"max-snippet:-1","max-image-preview":"max-image-preview:large","max-video-preview":"max-video-preview:-1"},"canonical":"https:\/\/www.altercampagne.net\/?p=7129","og_locale":"fr_FR","og_type":"article","og_title":"J'ai cr\u00e9er mon atelier-couture ! - AlterTour","og_description":"\u201cCo n v a i n c u e qu\u2019un avenir meilleur \u00e9tait possible suite \u00e0 mon 1er AlterTour, j\u2019ai plaqu\u00e9 Jean\u2011Paul&#8230; GAULTIER ! J\u2019ai fait le compagnonnage du r\u00e9seau REPAS, puis j\u2019ai v\u00e9cu un an et demi dans une communaut\u00e9 italienne, entre vignes et oliviers. Mais n\u2019\u00e9tant pas paysanne ... Read More","og_url":"https:\/\/www.altercampagne.net\/?p=7129","og_site_name":"AlterTour","article_published_time":"2017-06-15T10:41:05+00:00","article_modified_time":"2020-02-24T13:37:38+00:00","og_image":[{"url":"http:\/\/www.altercampagne.net\/wp-content\/uploads\/2017\/06\/2010-07-21_16.46.39_1151-201x300.jpg","type":"","width":"","height":""}],"author":"Mathieu","twitter_card":"summary_large_image","twitter_misc":{"\u00c9crit par":"Mathieu","Dur\u00e9e de lecture estim\u00e9e":"1 minute"},"schema":{"@context":"https:\/\/schema.org","@graph":[{"@type":"Article","@id":"https:\/\/www.altercampagne.net\/?p=7129#article","isPartOf":{"@id":"https:\/\/www.altercampagne.net\/?p=7129"},"author":{"name":"Mathieu","@id":"https:\/\/www.altercampagne.net\/#\/schema\/person\/0f261460c09e430caa0f9bcffa319109"},"headline":"J&rsquo;ai cr\u00e9er mon atelier-couture !","datePublished":"2017-06-15T10:41:05+00:00","dateModified":"2020-02-24T13:37:38+00:00","mainEntityOfPage":{"@id":"https:\/\/www.altercampagne.net\/?p=7129"},"wordCount":234,"image":{"@id":"https:\/\/www.altercampagne.net\/?p=7129#primaryimage"},"thumbnailUrl":"http:\/\/www.altercampagne.net\/wp-content\/uploads\/2017\/06\/2010-07-21_16.46.39_1151-201x300.jpg","keywords":["Florence Ch\u00e9n\u00e9","R\u00e9seau Repas"],"articleSection":["Bretagne"],"inLanguage":"fr-FR"},{"@type":"WebPage","@id":"https:\/\/www.altercampagne.net\/?p=7129","url":"https:\/\/www.altercampagne.net\/?p=7129","name":"J'ai cr\u00e9er mon atelier-couture ! - AlterTour","isPartOf":{"@id":"https:\/\/www.altercampagne.net\/#website"},"primaryImageOfPage":{"@id":"https:\/\/www.altercampagne.net\/?p=7129#primaryimage"},"image":{"@id":"https:\/\/www.altercampagne.net\/?p=7129#primaryimage"},"thumbnailUrl":"http:\/\/www.altercampagne.net\/wp-content\/uploads\/2017\/06\/2010-07-21_16.46.39_1151-201x300.jpg","datePublished":"2017-06-15T10:41:05+00:00","dateModified":"2020-02-24T13:37:38+00:00","author":{"@id":"https:\/\/www.altercampagne.net\/#\/schema\/person\/0f261460c09e430caa0f9bcffa319109"},"breadcrumb":{"@id":"https:\/\/www.altercampagne.net\/?p=7129#breadcrumb"},"inLanguage":"fr-FR","potentialAction":[{"@type":"ReadAction","target":["https:\/\/www.altercampagne.net\/?p=7129"]}]},{"@type":"ImageObject","inLanguage":"fr-FR","@id":"https:\/\/www.altercampagne.net\/?p=7129#primaryimage","url":"https:\/\/www.altercampagne.net\/wp-content\/uploads\/2017\/06\/2010-07-21_16.46.39_1151.jpg","contentUrl":"https:\/\/www.altercampagne.net\/wp-content\/uploads\/2017\/06\/2010-07-21_16.46.39_1151.jpg","width":992,"height":1478},{"@type":"BreadcrumbList","@id":"https:\/\/www.altercampagne.net\/?p=7129#breadcrumb","itemListElement":[{"@type":"ListItem","position":1,"name":"Accueil","item":"https:\/\/www.altercampagne.net\/"},{"@type":"ListItem","position":2,"name":"J&rsquo;ai cr\u00e9er mon atelier-couture !"}]},{"@type":"WebSite","@id":"https:\/\/www.altercampagne.net\/#website","url":"https:\/\/www.altercampagne.net\/","name":"AlterTour","description":"Reliez les Alternatives \u00e0 v\u00e9lo","potentialAction":[{"@type":"SearchAction","target":{"@type":"EntryPoint","urlTemplate":"https:\/\/www.altercampagne.net\/?s={search_term_string}"},"query-input":{"@type":"PropertyValueSpecification","valueRequired":true,"valueName":"search_term_string"}}],"inLanguage":"fr-FR"},{"@type":"Person","@id":"https:\/\/www.altercampagne.net\/#\/schema\/person\/0f261460c09e430caa0f9bcffa319109","name":"Mathieu","image":{"@type":"ImageObject","inLanguage":"fr-FR","@id":"https:\/\/secure.gravatar.com\/avatar\/aa9d3d24c83f2141e5e2709d0f63d09a99f6be6bb7a50abc4915838d9f54501a?s=96&d=mm&r=g","url":"https:\/\/secure.gravatar.com\/avatar\/aa9d3d24c83f2141e5e2709d0f63d09a99f6be6bb7a50abc4915838d9f54501a?s=96&d=mm&r=g","contentUrl":"https:\/\/secure.gravatar.com\/avatar\/aa9d3d24c83f2141e5e2709d0f63d09a99f6be6bb7a50abc4915838d9f54501a?s=96&d=mm&r=g","caption":"Mathieu"},"url":"https:\/\/www.altercampagne.net\/?author=214"}]}},"_links":{"self":[{"href":"https:\/\/www.altercampagne.net\/index.php?rest_route=\/wp\/v2\/posts\/7129","targetHints":{"allow":["GET"]}}],"collection":[{"href":"https:\/\/www.altercampagne.net\/index.php?rest_route=\/wp\/v2\/posts"}],"about":[{"href":"https:\/\/www.altercampagne.net\/index.php?rest_route=\/wp\/v2\/types\/post"}],"author":[{"embeddable":true,"href":"https:\/\/www.altercampagne.net\/index.php?rest_route=\/wp\/v2\/users\/214"}],"replies":[{"embeddable":true,"href":"https:\/\/www.altercampagne.net\/index.php?rest_route=%2Fwp%2Fv2%2Fcomments&post=7129"}],"version-history":[{"count":3,"href":"https:\/\/www.altercampagne.net\/index.php?rest_route=\/wp\/v2\/posts\/7129\/revisions"}],"predecessor-version":[{"id":17302,"href":"https:\/\/www.altercampagne.net\/index.php?rest_route=\/wp\/v2\/posts\/7129\/revisions\/17302"}],"wp:attachment":[{"href":"https:\/\/www.altercampagne.net\/index.php?rest_route=%2Fwp%2Fv2%2Fmedia&parent=7129"}],"wp:term":[{"taxonomy":"category","embeddable":true,"href":"https:\/\/www.altercampagne.net\/index.php?rest_route=%2Fwp%2Fv2%2Fcategories&post=7129"},{"taxonomy":"post_tag","embeddable":true,"href":"https:\/\/www.altercampagne.net\/index.php?rest_route=%2Fwp%2Fv2%2Ftags&post=7129"}],"curies":[{"name":"wp","href":"https:\/\/api.w.org\/{rel}","templated":true}]}}