{"id":7137,"date":"2017-06-16T13:01:38","date_gmt":"2017-06-16T11:01:38","guid":{"rendered":"http:\/\/www.altercampagne.net\/?p=7137"},"modified":"2020-02-24T14:38:47","modified_gmt":"2020-02-24T13:38:47","slug":"sur-le-chemin-de-transition-de-sabine-et-antonin","status":"publish","type":"post","link":"https:\/\/www.altercampagne.net\/?p=7137","title":{"rendered":"Nous avons cr\u00e9er un habitat participatif !"},"content":{"rendered":"<p><a href=\"http:\/\/www.altercampagne.net\/wp-content\/uploads\/2017\/06\/2015-07-20_17.24.38_7926.jpg\"><img loading=\"lazy\" decoding=\"async\" class=\" size-medium wp-image-7138 alignleft\" src=\"http:\/\/www.altercampagne.net\/wp-content\/uploads\/2017\/06\/2015-07-20_17.24.38_7926-201x300.jpg\" alt=\"2015-07-20_17.24.38_7926\" width=\"201\" height=\"300\" srcset=\"https:\/\/www.altercampagne.net\/wp-content\/uploads\/2017\/06\/2015-07-20_17.24.38_7926-201x300.jpg 201w, https:\/\/www.altercampagne.net\/wp-content\/uploads\/2017\/06\/2015-07-20_17.24.38_7926-687x1024.jpg 687w, https:\/\/www.altercampagne.net\/wp-content\/uploads\/2017\/06\/2015-07-20_17.24.38_7926.jpg 992w\" sizes=\"auto, (max-width: 201px) 100vw, 201px\" \/><\/a>\u201cJ\u2019avais \u00e0 c\u0153ur l\u2019habitat participatif. Nos plusieurs participations \u00e0 l\u2019AlterTour avec mon fils Antonin m\u2019ont convaincue de la pertinence d\u2019un projet interg\u00e9n\u00e9rationnel.<\/p>\n<p>Et \u00e7a y est, on a emm\u00e9nag\u00e9 fin 2016. Les habitants ont de 6 mois \u00e0 84 ans avec 10 adultes et 6 enfants ! Nous mutualisons nos outils avec \u00e9changes de savoir-faire \u00e0 la cl\u00e9.<\/p>\n<p>Je suis devenue la reine de la pose de chevilles ! Nous avons achet\u00e9 en commun une carriole \u00e0 v\u00e9lo pour les courses et d\u00e9veloppons l\u2019achat group\u00e9. Nos r\u00e9unions et la soir\u00e9e jeux mensuelles se d\u00e9roulent dans la pi\u00e8ce partag\u00e9e.<\/p>\n<p>Comme le dit mon voisin Fran\u00e7ois : \u201cC\u2019est le lieu de r\u00e9alisation de nos utopies\u201d. Par exemple, on y propose \u00e0 tout le quartier une repr\u00e9sentation th\u00e9\u00e2trale.<\/p>\n<p>La vie est plus simple avec des gens de m\u00eames convictions et on trouve l\u2019\u00e9nergie de sensibiliser \u00e0 plus large \u00e9chelle.<\/p>\n<p>En ce moment, nous r\u00e9fl\u00e9chissons \u00e0 l\u2019\u00e9ventualit\u00e9 d\u2019accueillir dans un T2 une personne en insertion ou un migrant. La visite du camp de r\u00e9fugi\u00e9s de Norrent-Fontes pendant l\u2019AlterTour 2015 m\u2019a marqu\u00e9e.<\/p>\n<p>Idem pour notre action avec les D\u00e9boulonneurs lillois. \u00c7a a \u00e9t\u00e9 un vrai truc : tu passes de la th\u00e9orie \u00e0 la pratique et \u00e7a repositionne ton curseur. Maintenant<\/p>\n<p style=\"text-align: right;\"><strong>Sabine et Antonin<\/strong><\/p>\n","protected":false},"excerpt":{"rendered":"<p>\u201cJ\u2019avais \u00e0 c\u0153ur l\u2019habitat participatif. Nos plusieurs participations \u00e0 l\u2019AlterTour avec mon fils Antonin m\u2019ont convaincue de la pertinence d\u2019un projet interg\u00e9n\u00e9rationnel. Et \u00e7a y est, on a emm\u00e9nag\u00e9 fin 2016. Les habitants ont de 6 mois \u00e0 84 ans avec 10 adultes et 6 enfants ! Nous mutualisons nos &#8230; <\/p>\n<div><a href=\"https:\/\/www.altercampagne.net\/?p=7137\" class=\"more-link\">Read More<\/a><\/div>\n","protected":false},"author":214,"featured_media":0,"comment_status":"closed","ping_status":"closed","sticky":false,"template":"","format":"standard","meta":{"footnotes":""},"categories":[3471,3485],"tags":[297,320,3032,4123],"class_list":["post-7137","post","type-post","status-publish","format-standard","hentry","category-auvergne-rhone-alpes","category-habitat","tag-deboulonneurs","tag-norrent-fontes","tag-habitat-participatif","tag-sabine-moulin","no-post-thumbnail"],"yoast_head":"<!-- This site is optimized with the Yoast SEO plugin v27.3 - https:\/\/yoast.com\/product\/yoast-seo-wordpress\/ -->\n<title>Nous avons cr\u00e9er un habitat participatif ! - AlterTour<\/title>\n<meta name=\"robots\" content=\"index, follow, max-snippet:-1, max-image-preview:large, max-video-preview:-1\" \/>\n<link rel=\"canonical\" href=\"https:\/\/www.altercampagne.net\/?p=7137\" \/>\n<meta property=\"og:locale\" content=\"fr_FR\" \/>\n<meta property=\"og:type\" content=\"article\" \/>\n<meta property=\"og:title\" content=\"Nous avons cr\u00e9er un habitat participatif ! - AlterTour\" \/>\n<meta property=\"og:description\" content=\"\u201cJ\u2019avais \u00e0 c\u0153ur l\u2019habitat participatif. Nos plusieurs participations \u00e0 l\u2019AlterTour avec mon fils Antonin m\u2019ont convaincue de la pertinence d\u2019un projet interg\u00e9n\u00e9rationnel. Et \u00e7a y est, on a emm\u00e9nag\u00e9 fin 2016. Les habitants ont de 6 mois \u00e0 84 ans avec 10 adultes et 6 enfants ! Nous mutualisons nos ... Read More\" \/>\n<meta property=\"og:url\" content=\"https:\/\/www.altercampagne.net\/?p=7137\" \/>\n<meta property=\"og:site_name\" content=\"AlterTour\" \/>\n<meta property=\"article:published_time\" content=\"2017-06-16T11:01:38+00:00\" \/>\n<meta property=\"article:modified_time\" content=\"2020-02-24T13:38:47+00:00\" \/>\n<meta property=\"og:image\" content=\"http:\/\/www.altercampagne.net\/wp-content\/uploads\/2017\/06\/2015-07-20_17.24.38_7926-201x300.jpg\" \/>\n<meta name=\"author\" content=\"Mathieu\" \/>\n<meta name=\"twitter:card\" content=\"summary_large_image\" \/>\n<meta name=\"twitter:label1\" content=\"\u00c9crit par\" \/>\n\t<meta name=\"twitter:data1\" content=\"Mathieu\" \/>\n\t<meta name=\"twitter:label2\" content=\"Dur\u00e9e de lecture estim\u00e9e\" \/>\n\t<meta name=\"twitter:data2\" content=\"1 minute\" \/>\n<script type=\"application\/ld+json\" class=\"yoast-schema-graph\">{\"@context\":\"https:\\\/\\\/schema.org\",\"@graph\":[{\"@type\":\"Article\",\"@id\":\"https:\\\/\\\/www.altercampagne.net\\\/?p=7137#article\",\"isPartOf\":{\"@id\":\"https:\\\/\\\/www.altercampagne.net\\\/?p=7137\"},\"author\":{\"name\":\"Mathieu\",\"@id\":\"https:\\\/\\\/www.altercampagne.net\\\/#\\\/schema\\\/person\\\/0f261460c09e430caa0f9bcffa319109\"},\"headline\":\"Nous avons cr\u00e9er un habitat participatif !\",\"datePublished\":\"2017-06-16T11:01:38+00:00\",\"dateModified\":\"2020-02-24T13:38:47+00:00\",\"mainEntityOfPage\":{\"@id\":\"https:\\\/\\\/www.altercampagne.net\\\/?p=7137\"},\"wordCount\":232,\"image\":{\"@id\":\"https:\\\/\\\/www.altercampagne.net\\\/?p=7137#primaryimage\"},\"thumbnailUrl\":\"http:\\\/\\\/www.altercampagne.net\\\/wp-content\\\/uploads\\\/2017\\\/06\\\/2015-07-20_17.24.38_7926-201x300.jpg\",\"keywords\":[\"d\u00e9boulonneurs\",\"norrent-fontes\",\"habitat participatif\",\"Sabine moulin\"],\"articleSection\":[\"Auvergne-Rh\u00f4ne-Alpes\",\"Habitat\"],\"inLanguage\":\"fr-FR\"},{\"@type\":\"WebPage\",\"@id\":\"https:\\\/\\\/www.altercampagne.net\\\/?p=7137\",\"url\":\"https:\\\/\\\/www.altercampagne.net\\\/?p=7137\",\"name\":\"Nous avons cr\u00e9er un habitat participatif ! - AlterTour\",\"isPartOf\":{\"@id\":\"https:\\\/\\\/www.altercampagne.net\\\/#website\"},\"primaryImageOfPage\":{\"@id\":\"https:\\\/\\\/www.altercampagne.net\\\/?p=7137#primaryimage\"},\"image\":{\"@id\":\"https:\\\/\\\/www.altercampagne.net\\\/?p=7137#primaryimage\"},\"thumbnailUrl\":\"http:\\\/\\\/www.altercampagne.net\\\/wp-content\\\/uploads\\\/2017\\\/06\\\/2015-07-20_17.24.38_7926-201x300.jpg\",\"datePublished\":\"2017-06-16T11:01:38+00:00\",\"dateModified\":\"2020-02-24T13:38:47+00:00\",\"author\":{\"@id\":\"https:\\\/\\\/www.altercampagne.net\\\/#\\\/schema\\\/person\\\/0f261460c09e430caa0f9bcffa319109\"},\"breadcrumb\":{\"@id\":\"https:\\\/\\\/www.altercampagne.net\\\/?p=7137#breadcrumb\"},\"inLanguage\":\"fr-FR\",\"potentialAction\":[{\"@type\":\"ReadAction\",\"target\":[\"https:\\\/\\\/www.altercampagne.net\\\/?p=7137\"]}]},{\"@type\":\"ImageObject\",\"inLanguage\":\"fr-FR\",\"@id\":\"https:\\\/\\\/www.altercampagne.net\\\/?p=7137#primaryimage\",\"url\":\"https:\\\/\\\/www.altercampagne.net\\\/wp-content\\\/uploads\\\/2017\\\/06\\\/2015-07-20_17.24.38_7926.jpg\",\"contentUrl\":\"https:\\\/\\\/www.altercampagne.net\\\/wp-content\\\/uploads\\\/2017\\\/06\\\/2015-07-20_17.24.38_7926.jpg\",\"width\":992,\"height\":1478},{\"@type\":\"BreadcrumbList\",\"@id\":\"https:\\\/\\\/www.altercampagne.net\\\/?p=7137#breadcrumb\",\"itemListElement\":[{\"@type\":\"ListItem\",\"position\":1,\"name\":\"Accueil\",\"item\":\"https:\\\/\\\/www.altercampagne.net\\\/\"},{\"@type\":\"ListItem\",\"position\":2,\"name\":\"Nous avons cr\u00e9er un habitat participatif !\"}]},{\"@type\":\"WebSite\",\"@id\":\"https:\\\/\\\/www.altercampagne.net\\\/#website\",\"url\":\"https:\\\/\\\/www.altercampagne.net\\\/\",\"name\":\"AlterTour\",\"description\":\"Reliez les Alternatives \u00e0 v\u00e9lo\",\"potentialAction\":[{\"@type\":\"SearchAction\",\"target\":{\"@type\":\"EntryPoint\",\"urlTemplate\":\"https:\\\/\\\/www.altercampagne.net\\\/?s={search_term_string}\"},\"query-input\":{\"@type\":\"PropertyValueSpecification\",\"valueRequired\":true,\"valueName\":\"search_term_string\"}}],\"inLanguage\":\"fr-FR\"},{\"@type\":\"Person\",\"@id\":\"https:\\\/\\\/www.altercampagne.net\\\/#\\\/schema\\\/person\\\/0f261460c09e430caa0f9bcffa319109\",\"name\":\"Mathieu\",\"image\":{\"@type\":\"ImageObject\",\"inLanguage\":\"fr-FR\",\"@id\":\"https:\\\/\\\/secure.gravatar.com\\\/avatar\\\/aa9d3d24c83f2141e5e2709d0f63d09a99f6be6bb7a50abc4915838d9f54501a?s=96&d=mm&r=g\",\"url\":\"https:\\\/\\\/secure.gravatar.com\\\/avatar\\\/aa9d3d24c83f2141e5e2709d0f63d09a99f6be6bb7a50abc4915838d9f54501a?s=96&d=mm&r=g\",\"contentUrl\":\"https:\\\/\\\/secure.gravatar.com\\\/avatar\\\/aa9d3d24c83f2141e5e2709d0f63d09a99f6be6bb7a50abc4915838d9f54501a?s=96&d=mm&r=g\",\"caption\":\"Mathieu\"},\"url\":\"https:\\\/\\\/www.altercampagne.net\\\/?author=214\"}]}<\/script>\n<!-- \/ Yoast SEO plugin. -->","yoast_head_json":{"title":"Nous avons cr\u00e9er un habitat participatif ! - AlterTour","robots":{"index":"index","follow":"follow","max-snippet":"max-snippet:-1","max-image-preview":"max-image-preview:large","max-video-preview":"max-video-preview:-1"},"canonical":"https:\/\/www.altercampagne.net\/?p=7137","og_locale":"fr_FR","og_type":"article","og_title":"Nous avons cr\u00e9er un habitat participatif ! - AlterTour","og_description":"\u201cJ\u2019avais \u00e0 c\u0153ur l\u2019habitat participatif. Nos plusieurs participations \u00e0 l\u2019AlterTour avec mon fils Antonin m\u2019ont convaincue de la pertinence d\u2019un projet interg\u00e9n\u00e9rationnel. Et \u00e7a y est, on a emm\u00e9nag\u00e9 fin 2016. Les habitants ont de 6 mois \u00e0 84 ans avec 10 adultes et 6 enfants ! Nous mutualisons nos ... Read More","og_url":"https:\/\/www.altercampagne.net\/?p=7137","og_site_name":"AlterTour","article_published_time":"2017-06-16T11:01:38+00:00","article_modified_time":"2020-02-24T13:38:47+00:00","og_image":[{"url":"http:\/\/www.altercampagne.net\/wp-content\/uploads\/2017\/06\/2015-07-20_17.24.38_7926-201x300.jpg","type":"","width":"","height":""}],"author":"Mathieu","twitter_card":"summary_large_image","twitter_misc":{"\u00c9crit par":"Mathieu","Dur\u00e9e de lecture estim\u00e9e":"1 minute"},"schema":{"@context":"https:\/\/schema.org","@graph":[{"@type":"Article","@id":"https:\/\/www.altercampagne.net\/?p=7137#article","isPartOf":{"@id":"https:\/\/www.altercampagne.net\/?p=7137"},"author":{"name":"Mathieu","@id":"https:\/\/www.altercampagne.net\/#\/schema\/person\/0f261460c09e430caa0f9bcffa319109"},"headline":"Nous avons cr\u00e9er un habitat participatif !","datePublished":"2017-06-16T11:01:38+00:00","dateModified":"2020-02-24T13:38:47+00:00","mainEntityOfPage":{"@id":"https:\/\/www.altercampagne.net\/?p=7137"},"wordCount":232,"image":{"@id":"https:\/\/www.altercampagne.net\/?p=7137#primaryimage"},"thumbnailUrl":"http:\/\/www.altercampagne.net\/wp-content\/uploads\/2017\/06\/2015-07-20_17.24.38_7926-201x300.jpg","keywords":["d\u00e9boulonneurs","norrent-fontes","habitat participatif","Sabine moulin"],"articleSection":["Auvergne-Rh\u00f4ne-Alpes","Habitat"],"inLanguage":"fr-FR"},{"@type":"WebPage","@id":"https:\/\/www.altercampagne.net\/?p=7137","url":"https:\/\/www.altercampagne.net\/?p=7137","name":"Nous avons cr\u00e9er un habitat participatif ! - AlterTour","isPartOf":{"@id":"https:\/\/www.altercampagne.net\/#website"},"primaryImageOfPage":{"@id":"https:\/\/www.altercampagne.net\/?p=7137#primaryimage"},"image":{"@id":"https:\/\/www.altercampagne.net\/?p=7137#primaryimage"},"thumbnailUrl":"http:\/\/www.altercampagne.net\/wp-content\/uploads\/2017\/06\/2015-07-20_17.24.38_7926-201x300.jpg","datePublished":"2017-06-16T11:01:38+00:00","dateModified":"2020-02-24T13:38:47+00:00","author":{"@id":"https:\/\/www.altercampagne.net\/#\/schema\/person\/0f261460c09e430caa0f9bcffa319109"},"breadcrumb":{"@id":"https:\/\/www.altercampagne.net\/?p=7137#breadcrumb"},"inLanguage":"fr-FR","potentialAction":[{"@type":"ReadAction","target":["https:\/\/www.altercampagne.net\/?p=7137"]}]},{"@type":"ImageObject","inLanguage":"fr-FR","@id":"https:\/\/www.altercampagne.net\/?p=7137#primaryimage","url":"https:\/\/www.altercampagne.net\/wp-content\/uploads\/2017\/06\/2015-07-20_17.24.38_7926.jpg","contentUrl":"https:\/\/www.altercampagne.net\/wp-content\/uploads\/2017\/06\/2015-07-20_17.24.38_7926.jpg","width":992,"height":1478},{"@type":"BreadcrumbList","@id":"https:\/\/www.altercampagne.net\/?p=7137#breadcrumb","itemListElement":[{"@type":"ListItem","position":1,"name":"Accueil","item":"https:\/\/www.altercampagne.net\/"},{"@type":"ListItem","position":2,"name":"Nous avons cr\u00e9er un habitat participatif !"}]},{"@type":"WebSite","@id":"https:\/\/www.altercampagne.net\/#website","url":"https:\/\/www.altercampagne.net\/","name":"AlterTour","description":"Reliez les Alternatives \u00e0 v\u00e9lo","potentialAction":[{"@type":"SearchAction","target":{"@type":"EntryPoint","urlTemplate":"https:\/\/www.altercampagne.net\/?s={search_term_string}"},"query-input":{"@type":"PropertyValueSpecification","valueRequired":true,"valueName":"search_term_string"}}],"inLanguage":"fr-FR"},{"@type":"Person","@id":"https:\/\/www.altercampagne.net\/#\/schema\/person\/0f261460c09e430caa0f9bcffa319109","name":"Mathieu","image":{"@type":"ImageObject","inLanguage":"fr-FR","@id":"https:\/\/secure.gravatar.com\/avatar\/aa9d3d24c83f2141e5e2709d0f63d09a99f6be6bb7a50abc4915838d9f54501a?s=96&d=mm&r=g","url":"https:\/\/secure.gravatar.com\/avatar\/aa9d3d24c83f2141e5e2709d0f63d09a99f6be6bb7a50abc4915838d9f54501a?s=96&d=mm&r=g","contentUrl":"https:\/\/secure.gravatar.com\/avatar\/aa9d3d24c83f2141e5e2709d0f63d09a99f6be6bb7a50abc4915838d9f54501a?s=96&d=mm&r=g","caption":"Mathieu"},"url":"https:\/\/www.altercampagne.net\/?author=214"}]}},"_links":{"self":[{"href":"https:\/\/www.altercampagne.net\/index.php?rest_route=\/wp\/v2\/posts\/7137","targetHints":{"allow":["GET"]}}],"collection":[{"href":"https:\/\/www.altercampagne.net\/index.php?rest_route=\/wp\/v2\/posts"}],"about":[{"href":"https:\/\/www.altercampagne.net\/index.php?rest_route=\/wp\/v2\/types\/post"}],"author":[{"embeddable":true,"href":"https:\/\/www.altercampagne.net\/index.php?rest_route=\/wp\/v2\/users\/214"}],"replies":[{"embeddable":true,"href":"https:\/\/www.altercampagne.net\/index.php?rest_route=%2Fwp%2Fv2%2Fcomments&post=7137"}],"version-history":[{"count":2,"href":"https:\/\/www.altercampagne.net\/index.php?rest_route=\/wp\/v2\/posts\/7137\/revisions"}],"predecessor-version":[{"id":17303,"href":"https:\/\/www.altercampagne.net\/index.php?rest_route=\/wp\/v2\/posts\/7137\/revisions\/17303"}],"wp:attachment":[{"href":"https:\/\/www.altercampagne.net\/index.php?rest_route=%2Fwp%2Fv2%2Fmedia&parent=7137"}],"wp:term":[{"taxonomy":"category","embeddable":true,"href":"https:\/\/www.altercampagne.net\/index.php?rest_route=%2Fwp%2Fv2%2Fcategories&post=7137"},{"taxonomy":"post_tag","embeddable":true,"href":"https:\/\/www.altercampagne.net\/index.php?rest_route=%2Fwp%2Fv2%2Ftags&post=7137"}],"curies":[{"name":"wp","href":"https:\/\/api.w.org\/{rel}","templated":true}]}}